{"id":472,"date":"2023-12-12T10:39:00","date_gmt":"2023-12-12T13:39:00","guid":{"rendered":"https:\/\/noticiassaludables.com.ar\/?p=472"},"modified":"2023-12-12T10:39:00","modified_gmt":"2023-12-12T13:39:00","slug":"educacion-sexual-milei-dice-que-la-promovera-desde-el-estado","status":"publish","type":"post","link":"https:\/\/noticiassaludables.com.ar\/?p=472","title":{"rendered":"Educaci\u00f3n sexual: Milei dice que la promover\u00e1 desde el Estado"},"content":{"rendered":"\n<h2 class=\"wp-block-heading\">As\u00ed surge del nuevo decreto de ministerios y fue corroborado por Capital Humano.La plataforma electoral de La Libertad Avanza iban en sentido contrario.<\/h2>\n\n\n\n<p><img loading=\"lazy\" decoding=\"async\" width=\"360\" height=\"240\" src=\"https:\/\/www.clarin.com\/img\/2023\/12\/11\/kMXVHnncp_360x240__1.jpg\" alt=\"Educaci\u00f3n sexual: en otro giro, ahora Milei dice que la promover\u00e1 desde el Estado\">Sandra Pettovello. Ministra de Capital Humano, este lunes en Casa Rosada. Reuters<\/p>\n\n\n\n<p>La dolarizaci\u00f3n, el cierre del Banco Central o el corte de relaciones con Brasil y China no son las \u00fanicas banderas que por estos d\u00edas&nbsp;<strong>est\u00e1 arriando La Libertad Avanza (LLA)<\/strong>.<\/p>\n\n\n\n<p>La pelea contra&nbsp;<strong>la obligatoriedad de la Educaci\u00f3n Sexual Integral (ESI)&nbsp;<\/strong>tambi\u00e9n fue dada de baja, seg\u00fan se desprende del nuevo decreto de ministerios y de lo que confirmaron fuentes del nuevo Ministerio de Capital Humano a&nbsp;<strong>Clar\u00edn<\/strong>.<\/p>\n\n\n\n<p>La ESI es una pol\u00edtica que naci\u00f3 en 2006 en la Argentina, a partir de la sanci\u00f3n de una ley que establece que todas las escuelas del pa\u00eds deben darles a los alumnos clases de educaci\u00f3n sexual que no sea entendida solo en su aspecto biol\u00f3gico sino tambi\u00e9n&nbsp;<strong>psicol\u00f3gico, social, afectivo y \u00e9tico.<\/strong><\/p>\n\n\n\n<p>Si bien esta pol\u00edtica fue avanzando en estos a\u00f1os, y aunque a\u00fan no se cumple en todas las escuelas,&nbsp;<strong>desde LLA siempre se opusieron a que las clases de ESI sean obligatorias<\/strong>.<\/p>\n\n\n\n<p>Incluso en la primera plataforma de esa fuerza pol\u00edtica -presentada a la Justicia el 5 de mayo, antes de las PASO- la propuesta educativa n\u00famero 7 era la siguiente:<strong><em>&nbsp;\u201cEliminar la obligatoriedad de la ESI en todos los niveles de ense\u00f1anza\u201d.<\/em><\/strong><\/p>\n\n\n\n<p>La ESI fue muy duramente criticada por el mismo Milei durante diversos segmentos de la campa\u00f1a. Sobre esta pol\u00edtica el ahora Presidente dijo, entre otras cosas, que \u201cdeforma la cabeza de la gente\u201d, que&nbsp;<em>\u201ces parte de la agenda del posmarxista que tiene que ver con la destrucci\u00f3n de la familia\u201d<\/em>, o que es&nbsp;<em>\u201cun ataque directo a la familia\u201d.<\/em><\/p>\n\n\n\n<p>Milei no fue la \u00fanica voz de LLA que se alz\u00f3 contra la ESI. Otros dirigentes de esa fuerza fueron tambi\u00e9n muy duros contra la idea de que la educaci\u00f3n sexual integral sea un derecho de los alumnos, lo que\u00a0<strong>obliga al Estado a brindarla en todos los centros educativos.<\/strong><\/p>\n\n\n\n<p>Alberto &#8216;Bertie&#8217; Benegas Lynch, primer candidato a diputado nacional de Javier Milei se refiri\u00f3 de manera pol\u00e9mica a la ESI.<\/p>\n\n\n\n<p>Cuando hace 10 d\u00edas, el equipo de Milei inform\u00f3 que&nbsp;<a href=\"https:\/\/www.clarin.com\/sociedad\/carlos-torrendell-catolico-educacion-sexual-obligatoria-escuelas_0_69fl8NOCRq.html\">el secretario de Educaci\u00f3n ser\u00e1 Carlos Torrendell&nbsp;<\/a>muchos pensaron que la oposici\u00f3n a la ESI seguir\u00eda. Es porque Torrendell fue una de las voces \u201ccelestes\u201d que, a fines de 2018, se opuso a un proyecto de ley que profundizaba la obligatoriedad de la ESI.<img loading=\"lazy\" decoding=\"async\" alt=\"Carlos Torrendell. Nuevo secretario de Educaci\u00f3n, elegido por Milei.\" src=\"https:\/\/www.clarin.com\/img\/2023\/11\/30\/ib7Bf6D3U_720x0__1.jpg\" width=\"720\" height=\"0\">Carlos Torrendell. Nuevo secretario de Educaci\u00f3n, elegido por Milei.<\/p>\n\n\n\n<h2 class=\"wp-block-heading\">Un nuevo giro<\/h2>\n\n\n\n<p>Pese a todos estos antecedentes de miradas cr\u00edticas contra la ESI, este domingo&nbsp;<strong>sorprendi\u00f3 el contenido del nuevo decreto sobre ministerios<\/strong>. El art\u00edculo 23 bis hace referencia a todas las&nbsp;<strong>atribuciones educativas<\/strong>&nbsp;que tiene, a partir de este lunes, el nuevo Ministerio de Capital Humano, que est\u00e1 comandado por la licenciada en Ciencias de la Familia Sandra Pettovello.<\/p>\n\n\n\n<p>El inciso 16 de ese art\u00edculo dice, expresamente, que una de las funciones del nuevo Ministerio es&nbsp;<strong>promover y desarrollar la educaci\u00f3n sexual integral.<\/strong><img loading=\"lazy\" decoding=\"async\" alt=\"Sandra Pettovello. Ministra de Capital Humano, este lunes en Casa Rosada. Reuters\" src=\"https:\/\/www.clarin.com\/img\/2023\/12\/11\/YqnTXy0En_720x0__1.jpg\" width=\"720\" height=\"0\">Sandra Pettovello. Ministra de Capital Humano, este lunes en Casa Rosada. Reuters<\/p>\n\n\n\n<p><strong>Clar\u00edn<\/strong>&nbsp;se comunic\u00f3 con fuentes del Ministerio de Capital Humano para ver si hab\u00eda un error. Por el contrario, la respuesta fue que \u201c<strong>la ESI es parte del plan del gobierno&nbsp;<\/strong>como dice en el decreto\u201d.<\/p>\n\n\n\n<p>Las fuentes oficiales ratificaron que<strong>&nbsp;hubo un cambio de pol\u00edticas frente a la ES<\/strong>I desde la campa\u00f1a hasta ahora. En poca palabras, donde antes dec\u00eda \u201celiminar\u201d la obligatoriedad de la ESI, ahora es<strong>&nbsp;\u201cpromover y desarrollar\u201d<\/strong>&nbsp;esa pol\u00edtica.<\/p>\n\n\n\n<p>Que la ESI figure en el decreto de ministerios es importante porque<strong>&nbsp;fija una l\u00ednea de acci\u00f3n para el nuevo secretario de Educaci\u00f3n<\/strong>. Sobre todo, teniendo en cuenta que otras pol\u00edticas, por ejemplo, la ley de Interrupci\u00f3n Legal del Embarazo no es mencionado en ning\u00fan art\u00edculo. En este caso, corresponder\u00eda al Ministerio de Salud.<\/p>\n\n\n\n<h2 class=\"wp-block-heading\">Los vouchers tambi\u00e9n, afuera\u2026<\/h2>\n\n\n\n<p>Si se analizan los art\u00edculos sobre educaci\u00f3n, que fijan los objetivos que tiene que trazarse el nuevo secretario del \u00e1rea dentro del Ministerio de Capital Humano, se puede observar que&nbsp;<strong>no son muy distintos a los que fijan las actuales leyes educativas vigentes&nbsp;<\/strong>en el pa\u00eds.<\/p>\n\n\n\n<p>A diferencia de lo que Milei y otros candidatos dijeron en la campa\u00f1a, parece que educaci\u00f3n no va a haber nada diferente a lo que fue consensuado por las anteriores fuerzas pol\u00edticas en las \u00faltimas d\u00e9cadas.<\/p>\n\n\n\n<p>El Ministerio de Capital Humano deber\u00e1, entre otras cosas:<\/p>\n\n\n\n<ul class=\"wp-block-list\">\n<li>Fortalecer las pol\u00edticas educativas de los gobiernos provinciales.<\/li>\n<\/ul>\n\n\n\n<ul class=\"wp-block-list\">\n<li>Desarrollar programas de investigaci\u00f3n, formaci\u00f3n de formadores e innovaci\u00f3n educativa junto a las instituciones de Educaci\u00f3n Superior y otros centros acad\u00e9micos.<\/li>\n<\/ul>\n\n\n\n<ul class=\"wp-block-list\">\n<li>Intervenir en los casos de emergencia educativa para brindar asistencia de car\u00e1cter extraordinario en aquellas jurisdicciones en las que se encuentre en riesgo el derecho a la educaci\u00f3n.<\/li>\n<\/ul>\n\n\n\n<ul class=\"wp-block-list\">\n<li>Trabajar junto al Consejo Federal de Educaci\u00f3n en los objetivos, dise\u00f1os y Contenidos B\u00e1sicos Comunes de las curr\u00edculas.<\/li>\n<\/ul>\n\n\n\n<p>No hay<strong>&nbsp;una sola menci\u00f3n al financiamiento de la educaci\u00f3n a la demand<\/strong>a, o a trav\u00e9s de los&nbsp;<strong>vouchers<\/strong>. Tampoco nada que afirme que las familias podr\u00e1n elegir escuelas que brinden contenidos por afuera de los N\u00facleos de Aprendizaje Prioritarios, como hab\u00eda sugerido el referente educativo de Milei en la campa\u00f1a, el economista Mart\u00edn Krause.<\/p>\n\n\n\n<p>Un<strong>\u00a0ba\u00f1o de realismo<\/strong>, al que ahora tambi\u00e9n le lleg\u00f3 el turno a la ESI.<\/p>\n\n\n\n<p>Fuente: https:\/\/www.clarin.com\/sociedad\/educacion-sexual-giro-ahora-milei-dice-promovera_0_1lfUwy0BJg.html<\/p>\n","protected":false},"excerpt":{"rendered":"<p>As\u00ed surge del nuevo decreto de ministerios y fue corroborado por Capital Humano.La plataforma electoral de La Libertad Avanza iban en sentido contrario. Sandra Pettovello. Ministra de Capital Humano, este lunes en Casa Rosada. Reuters La dolarizaci\u00f3n, el cierre del Banco Central o el corte de relaciones con Brasil y China no son las \u00fanicas [&hellip;]<\/p>\n","protected":false},"author":3,"featured_media":473,"comment_status":"open","ping_status":"open","sticky":false,"template":"","format":"standard","meta":{"footnotes":""},"categories":[11,13,12],"tags":[269,270],"class_list":["post-472","post","type-post","status-publish","format-standard","has-post-thumbnail","hentry","category-agenda","category-politica","category-sociedad","tag-educacion-sexual","tag-estado"],"_links":{"self":[{"href":"https:\/\/noticiassaludables.com.ar\/index.php?rest_route=\/wp\/v2\/posts\/472","targetHints":{"allow":["GET"]}}],"collection":[{"href":"https:\/\/noticiassaludables.com.ar\/index.php?rest_route=\/wp\/v2\/posts"}],"about":[{"href":"https:\/\/noticiassaludables.com.ar\/index.php?rest_route=\/wp\/v2\/types\/post"}],"author":[{"embeddable":true,"href":"https:\/\/noticiassaludables.com.ar\/index.php?rest_route=\/wp\/v2\/users\/3"}],"replies":[{"embeddable":true,"href":"https:\/\/noticiassaludables.com.ar\/index.php?rest_route=%2Fwp%2Fv2%2Fcomments&post=472"}],"version-history":[{"count":1,"href":"https:\/\/noticiassaludables.com.ar\/index.php?rest_route=\/wp\/v2\/posts\/472\/revisions"}],"predecessor-version":[{"id":474,"href":"https:\/\/noticiassaludables.com.ar\/index.php?rest_route=\/wp\/v2\/posts\/472\/revisions\/474"}],"wp:featuredmedia":[{"embeddable":true,"href":"https:\/\/noticiassaludables.com.ar\/index.php?rest_route=\/wp\/v2\/media\/473"}],"wp:attachment":[{"href":"https:\/\/noticiassaludables.com.ar\/index.php?rest_route=%2Fwp%2Fv2%2Fmedia&parent=472"}],"wp:term":[{"taxonomy":"category","embeddable":true,"href":"https:\/\/noticiassaludables.com.ar\/index.php?rest_route=%2Fwp%2Fv2%2Fcategories&post=472"},{"taxonomy":"post_tag","embeddable":true,"href":"https:\/\/noticiassaludables.com.ar\/index.php?rest_route=%2Fwp%2Fv2%2Ftags&post=472"}],"curies":[{"name":"wp","href":"https:\/\/api.w.org\/{rel}","templated":true}]}}