{"id":484,"date":"2023-12-13T11:14:47","date_gmt":"2023-12-13T14:14:47","guid":{"rendered":"https:\/\/noticiassaludables.com.ar\/?p=484"},"modified":"2023-12-13T11:14:48","modified_gmt":"2023-12-13T14:14:48","slug":"la-crisis-climatica-y-el-papel-fundamental-de-los-estados","status":"publish","type":"post","link":"https:\/\/noticiassaludables.com.ar\/?p=484","title":{"rendered":"La crisis clim\u00e1tica y el papel fundamental de los Estados"},"content":{"rendered":"\n<h2 class=\"wp-block-heading\">Las emisiones de gases de efecto invernadero por la actividad humana est\u00e1n causando sequ\u00edas, inundaciones, incendios y extinci\u00f3n de especies. La experta en medio ambiente, reconocida por el premio L\u2019Or\u00e9al-UNESCO \u201cPor las Mujeres en la Ciencia\u201d, explic\u00f3 por qu\u00e9 los pa\u00edses deben promover de forma urgente el desarrollo sostenible<\/h2>\n\n\n\n<p><img loading=\"lazy\" decoding=\"async\" alt=\"La crisis clim\u00e1tica, con sus desaf\u00edos innegables, tambi\u00e9n brinda la oportunidad de estimular la innovaci\u00f3n en el sector productivo y de nuestros cient\u00edficos. Estamos en un momento decisivo. No debemos perder tiempo (Getty Images)\" height=\"1529\" width=\"1920\" src=\"https:\/\/www.infobae.com\/new-resizer\/csqiijL9ZVbxR1aGcNI-eGtECsg=\/420x315\/filters:format(webp):quality(85)\/cloudfront-us-east-1.images.arcpublishing.com\/infobae\/7776F5TRCRE4NC6KKTVIHPV5RA.jpg%20420w\" srcset=\"https:\/\/www.infobae.com\/new-resizer\/csqiijL9ZVbxR1aGcNI-eGtECsg=\/420x315\/filters:format(webp):quality(85)\/cloudfront-us-east-1.images.arcpublishing.com\/infobae\/7776F5TRCRE4NC6KKTVIHPV5RA.jpg 420w,https:\/\/www.infobae.com\/new-resizer\/8I3hWIBI3GY_fbAtPotZOMfJjRI=\/768x576\/filters:format(webp):quality(85)\/cloudfront-us-east-1.images.arcpublishing.com\/infobae\/7776F5TRCRE4NC6KKTVIHPV5RA.jpg 768w,https:\/\/www.infobae.com\/new-resizer\/ObmlU_2SrXY4GnuzzLEhKWahuqY=\/992x744\/filters:format(webp):quality(85)\/cloudfront-us-east-1.images.arcpublishing.com\/infobae\/7776F5TRCRE4NC6KKTVIHPV5RA.jpg 992w,https:\/\/www.infobae.com\/new-resizer\/OQqQ9UtLSCXDqroeNGajYnq-SOc=\/1200x900\/filters:format(webp):quality(85)\/cloudfront-us-east-1.images.arcpublishing.com\/infobae\/7776F5TRCRE4NC6KKTVIHPV5RA.jpg 1200w,https:\/\/www.infobae.com\/new-resizer\/4PbCqoLK5x9uT0_pdyheVJZOkGg=\/1440x1080\/filters:format(webp):quality(85)\/cloudfront-us-east-1.images.arcpublishing.com\/infobae\/7776F5TRCRE4NC6KKTVIHPV5RA.jpg 1440w\">La crisis clim\u00e1tica, con sus desaf\u00edos innegables, tambi\u00e9n brinda la oportunidad de estimular la innovaci\u00f3n en el sector productivo y de nuestros cient\u00edficos. Estamos en un momento decisivo. No debemos perder tiempo (Getty Images)<\/p>\n\n\n\n<p>Hace&nbsp;<strong>66 millones de a\u00f1os<\/strong>&nbsp;el planeta estaba dominado por grandes reptiles, hasta que el impacto fortuito de un&nbsp;<strong>meteorito<\/strong>&nbsp;env\u00edo una cantidad destructiva de cenizas y desechos a la atm\u00f3sfera, provocando un&nbsp;<strong>cambio clim\u00e1tico<\/strong>&nbsp;dr\u00e1stico que le puso fin a una era: la&nbsp;<strong>extinci\u00f3n masiva&nbsp;<\/strong>tres cuartos de la vida sobre la tierra, incluidos los&nbsp;<strong>dinosaurios<\/strong>&nbsp;no aves.<a href=\"https:\/\/www.infobae.com\/america\/medio-ambiente\/2023\/12\/10\/cop28-el-futuro-de-la-biodiversidad-esta-en-en-riesgo-con-el-aumento-de-temperaturas-marinas\/\" rel=\"noreferrer noopener\" target=\"_blank\"><\/a><\/p>\n\n\n\n<p>Los ciclos de cambio clim\u00e1tico existen desde el origen de la&nbsp;<strong>Tierra<\/strong>&nbsp;y algunos de ellos han provocado extinciones masivas. En la actualidad, la vida se enfrenta a un nuevo evento de cambio clim\u00e1tico.&nbsp;<strong>El calentamiento global tiene su origen en la liberaci\u00f3n desproporcionada de gases de efecto invernadero<\/strong>, como el di\u00f3xido de carbono y el metano. Esta afirmaci\u00f3n se basa en d\u00e9cadas de investigaciones de diferentes laboratorios del mundo, abarcando distintas disciplinas, como la qu\u00edmica, la biolog\u00eda, la geolog\u00eda y la meteorolog\u00eda, donde todos apuntan a los mismos resultados:&nbsp;<strong>no es un fen\u00f3meno natural, sino que la tasa exacerbada de calentamiento s\u00f3lo puede explicarse por la actividad humana<\/strong>.<\/p>\n\n\n\n<p>Los&nbsp;<strong>combustibles f\u00f3siles<\/strong>&nbsp;son los principales responsables del calentamiento global, porque compuestos qu\u00edmicos que se encontraban bajo la superficie terrestre y asilados de la atm\u00f3sfera, se liberan para sumarse a un ciclo que era estable en la transformaci\u00f3n de la materia. Los gases de efecto invernadero en la atm\u00f3sfera atrapan la&nbsp;<strong>radiaci\u00f3n infrarroja<\/strong>&nbsp;emitida por la Tierra y la convierte en calor, en un proceso que ya fue identificado por cient\u00edficos en el&nbsp;<strong>siglo XIX<\/strong>. La cantidad de di\u00f3xido de carbono que se manten\u00eda entre 200-280 partes por mill\u00f3n hace 800 mil a\u00f1os, hoy supera las 400 partes por mill\u00f3n.<\/p>\n\n\n\n<p><img loading=\"lazy\" decoding=\"async\" alt=\"Figura 1: Emisi\u00f3n de CO2, calentamiento global y aumento de estudios cient\u00edficos publicados en el tiempo. Gr\u00e1ficos A y B, tomados y modificados de Our World in Data\" height=\"419\" width=\"1431\" src=\"https:\/\/www.infobae.com\/new-resizer\/YtCFtJc0HKLWAaPMGYrM0D13_7w=\/arc-anglerfish-arc2-prod-infobae\/public\/4LTYOBNE55A67HQ4IJJXQYPYCU.png\">Figura 1: Emisi\u00f3n de CO2, calentamiento global y aumento de estudios cient\u00edficos publicados en el tiempo. Gr\u00e1ficos A y B, tomados y modificados de Our World in Data<\/p>\n\n\n\n<h2 class=\"wp-block-heading\">Crisis clim\u00e1tica<\/h2>\n\n\n\n<p>El cambio clim\u00e1tico tiene\u00a0<strong>dimensiones y escalas sin precedentes<\/strong>\u00a0en la historia de la humanidad. Se ha detectado un aumento en el\u00a0<strong>nivel del mar<\/strong>, el<strong>\u00a0hielo marino\u00a0<\/strong>en el \u00c1rtico presenta el nivel m\u00e1s bajo en los \u00faltimos mil a\u00f1os, los<strong>\u00a0glaciares\u00a0<\/strong>retroceden, se presentan eventos de\u00a0<strong>calor extremos<\/strong>,<strong>\u00a0lluvias torrenciales\u00a0<\/strong>m\u00e1s frecuentes e intensas,\u00a0<strong>sequ\u00edas incrementadas<\/strong>\u00a0en algunas regiones, aumento de<strong>\u00a0incendios,\u00a0<\/strong>y calentamiento y aumento de la\u00a0<strong>acidificaci\u00f3n<\/strong>\u00a0de los oc\u00e9anos y cuencas de agua dulce.<a href=\"https:\/\/www.infobae.com\/america\/medio-ambiente\/2023\/12\/07\/cop28-cual-es-el-rol-central-de-las-ciudades-en-la-lucha-contra-el-calentamiento-global\/\" target=\"_blank\" rel=\"noreferrer noopener\"><\/a><a href=\"https:\/\/www.infobae.com\/america\/medio-ambiente\/2023\/12\/07\/cop28-cual-es-el-rol-central-de-las-ciudades-en-la-lucha-contra-el-calentamiento-global\/\" target=\"_blank\" rel=\"noreferrer noopener\"><\/a><\/p>\n\n\n\n<p>En nuestro pa\u00eds entre 2009 y 2020, s\u00f3lo en producci\u00f3n de soja y trigo, las p\u00e9rdidas estimadas ascienden a m\u00e1s de 17 mil millones de d\u00f3lares, seg\u00fan el Sistema de Evaluaci\u00f3n de P\u00e9rdidas por Sequ\u00edas e Inundaciones (SEPSI), Pruvol, UBA.<\/p>\n\n\n\n<p>Las predicciones de estudios cient\u00edficos indican que gran parte de las especies&nbsp;<strong>no tienen tiempo evolutivo<\/strong>&nbsp;para poder responder a la tasa de cambio, y por ello, el calentamiento global es uno de los mayores promotores que&nbsp;<strong>nos lleva a transitar una de las extinciones en masa m\u00e1s grande de la historia de la vida<\/strong>. Mientras m\u00e1s especies se extinguen, hay un efecto directo en el bienestar de la humanidad que depende de la&nbsp;<strong>biodiversidad<\/strong>. Necesitamos agua limpia y abundante, tierras sanas para cultivar y atm\u00f3sferas con aire puro para respirar. Enfrentar una extinci\u00f3n masiva nos impone un escenario catastr\u00f3fico para la humanidad.<\/p>\n\n\n\n<p><img loading=\"lazy\" decoding=\"async\" alt=\"Impactos del calentamiento global observados en Argentina. Figura tomada de la Secretar\u00eda de Ambiente y Desarrollo Sustentable, impactos observados y previstos, Inventario nacional de gases de efecto invernadero, 2019\" height=\"800\" width=\"1435\" src=\"https:\/\/www.infobae.com\/new-resizer\/8wxjCQZLPCX-5Wx5PXjdYeLRZ9E=\/420x236\/filters:format(webp):quality(85)\/cloudfront-us-east-1.images.arcpublishing.com\/infobae\/WMWEUQH7ORE5FI3LQRB7IB2TY4.png%20420w\" srcset=\"https:\/\/www.infobae.com\/new-resizer\/8wxjCQZLPCX-5Wx5PXjdYeLRZ9E=\/420x236\/filters:format(webp):quality(85)\/cloudfront-us-east-1.images.arcpublishing.com\/infobae\/WMWEUQH7ORE5FI3LQRB7IB2TY4.png 420w,https:\/\/www.infobae.com\/new-resizer\/epeVNCE1hmE7KEatrBV177fo9rU=\/768x432\/filters:format(webp):quality(85)\/cloudfront-us-east-1.images.arcpublishing.com\/infobae\/WMWEUQH7ORE5FI3LQRB7IB2TY4.png 768w,https:\/\/www.infobae.com\/new-resizer\/j68YQNxvYsdUE6aU0ZjD8KKiMag=\/992x558\/filters:format(webp):quality(85)\/cloudfront-us-east-1.images.arcpublishing.com\/infobae\/WMWEUQH7ORE5FI3LQRB7IB2TY4.png 992w,https:\/\/www.infobae.com\/new-resizer\/_VOoJ4rGunBLVFJwOH5pwdTLVws=\/1200x675\/filters:format(webp):quality(85)\/cloudfront-us-east-1.images.arcpublishing.com\/infobae\/WMWEUQH7ORE5FI3LQRB7IB2TY4.png 1200w,https:\/\/www.infobae.com\/new-resizer\/SOD3WBM7EwHz3Csso1OwCs1jErs=\/1440x810\/filters:format(webp):quality(85)\/cloudfront-us-east-1.images.arcpublishing.com\/infobae\/WMWEUQH7ORE5FI3LQRB7IB2TY4.png 1440w\">Impactos del calentamiento global observados en Argentina. Figura tomada de la Secretar\u00eda de Ambiente y Desarrollo Sustentable, impactos observados y previstos, Inventario nacional de gases de efecto invernadero, 2019<\/p>\n\n\n\n<h2 class=\"wp-block-heading\">Desarrollo sustentable y la necesidad de Estados comprometidos<\/h2>\n\n\n\n<p>Los Estados deben actuar de manera urgente, abarcando diferentes aristas que van desde\u00a0<strong>reducir emisiones de gases\u00a0<\/strong>de efecto invernadero, hasta desarrollar estrategias eficientes para asegurar la\u00a0<strong>preservaci\u00f3n de la biodiversidad.<\/strong>\u00a0M\u00e1s de 27 mil cient\u00edficos de 180 pa\u00edses hemos avalado la iniciativa de\u00a0<em>Alianza de Cient\u00edficos del Mundo<\/em>\u00a0que proponen un conjunto de medidas claves que los Estados deben tomar ante la crisis clim\u00e1tica:<a href=\"https:\/\/www.infobae.com\/america\/medio-ambiente\/2023\/12\/08\/cop28-en-un-mundo-caliente-los-jovenes-lideran-los-reclamos-por-la-accion-climatica\/\" target=\"_blank\" rel=\"noreferrer noopener\"><\/a><a href=\"https:\/\/www.infobae.com\/america\/medio-ambiente\/2023\/12\/08\/cop28-en-un-mundo-caliente-los-jovenes-lideran-los-reclamos-por-la-accion-climatica\/\" target=\"_blank\" rel=\"noreferrer noopener\"><\/a><\/p>\n\n\n\n<p><strong>1- Disminuir hasta eliminar el uso de combustibles f\u00f3siles&nbsp;<\/strong>avanzando hacia energ\u00edas limpias (como e\u00f3lica y solar)<\/p>\n\n\n\n<p><strong>2- Reducir los contaminantes clim\u00e1ticos de vida corta<\/strong>&nbsp;(metano, carb\u00f3n negro e hidrofluorocarbonos), para bajar la tendencia en m\u00e1s del 50% en las pr\u00f3ximas d\u00e9cadas<\/p>\n\n\n\n<p><strong>3- Proteger regiones estrat\u00e9gicas del planeta<\/strong>, y para identificar estas regiones claves se debe invertir en estudios cient\u00edficos para conocer la biodiversidad.<\/p>\n\n\n\n<p><strong>4-&nbsp;<\/strong>Motivar el cambio de dieta de la poblaci\u00f3n a&nbsp;<strong>alimentos cuya producci\u00f3n sea de bajo impacto ambiental<\/strong><\/p>\n\n\n\n<p><strong>5-<\/strong>&nbsp;Llevar adelante un&nbsp;<strong>crecimiento econ\u00f3mico que sea acorde a las pol\u00edticas libre de carbono<\/strong><\/p>\n\n\n\n<p><strong>6-<\/strong>&nbsp;Abordar el control del crecimiento poblacional humano,&nbsp;<strong>favoreciendo el acceso a m\u00e9todos de control de fertilidad<\/strong>, con equidad de g\u00e9nero, e incluida la educaci\u00f3n sexual durante toda la educaci\u00f3n primaria y secundaria como norma global<\/p>\n\n\n\n<p><img loading=\"lazy\" decoding=\"async\" alt=\"Los combustibles f\u00f3siles son los principales responsables del calentamiento global, porque compuestos qu\u00edmicos que se encontraban bajo la superficie terrestre y asilados de la atm\u00f3sfera, se liberan para sumarse a un ciclo que era estable en la transformaci\u00f3n de la materia\n(EFE\/ Roman Pilipey)\n\" height=\"2673\" width=\"4009\" src=\"https:\/\/www.infobae.com\/new-resizer\/rpH35vvzX76Xhw6pz96lc-aemc4=\/420x280\/filters:format(webp):quality(85)\/cloudfront-us-east-1.images.arcpublishing.com\/infobae\/4E2JCLNV25ERXHUZT5MFZGDF24.jpg%20420w\" srcset=\"https:\/\/www.infobae.com\/new-resizer\/rpH35vvzX76Xhw6pz96lc-aemc4=\/420x280\/filters:format(webp):quality(85)\/cloudfront-us-east-1.images.arcpublishing.com\/infobae\/4E2JCLNV25ERXHUZT5MFZGDF24.jpg 420w,https:\/\/www.infobae.com\/new-resizer\/pS4XmOF1AkMKcZvzlvwd4B9waKI=\/768x512\/filters:format(webp):quality(85)\/cloudfront-us-east-1.images.arcpublishing.com\/infobae\/4E2JCLNV25ERXHUZT5MFZGDF24.jpg 768w,https:\/\/www.infobae.com\/new-resizer\/Q1LQjsBnY6TJoFbB0FeE4yh2wLE=\/992x661\/filters:format(webp):quality(85)\/cloudfront-us-east-1.images.arcpublishing.com\/infobae\/4E2JCLNV25ERXHUZT5MFZGDF24.jpg 992w,https:\/\/www.infobae.com\/new-resizer\/bxdZ2GqZE43r4sOCpAyGZu8XaQ0=\/1200x800\/filters:format(webp):quality(85)\/cloudfront-us-east-1.images.arcpublishing.com\/infobae\/4E2JCLNV25ERXHUZT5MFZGDF24.jpg 1200w,https:\/\/www.infobae.com\/new-resizer\/8b5b0ew-aCokcKdkul_c8VyFmFc=\/1440x960\/filters:format(webp):quality(85)\/cloudfront-us-east-1.images.arcpublishing.com\/infobae\/4E2JCLNV25ERXHUZT5MFZGDF24.jpg 1440w\">Los combustibles f\u00f3siles son los principales responsables del calentamiento global, porque compuestos qu\u00edmicos que se encontraban bajo la superficie terrestre y asilados de la atm\u00f3sfera, se liberan para sumarse a un ciclo que era estable en la transformaci\u00f3n de la materia (EFE\/ Roman Pilipey)<\/p>\n\n\n\n<p>En el 2015 se concret\u00f3 el&nbsp;<strong>Acuerdo de Par\u00eds,<\/strong>&nbsp;un pacto hist\u00f3rico agrupando a 195 pa\u00edses en una causa com\u00fan: el compromiso de implementar pol\u00edticas de Estado que lleven a&nbsp;<strong>no superar los 2 \u00b0C de aumento de temperatura global promedio,<\/strong>&nbsp;un l\u00edmite que los estudios cient\u00edficos muestran como decisivo. Los avances son todav\u00eda<strong>&nbsp;escasos&nbsp;<\/strong>y muy probablemente la meta no llegue a cumplirse en su totalidad. Pero las acciones hacia un cambio permanente ya comenzaron.<\/p>\n\n\n\n<p>La&nbsp;<strong>Uni\u00f3n Europea&nbsp;<\/strong>se encuentra implementando el plan<strong>&nbsp;\u201c<\/strong><em><strong>Fit for 55<\/strong><\/em><strong>\u2033<\/strong>&nbsp;que reducir\u00e1 las emisiones en al menos 55%.&nbsp;<strong>Estados Unidos<\/strong>&nbsp;volvi\u00f3 a firmar la adherencia al Acuerdo de Paris con el presidente Joe Biden y present\u00f3 la Ley de Reducci\u00f3n de la Inflaci\u00f3n. La Ley est\u00e1 movilizando inversiones hist\u00f3ricas en soluciones de energ\u00edas limpias, impulsando olas de proyectos, y fomentando la creaci\u00f3n de cientos de miles de nuevos empleos.<\/p>\n\n\n\n<p>En&nbsp;<strong>Argentina<\/strong>, la migraci\u00f3n a energ\u00edas limpias ya alcanza el 9,5% de la matriz de generaci\u00f3n el\u00e9ctrica, seg\u00fan el Informe Anual 2020 de Cammesa. Si bien Argentina emite apenas el&nbsp;<strong>0,5% de las emisiones totales&nbsp;<\/strong>de gases de efecto invernadero a nivel global, es imperante continuar generando energ\u00edas limpias, para cumplir con los compromisos tomados y asegurar el bienestar de las generaciones futuras, pero tambi\u00e9n para que el&nbsp;<strong>crecimiento productivo&nbsp;<\/strong>sea competitivo a largo plazo en un mundo que ya est\u00e1 virando a priorizar la explotaci\u00f3n sostenida del medio ambiente.<\/p>\n\n\n\n<p><img loading=\"lazy\" decoding=\"async\" alt=\"Necesitamos agua limpia y abundante, tierras sanas para cultivar y atm\u00f3sferas con aire puro para respirar. Enfrentar una extinci\u00f3n masiva nos impone un escenario catastr\u00f3fico para la humanidad (Imagen ilustrativa Infobae)\" height=\"816\" width=\"1456\" src=\"https:\/\/www.infobae.com\/new-resizer\/Bb8f9-FBB2FrtYX_3lm3nq60BcQ=\/420x236\/filters:format(webp):quality(85)\/cloudfront-us-east-1.images.arcpublishing.com\/infobae\/CZF36WP7G5BUHAJJNON67HO77U.png%20420w\" srcset=\"https:\/\/www.infobae.com\/new-resizer\/Bb8f9-FBB2FrtYX_3lm3nq60BcQ=\/420x236\/filters:format(webp):quality(85)\/cloudfront-us-east-1.images.arcpublishing.com\/infobae\/CZF36WP7G5BUHAJJNON67HO77U.png 420w,https:\/\/www.infobae.com\/new-resizer\/TgN2T3vz2p_3d2irXhAbS2wObXs=\/768x432\/filters:format(webp):quality(85)\/cloudfront-us-east-1.images.arcpublishing.com\/infobae\/CZF36WP7G5BUHAJJNON67HO77U.png 768w,https:\/\/www.infobae.com\/new-resizer\/PPH8CFWsEXGH3N1RzXVGXwPECTw=\/992x558\/filters:format(webp):quality(85)\/cloudfront-us-east-1.images.arcpublishing.com\/infobae\/CZF36WP7G5BUHAJJNON67HO77U.png 992w,https:\/\/www.infobae.com\/new-resizer\/Uh4__Gh17L-5DnKRC0fuCUGAyS8=\/1200x675\/filters:format(webp):quality(85)\/cloudfront-us-east-1.images.arcpublishing.com\/infobae\/CZF36WP7G5BUHAJJNON67HO77U.png 1200w,https:\/\/www.infobae.com\/new-resizer\/jt_aJMevkPT6qQ9MfnnGpnf61MM=\/1440x810\/filters:format(webp):quality(85)\/cloudfront-us-east-1.images.arcpublishing.com\/infobae\/CZF36WP7G5BUHAJJNON67HO77U.png 1440w\">Necesitamos agua limpia y abundante, tierras sanas para cultivar y atm\u00f3sferas con aire puro para respirar. Enfrentar una extinci\u00f3n masiva nos impone un escenario catastr\u00f3fico para la humanidad (Imagen ilustrativa Infobae)<\/p>\n\n\n\n<p>Por ejemplo, la Uni\u00f3n Europea, uno de los destinos de exportaci\u00f3n m\u00e1s importantes para la Argentina (9 mil millones de d\u00f3lares al a\u00f1o en promedio), anunci\u00f3 este a\u00f1o que varios de sus productos importados deben incorporar&nbsp;<strong>datos sobre las emisiones<\/strong>&nbsp;\u2014Mecanismo de Ajuste en Frontera por Carbono (CBAM)\u2014 y aplicar\u00e1 impuestos al carbono sobre los bienes importados, para obligar a los terceros a optar por l\u00edneas de producci\u00f3n en concordancia con el Acuerdo de Par\u00eds.<\/p>\n\n\n\n<p>Por otro lado, la Argentina debe anticiparse al da\u00f1o ambiental que impone la crisis clim\u00e1tica a fin de desarrollar&nbsp;<strong>estrategias de mitigaci\u00f3n<\/strong>&nbsp;del impacto socio-econ\u00f3mico local. Para ello, es necesario que el Estado contin\u00fae apoyado econ\u00f3micamente los numerosos<strong>&nbsp;proyectos de investigaci\u00f3n<\/strong>, en su mayor\u00eda liderados por investigadores de&nbsp;<strong>CONICET,<\/strong>&nbsp;que permiten conocer las&nbsp;<strong>causas y consecuencias<\/strong>&nbsp;del cambio clim\u00e1tico sobre la&nbsp;<strong>biodiversidad, el ambiente y la sociedad<\/strong>. Estos estudios nos permiten tener las bases cient\u00edficas necesarias y urgentes para poder desarrollar estrategias eficientes y seguras de un<strong>&nbsp;crecimiento sostenido<\/strong>&nbsp;a largo plazo.<\/p>\n\n\n\n<p><img loading=\"lazy\" decoding=\"async\" alt=\"Las predicciones de estudios cient\u00edficos indican que gran parte de las especies no tienen tiempo evolutivo para poder responder a la tasa de cambio, y por ello, el calentamiento global es uno de los mayores promotores que nos lleva a transitar una de las extinciones en masa m\u00e1s grande de la historia de la vida\n\" height=\"1080\" width=\"1920\" src=\"https:\/\/www.infobae.com\/new-resizer\/_T0bJFeC1gzJ2x1aD6n6zVcd_Ko=\/420x236\/filters:format(webp):quality(85)\/cloudfront-us-east-1.images.arcpublishing.com\/infobae\/WJCMZAERKJE77G5SZ3Y44XVO6A.jpg%20420w\" srcset=\"https:\/\/www.infobae.com\/new-resizer\/_T0bJFeC1gzJ2x1aD6n6zVcd_Ko=\/420x236\/filters:format(webp):quality(85)\/cloudfront-us-east-1.images.arcpublishing.com\/infobae\/WJCMZAERKJE77G5SZ3Y44XVO6A.jpg 420w,https:\/\/www.infobae.com\/new-resizer\/UkZuW_8Frl5atlbVRagVDDOeyjQ=\/768x432\/filters:format(webp):quality(85)\/cloudfront-us-east-1.images.arcpublishing.com\/infobae\/WJCMZAERKJE77G5SZ3Y44XVO6A.jpg 768w,https:\/\/www.infobae.com\/new-resizer\/TMdviM3U3EFMqCFnaUSOueRlAGQ=\/992x558\/filters:format(webp):quality(85)\/cloudfront-us-east-1.images.arcpublishing.com\/infobae\/WJCMZAERKJE77G5SZ3Y44XVO6A.jpg 992w,https:\/\/www.infobae.com\/new-resizer\/_xh7Gk9bWXWaeldG7qREdYEU9w4=\/1200x675\/filters:format(webp):quality(85)\/cloudfront-us-east-1.images.arcpublishing.com\/infobae\/WJCMZAERKJE77G5SZ3Y44XVO6A.jpg 1200w,https:\/\/www.infobae.com\/new-resizer\/fLB0A8l78sWjJrdcd94XtL03DoQ=\/1440x810\/filters:format(webp):quality(85)\/cloudfront-us-east-1.images.arcpublishing.com\/infobae\/WJCMZAERKJE77G5SZ3Y44XVO6A.jpg 1440w\">Las predicciones de estudios cient\u00edficos indican que gran parte de las especies no tienen tiempo evolutivo para poder responder a la tasa de cambio, y por ello, el calentamiento global es uno de los mayores promotores que nos lleva a transitar una de las extinciones en masa m\u00e1s grande de la historia de la vida<\/p>\n\n\n\n<p>Por \u00faltimo, tenemos avances legales como, por ejemplo, la&nbsp;<strong>ley 27.520<\/strong>&nbsp;que establece presupuestos m\u00ednimos de<strong>&nbsp;adaptaci\u00f3n y mitigaci\u00f3n<\/strong>&nbsp;al cambio clim\u00e1tico, y la<strong>&nbsp;ley 26.150&nbsp;<\/strong>que cre\u00f3 el programa de&nbsp;<strong>Educaci\u00f3n Sexual Integral&nbsp;<\/strong>que contribuye al control del crecimiento poblacional.<\/p>\n\n\n\n<p>La crisis clim\u00e1tica, con sus desaf\u00edos innegables, tambi\u00e9n brinda la oportunidad de estimular la innovaci\u00f3n en el sector productivo y de nuestros cient\u00edficos.\u00a0<strong>Estamos en un momento decisivo. No debemos perder tiempo.<\/strong><\/p>\n\n\n\n<p>Fuente: https:\/\/www.infobae.com\/america\/medio-ambiente\/2023\/12\/13\/cuales-son-las-bases-cientificas-de-la-crisis-climatica-y-el-papel-fundamental-de-los-estados-para-contenerla\/<\/p>\n","protected":false},"excerpt":{"rendered":"<p>Las emisiones de gases de efecto invernadero por la actividad humana est\u00e1n causando sequ\u00edas, inundaciones, incendios y extinci\u00f3n de especies. La experta en medio ambiente, reconocida por el premio L\u2019Or\u00e9al-UNESCO \u201cPor las Mujeres en la Ciencia\u201d, explic\u00f3 por qu\u00e9 los pa\u00edses deben promover de forma urgente el desarrollo sostenible La crisis clim\u00e1tica, con sus desaf\u00edos [&hellip;]<\/p>\n","protected":false},"author":3,"featured_media":485,"comment_status":"open","ping_status":"open","sticky":false,"template":"","format":"standard","meta":{"footnotes":""},"categories":[8,3,12],"tags":[275],"class_list":["post-484","post","type-post","status-publish","format-standard","has-post-thumbnail","hentry","category-medio-ambiente","category-principal","category-sociedad","tag-crisis-climatica"],"_links":{"self":[{"href":"https:\/\/noticiassaludables.com.ar\/index.php?rest_route=\/wp\/v2\/posts\/484","targetHints":{"allow":["GET"]}}],"collection":[{"href":"https:\/\/noticiassaludables.com.ar\/index.php?rest_route=\/wp\/v2\/posts"}],"about":[{"href":"https:\/\/noticiassaludables.com.ar\/index.php?rest_route=\/wp\/v2\/types\/post"}],"author":[{"embeddable":true,"href":"https:\/\/noticiassaludables.com.ar\/index.php?rest_route=\/wp\/v2\/users\/3"}],"replies":[{"embeddable":true,"href":"https:\/\/noticiassaludables.com.ar\/index.php?rest_route=%2Fwp%2Fv2%2Fcomments&post=484"}],"version-history":[{"count":1,"href":"https:\/\/noticiassaludables.com.ar\/index.php?rest_route=\/wp\/v2\/posts\/484\/revisions"}],"predecessor-version":[{"id":486,"href":"https:\/\/noticiassaludables.com.ar\/index.php?rest_route=\/wp\/v2\/posts\/484\/revisions\/486"}],"wp:featuredmedia":[{"embeddable":true,"href":"https:\/\/noticiassaludables.com.ar\/index.php?rest_route=\/wp\/v2\/media\/485"}],"wp:attachment":[{"href":"https:\/\/noticiassaludables.com.ar\/index.php?rest_route=%2Fwp%2Fv2%2Fmedia&parent=484"}],"wp:term":[{"taxonomy":"category","embeddable":true,"href":"https:\/\/noticiassaludables.com.ar\/index.php?rest_route=%2Fwp%2Fv2%2Fcategories&post=484"},{"taxonomy":"post_tag","embeddable":true,"href":"https:\/\/noticiassaludables.com.ar\/index.php?rest_route=%2Fwp%2Fv2%2Ftags&post=484"}],"curies":[{"name":"wp","href":"https:\/\/api.w.org\/{rel}","templated":true}]}}