{"id":493,"date":"2023-12-14T13:25:40","date_gmt":"2023-12-14T16:25:40","guid":{"rendered":"https:\/\/noticiassaludables.com.ar\/?p=493"},"modified":"2023-12-14T13:25:41","modified_gmt":"2023-12-14T16:25:41","slug":"la-revista-cultural-otra-parte-cumple-20-anos","status":"publish","type":"post","link":"https:\/\/noticiassaludables.com.ar\/?p=493","title":{"rendered":"La revista cultural &#8220;Otra Parte&#8221; cumple 20 a\u00f1os"},"content":{"rendered":"\n<h2 class=\"wp-block-heading\">Fue fundada por el escritor Marcelo Cohen y la ensayista Graciela Speranza.Este domingo habr\u00e1 un festejo en QueTren Club Cultural.<\/h2>\n\n\n\n<p><img loading=\"lazy\" decoding=\"async\" width=\"360\" height=\"240\" src=\"https:\/\/www.clarin.com\/img\/2023\/12\/13\/C9KI12Sbz_360x240__1.jpg\" alt=\"La revista cultural &quot;Otra Parte&quot; cumple 20 a\u00f1os\">Dos d\u00e9cadas de la revista Otra Parte.<\/p>\n\n\n\n<p>Hace veinte a\u00f1os,&nbsp;<strong>la revista cultural&nbsp;<em>Otra Parte<\/em>&nbsp;<\/strong>nac\u00eda como una alusi\u00f3n velada a la alucinante novela del dibujante checo&nbsp;<strong>Alfred Kubin<\/strong>&nbsp;que lleva ese mismo t\u00edtulo. Es un gui\u00f1o m\u00e1s que apropiado para la firme voluntad de instaurar un espacio distinto, aut\u00f3nomo, de artes cruzadas. Sobre todo porque uno de los dos fundadores y editores de la revista, el narrador y traductor&nbsp;<strong><a href=\"https:\/\/www.clarin.com\/cultura\/murio-marcelo-cohen-mayor-renovador-genero-fantastico-lengua-castellana-ultimas-decadas_0_iO5I96zPZm.html\">Marcelo Cohen<\/a><\/strong>, era \u00e9l mismo un creador de territorios propios y un puente entre lenguas y disciplinas.<\/p>\n\n\n\n<p>La otra mitad de la direcci\u00f3n siempre estuvo a cargo de su pareja, la reconocida&nbsp;<strong>ensayista&nbsp;<a href=\"https:\/\/www.clarin.com\/cultura\/revista-cultural-parte-cumple-20-anos_0_Dfd6kOdgXm.html\">Graciela Speranza<\/a>,<\/strong>&nbsp;tambi\u00e9n abocada a los saltos y pr\u00e9stamos entre la literatura y el arte contempor\u00e1neo. Seg\u00fan la autora de&nbsp;<em>Cronograf\u00edas<\/em>&nbsp;y&nbsp;<em>Fuera de campo<\/em>&nbsp;\u2013t\u00edtulos que cobran renovados ecos con el festejo de este aniversario\u2013&nbsp;<em>Otra Parte<\/em>&nbsp;surgi\u00f3, entre otros motivos, de cierta insatisfacci\u00f3n frente a la cr\u00edtica acad\u00e9mica y el periodismo cultural. Para&nbsp;<strong>Cohen<\/strong>&nbsp;se trataba, asimismo, de fundar \u201cuna zona de tejido sano\u201d.<\/p>\n\n\n\n<p>A un a\u00f1o de la muerte del excepcional novelista de&nbsp;<em>El o\u00eddo absoluto, Los acu\u00e1ticos, Hombres amables,&nbsp;<\/em>y los m\u00e1s recientes<em>&nbsp;La calle de los cines<\/em>&nbsp;y&nbsp;<em>Llanto verde<\/em>, tanto Cohen como&nbsp;<em>Otra Parte<\/em>&nbsp;tendr\u00e1n su homenaje y celebraci\u00f3n este domingo 17, en QueTren Club Cultural, en el Barrio Chino de Belgrano, con la participaci\u00f3n de los DJ Alan Courtis, Pablo Schanton y Eric Olsen.<img loading=\"lazy\" decoding=\"async\" alt=\"Marcelo Cohen y Graciela Speranza.\" src=\"https:\/\/www.clarin.com\/img\/2022\/06\/03\/eBAhIyDD6_720x0__1.jpg\" width=\"720\" height=\"0\">Marcelo Cohen y Graciela Speranza.<\/p>\n\n\n\n<p>Hace algunas semanas,<strong>&nbsp;la plataforma de la revista puso a disposici\u00f3n gratuita el archivo completo y digitalizado de los treinta n\u00fameros de su edici\u00f3n impresa, publicados entre 2003 y 2014,<\/strong>&nbsp;con un ampl\u00edsimo abanico tem\u00e1tico, ordenado por n\u00fameros monogr\u00e1ficos como \u201cAntagonismo\u201d, \u201cPrimera persona\u201d, \u201cMundos posibles\u201d, \u201cCosas\u201d y \u201cAntipatria\u201d.<\/p>\n\n\n\n<p>Prestigiosas firmas asiduas han sido las de los escritores, artistas e intelectuales Alan Pauls, Guillermo Kuitca, Sergio Chejfec, Juan Villoro, Reinaldo Laddaga, Alberto Silva, Vivi Tellas, Rodolfo Biscia, Daniel Garc\u00eda Helder, Mat\u00edas Serra Bradford, Dami\u00e1n Tabarovsky, entre muchos otros. Hoy son parte del staff los acad\u00e9micos, cr\u00edticos, poetas y ensayistas Silvina Cucchi, Patricio Lenard, Germ\u00e1n Conde, Maximiliano Papandrea, Ra\u00fal A. Cuello, Juan F. Comperatore, Diego Peller, Federico Romani, Javier Mattio, Abel Gilbert, Pablo Schanton, Marcelo Pitrola, Anah\u00ed Mallol y Ezequiel Zaidenwerg.<\/p>\n\n\n\n<p><\/p>\n\n\n\n<p>El otro aniversario que se celebrar\u00e1 es el de<strong>&nbsp;los diez a\u00f1os de existencia de&nbsp;<em>Otra Parte Semana<\/em>l,<\/strong>&nbsp;la versi\u00f3n virtual y prolongaci\u00f3n de la&nbsp;<em>Otra Parte<\/em>&nbsp;de papel. As\u00ed se define&nbsp;<em>Otra Parte Semanal<\/em>&nbsp;en su sitio: \u201cGracias al trabajo generoso de editores y cientos de colaboradores, sin faltar una sola semana a la cita de los jueves, nuestra revista digital ha reanimado el arte de la rese\u00f1a breve con cr\u00edticas de artes visuales, libros, cine, tv, m\u00fasica y teatro, y se ha consolidado como un espacio independiente de pensamiento cr\u00edtico y debate plural en el \u00e1mbito cultural hispanoparlante\u201d.<\/p>\n\n\n\n<p><em>Otra Parte Semanal<\/em>\u00a0se propuso ser la primera revista de rese\u00f1as \u201cvirtual-global\u201d realizada desde Latinoam\u00e9rica, con comentarios breves sobre libros, artes visuales, teatro, m\u00fasica, series, TV y cine, y una secci\u00f3n llamada \u201cDiscusi\u00f3n\u201d para escritos de corte pol\u00e9mico o ensay\u00edstico. Este domingo renovar\u00e1 los votos por otros veinte a\u00f1os m\u00e1s.<\/p>\n\n\n\n<p>Fuente: https:\/\/www.clarin.com\/cultura\/revista-cultural-parte-cumple-20-anos_0_Dfd6kOdgXm.html<\/p>\n","protected":false},"excerpt":{"rendered":"<p>Fue fundada por el escritor Marcelo Cohen y la ensayista Graciela Speranza.Este domingo habr\u00e1 un festejo en QueTren Club Cultural. Dos d\u00e9cadas de la revista Otra Parte. Hace veinte a\u00f1os,&nbsp;la revista cultural&nbsp;Otra Parte&nbsp;nac\u00eda como una alusi\u00f3n velada a la alucinante novela del dibujante checo&nbsp;Alfred Kubin&nbsp;que lleva ese mismo t\u00edtulo. Es un gui\u00f1o m\u00e1s que apropiado [&hellip;]<\/p>\n","protected":false},"author":3,"featured_media":494,"comment_status":"open","ping_status":"open","sticky":false,"template":"","format":"standard","meta":{"footnotes":""},"categories":[11,3],"tags":[278],"class_list":["post-493","post","type-post","status-publish","format-standard","has-post-thumbnail","hentry","category-agenda","category-principal","tag-la-revista-cultural-otra-parte"],"_links":{"self":[{"href":"https:\/\/noticiassaludables.com.ar\/index.php?rest_route=\/wp\/v2\/posts\/493","targetHints":{"allow":["GET"]}}],"collection":[{"href":"https:\/\/noticiassaludables.com.ar\/index.php?rest_route=\/wp\/v2\/posts"}],"about":[{"href":"https:\/\/noticiassaludables.com.ar\/index.php?rest_route=\/wp\/v2\/types\/post"}],"author":[{"embeddable":true,"href":"https:\/\/noticiassaludables.com.ar\/index.php?rest_route=\/wp\/v2\/users\/3"}],"replies":[{"embeddable":true,"href":"https:\/\/noticiassaludables.com.ar\/index.php?rest_route=%2Fwp%2Fv2%2Fcomments&post=493"}],"version-history":[{"count":1,"href":"https:\/\/noticiassaludables.com.ar\/index.php?rest_route=\/wp\/v2\/posts\/493\/revisions"}],"predecessor-version":[{"id":495,"href":"https:\/\/noticiassaludables.com.ar\/index.php?rest_route=\/wp\/v2\/posts\/493\/revisions\/495"}],"wp:featuredmedia":[{"embeddable":true,"href":"https:\/\/noticiassaludables.com.ar\/index.php?rest_route=\/wp\/v2\/media\/494"}],"wp:attachment":[{"href":"https:\/\/noticiassaludables.com.ar\/index.php?rest_route=%2Fwp%2Fv2%2Fmedia&parent=493"}],"wp:term":[{"taxonomy":"category","embeddable":true,"href":"https:\/\/noticiassaludables.com.ar\/index.php?rest_route=%2Fwp%2Fv2%2Fcategories&post=493"},{"taxonomy":"post_tag","embeddable":true,"href":"https:\/\/noticiassaludables.com.ar\/index.php?rest_route=%2Fwp%2Fv2%2Ftags&post=493"}],"curies":[{"name":"wp","href":"https:\/\/api.w.org\/{rel}","templated":true}]}}