{"id":500,"date":"2023-12-15T11:42:03","date_gmt":"2023-12-15T14:42:03","guid":{"rendered":"https:\/\/noticiassaludables.com.ar\/?p=500"},"modified":"2023-12-15T11:42:03","modified_gmt":"2023-12-15T14:42:03","slug":"santa-cruz-elimino-la-posibilidad-de-no-repitencia-en-las-escuelas-secundarias","status":"publish","type":"post","link":"https:\/\/noticiassaludables.com.ar\/?p=500","title":{"rendered":"Santa Cruz elimin\u00f3 la posibilidad de no repitencia en las escuelas secundarias"},"content":{"rendered":"\n<h2 class=\"wp-block-heading\">La medida entrar\u00e1 en vigor a partir del ciclo lectivo de 2024 y fue determinada por las nuevas autoridades del Consejo Provincial de Educaci\u00f3n (CPE) de la provincia. Se revoc\u00f3 la resoluci\u00f3n de \u201cpromoci\u00f3n autom\u00e1tica\u201d que se implement\u00f3 durante la pandemia<\/h2>\n\n\n\n<p>En una decisi\u00f3n un\u00e1nime, el&nbsp;<strong>Consejo Provincial de Educaci\u00f3n (CPE) de<\/strong><a rel=\"noreferrer noopener\" href=\"https:\/\/www.infobae.com\/tag\/santa-cruz\/\" target=\"_blank\"><strong>&nbsp;Santa Cruz<\/strong><\/a>anunci\u00f3&nbsp;<strong>el fin de la medida de \u201cpromoci\u00f3n autom\u00e1tica\u201d en las escuelas secundarias de la provincia.<\/strong>&nbsp;La determinaci\u00f3n, votada por las nuevas autoridades del CPE el mi\u00e9rcoles pasado, revoca la Resoluci\u00f3n 323\/22, implementada durante la pandemia, que permit\u00eda a los estudiantes avanzar de curso incluso con un n\u00famero ilimitado de materias pendientes.<\/p>\n\n\n\n<p><a href=\"https:\/\/www.infobae.com\/sociedad\/2023\/12\/15\/mas-de-130-pinguinos-aparecieron-muertos-en-las-costas-de-santa-cruz-quedaron-atrapados-en-redes-de-pesca-ilegales\/\" target=\"_blank\" rel=\"noreferrer noopener\"><\/a><\/p>\n\n\n\n<p><\/p>\n\n\n\n<p>A partir del ciclo lectivo 2024,&nbsp;<strong>se elimina la posibilidad de no repitencia<\/strong>, y los alumnos deber\u00e1n cumplir con la normativa original que establece el pase de a\u00f1o para aquellos que tengan hasta dos espacios curriculares adeudados, de acuerdo a informaci\u00f3n oficial.<\/p>\n\n\n\n<p>El presidente del Consejo,&nbsp;<strong>Daniel Busquet<\/strong>, expres\u00f3 que la medida de promoci\u00f3n autom\u00e1tica fue \u201cabsolutamente perjudicial\u201d para los adolescentes, calific\u00e1ndola como \u201cuna estafa social a partir de una estafa pedag\u00f3gica\u201d, ya que la escuela \u201cno garantizaba la formaci\u00f3n y el aprendizaje adecuado\u201d.<\/p>\n\n\n\n<p><img loading=\"lazy\" decoding=\"async\" alt=\"El presidente del CPE junto a Elizabeth Villarroel (vicepresidenta), Ver\u00f3nica Mu\u00f1oz (secretar\u00eda general); los vocales en representaci\u00f3n del Poder Ejecutivo, Oscar Barrientos y Marcela Galindo; el vocal de los docentes de escuelas p\u00fablicas, Pedro Cormack; la vocal de los docentes de escuelas privadas, Gloria Robles; y la vocal en representaci\u00f3n de los padres, Nahir Castillo.\n\n\" height=\"1080\" width=\"1920\" src=\"https:\/\/www.infobae.com\/new-resizer\/r6jr_FWCmAgaErNYqWvF4sPTwvI=\/420x236\/filters:format(webp):quality(85)\/cloudfront-us-east-1.images.arcpublishing.com\/infobae\/YIXY27ETGNA6PKLGIF4GOTIGNI.jpg%20420w\" srcset=\"https:\/\/www.infobae.com\/new-resizer\/r6jr_FWCmAgaErNYqWvF4sPTwvI=\/420x236\/filters:format(webp):quality(85)\/cloudfront-us-east-1.images.arcpublishing.com\/infobae\/YIXY27ETGNA6PKLGIF4GOTIGNI.jpg 420w,https:\/\/www.infobae.com\/new-resizer\/Obq9N8FASGedsUx4MiRyRIegzQI=\/768x432\/filters:format(webp):quality(85)\/cloudfront-us-east-1.images.arcpublishing.com\/infobae\/YIXY27ETGNA6PKLGIF4GOTIGNI.jpg 768w,https:\/\/www.infobae.com\/new-resizer\/aOcEmfVf8xHLE2O7r67nQt7qISo=\/992x558\/filters:format(webp):quality(85)\/cloudfront-us-east-1.images.arcpublishing.com\/infobae\/YIXY27ETGNA6PKLGIF4GOTIGNI.jpg 992w,https:\/\/www.infobae.com\/new-resizer\/ywfZalD1Fdmbi3HjRJ9X6ZphIt4=\/1200x675\/filters:format(webp):quality(85)\/cloudfront-us-east-1.images.arcpublishing.com\/infobae\/YIXY27ETGNA6PKLGIF4GOTIGNI.jpg 1200w,https:\/\/www.infobae.com\/new-resizer\/17VsN2_pj7LsQJt13j-sh9_mVy4=\/1440x810\/filters:format(webp):quality(85)\/cloudfront-us-east-1.images.arcpublishing.com\/infobae\/YIXY27ETGNA6PKLGIF4GOTIGNI.jpg 1440w\">El presidente del CPE junto a Elizabeth Villarroel (vicepresidenta), Ver\u00f3nica Mu\u00f1oz (secretar\u00eda general); los vocales en representaci\u00f3n del Poder Ejecutivo, Oscar Barrientos y Marcela Galindo; el vocal de los docentes de escuelas p\u00fablicas, Pedro Cormack; la vocal de los docentes de escuelas privadas, Gloria Robles; y la vocal en representaci\u00f3n de los padres, Nahir Castillo.<\/p>\n\n\n\n<p>De acuerdo con las autoridades del CPE, los estudiantes santacruce\u00f1os\u00a0<strong>tendr\u00e1n todo el ciclo lectivo 2024 y 2025 para acreditar o aprobar los contenidos que deban hasta este a\u00f1o.<\/strong><a href=\"https:\/\/www.infobae.com\/sociedad\/2023\/12\/15\/mas-de-130-pinguinos-aparecieron-muertos-en-las-costas-de-santa-cruz-quedaron-atrapados-en-redes-de-pesca-ilegales\/\" target=\"_blank\" rel=\"noreferrer noopener\"><\/a><a href=\"https:\/\/www.infobae.com\/sociedad\/2023\/12\/15\/mas-de-130-pinguinos-aparecieron-muertos-en-las-costas-de-santa-cruz-quedaron-atrapados-en-redes-de-pesca-ilegales\/\" target=\"_blank\" rel=\"noreferrer noopener\"><\/a><\/p>\n\n\n\n<p>\u201cVamos a brindar mucha dedicaci\u00f3n y acompa\u00f1amiento desde el Consejo y las instituciones educativas para asistir a los alumnos en la adquisici\u00f3n de los aprendizajes que les permitan ir aprobando todos los espacios curriculares que vienen adeudando\u201d, a\u00f1adi\u00f3 el titular del organismo educativo, quien fue oficializado en su cargo el pasado 10 de diciembre, d\u00eda de la asunci\u00f3n del nuevo gobernador de la provincia,&nbsp;<strong>Claudio Vidal<\/strong>.<\/p>\n\n\n\n<p>\u201cNo se pueden cambiar treinta a\u00f1os de deterioro en dos meses, pero\u00a0<strong>ahora es la oportunidad de mejorar la educaci\u00f3n<\/strong>\u00a0y as\u00ed brindar lo mejor a los chicos\u201d, agreg\u00f3 Busquet.<a href=\"https:\/\/www.infobae.com\/politica\/2023\/12\/12\/tras-competir-en-las-elecciones-de-santa-cruz-mario-markic-se-sumo-al-gabinete-del-nuevo-gobernador-claudio-vidal\/\" target=\"_blank\" rel=\"noreferrer noopener\"><\/a><a href=\"https:\/\/www.infobae.com\/politica\/2023\/12\/12\/tras-competir-en-las-elecciones-de-santa-cruz-mario-markic-se-sumo-al-gabinete-del-nuevo-gobernador-claudio-vidal\/\" target=\"_blank\" rel=\"noreferrer noopener\"><\/a><\/p>\n\n\n\n<p>Esta decisi\u00f3n en Santa Cruz se une a la&nbsp;<a rel=\"noreferrer noopener\" href=\"https:\/\/www.infobae.com\/politica\/2023\/12\/12\/santa-fe-en-su-primer-decreto-como-gobernador-maximiliano-pullaro-puso-fin-a-la-no-repitencia-en-las-escuelas-secundarias\/\" target=\"_blank\"><em>reciente medida adoptada por el nuevo gobernador de Santa Fe, Maximiliano Pullaro, quien esta semana derog\u00f3 la pol\u00edtica de no repitencia en las escuelas secundarias<\/em><\/a><em>.&nbsp;<\/em>Con ello, puso fin al programa de Secundaria de Avance Continuo que estuvo en vigencia durante el transcurso de este a\u00f1o en 145 establecimientos educativos santafesinos.<\/p>\n\n\n\n<h2 class=\"wp-block-heading\">El panorama de la educaci\u00f3n en Santa Cruz<\/h2>\n\n\n\n<p>Hasta junio de 2023,&nbsp;<strong>la provincia experiment\u00f3 m\u00e1s de 40 d\u00edas sin clases.<\/strong>&nbsp;La falta de acuerdos entre el gobierno de<strong>&nbsp;Alicia Kirchner<\/strong>&nbsp;y la&nbsp;<strong>Asociaci\u00f3n de Docentes de Santa Cruz (ADOSAC)&nbsp;<\/strong>desencaden\u00f3 una serie de huelgas motivadas por demandas laborales y salariales, que terminaron por afectar de manera negativa a los estudiantes.<\/p>\n\n\n\n<p>Seg\u00fan un estudio realizado por la Coalici\u00f3n por la Educaci\u00f3n, hasta mitad de a\u00f1o, los alumnos de Santa Cruz apenas asistieron 27 d\u00edas a las aulas, lo que representa solo el 32,9% de los 82 d\u00edas originalmente programados,&nbsp;<a rel=\"noreferrer noopener\" href=\"https:\/\/www.infobae.com\/educacion\/2023\/07\/05\/solo-mendoza-san-luis-y-santiago-del-estero-tuvieron-mas-de-80-dias-de-clase-en-lo-que-va-del-ano\/\" target=\"_blank\"><em>seg\u00fan pudo conocer&nbsp;<\/em><em><strong>Infobae<\/strong><\/em><em>.<\/em><\/a><\/p>\n\n\n\n<p>\u201cHay estudios recientes que nos indican que de cada 10 alumnos, hay 6 que no comprenden lo que leen. El<strong>&nbsp;panorama es desolador<\/strong>&nbsp;y, sobre todo, esto se acent\u00faa cuando hay pol\u00edticas de este tipo, de nublar la discusi\u00f3n pedag\u00f3gica, de negarla, de no abrirla a la sociedad\u201d, hab\u00eda dicho&nbsp;<strong>Javier Fern\u00e1ndez<\/strong>, secretario general de ADOSAC.<\/p>\n\n\n\n<p><img loading=\"lazy\" decoding=\"async\" alt=\"Solamente pasar\u00e1n de a\u00f1o los alumnos que deban hasta dos materias. (Foto: Adri\u00e1n Escandar)\" height=\"450\" width=\"600\" src=\"https:\/\/www.infobae.com\/new-resizer\/kUCZUCxOfdU9XfJXwKhWLxk8Fkc=\/420x315\/filters:format(webp):quality(85)\/arc-anglerfish-arc2-prod-infobae.s3.amazonaws.com\/public\/TBXFZ36UIRC5TEBAJAESLNUN7M%20420w\" srcset=\"https:\/\/www.infobae.com\/new-resizer\/kUCZUCxOfdU9XfJXwKhWLxk8Fkc=\/420x315\/filters:format(webp):quality(85)\/arc-anglerfish-arc2-prod-infobae.s3.amazonaws.com\/public\/TBXFZ36UIRC5TEBAJAESLNUN7M 420w,https:\/\/www.infobae.com\/new-resizer\/kEWfmVs5pD4sceCgOPJjMoe2JzQ=\/768x576\/filters:format(webp):quality(85)\/arc-anglerfish-arc2-prod-infobae.s3.amazonaws.com\/public\/TBXFZ36UIRC5TEBAJAESLNUN7M 768w,https:\/\/www.infobae.com\/new-resizer\/m2q558IZjJVHugZ3XFfGzvj8h48=\/992x744\/filters:format(webp):quality(85)\/arc-anglerfish-arc2-prod-infobae.s3.amazonaws.com\/public\/TBXFZ36UIRC5TEBAJAESLNUN7M 992w,https:\/\/www.infobae.com\/new-resizer\/WvGMxTZWGFNxIxrDaXgOgpNtdBQ=\/1200x900\/filters:format(webp):quality(85)\/arc-anglerfish-arc2-prod-infobae.s3.amazonaws.com\/public\/TBXFZ36UIRC5TEBAJAESLNUN7M 1200w,https:\/\/www.infobae.com\/new-resizer\/Oo82OJrKlqZNOmtu9VtF7gmSMgk=\/1440x1080\/filters:format(webp):quality(85)\/arc-anglerfish-arc2-prod-infobae.s3.amazonaws.com\/public\/TBXFZ36UIRC5TEBAJAESLNUN7M 1440w\">Solamente pasar\u00e1n de a\u00f1o los alumnos que deban hasta dos materias. (Foto: Adri\u00e1n Escandar)<\/p>\n\n\n\n<p>Ante este escenario y el cambio de administraci\u00f3n, el nuevo titular del Consejo Educativo provincial expres\u00f3 el compromiso de fomentar el di\u00e1logo entre todos los actores que forman parte de la comunidad educativa de la provincia, a fin de \u201crecuperar el esp\u00edritu\u201d del organismo y&nbsp;<strong>avanzar en la mejora de la educaci\u00f3n<\/strong>, uno de los tres pilares fundamentales de la gesti\u00f3n de Vidal.<\/p>\n\n\n\n<p>\u201cNo podemos seguir permitiendo que nuestros hijos pierdan d\u00edas de clases por falta de mantenimiento, de calefacci\u00f3n, de agua o de luz. No podemos seguir permitiendo que nuestros docentes no tengan las condiciones laborales y salariales que merecen. No podemos seguir permitiendo que nuestros j\u00f3venes no tengan oportunidades de estudio, de capacitaci\u00f3n, de inserci\u00f3n laboral.\u00a0<strong>Vamos a hacer una revoluci\u00f3n educativa en Santa Cruz, porque sabemos que la educaci\u00f3n es la herramienta m\u00e1s poderosa para transformar la realidad<\/strong>\u201d, sostuvo el gobernador d\u00edas atr\u00e1s.<\/p>\n\n\n\n<p>Fuente: https:\/\/www.infobae.com\/sociedad\/2023\/12\/15\/santa-cruz-elimino-la-posibilidad-de-no-repitencia-en-las-escuelas-secundarias\/<\/p>\n","protected":false},"excerpt":{"rendered":"<p>La medida entrar\u00e1 en vigor a partir del ciclo lectivo de 2024 y fue determinada por las nuevas autoridades del Consejo Provincial de Educaci\u00f3n (CPE) de la provincia. Se revoc\u00f3 la resoluci\u00f3n de \u201cpromoci\u00f3n autom\u00e1tica\u201d que se implement\u00f3 durante la pandemia En una decisi\u00f3n un\u00e1nime, el&nbsp;Consejo Provincial de Educaci\u00f3n (CPE) de&nbsp;Santa Cruzanunci\u00f3&nbsp;el fin de la [&hellip;]<\/p>\n","protected":false},"author":3,"featured_media":501,"comment_status":"open","ping_status":"open","sticky":false,"template":"","format":"standard","meta":{"footnotes":""},"categories":[11,13,12],"tags":[283,282,281],"class_list":["post-500","post","type-post","status-publish","format-standard","has-post-thumbnail","hentry","category-agenda","category-politica","category-sociedad","tag-colegio-secundario","tag-no-repitencia","tag-santa-cruz"],"_links":{"self":[{"href":"https:\/\/noticiassaludables.com.ar\/index.php?rest_route=\/wp\/v2\/posts\/500","targetHints":{"allow":["GET"]}}],"collection":[{"href":"https:\/\/noticiassaludables.com.ar\/index.php?rest_route=\/wp\/v2\/posts"}],"about":[{"href":"https:\/\/noticiassaludables.com.ar\/index.php?rest_route=\/wp\/v2\/types\/post"}],"author":[{"embeddable":true,"href":"https:\/\/noticiassaludables.com.ar\/index.php?rest_route=\/wp\/v2\/users\/3"}],"replies":[{"embeddable":true,"href":"https:\/\/noticiassaludables.com.ar\/index.php?rest_route=%2Fwp%2Fv2%2Fcomments&post=500"}],"version-history":[{"count":1,"href":"https:\/\/noticiassaludables.com.ar\/index.php?rest_route=\/wp\/v2\/posts\/500\/revisions"}],"predecessor-version":[{"id":502,"href":"https:\/\/noticiassaludables.com.ar\/index.php?rest_route=\/wp\/v2\/posts\/500\/revisions\/502"}],"wp:featuredmedia":[{"embeddable":true,"href":"https:\/\/noticiassaludables.com.ar\/index.php?rest_route=\/wp\/v2\/media\/501"}],"wp:attachment":[{"href":"https:\/\/noticiassaludables.com.ar\/index.php?rest_route=%2Fwp%2Fv2%2Fmedia&parent=500"}],"wp:term":[{"taxonomy":"category","embeddable":true,"href":"https:\/\/noticiassaludables.com.ar\/index.php?rest_route=%2Fwp%2Fv2%2Fcategories&post=500"},{"taxonomy":"post_tag","embeddable":true,"href":"https:\/\/noticiassaludables.com.ar\/index.php?rest_route=%2Fwp%2Fv2%2Ftags&post=500"}],"curies":[{"name":"wp","href":"https:\/\/api.w.org\/{rel}","templated":true}]}}