{"id":503,"date":"2023-12-15T11:54:48","date_gmt":"2023-12-15T14:54:48","guid":{"rendered":"https:\/\/noticiassaludables.com.ar\/?p=503"},"modified":"2023-12-15T11:54:48","modified_gmt":"2023-12-15T14:54:48","slug":"la-vuelta-a-la-musica-de-charly-garcia-se-viene-un-discazo","status":"publish","type":"post","link":"https:\/\/noticiassaludables.com.ar\/?p=503","title":{"rendered":"La vuelta a la m\u00fasica de Charly Garc\u00eda: \u201cSe viene un discazo\u201d"},"content":{"rendered":"\n<h2 class=\"wp-block-heading\">Teleshow habl\u00f3 con el productor Jos\u00e9 Palazzo, quien asegura que el m\u00fasico grab\u00f3 nuevas canciones: \u201cEl disco est\u00e1 terminado y est\u00e1 divino\u201d<\/h2>\n\n\n\n<p><img loading=\"lazy\" decoding=\"async\" alt=\"Charly Garc\u00eda junto con Jos\u00e9 Palazzo y varios de los m\u00fasicos que colaboraron en el disco (TW josedpalazzo)\" height=\"702\" width=\"1024\" src=\"https:\/\/www.infobae.com\/new-resizer\/ZW4UZFdG2TCi8aTUN5mna_aFtqQ=\/420x280\/filters:format(webp):quality(85)\/cloudfront-us-east-1.images.arcpublishing.com\/infobae\/HK6O6CRUM5DDLHJLLC2HFXGIRA.jfif%20420w\" srcset=\"https:\/\/www.infobae.com\/new-resizer\/ZW4UZFdG2TCi8aTUN5mna_aFtqQ=\/420x280\/filters:format(webp):quality(85)\/cloudfront-us-east-1.images.arcpublishing.com\/infobae\/HK6O6CRUM5DDLHJLLC2HFXGIRA.jfif 420w,https:\/\/www.infobae.com\/new-resizer\/Yn4SxQkN8FBVl1RXn2ayExT9n1s=\/768x512\/filters:format(webp):quality(85)\/cloudfront-us-east-1.images.arcpublishing.com\/infobae\/HK6O6CRUM5DDLHJLLC2HFXGIRA.jfif 768w,https:\/\/www.infobae.com\/new-resizer\/XEk6Bh-CriYC7_-E0aLw3hzU5xg=\/992x661\/filters:format(webp):quality(85)\/cloudfront-us-east-1.images.arcpublishing.com\/infobae\/HK6O6CRUM5DDLHJLLC2HFXGIRA.jfif 992w,https:\/\/www.infobae.com\/new-resizer\/HqPqFGSKFl5P9od6DSETC8VvPr4=\/1200x800\/filters:format(webp):quality(85)\/cloudfront-us-east-1.images.arcpublishing.com\/infobae\/HK6O6CRUM5DDLHJLLC2HFXGIRA.jfif 1200w,https:\/\/www.infobae.com\/new-resizer\/By70AdnNZQIiAlXlarKVhU-lJGI=\/1440x960\/filters:format(webp):quality(85)\/cloudfront-us-east-1.images.arcpublishing.com\/infobae\/HK6O6CRUM5DDLHJLLC2HFXGIRA.jfif 1440w\">Charly Garc\u00eda junto con Jos\u00e9 Palazzo y varios de los m\u00fasicos que colaboraron en el disco (TW josedpalazzo)<\/p>\n\n\n\n<p>M\u00e1s de 5 a\u00f1os pasaron desde el momento en que&nbsp;<a rel=\"noreferrer noopener\" href=\"https:\/\/www.infobae.com\/tag\/charly-garcia\/\" target=\"_blank\"><strong>Charly Garc\u00eda<\/strong><\/a>&nbsp;comenz\u00f3 a trabajar en&nbsp;<em>La l\u00f3gica del escorpi\u00f3n<\/em>, disco que comenz\u00f3 a gestarse en la pandemia y que tambi\u00e9n fue atravesado por diferentes problemas de salud del m\u00fasico, lo que elevan a este trabajo a la categor\u00eda de hito en su carrera y que finalmente fue terminado, marcando adem\u00e1s su regreso al panorama musical desde su \u00faltimo trabajo,&nbsp;<em>Random<\/em>, lanzado en 2017.<\/p>\n\n\n\n<p>La confirmaci\u00f3n de este logro proviene de&nbsp;<strong>Jos\u00e9 Palazzo<\/strong>, destacado productor de rock y manager de Garc\u00eda, quien comparti\u00f3 la noticia a trav\u00e9s de sus redes sociales, expresando su entusiasmo y describiendo el evento como un momento hist\u00f3rico:&nbsp;<strong>\u201cListo disco de Garcia&#8230; A ver si las disqueras le meten pata que el jefe cocin\u00f3 todo<\/strong>\u201d, afirm\u00f3 a trav\u00e9s de su cuenta de Twitter, texto que acompa\u00f1a a una imagen de Garc\u00eda junto con algunos de sus m\u00fasicos y el productor.<\/p>\n\n\n\n<p>En charla exclusiva con<strong>&nbsp;Teleshow<\/strong>, Palazzo destac\u00f3: \u201cFue una reuni\u00f3n completamente azarosa. La foto es porque hab\u00edan terminado de grabar el disco y justo pas\u00e9 a saludar. Entonces ah\u00ed<strong>&nbsp;dije a las disqueras que se pongan las pilas y ap\u00farense porque el disco est\u00e1 divino, est\u00e1 terminado, es maravilloso<\/strong>\u201d. Adem\u00e1s, continu\u00f3: \u201cNos sacamos esa foto y celebramos, pero<strong>&nbsp;el disco ya lo escuch\u00e9 un mont\u00f3n de veces y es un discazo<\/strong>, y sobre el disco mucho m\u00e1s no puedo hablar porque va a salir\u201d.<\/p>\n\n\n\n<p>El proceso creativo del \u00e1lbum fue extenso y evolutivo, con Garc\u00eda a\u00f1adiendo elementos progresivamente, lo que transform\u00f3 el proyecto en una obra en constante desarrollo. Palazzo, en un texto adem\u00e1s subido a su cuenta de Instagram, tambi\u00e9n se refiri\u00f3 a c\u00f3mo encontr\u00f3 al m\u00fasico, del que afirm\u00f3:&nbsp;<strong>\u201cQu\u00e9 Charly Garc\u00eda feliz que me toc\u00f3 ver\u201d<\/strong>.<\/p>\n\n\n\n<p><img loading=\"lazy\" decoding=\"async\" alt=\"M\u00e1s de 5 a\u00f1os pasaron desde el momento en que Charly Garc\u00eda comenz\u00f3 a trabajar en La l\u00f3gica del escorpi\u00f3n\" height=\"1080\" width=\"1920\" src=\"https:\/\/www.infobae.com\/new-resizer\/dYQymAQ7bSZz33qK5-hkvmHuq4I=\/420x236\/filters:format(webp):quality(85)\/cloudfront-us-east-1.images.arcpublishing.com\/infobae\/N6YG5BRDC5AHJGUZE3IFCV2JPQ.jpg%20420w\" srcset=\"https:\/\/www.infobae.com\/new-resizer\/dYQymAQ7bSZz33qK5-hkvmHuq4I=\/420x236\/filters:format(webp):quality(85)\/cloudfront-us-east-1.images.arcpublishing.com\/infobae\/N6YG5BRDC5AHJGUZE3IFCV2JPQ.jpg 420w,https:\/\/www.infobae.com\/new-resizer\/kIyxqiGHCo7uT2-NlmPDJCKRhgo=\/768x432\/filters:format(webp):quality(85)\/cloudfront-us-east-1.images.arcpublishing.com\/infobae\/N6YG5BRDC5AHJGUZE3IFCV2JPQ.jpg 768w,https:\/\/www.infobae.com\/new-resizer\/w-mv5pAOEjjfV2jbUU1tYN7mL5Q=\/992x558\/filters:format(webp):quality(85)\/cloudfront-us-east-1.images.arcpublishing.com\/infobae\/N6YG5BRDC5AHJGUZE3IFCV2JPQ.jpg 992w,https:\/\/www.infobae.com\/new-resizer\/WVt0mWTst72dMMXOFz0uW8KS7mY=\/1200x675\/filters:format(webp):quality(85)\/cloudfront-us-east-1.images.arcpublishing.com\/infobae\/N6YG5BRDC5AHJGUZE3IFCV2JPQ.jpg 1200w,https:\/\/www.infobae.com\/new-resizer\/_qbDiClKoAc0N-ZOFapJlNwn95g=\/1440x810\/filters:format(webp):quality(85)\/cloudfront-us-east-1.images.arcpublishing.com\/infobae\/N6YG5BRDC5AHJGUZE3IFCV2JPQ.jpg 1440w\">M\u00e1s de 5 a\u00f1os pasaron desde el momento en que Charly Garc\u00eda comenz\u00f3 a trabajar en La l\u00f3gica del escorpi\u00f3n<\/p>\n\n\n\n<p>El \u00e1lbum cuenta con la participaci\u00f3n de varios colaboradores de renombre en la escena musical, los que acompa\u00f1aron a Charly en diferentes etapas de su vida y su carrera, incluyendo a&nbsp;<strong>Rosario Ortega, Fabi\u00e1n Quintiero, Fernando Samalea, Fernando Kabusacki<\/strong>&nbsp;e&nbsp;<strong>Hilda Lizarazu<\/strong>, as\u00ed como los m\u00fasicos chilenos&nbsp;<strong>Kiuge Hayashida&nbsp;<\/strong>en la guitarra y&nbsp;<strong>To\u00f1o Silva&nbsp;<\/strong>en la bater\u00eda.<\/p>\n\n\n\n<p>Adem\u00e1s, tal como se adelantara en su momento, el arte de la portada del disco fue confiado a la talentosa&nbsp;<strong>Renata Schussheim<\/strong>, a\u00f1adiendo un toque de distinci\u00f3n a este esperado lanzamiento. Cabe recordar que la artista fue la responsable del arte en el escenario del hist\u00f3rico primer concierto solista de Charly Garc\u00eda en Ferro, cuando present\u00f3&nbsp;<em>Yendo de la cama al living<\/em>, en 1982<\/p>\n\n\n\n<p>El \u00e1lbum no solo representa un nuevo cap\u00edtulo en la prol\u00edfica carrera de Garc\u00eda, sino que tambi\u00e9n refleja su adaptaci\u00f3n y evoluci\u00f3n como artista. Durante la producci\u00f3n, Garc\u00eda incorpor\u00f3 una variedad de instrumentos, incluyendo sus ic\u00f3nicos teclados y un conjunto de iPads, que fueron una constante en su m\u00fasica desde sus d\u00edas en la quinta de&nbsp;<strong>Palito Ortega<\/strong>&nbsp;y que formaron parte de sus actuaciones en vivo.<\/p>\n\n\n\n<p><img loading=\"lazy\" decoding=\"async\" alt=\"Charly Garc\u00eda y Roberto Pettinato con las copias en vinilo del \u00e1lbum &quot;Pettinato Plays Garc\u00eda&quot; (Instagram: @rpettinato)\" height=\"1350\" width=\"1080\" src=\"https:\/\/www.infobae.com\/new-resizer\/uIW_rTYCsu3bOZjpgEjAIuWi1BQ=\/420x560\/filters:format(webp):quality(85)\/cloudfront-us-east-1.images.arcpublishing.com\/infobae\/B6CE4ENEMZF5POJ6YFLETZ5RTM.jpg%20420w\" srcset=\"https:\/\/www.infobae.com\/new-resizer\/uIW_rTYCsu3bOZjpgEjAIuWi1BQ=\/420x560\/filters:format(webp):quality(85)\/cloudfront-us-east-1.images.arcpublishing.com\/infobae\/B6CE4ENEMZF5POJ6YFLETZ5RTM.jpg 420w,https:\/\/www.infobae.com\/new-resizer\/-SFGCuHFy2ftNmAHHjUYd9Cpo_w=\/768x1024\/filters:format(webp):quality(85)\/cloudfront-us-east-1.images.arcpublishing.com\/infobae\/B6CE4ENEMZF5POJ6YFLETZ5RTM.jpg 768w,https:\/\/www.infobae.com\/new-resizer\/5ODv07yEoyZMCzEeAOBUyC8ly2I=\/992x1323\/filters:format(webp):quality(85)\/cloudfront-us-east-1.images.arcpublishing.com\/infobae\/B6CE4ENEMZF5POJ6YFLETZ5RTM.jpg 992w,https:\/\/www.infobae.com\/new-resizer\/ZMmv-zDknYhg8oltzWF_j_H-k14=\/1200x1600\/filters:format(webp):quality(85)\/cloudfront-us-east-1.images.arcpublishing.com\/infobae\/B6CE4ENEMZF5POJ6YFLETZ5RTM.jpg 1200w\">Charly Garc\u00eda y Roberto Pettinato con las copias en vinilo del \u00e1lbum &#8220;Pettinato Plays Garc\u00eda&#8221; (Instagram: @rpettinato)<\/p>\n\n\n\n<p>El 5 de junio de 2020 en los servicios de<em>&nbsp;streaming&nbsp;<\/em>apareci\u00f3&nbsp;<em><strong>Pettinato Plays Garc\u00eda<\/strong><\/em>, un disco en el que el&nbsp;<strong>Roberto Pettinato&nbsp;<\/strong>reinterpret\u00f3&nbsp;<em>tapadas&nbsp;<\/em>del repertorio de Charly en clave jazzera, contando con la colaboraci\u00f3n del propio Garc\u00eda. Grabado durante mayo de 2019, en tres de los 11&nbsp;<em>tracks&nbsp;<\/em>(\u201cHappy and Real\u201d, \u201cTango en segunda\u201d y \u201cSay No More\u201d) puede o\u00edrse la voz m\u00e1s actual del fundador de Sui Generis, Ser\u00fa Gir\u00e1n y La M\u00e1quina de Hacer P\u00e1jaros, muy cargada de sentimiento y fiebre de vivir.&nbsp;<strong>Es el \u00faltimo registro oficial de Garc\u00eda en un \u00e1lbum hasta el momento<\/strong>.<\/p>\n\n\n\n<p>Incluso, a fines de 2021&nbsp;<a href=\"https:\/\/www.infobae.com\/teleshow\/2021\/10\/22\/charly-garcia-al-borde-de-los-70-estoy-bien-economicamente-tirando-y-emocionalmente-como-se-puede\/\">habl\u00f3 con Roberto Pettinato<\/a>&nbsp;y le confirm\u00f3 que el \u00e1lbum se llamar\u00eda&nbsp;<em><strong>La L\u00f3gica del Escorpi\u00f3n.<\/strong><\/em>&nbsp;\u201c<strong>La l\u00f3gica del Escorpi\u00f3n es que&#8230; \u00a1no hay l\u00f3gica! Es suerte<\/strong>\u201c, brome\u00f3 Charly. \u201cLo volv\u00ed a ver hace poco y me invit\u00f3 a escuchar el disco: fue una hermosa experiencia postpand\u00e9mica\u201d, explicar\u00eda Palazzo a&nbsp;<strong>Teleshow&nbsp;<\/strong>en esos momentos. \u201cEl \u00e1lbum tiene cosas maravillosas y \u00e9l est\u00e1 fascinado con lo que grab\u00f3, muy entusiasmado.&nbsp;<strong>Me explic\u00f3 que lo grab\u00f3 todo \u00e9l: Charly&nbsp;<\/strong><em><strong>sample\u00f3&nbsp;<\/strong><\/em><strong>muchos instrumentos y despu\u00e9s los toc\u00f3 \u00e9l. Eso lo mantuvo muchas horas en el estudio, cosa que a \u00e9l le encanta<\/strong>\u201d, describi\u00f3.<\/p>\n\n\n\n<p>Este nuevo trabajo de Charly Garc\u00eda es muy esperado por sus seguidores y la comunidad musical, especialmente despu\u00e9s del \u00e9xito de\u00a0<em>Random<\/em>, que fue recibido con gran aclamaci\u00f3n por la cr\u00edtica y el p\u00fablico, y cuyas presentaciones se caracterizaron por entradas agotadas en cuesti\u00f3n de minutos. Con\u00a0<em>La l\u00f3gica del escorpi\u00f3n<\/em>, Garc\u00eda promete continuar su legado como uno de los m\u00fasicos m\u00e1s influyentes y respetados de Argentina y Latinoam\u00e9rica.<\/p>\n\n\n\n<p>Fuente: https:\/\/www.infobae.com\/teleshow\/2023\/12\/15\/la-vuelta-a-la-musica-de-charly-garcia-se-viene-un-discazo\/<\/p>\n","protected":false},"excerpt":{"rendered":"<p>Teleshow habl\u00f3 con el productor Jos\u00e9 Palazzo, quien asegura que el m\u00fasico grab\u00f3 nuevas canciones: \u201cEl disco est\u00e1 terminado y est\u00e1 divino\u201d Charly Garc\u00eda junto con Jos\u00e9 Palazzo y varios de los m\u00fasicos que colaboraron en el disco (TW josedpalazzo) M\u00e1s de 5 a\u00f1os pasaron desde el momento en que&nbsp;Charly Garc\u00eda&nbsp;comenz\u00f3 a trabajar en&nbsp;La l\u00f3gica [&hellip;]<\/p>\n","protected":false},"author":3,"featured_media":504,"comment_status":"open","ping_status":"open","sticky":false,"template":"","format":"standard","meta":{"footnotes":""},"categories":[11,12,10],"tags":[75],"class_list":["post-503","post","type-post","status-publish","format-standard","has-post-thumbnail","hentry","category-agenda","category-sociedad","category-tendencia","tag-charly-garcia"],"_links":{"self":[{"href":"https:\/\/noticiassaludables.com.ar\/index.php?rest_route=\/wp\/v2\/posts\/503","targetHints":{"allow":["GET"]}}],"collection":[{"href":"https:\/\/noticiassaludables.com.ar\/index.php?rest_route=\/wp\/v2\/posts"}],"about":[{"href":"https:\/\/noticiassaludables.com.ar\/index.php?rest_route=\/wp\/v2\/types\/post"}],"author":[{"embeddable":true,"href":"https:\/\/noticiassaludables.com.ar\/index.php?rest_route=\/wp\/v2\/users\/3"}],"replies":[{"embeddable":true,"href":"https:\/\/noticiassaludables.com.ar\/index.php?rest_route=%2Fwp%2Fv2%2Fcomments&post=503"}],"version-history":[{"count":1,"href":"https:\/\/noticiassaludables.com.ar\/index.php?rest_route=\/wp\/v2\/posts\/503\/revisions"}],"predecessor-version":[{"id":505,"href":"https:\/\/noticiassaludables.com.ar\/index.php?rest_route=\/wp\/v2\/posts\/503\/revisions\/505"}],"wp:featuredmedia":[{"embeddable":true,"href":"https:\/\/noticiassaludables.com.ar\/index.php?rest_route=\/wp\/v2\/media\/504"}],"wp:attachment":[{"href":"https:\/\/noticiassaludables.com.ar\/index.php?rest_route=%2Fwp%2Fv2%2Fmedia&parent=503"}],"wp:term":[{"taxonomy":"category","embeddable":true,"href":"https:\/\/noticiassaludables.com.ar\/index.php?rest_route=%2Fwp%2Fv2%2Fcategories&post=503"},{"taxonomy":"post_tag","embeddable":true,"href":"https:\/\/noticiassaludables.com.ar\/index.php?rest_route=%2Fwp%2Fv2%2Ftags&post=503"}],"curies":[{"name":"wp","href":"https:\/\/api.w.org\/{rel}","templated":true}]}}