{"id":509,"date":"2023-12-18T11:15:35","date_gmt":"2023-12-18T14:15:35","guid":{"rendered":"https:\/\/noticiassaludables.com.ar\/?p=509"},"modified":"2023-12-18T11:15:35","modified_gmt":"2023-12-18T14:15:35","slug":"se-cumple-un-ano-del-titulo-que-gano-argentina-en-el-mundial-de-qatar","status":"publish","type":"post","link":"https:\/\/noticiassaludables.com.ar\/?p=509","title":{"rendered":"Se cumple un a\u00f1o del t\u00edtulo que gan\u00f3 Argentina en el Mundial de Qatar"},"content":{"rendered":"\n<h2 class=\"wp-block-heading\">Los integrantes del plantel campe\u00f3n utilizaron las redes sociales para rememorar lo que sucedi\u00f3 el 18 diciembre de 2022 en el Lusail Iconic Stadium<\/h2>\n\n\n\n<p>11:02&nbsp;hsHOY<\/p>\n\n\n\n<p><strong>La FIFA prepar\u00f3 un video especial para Lionel Messi: \u201cMuchas veces dije que mi sue\u00f1o era ganar algo con la Selecci\u00f3n\u201d<\/strong><\/p>\n\n\n\n<p>La FIFA prepar\u00f3 un video para homenajear la trayectoria de Messi en la Copa del Mundo<\/p>\n\n\n\n<p>La FIFA prepar\u00f3 un video para homenajear la trayectoria de Messi en la Copa del Mundo<\/p>\n\n\n\n<p>0 seconds of 1 minute, 3 secondsVolume 90%La FIFA prepar\u00f3 un video para homenajear la trayectoria de Messi en la Copa del Mundo<\/p>\n\n\n\n<p>10:40&nbsp;hsHOY<\/p>\n\n\n\n<p><strong>Juli\u00e1n \u00c1lvarez us\u00f3 las im\u00e1genes que subieron su novia, Emilia Ferrero, y su hermano Agust\u00edn<\/strong><\/p>\n\n\n\n<figure class=\"wp-block-image\"><img decoding=\"async\" src=\"https:\/\/www.infobae.com\/new-resizer\/Nz0YVPJzqrsmEc_EBAABgmo8tYc=\/420x420\/filters:format(webp):quality(85)\/cloudfront-us-east-1.images.arcpublishing.com\/infobae\/VLCPVRGORRACDMYOSO2VHVICYY.png%20420w\" alt=\"\"\/><\/figure>\n\n\n\n<p>10:22&nbsp;hsHOY<\/p>\n\n\n\n<p><strong>Las fotos que seleccion\u00f3 Alejandro G\u00f3mez del 18 de diciembre de 2022<\/strong><\/p>\n\n\n\n<p><img loading=\"lazy\" decoding=\"async\" alt=\"El trofeo y la familia, las im\u00e1genes que eligi\u00f3 el Papu (Fotos: Instagram)\" height=\"941\" width=\"1061\" src=\"https:\/\/www.infobae.com\/new-resizer\/2QK2b1J3pqsQLMy-r6yr0Q8vrbg=\/420x420\/filters:format(webp):quality(85)\/cloudfront-us-east-1.images.arcpublishing.com\/infobae\/A65VO3FGWBGGPFFIPZULO6AMLE.png%20420w\" srcset=\"https:\/\/www.infobae.com\/new-resizer\/2QK2b1J3pqsQLMy-r6yr0Q8vrbg=\/420x420\/filters:format(webp):quality(85)\/cloudfront-us-east-1.images.arcpublishing.com\/infobae\/A65VO3FGWBGGPFFIPZULO6AMLE.png 420w,https:\/\/www.infobae.com\/new-resizer\/sccVUCw3PUhkdxHpHj0zHuqEBXA=\/768x768\/filters:format(webp):quality(85)\/cloudfront-us-east-1.images.arcpublishing.com\/infobae\/A65VO3FGWBGGPFFIPZULO6AMLE.png 768w,https:\/\/www.infobae.com\/new-resizer\/wwnxNG1y527sG--toBqoj7BiMr0=\/992x992\/filters:format(webp):quality(85)\/cloudfront-us-east-1.images.arcpublishing.com\/infobae\/A65VO3FGWBGGPFFIPZULO6AMLE.png 992w,https:\/\/www.infobae.com\/new-resizer\/c8-CcViJedD_TReyKQl4rSNdtEk=\/1200x1200\/filters:format(webp):quality(85)\/cloudfront-us-east-1.images.arcpublishing.com\/infobae\/A65VO3FGWBGGPFFIPZULO6AMLE.png 1200w,https:\/\/www.infobae.com\/new-resizer\/GPncYVO0ce9_OFKHXQw1hQz_HgU=\/1440x1440\/filters:format(webp):quality(85)\/cloudfront-us-east-1.images.arcpublishing.com\/infobae\/A65VO3FGWBGGPFFIPZULO6AMLE.png 1440w\">El trofeo y la familia, las im\u00e1genes que eligi\u00f3 el Papu (Fotos: Instagram)<\/p>\n\n\n\n<p>09:30&nbsp;hsHOY<\/p>\n\n\n\n<p><strong>Roc\u00edo Esp\u00f3sito, pareja de Ger\u00f3nimo Rulli, rememor\u00f3 una tierna escena en el campo de juego<\/strong><\/p>\n\n\n\n<p><img loading=\"lazy\" decoding=\"async\" alt=\"Beso a la medalla con su hija en brazos (Foto: Instagram)\" height=\"3435\" width=\"1920\" src=\"https:\/\/www.infobae.com\/new-resizer\/qcDdXpFt802gJ51UOh4Xx6qFtxc=\/420x747\/filters:format(webp):quality(85)\/cloudfront-us-east-1.images.arcpublishing.com\/infobae\/J5IB2M7JFFD4DAL3KDITXVT46E.jpg%20420w\" srcset=\"https:\/\/www.infobae.com\/new-resizer\/qcDdXpFt802gJ51UOh4Xx6qFtxc=\/420x747\/filters:format(webp):quality(85)\/cloudfront-us-east-1.images.arcpublishing.com\/infobae\/J5IB2M7JFFD4DAL3KDITXVT46E.jpg 420w,https:\/\/www.infobae.com\/new-resizer\/sNptcnPCJAGKF38RNpSm-xRiCjA=\/768x1365\/filters:format(webp):quality(85)\/cloudfront-us-east-1.images.arcpublishing.com\/infobae\/J5IB2M7JFFD4DAL3KDITXVT46E.jpg 768w,https:\/\/www.infobae.com\/new-resizer\/8yeg5r993XQwLRPOzIM65d1sWgo=\/992x1764\/filters:format(webp):quality(85)\/cloudfront-us-east-1.images.arcpublishing.com\/infobae\/J5IB2M7JFFD4DAL3KDITXVT46E.jpg 992w,https:\/\/www.infobae.com\/new-resizer\/NmLX8saWw-js8A9YB6JBi9xipsg=\/1200x2133\/filters:format(webp):quality(85)\/cloudfront-us-east-1.images.arcpublishing.com\/infobae\/J5IB2M7JFFD4DAL3KDITXVT46E.jpg 1200w\">Beso a la medalla con su hija en brazos (Foto: Instagram)<\/p>\n\n\n\n<p>09:20&nbsp;hsHOY<\/p>\n\n\n\n<p><strong>El video que seleccion\u00f3 \u00c1ngel Di Mar\u00eda para rememorar la final<\/strong><\/p>\n\n\n\n<p><em>\u201cHoy se cumple 1 a\u00f1o del gran sue\u00f1o argentino en lo que respecta al f\u00fatbol. Me siento afortunado y un privilegiado de quedar en la historia del f\u00fatbol de nuestro pa\u00eds. Haber representado nuestra bandera con mucha garra, pasi\u00f3n y con todas mis fuerzas es algo que quedar\u00e1 en mi memoria para el resto de mi vida. Este sue\u00f1o nuestro, de cada uno de los que lo logramos, compa\u00f1eros, amigos, utileros, cuerpo t\u00e9cnico, cocineros, cada unas de nuestras familias y cada argentino en cada rinc\u00f3n del pa\u00eds, hizo que esta felicidad sea para siempre. Nunca olvidaremos aquel 18 de diciembre donde vibraron todos los corazones celestes y blancos. Gracias eternas por acompa\u00f1arnos y alentarnos en cada partido, sin alguno de todos ellos esto no hubiera sido posible. Feliz aniversario campeones\u201d<\/em>, escribi\u00f3 el Fideo en sus redes sociales.<\/p>\n\n\n\n<p>El video de \u00c1ngel Di Mar\u00eda para recordar la consagraci\u00f3n en Qatar<\/p>\n\n\n\n<p>El video de \u00c1ngel Di Mar\u00eda para recordar la consagraci\u00f3n en Qatar<\/p>\n\n\n\n<p>0 seconds of 1 minute, 29 secondsVolume 90%El video de \u00c1ngel Di Mar\u00eda para recordar la consagraci\u00f3n en Qatar<\/p>\n\n\n\n<p>08:55&nbsp;hsHOY<\/p>\n\n\n\n<p><strong>Oriana Sabatini y la postal de Paulo Dybala recortando la red de uno de los arcos<\/strong><\/p>\n\n\n\n<p><img loading=\"lazy\" decoding=\"async\" alt=\"La Joya se llev\u00f3 un trozo de la red de recuerdo (Foto: Instagram)\" height=\"953\" width=\"533\" src=\"https:\/\/www.infobae.com\/new-resizer\/sRq5wsm5eHR51acFYMR1j7eASDc=\/420x747\/filters:format(webp):quality(85)\/cloudfront-us-east-1.images.arcpublishing.com\/infobae\/SHOBPNNW65EETNF2ABINZXHCIY.png%20420w\" srcset=\"https:\/\/www.infobae.com\/new-resizer\/sRq5wsm5eHR51acFYMR1j7eASDc=\/420x747\/filters:format(webp):quality(85)\/cloudfront-us-east-1.images.arcpublishing.com\/infobae\/SHOBPNNW65EETNF2ABINZXHCIY.png 420w,https:\/\/www.infobae.com\/new-resizer\/llhLsIzEM0V-KNspBtwTdrMhXa8=\/768x1365\/filters:format(webp):quality(85)\/cloudfront-us-east-1.images.arcpublishing.com\/infobae\/SHOBPNNW65EETNF2ABINZXHCIY.png 768w,https:\/\/www.infobae.com\/new-resizer\/WJmUse_bug8QO8VnGRCQ_PJYffo=\/992x1764\/filters:format(webp):quality(85)\/cloudfront-us-east-1.images.arcpublishing.com\/infobae\/SHOBPNNW65EETNF2ABINZXHCIY.png 992w,https:\/\/www.infobae.com\/new-resizer\/nH37HXADQJ5pdjYBv40wkD-npRU=\/1200x2133\/filters:format(webp):quality(85)\/cloudfront-us-east-1.images.arcpublishing.com\/infobae\/SHOBPNNW65EETNF2ABINZXHCIY.png 1200w\">La Joya se llev\u00f3 un trozo de la red de recuerdo (Foto: Instagram)<\/p>\n\n\n\n<p>08:35&nbsp;hsHOY<\/p>\n\n\n\n<p><strong>Nicol\u00e1s Otamendi amaneci\u00f3 con una r\u00e9plica de la Copa del Mundo<\/strong><\/p>\n\n\n\n<p><img loading=\"lazy\" decoding=\"async\" alt=\"El General arranc\u00f3 el lunes con el trofeo cerca a la hora de tomar mate (Foto: Instagram)\" height=\"955\" width=\"533\" src=\"https:\/\/www.infobae.com\/new-resizer\/-IwqEN8HazwMQ-TYFnsCR21YpzQ=\/420x747\/filters:format(webp):quality(85)\/cloudfront-us-east-1.images.arcpublishing.com\/infobae\/BMVWWQ2NJREMXII7PMML5PJEQA.png%20420w\" srcset=\"https:\/\/www.infobae.com\/new-resizer\/-IwqEN8HazwMQ-TYFnsCR21YpzQ=\/420x747\/filters:format(webp):quality(85)\/cloudfront-us-east-1.images.arcpublishing.com\/infobae\/BMVWWQ2NJREMXII7PMML5PJEQA.png 420w,https:\/\/www.infobae.com\/new-resizer\/gnG_oSS36um_dh5c4oM7uOtr90g=\/768x1365\/filters:format(webp):quality(85)\/cloudfront-us-east-1.images.arcpublishing.com\/infobae\/BMVWWQ2NJREMXII7PMML5PJEQA.png 768w,https:\/\/www.infobae.com\/new-resizer\/JwjsI5a72sc5LDY2gPWA2NpLPmY=\/992x1764\/filters:format(webp):quality(85)\/cloudfront-us-east-1.images.arcpublishing.com\/infobae\/BMVWWQ2NJREMXII7PMML5PJEQA.png 992w,https:\/\/www.infobae.com\/new-resizer\/zlo2A2cdBV2Py1SSdNEa7s-sL6Y=\/1200x2133\/filters:format(webp):quality(85)\/cloudfront-us-east-1.images.arcpublishing.com\/infobae\/BMVWWQ2NJREMXII7PMML5PJEQA.png 1200w\">El General arranc\u00f3 el lunes con el trofeo cerca a la hora de tomar mate (Foto: Instagram)<\/p>\n\n\n\n<p>08:10&nbsp;hsHOY<\/p>\n\n\n\n<p><strong>Nicol\u00e1s Tagliafico sac\u00f3 a relucir la medalla de campe\u00f3n<\/strong><\/p>\n\n\n\n<p><img loading=\"lazy\" decoding=\"async\" alt=\"El lateral sac\u00f3 a relucir la medalla para el aniversario (Foto: Instagram)\" height=\"3423\" width=\"1920\" src=\"https:\/\/www.infobae.com\/new-resizer\/9PnywISSPUD2S3cnyUmQ_oUCfZY=\/420x747\/filters:format(webp):quality(85)\/cloudfront-us-east-1.images.arcpublishing.com\/infobae\/3NDATDWMSJDFBIWIEH65C6BHKM.jpg%20420w\" srcset=\"https:\/\/www.infobae.com\/new-resizer\/9PnywISSPUD2S3cnyUmQ_oUCfZY=\/420x747\/filters:format(webp):quality(85)\/cloudfront-us-east-1.images.arcpublishing.com\/infobae\/3NDATDWMSJDFBIWIEH65C6BHKM.jpg 420w,https:\/\/www.infobae.com\/new-resizer\/ZjTZ_6HwJ-Pl9sQaeqN5G071sxY=\/768x1365\/filters:format(webp):quality(85)\/cloudfront-us-east-1.images.arcpublishing.com\/infobae\/3NDATDWMSJDFBIWIEH65C6BHKM.jpg 768w,https:\/\/www.infobae.com\/new-resizer\/T_L01tLFRL25aGvqwKeOV6tI-k8=\/992x1764\/filters:format(webp):quality(85)\/cloudfront-us-east-1.images.arcpublishing.com\/infobae\/3NDATDWMSJDFBIWIEH65C6BHKM.jpg 992w,https:\/\/www.infobae.com\/new-resizer\/sbx--MOMBRFeTm8npHAMa4hd8mY=\/1200x2133\/filters:format(webp):quality(85)\/cloudfront-us-east-1.images.arcpublishing.com\/infobae\/3NDATDWMSJDFBIWIEH65C6BHKM.jpg 1200w\">El lateral sac\u00f3 a relucir la medalla para el aniversario (Foto: Instagram)<\/p>\n\n\n\n<p>07:37&nbsp;hsHOY<\/p>\n\n\n\n<p><strong>Emiliano Mart\u00ednez fue el primero en recordar la consagraci\u00f3n<\/strong><\/p>\n\n\n\n<p><em>\u201cHoy no es un d\u00eda cualquiera, hoy se cumple un a\u00f1o de mi sue\u00f1o futbol\u00edstico, un d\u00eda que siempre recordar\u00e9 con una sonrisa y para toda la vida\u201d<\/em>, redact\u00f3 el guardameta del Aston Villa.<\/p>\n\n\n\n<p><img loading=\"lazy\" decoding=\"async\" alt=\"Emiliano y la Copa del Mundo (Foto: Instagram)\" height=\"1412\" width=\"1920\" src=\"https:\/\/www.infobae.com\/new-resizer\/zDw5efGtuUHwDLyIuus12QHknl8=\/420x315\/filters:format(webp):quality(85)\/cloudfront-us-east-1.images.arcpublishing.com\/infobae\/UZXH26NKMVC5JIDOW2QUW6WTTM.jpg%20420w\" srcset=\"https:\/\/www.infobae.com\/new-resizer\/zDw5efGtuUHwDLyIuus12QHknl8=\/420x315\/filters:format(webp):quality(85)\/cloudfront-us-east-1.images.arcpublishing.com\/infobae\/UZXH26NKMVC5JIDOW2QUW6WTTM.jpg 420w,https:\/\/www.infobae.com\/new-resizer\/iRGo0fKEYtSxLBiF8E1Nzp0gK9g=\/768x576\/filters:format(webp):quality(85)\/cloudfront-us-east-1.images.arcpublishing.com\/infobae\/UZXH26NKMVC5JIDOW2QUW6WTTM.jpg 768w,https:\/\/www.infobae.com\/new-resizer\/5UoT3QEpv8DE_4HoFJIlO2FfV5s=\/992x744\/filters:format(webp):quality(85)\/cloudfront-us-east-1.images.arcpublishing.com\/infobae\/UZXH26NKMVC5JIDOW2QUW6WTTM.jpg 992w,https:\/\/www.infobae.com\/new-resizer\/FdBKGoEP-fpEMCT0BV_mYUYL0lM=\/1200x900\/filters:format(webp):quality(85)\/cloudfront-us-east-1.images.arcpublishing.com\/infobae\/UZXH26NKMVC5JIDOW2QUW6WTTM.jpg 1200w,https:\/\/www.infobae.com\/new-resizer\/QaIO41px39NfHavwACBi95bbiZY=\/1440x1080\/filters:format(webp):quality(85)\/cloudfront-us-east-1.images.arcpublishing.com\/infobae\/UZXH26NKMVC5JIDOW2QUW6WTTM.jpg 1440w\">Emiliano y la Copa del Mundo (Foto: Instagram)<\/p>\n\n\n\n<p>07:32&nbsp;hsHOY<\/p>\n\n\n\n<p>Se cumple un a\u00f1o del partido entre\u00a0<strong>Argentina\u00a0<\/strong>y\u00a0<strong>Francia\u00a0<\/strong>que defini\u00f3 al campe\u00f3n del\u00a0<strong>Mundial de Qatar 2022<\/strong>. Hace 365 d\u00edas, la\u00a0<em>Albiceleste\u00a0<\/em>igual\u00f3 3-3 en el tiempo regular gracias a dos goles de<strong>\u00a0Lionel Messi<\/strong>\u00a0y uno de<strong>\u00a0\u00c1ngel Di Mar\u00eda<\/strong>\u00a0mientras que por el lado de\u00a0<em>Les Bleus<\/em>, el gran villano fue\u00a0<strong>Kylian Mbapp\u00e9<\/strong>\u00a0con un hat-trick. En la definici\u00f3n por penales, la figura de\u00a0<strong>Emiliano Mart\u00ednez<\/strong>\u00a0pas\u00f3 a la inmortalidad y\u00a0<strong>Gonzalo Montiel\u00a0<\/strong>sentenci\u00f3 la tanda con un 4-2 que qued\u00f3 en la memoria del hincha. 12 meses m\u00e1s tarde, los integrantes recuerdan la haza\u00f1a del\u00a0<em>Lusail Iconic Stadium\u00a0<\/em>en sus redes sociales.<\/p>\n\n\n\n<p>Fuente: https:\/\/www.infobae.com\/deportes\/2023\/12\/18\/se-cumple-un-ano-del-titulo-que-gano-la-seleccion-argentina-de-messi-en-el-mundial-de-qatar-en-vivo-el-recuerdo-de-los-jugadores\/<\/p>\n","protected":false},"excerpt":{"rendered":"<p>Los integrantes del plantel campe\u00f3n utilizaron las redes sociales para rememorar lo que sucedi\u00f3 el 18 diciembre de 2022 en el Lusail Iconic Stadium 11:02&nbsp;hsHOY La FIFA prepar\u00f3 un video especial para Lionel Messi: \u201cMuchas veces dije que mi sue\u00f1o era ganar algo con la Selecci\u00f3n\u201d La FIFA prepar\u00f3 un video para homenajear la trayectoria [&hellip;]<\/p>\n","protected":false},"author":3,"featured_media":510,"comment_status":"open","ping_status":"open","sticky":false,"template":"","format":"standard","meta":{"footnotes":""},"categories":[11,3,12],"tags":[286,285],"class_list":["post-509","post","type-post","status-publish","format-standard","has-post-thumbnail","hentry","category-agenda","category-principal","category-sociedad","tag-copa-del-mundo","tag-mundial-de-qatar"],"_links":{"self":[{"href":"https:\/\/noticiassaludables.com.ar\/index.php?rest_route=\/wp\/v2\/posts\/509","targetHints":{"allow":["GET"]}}],"collection":[{"href":"https:\/\/noticiassaludables.com.ar\/index.php?rest_route=\/wp\/v2\/posts"}],"about":[{"href":"https:\/\/noticiassaludables.com.ar\/index.php?rest_route=\/wp\/v2\/types\/post"}],"author":[{"embeddable":true,"href":"https:\/\/noticiassaludables.com.ar\/index.php?rest_route=\/wp\/v2\/users\/3"}],"replies":[{"embeddable":true,"href":"https:\/\/noticiassaludables.com.ar\/index.php?rest_route=%2Fwp%2Fv2%2Fcomments&post=509"}],"version-history":[{"count":1,"href":"https:\/\/noticiassaludables.com.ar\/index.php?rest_route=\/wp\/v2\/posts\/509\/revisions"}],"predecessor-version":[{"id":511,"href":"https:\/\/noticiassaludables.com.ar\/index.php?rest_route=\/wp\/v2\/posts\/509\/revisions\/511"}],"wp:featuredmedia":[{"embeddable":true,"href":"https:\/\/noticiassaludables.com.ar\/index.php?rest_route=\/wp\/v2\/media\/510"}],"wp:attachment":[{"href":"https:\/\/noticiassaludables.com.ar\/index.php?rest_route=%2Fwp%2Fv2%2Fmedia&parent=509"}],"wp:term":[{"taxonomy":"category","embeddable":true,"href":"https:\/\/noticiassaludables.com.ar\/index.php?rest_route=%2Fwp%2Fv2%2Fcategories&post=509"},{"taxonomy":"post_tag","embeddable":true,"href":"https:\/\/noticiassaludables.com.ar\/index.php?rest_route=%2Fwp%2Fv2%2Ftags&post=509"}],"curies":[{"name":"wp","href":"https:\/\/api.w.org\/{rel}","templated":true}]}}