{"id":524,"date":"2023-12-19T11:44:42","date_gmt":"2023-12-19T14:44:42","guid":{"rendered":"https:\/\/noticiassaludables.com.ar\/?p=524"},"modified":"2023-12-19T11:44:43","modified_gmt":"2023-12-19T14:44:43","slug":"cual-fue-el-rol-del-cambio-climatico-en-el-temporal","status":"publish","type":"post","link":"https:\/\/noticiassaludables.com.ar\/?p=524","title":{"rendered":"\u00bfCu\u00e1l fue el rol del cambio clim\u00e1tico en el temporal?"},"content":{"rendered":"\n<h2 class=\"wp-block-heading\">En esta \u00e9poca, el calentamiento global lo condiciona todo y los fen\u00f3menos naturales se tornan m\u00e1s severos que nunca. La perspectiva cient\u00edfica para comprender lo que sucedi\u00f3 el fin de semana y aventurar si podr\u00eda volver a ocurrir.&nbsp; &nbsp;<\/h2>\n\n\n\n<p><a href=\"https:\/\/www.pagina12.com.ar\/autores\/6144-pablo-esteban\"><\/a><\/p>\n\n\n\n<figure class=\"wp-block-image\"><img decoding=\"async\" src=\"https:\/\/images.pagina12.com.ar\/styles\/focal_3_2_960x640\/public\/2023-12\/800370-whatsapp-20image-202023-12-18-20at-2017-00-27.jpeg?h=ada05aa9&amp;itok=6dNvnVpy\" alt=\"\"\/><\/figure>\n\n\n\n<p>El temporal del fin de semana exhibi\u00f3 un vigor excepcional. M\u00e1s all\u00e1 del evento en la superficie, en la actualidad, hay una causa estructural y subyacente que motiva la recurrencia y la agresividad de los fen\u00f3menos extremos: el cambio clim\u00e1tico. Eso a lo que la humanidad le presta atenci\u00f3n, pero que no contraataca de manera decisiva con pol\u00edticas concretas. Como siempre, las posibilidades que habilitan las nuevas tecnolog\u00edas a registrarlo todo hacen su parte en esta \u00e9poca y contribuyen a la gesta de relatos espectaculares:&nbsp;<strong>sillones volando desde los balcones, cortes de luz masivos, \u00e1rboles destrozados en el medio de avenidas y autom\u00f3viles destruidos en varias partes.<\/strong>Lo que d\u00e9cadas atr\u00e1s pertenec\u00eda al mundo de la ficci\u00f3n, hoy se concreta. En paralelo, la imaginaci\u00f3n apocal\u00edptica se confirma con tristeza cuando los eventos naturales, adem\u00e1s, dejan como saldo v\u00edctimas fatales. En este di\u00e1logo, la especialista del Conicet y referente internacional en el tema&nbsp;<strong>In\u00e9s Camilloni<\/strong>&nbsp;describe las caracter\u00edsticas de lo que sucedi\u00f3 y proyecta si podr\u00e1 volver a ocurrir a corto plazo.<\/p>\n\n\n\n<p><strong>&#8211;El temporal del fin de semana, \u00bffue un evento de excepci\u00f3n o ha sido registrado m\u00e1s de lo que se cree por la ciencia en los \u00faltimos a\u00f1os?<\/strong><\/p>\n\n\n\n<p>&#8211;Se trat\u00f3 de un fen\u00f3meno excepcional en t\u00e9rminos del \u00e1rea espacial que ocup\u00f3: una l\u00ednea de tormentas que fue avanzando desde el sudoeste de la provincia de Buenos Aires y se traslad\u00f3 cientos de kil\u00f3metros hacia el noreste. Las tormentas que tuvimos a\u00f1os atr\u00e1s con mucha lluvia y viento ten\u00edan una caracter\u00edstica m\u00e1s localizada, por eso,&nbsp;<strong>la ocurrida el fin de semana marca una diferencia con lo que ven\u00edamos viendo<\/strong>. Sabemos de las consecuencias en Bah\u00eda Blanca y toda el \u00e1rea metropolitana, pero en su recorrido complic\u00f3 las cosas en diferentes territorios.<\/p>\n\n\n\n<p><strong>&#8211;En declaraciones a los medios, la ministra Patricia Bullrich se\u00f1al\u00f3 el protagonismo de una \u201ccola de tornado\u201d. Nunca hab\u00eda escuchado este concepto, \u00bfde qu\u00e9 se trata?<\/strong><\/p>\n\n\n\n<p>&#8211;Argentina es un lugar en el que se han registrado tornados y probablemente seguiremos registr\u00e1ndolos en el futuro. Desde un punto de vista meteorol\u00f3gico, lo de \u201ccola de tornado\u201d no existe, no s\u00e9 de d\u00f3nde lo habr\u00e1 sacado o a qu\u00e9 refiere. Lo que hubo fue una l\u00ednea de tormentas que, de manera local y en algunos puntos de su trayectoria, exhibi\u00f3 alg\u00fan tipo de eventos similares a lo que conocemos como tornado. Tuvimos vientos con velocidades realmente extraordinarias. Sin embargo, no podemos afirmar que el pa\u00eds \u201cafront\u00f3 un tornado\u201d porque no fue la caracter\u00edstica principal del fen\u00f3meno.<\/p>\n\n\n\n<p><strong>&#8211;\u00bfC\u00f3mo influy\u00f3 el fen\u00f3meno El ni\u00f1o?<\/strong><\/p>\n\n\n\n<p>&#8211;Cuando ocurre El ni\u00f1o, la atm\u00f3sfera est\u00e1 m\u00e1s caliente de lo normal; y cuando eso se superpone con el cambio clim\u00e1tico, se produce una sinergia entre dos fen\u00f3menos que tienden a calentar el aire. En este escenario, se genera m\u00e1s vapor de agua disponible que se desarrolla en un marco de mayor inestabilidad y favorece que el aire ascienda. Luego se condensa y da lugar a la formaci\u00f3n de nubes con desarrollo vertical que indican la ocurrencia de fen\u00f3menos severos. Asimismo, cuando hay mucho cambio en la velocidad del viento entre la superficie y las alturas, se pueden crear nubes de aspecto circular. Como resultado,&nbsp;<strong>se obtienen vientos muy intensos que pueden estar acompa\u00f1ados de fuertes tormentas.<\/strong>&nbsp;El ni\u00f1o es un fen\u00f3meno de la variabilidad natural del clima que va operando junto al proceso de cambio clim\u00e1tico.<\/p>\n\n\n\n<p><strong>&#8211;Algo de lo que provoca el cambio clim\u00e1tico de esta \u00e9poca es que los fen\u00f3menos se vuelven m\u00e1s severos y recurrentes. \u00bfArgentina deber\u00eda acostumbrarse a estos temporales?<\/strong><\/p>\n\n\n\n<p>&#8211;No dir\u00eda que deber\u00edamos acostumbrarnos, pero s\u00ed&nbsp;<strong>saber que puede volver a suceder un evento de estas caracter\u00edsticas y que estamos expuestos<\/strong>. En la medida en que tenemos m\u00e1s vapor de agua, el cambio clim\u00e1tico genera m\u00e1s energ\u00eda disponible en la atmosfera. Esa energ\u00eda puede liberarse en forma de tormentas, as\u00ed que&nbsp;<strong>es perfectamente posible tener esta clase de temporales de aqu\u00ed en m\u00e1s.<\/strong><\/p>\n\n\n\n<p><strong>&#8211;De manera reciente, volvi\u00f3 de la Cumbre clim\u00e1tica de Dubai. \u00bfQu\u00e9 conversaciones se produjeron al respecto? \u00bfQu\u00e9 hacer el d\u00eda despu\u00e9s a un temporal as\u00ed?<\/strong><\/p>\n\n\n\n<p>&#8211;Durante los primeros d\u00edas de la Cumbre (COP 28, de Naciones Unidas) se discuti\u00f3 en torno al Fondo de p\u00e9rdidas y da\u00f1os. Precisamente, \u00bfc\u00f3mo dar soporte financiero a los pa\u00edses menos desarrollados, con menos responsabilidad en las causas del cambio clim\u00e1tico y, parad\u00f3jicamente, los m\u00e1s expuestos a fen\u00f3menos severos? Una de las cosas que se estableci\u00f3 es c\u00f3mo promover este financiamiento que ser\u00e1 administrado, en un principio, por el Banco Mundial. Por ahora, las propuestas de dinero est\u00e1n muy lejos de lo que se requiere.<\/p>\n\n\n\n<p><strong>&#8211;Estados Unidos apenas anunci\u00f3 que pondr\u00eda 17,5 millones en ese Fondo, cuando se requieren miles de millones para comenzar a hablar de algo serio&#8230;<\/strong><\/p>\n\n\n\n<p>&#8211;Siempre vemos las dos caras de las cumbres: se toman decisiones que son favorables, pero en la pr\u00e1ctica no tienen el alcance y la magnitud que deber\u00edan. Corremos de atr\u00e1s con respecto a lo que hay que hacer:\u00a0<strong>no solo no reducimos las emisiones de gases de efecto invernadero, sino que las aumentamos. Cada vez peor.<\/strong><\/p>\n\n\n\n<p>Fuente: https:\/\/www.pagina12.com.ar\/696483-lo-que-el-viento-y-la-lluvia-se-llevaron-cual-fue-el-rol-del<\/p>\n","protected":false},"excerpt":{"rendered":"<p>En esta \u00e9poca, el calentamiento global lo condiciona todo y los fen\u00f3menos naturales se tornan m\u00e1s severos que nunca. La perspectiva cient\u00edfica para comprender lo que sucedi\u00f3 el fin de semana y aventurar si podr\u00eda volver a ocurrir.&nbsp; &nbsp; El temporal del fin de semana exhibi\u00f3 un vigor excepcional. M\u00e1s all\u00e1 del evento en la [&hellip;]<\/p>\n","protected":false},"author":3,"featured_media":525,"comment_status":"open","ping_status":"open","sticky":false,"template":"","format":"standard","meta":{"footnotes":""},"categories":[11,7,12],"tags":[290],"class_list":["post-524","post","type-post","status-publish","format-standard","has-post-thumbnail","hentry","category-agenda","category-ciencia","category-sociedad","tag-calentamiento-global"],"_links":{"self":[{"href":"https:\/\/noticiassaludables.com.ar\/index.php?rest_route=\/wp\/v2\/posts\/524","targetHints":{"allow":["GET"]}}],"collection":[{"href":"https:\/\/noticiassaludables.com.ar\/index.php?rest_route=\/wp\/v2\/posts"}],"about":[{"href":"https:\/\/noticiassaludables.com.ar\/index.php?rest_route=\/wp\/v2\/types\/post"}],"author":[{"embeddable":true,"href":"https:\/\/noticiassaludables.com.ar\/index.php?rest_route=\/wp\/v2\/users\/3"}],"replies":[{"embeddable":true,"href":"https:\/\/noticiassaludables.com.ar\/index.php?rest_route=%2Fwp%2Fv2%2Fcomments&post=524"}],"version-history":[{"count":1,"href":"https:\/\/noticiassaludables.com.ar\/index.php?rest_route=\/wp\/v2\/posts\/524\/revisions"}],"predecessor-version":[{"id":526,"href":"https:\/\/noticiassaludables.com.ar\/index.php?rest_route=\/wp\/v2\/posts\/524\/revisions\/526"}],"wp:featuredmedia":[{"embeddable":true,"href":"https:\/\/noticiassaludables.com.ar\/index.php?rest_route=\/wp\/v2\/media\/525"}],"wp:attachment":[{"href":"https:\/\/noticiassaludables.com.ar\/index.php?rest_route=%2Fwp%2Fv2%2Fmedia&parent=524"}],"wp:term":[{"taxonomy":"category","embeddable":true,"href":"https:\/\/noticiassaludables.com.ar\/index.php?rest_route=%2Fwp%2Fv2%2Fcategories&post=524"},{"taxonomy":"post_tag","embeddable":true,"href":"https:\/\/noticiassaludables.com.ar\/index.php?rest_route=%2Fwp%2Fv2%2Ftags&post=524"}],"curies":[{"name":"wp","href":"https:\/\/api.w.org\/{rel}","templated":true}]}}