{"id":533,"date":"2023-12-20T10:46:14","date_gmt":"2023-12-20T13:46:14","guid":{"rendered":"https:\/\/noticiassaludables.com.ar\/?p=533"},"modified":"2023-12-20T10:46:14","modified_gmt":"2023-12-20T13:46:14","slug":"asueto-por-navidad-y-ano-nuevo-que-provincias-tendran-fin-de-semana-xl","status":"publish","type":"post","link":"https:\/\/noticiassaludables.com.ar\/?p=533","title":{"rendered":"Asueto por Navidad y A\u00f1o Nuevo: qu\u00e9 provincias tendr\u00e1n fin de semana XL"},"content":{"rendered":"\n<h2 class=\"wp-block-heading\">El calendario del \u00faltimo mes del a\u00f1o acompa\u00f1a las jornadas de descanso de las fiestas.\u00a0<\/h2>\n\n\n\n<figure class=\"wp-block-image\"><img decoding=\"async\" src=\"https:\/\/images.pagina12.com.ar\/styles\/focal_3_2_960x640\/public\/2023-12\/801000-arbol-20navidad.jpg?h=ada05aa9&amp;itok=XLxqMXii\" alt=\"Asueto por Navidad y A\u00f1o Nuevo (Fuente: NA)\"\/><figcaption class=\"wp-element-caption\">Asueto por Navidad y A\u00f1o Nuevo. Imagen: NA<\/figcaption><\/figure>\n\n\n\n<p>Las celebraciones de&nbsp;<a href=\"https:\/\/www.pagina12.com.ar\/692541-24-de-diciembre-en-argentina-es-feriado-o-asueto\">Nochebuena y de Navidad&nbsp;<\/a>est\u00e1n a la vuelta de la esquina.&nbsp;Este fin de semana, miles de argentinos van a reunirse con familiares o de amigos para festejar el cierre del a\u00f1o, que tambi\u00e9n trae el&nbsp;<strong>\u00faltimo fin de semana largo del 2023<\/strong>. Adem\u00e1s, Santa Cruz, Tucum\u00e1n y Jujuy habilitaron d\u00edas&nbsp;<a href=\"https:\/\/www.pagina12.com.ar\/693208-sabado-23-de-diciembre-es-feriado-asueto-o-dia-no-laborable\">asueto administrativo<\/a>, que le dar\u00e1n un descanso extra a los trabajadores p\u00fablicos.<\/p>\n\n\n\n<h3 class=\"wp-block-heading\"><a href=\"https:\/\/www.pagina12.com.ar\/692650-cual-es-el-significado-del-arbol-de-navidad\">Cu\u00e1l es el significado del \u00e1rbol de Navidad<\/a><\/h3>\n\n\n\n<p>El 24 de diciembre, que este a\u00f1o cae domingo, no es feriado y tampoco est\u00e1 declarado como jornada &#8220;no laborable&#8221;. Pero el lunes&nbsp;<strong>25 de diciembre es feriado inamovible<\/strong>, por lo que habr\u00e1 un fin de semana de tres d\u00edas.<\/p>\n\n\n\n<figure class=\"wp-block-image\"><img decoding=\"async\" src=\"https:\/\/images.pagina12.com.ar\/styles\/width960\/public\/2023-12\/801000-feriados-1.png?itok=Yzr8cYBf\" alt=\"\"\/><figcaption class=\"wp-element-caption\">Calendario de feriados 2023. Imagen: Ministerio del Interior.<\/figcaption><\/figure>\n\n\n\n<p>Lo mismo sucede con el primer fin de semana largo de 2024, ya que el 31 de diciembre de este a\u00f1o tambi\u00e9n cae domingo -y al igual que el 25 no es feriado-, mientras que&nbsp;<strong>el 1\u00ba de enero, feriado inamovible, cae lunes<\/strong>, por lo que ser\u00e1 un fin de semana de tres d\u00edas.<\/p>\n\n\n\n<h2 class=\"wp-block-heading\">Qu\u00e9 provincias declararon asueto administrativo<\/h2>\n\n\n\n<h3 class=\"wp-block-heading\"><strong>Santa Cruz:<\/strong>&nbsp;el gobernador Claudio Vidal otorg\u00f3 asueto administrativo para los d\u00edas 22 y 26 de diciembre de 2023 y 2 de enero del 2024 para el personal de la Administraci\u00f3n P\u00fablica Provincial.<strong>Tucum\u00e1n:<\/strong>&nbsp;Osvaldo Jaldo, gobernador de Tucum\u00e1n, declar\u00f3 asueto administrativo para los viernes 22 y 29 de diciembre con el prop\u00f3sito de &#8220;fomentar el reencuentro familiar&#8221;.<strong>Jujuy:&nbsp;<\/strong>el gobernador, Carlos Sadir, dispuso asueto administrativo y escolar para las jornadas del 22 y 29 de diciembre con el fin de &#8220;posibilitar y facilitar el acercamiento&#8221; familiar.<\/h3>\n\n\n\n<h2 class=\"wp-block-heading\">\u00bfCu\u00e1l es la diferencia entre feriado y d\u00eda no laborable?<\/h2>\n\n\n\n<p>Durante los feriados nacionales rigen&nbsp;<strong>las mismas normas que para el descanso dominical<\/strong>, siendo el trabajo una excepci\u00f3n a la que el trabajador no est\u00e1 obligado, seg\u00fan lo establecido en la&nbsp;<a href=\"https:\/\/servicios.infoleg.gob.ar\/infolegInternet\/anexos\/25000-29999\/25552\/texact.htm\" target=\"_blank\" rel=\"noreferrer noopener\">Ley 20.744 de Contrato de Trabajo<\/a>. Por el contrario, la adhesi\u00f3n a un d\u00eda no laborable est\u00e1 en manos de los empleadores<strong>,<\/strong>&nbsp;<strong>no es obligatoria<\/strong>&nbsp;<strong>ni debe pagarse un extra<\/strong>&nbsp;por tener actividad ese d\u00eda.<\/p>\n\n\n\n<p>En Argentina, los d\u00edas no laborables est\u00e1n compuestos por las Pascuas Jud\u00edas, el Jueves Santo, el D\u00eda de Acci\u00f3n por la Tolerancia y el Respeto entre los Pueblos, la Fiesta del Sacrificio, al A\u00f1o Nuevo jud\u00edo e isl\u00e1mico y el D\u00eda del Perd\u00f3n.<\/p>\n\n\n\n<p>Fuente: https:\/\/www.pagina12.com.ar\/697059-asueto-por-navidad-y-ano-nuevo-que-provincias-tendran-fin-de<\/p>\n","protected":false},"excerpt":{"rendered":"<p>El calendario del \u00faltimo mes del a\u00f1o acompa\u00f1a las jornadas de descanso de las fiestas.\u00a0 Las celebraciones de&nbsp;Nochebuena y de Navidad&nbsp;est\u00e1n a la vuelta de la esquina.&nbsp;Este fin de semana, miles de argentinos van a reunirse con familiares o de amigos para festejar el cierre del a\u00f1o, que tambi\u00e9n trae el&nbsp;\u00faltimo fin de semana largo [&hellip;]<\/p>\n","protected":false},"author":3,"featured_media":534,"comment_status":"open","ping_status":"open","sticky":false,"template":"","format":"standard","meta":{"footnotes":""},"categories":[11,12,10],"tags":[295,296],"class_list":["post-533","post","type-post","status-publish","format-standard","has-post-thumbnail","hentry","category-agenda","category-sociedad","category-tendencia","tag-asueto-por-navidad-y-ano-nuevo","tag-fin-de-semana-xl"],"_links":{"self":[{"href":"https:\/\/noticiassaludables.com.ar\/index.php?rest_route=\/wp\/v2\/posts\/533","targetHints":{"allow":["GET"]}}],"collection":[{"href":"https:\/\/noticiassaludables.com.ar\/index.php?rest_route=\/wp\/v2\/posts"}],"about":[{"href":"https:\/\/noticiassaludables.com.ar\/index.php?rest_route=\/wp\/v2\/types\/post"}],"author":[{"embeddable":true,"href":"https:\/\/noticiassaludables.com.ar\/index.php?rest_route=\/wp\/v2\/users\/3"}],"replies":[{"embeddable":true,"href":"https:\/\/noticiassaludables.com.ar\/index.php?rest_route=%2Fwp%2Fv2%2Fcomments&post=533"}],"version-history":[{"count":1,"href":"https:\/\/noticiassaludables.com.ar\/index.php?rest_route=\/wp\/v2\/posts\/533\/revisions"}],"predecessor-version":[{"id":535,"href":"https:\/\/noticiassaludables.com.ar\/index.php?rest_route=\/wp\/v2\/posts\/533\/revisions\/535"}],"wp:featuredmedia":[{"embeddable":true,"href":"https:\/\/noticiassaludables.com.ar\/index.php?rest_route=\/wp\/v2\/media\/534"}],"wp:attachment":[{"href":"https:\/\/noticiassaludables.com.ar\/index.php?rest_route=%2Fwp%2Fv2%2Fmedia&parent=533"}],"wp:term":[{"taxonomy":"category","embeddable":true,"href":"https:\/\/noticiassaludables.com.ar\/index.php?rest_route=%2Fwp%2Fv2%2Fcategories&post=533"},{"taxonomy":"post_tag","embeddable":true,"href":"https:\/\/noticiassaludables.com.ar\/index.php?rest_route=%2Fwp%2Fv2%2Ftags&post=533"}],"curies":[{"name":"wp","href":"https:\/\/api.w.org\/{rel}","templated":true}]}}