{"id":542,"date":"2023-12-21T11:47:27","date_gmt":"2023-12-21T14:47:27","guid":{"rendered":"https:\/\/noticiassaludables.com.ar\/?p=542"},"modified":"2023-12-21T11:47:27","modified_gmt":"2023-12-21T14:47:27","slug":"la-salud-es-central-en-el-dnu-de-milei-y-un-cambio-clave-quita-poder-a-los-medicos","status":"publish","type":"post","link":"https:\/\/noticiassaludables.com.ar\/?p=542","title":{"rendered":"La salud es central en el DNU de Milei y un cambio clave quita poder a los m\u00e9dicos"},"content":{"rendered":"\n<h2 class=\"wp-block-heading\">Es el segundo tema con mayor cantidad de art\u00edculos en el decreto presidencial.Modifica cuestiones sobre los gen\u00e9ricos, farmacias, droguer\u00edas y prepagas, entre otras.<\/h2>\n\n\n\n<p><\/p>\n\n\n\n<ul class=\"wp-block-list\" id=\"slides-container\">\n<li><img decoding=\"async\" src=\"https:\/\/www.clarin.com\/img\/2022\/12\/28\/A8X7QSUGT_600x600__1.jpg\" alt=\"El decreto introduce cambios clave en la prescripci\u00f3n de recetas y la actividad farmac\u00e9utica. Foto: Los Andes\"><\/li>\n<\/ul>\n\n\n\n<p>El Decreto de Necesidad y Urgencia (DNU) que firmaron en la noche del mi\u00e9rcoles el presidente Javier Milei, sus nueve ministros y el jefe de Gabinete, realiz\u00f3&nbsp;<strong>294 modificaciones<\/strong>&nbsp;en el sistema legal argentino:&nbsp;<strong>57 derogaciones<\/strong>&nbsp;de leyes, decretos, art\u00edculos y p\u00e1rrafos de art\u00edculos, por un lado, y&nbsp;<strong>237 sustituciones<\/strong>&nbsp;de art\u00edculos e incisos de art\u00edculos, por otro.<\/p>\n\n\n\n<p>Seg\u00fan datos oficiales, el pa\u00eds ten\u00eda hasta el dictado del flamante DNU<strong>&nbsp;4.424 leyes y decretos vigentes<\/strong>. Si se cuenta desde el origen del Estado argentino la cantidad de normas ser\u00eda obviamente mucho mayor, pero en 2011 hubo una depuraci\u00f3n administrativa para saber exactamente cu\u00e1l era el n\u00famero real y se lleg\u00f3 a poco m\u00e1s de<strong>&nbsp;3.134<\/strong>. La diferencia son las leyes y decretos que se sumaron desde entonces.<\/p>\n\n\n\n<p>Lo que hace Milei ahora es, b\u00e1sicamente, un intento de desregular. Es decir,<strong>&nbsp;retirar al Estado<\/strong>&nbsp;de algunas cuestiones en las que ten\u00eda injerencia. Y tambi\u00e9n a otros actores, como se da en el caso de la salud. Por ejemplo, los m\u00e9dicos ya no podr\u00e1n sugerir&nbsp;<strong>marcas de medicamentos<\/strong>&nbsp;en las recetas. Y las farmacias&nbsp;<strong>no ser\u00e1n las \u00fanicas<\/strong>&nbsp;que podr\u00e1n vender medicamentos al p\u00fablico.<\/p>\n\n\n\n<p>La salud es uno de los puntos centrales de las 83 p\u00e1ginas que conforman el DNU. Ocupa&nbsp;<strong>61 de los 366 art\u00edculos<\/strong>&nbsp;que tiene el decreto dividido en 16 \u00e1reas tem\u00e1ticas. Es decir, la salud representa all\u00ed el&nbsp;<strong>16 por ciento<\/strong>&nbsp;del documento. Es el segundo eje con m\u00e1s modificaciones legales despu\u00e9s del aerocomercial, que tiene 85 y representa el 23 por ciento.<\/p>\n\n\n\n<p>Dicho lugar preponderante, que ubica a la salud en el podio del decreto libertario, va en paralelo a la<strong>&nbsp;crisis in\u00e9dita<\/strong>&nbsp;que atraviesa el sector. Crisis que tambi\u00e9n amerit\u00f3 que casi sobre la fecha de asunci\u00f3n de Milei se definiera que el \u00e1rea ser\u00eda<a href=\"https:\/\/www.clarin.com\/sociedad\/milei-decidio-final-salud-ministerio-blooper-ultimo-minuto_0_tqBNwpi8mQ.html\">&nbsp;un ministerio independiente<\/a>&nbsp;y no una secretar\u00eda m\u00e1s del Ministerio de Capital Humano.<img loading=\"lazy\" decoding=\"async\" alt=\"S\u00f3lo el farmac\u00e9utico podr\u00e1 ofrecerle marcas comerciales al comprador. Foto: Mario Quinteros\" src=\"https:\/\/www.clarin.com\/img\/2023\/05\/16\/Ai6KNA2Q9_720x0__1.jpg\" width=\"720\" height=\"0\">S\u00f3lo el farmac\u00e9utico podr\u00e1 ofrecerle marcas comerciales al comprador. Foto: Mario Quinteros<\/p>\n\n\n\n<p>El DNU justifica los cambios legales en salud al argumentar \u201cque frente a la crisis del sistema de salud es imperativo lograr&nbsp;<strong>reducciones contundentes en los costos<\/strong>&nbsp;de las prestaciones, lo que en definitiva redundar\u00e1 en un beneficio directo para la poblaci\u00f3n en general\u201d.<\/p>\n\n\n\n<p>Tambi\u00e9n afirma \u201cque con el objetivo de aumentar la competitividad del mercado debe&nbsp;<strong>reformularse la ley de medicamentos y recetas<\/strong>, migrando a la receta electr\u00f3nica, a los fines de lograr una mayor agilidad de la industria y minimizar costos\u201d. Y que, por ello, resulta necesario modificar las Leyes N\u00b0 25.649 y N\u00b0 27.553\u201d.<\/p>\n\n\n\n<h2 class=\"wp-block-heading\">Impacto en m\u00e9dicos<\/h2>\n\n\n\n<p>En la ley 25.649, de especialidades medicinales, modifica<strong>&nbsp;un aspecto clave<\/strong>&nbsp;al introducir un cambio en el articulo 2. Retira del texto la parte que hasta ahora habilitaba al m\u00e9dico, adem\u00e1s de prescribir la receta por nombre gen\u00e9rico de la droga, a poner adem\u00e1s -si as\u00ed lo prefer\u00eda- una marca comercial.<\/p>\n\n\n\n<p>Ya no aparece la salvedad,&nbsp;<strong>quita al m\u00e9dico ese poder<\/strong>&nbsp;y s\u00f3lo dice que \u201cel farmac\u00e9utico, debidamente autorizado por la autoridad competente, es<strong>&nbsp;el \u00fanico responsable<\/strong>&nbsp;y capacitado para la debida dispensa de especialidades farmac\u00e9uticas que requieran recetas en cualquiera de sus modalidades\u201d.<\/p>\n\n\n\n<p>Es decir que la marca del remedio que el paciente adquiera se terminar\u00e1&nbsp;<strong>definiendo en el mostrador<\/strong>, con el men\u00fa que el farmac\u00e9utico le brinde a su cliente. Am\u00e9n de que, m\u00e1s all\u00e1 de no poder ya el profesional de la salud oficializar una marca en la receta, quiera realizar la recomendaci\u00f3n de manera informal en el consultorio.<img loading=\"lazy\" decoding=\"async\" alt=\"Otro cambio es que los farmac\u00e9uticos podr\u00e1n estar a cargo de m\u00e1s de una farmacia. Foto: Fernando de la Orden\" src=\"https:\/\/www.clarin.com\/img\/2022\/12\/30\/P2-RnOnzM_720x0__1.jpg\" width=\"720\" height=\"0\">Otro cambio es que los farmac\u00e9uticos podr\u00e1n estar a cargo de m\u00e1s de una farmacia. Foto: Fernando de la Orden<\/p>\n\n\n\n<p>Sobre la profundizaci\u00f3n de la prescripci\u00f3n por gen\u00e9rico, en el DNU se afirma que el objetivo es \u201c<strong>disminuir el costo de los medicamentos<\/strong>, facilitar su uso y acceso, as\u00ed como para lograr un mejor desarrollo de la actividad farmac\u00e9utica\u201d. Y que debe rescatarse el esp\u00edritu originario de la Ley N\u00b0 25.649, facilitando la venta de medicamentos gen\u00e9ricos de menor costo, los que convivir\u00e1n con los productos medicinales de marcas reconocidas en el mercado\u201d.<\/p>\n\n\n\n<p>El decreto agrega que \u201ctambi\u00e9n se deben introducir modificaciones en la Ley N\u00b0 17.565 de Ejercicio de la Actividad Farmac\u00e9utica y en la Ley N\u00b0 17.132 de Ejercicio de la Medicina, a los fines de<strong>&nbsp;incrementar la competencia en el sector&nbsp;<\/strong>y reducir los precios para el usuario\u201d.<\/p>\n\n\n\n<h2 class=\"wp-block-heading\">La actividad farmac\u00e9utica<\/h2>\n\n\n\n<p>En cuanto a la regulaci\u00f3n de la&nbsp;<strong>actividad farmac\u00e9utica<\/strong>, modifica el art\u00edculo 1, que si bien dice que los remedios s\u00f3lo se pueden vender en farmacias habilitadas, ya no contiene la parte que dice que la venta de medicamentos \u201cfuera de estos establecimientos se considera&nbsp;<strong>ejercicio ilegal de la farmacia<\/strong>\u201d, con consecuencias penales.<\/p>\n\n\n\n<p>Y agrega, en cambio, que \u201cla autoridad sanitaria competente podr\u00e1 disponer la<strong>&nbsp;incorporaci\u00f3n de otro tipo de productos<\/strong>&nbsp;al presente r\u00e9gimen\u201d, adem\u00e1s de los ya habilitados que son \u201cpreparaci\u00f3n de recetas, la dispensa de drogas, medicamentos, y de especialidades farmac\u00e9uticas\u201d.<\/p>\n\n\n\n<p>A la vez modifica las formas de expendio. El art\u00edculo 9 de la ley habilitaba cuatro modalidades: \u201c1. Expendio legalmente restringido; 2. Expendio bajo receta archivada; 3. Expendio bajo receta; y 4. Expendio libre\u201d. La cuarta posibilidad ya no aparece en el DNU. Adem\u00e1s, obliga a las farmacias a&nbsp;<strong>guardar por tres a\u00f1os&nbsp;<\/strong>(en vez de por dos como era hasta ahora) las recetas de los puntos 1 y 2.<img loading=\"lazy\" decoding=\"async\" alt=\"Los m\u00e9dicos ya no podr\u00e1n sugerir marcas de remedios en las recetas. Foto: Shutterstock.\" src=\"https:\/\/www.clarin.com\/img\/2022\/05\/02\/sLS673GDz_720x0__1.jpg\" width=\"720\" height=\"0\">Los m\u00e9dicos ya no podr\u00e1n sugerir marcas de remedios en las recetas. Foto: Shutterstock.<\/p>\n\n\n\n<p>Tambi\u00e9n deroga el art\u00edculo 13, que<strong>&nbsp;imped\u00eda<\/strong>&nbsp;la \u201cinstalaci\u00f3n de casas o talleres de \u00f3ptica en las farmacias\u201d. Anula el 20, que obligaba a los farmac\u00e9uticos que tuvieran adem\u00e1s t\u00edtulo de m\u00e9dico, odont\u00f3logo o bioqu\u00edmico a<strong>&nbsp;tener que optar<\/strong>&nbsp;por el ejercicio de una u otra de las profesiones. Y que tambi\u00e9n imped\u00eda que en las farmacias pudiera haber&nbsp;<strong>consultorios&nbsp;<\/strong>m\u00e9dicos u odontol\u00f3gicos.<\/p>\n\n\n\n<p>Otra modificaci\u00f3n, en el art\u00edculo 25, da v\u00eda libre a que los farmac\u00e9uticos puedan ser&nbsp;<strong>directores t\u00e9cnicos de m\u00e1s de una farmacia<\/strong>, algo que hasta este decreto estaba prohibido. La aclaraci\u00f3n es que \u201cestar\u00e1 obligado a vigilar la preparaci\u00f3n y expendio de los medicamentos en todos los locales a su cargo\u201d.<\/p>\n\n\n\n<p>A esto se suma otra modificaci\u00f3n sensible, contenida en el art\u00edculo 36, que prohib\u00eda a las droguer\u00edas a despachar recetas y<strong>&nbsp;ahora las habilita<\/strong>&nbsp;con la condici\u00f3n de que en ese aspecto, en cuanto a los requisitos, quedar\u00e1n sujetos a las generales de la ley. Esto se complementa con una modificaci\u00f3n del art\u00edculo 38 que dice que las droguer\u00edas podr\u00e1n constituirse como&nbsp;<strong>farmacias de venta al p\u00fablico<\/strong>.<\/p>\n\n\n\n<p>Por \u00faltimo, el decreto se refiere a que \u201cpara aumentar la competitividad del sistema, se deben<strong>&nbsp;liberar las restricciones de precios&nbsp;<\/strong>al sistema de&nbsp;<strong>medicina prepaga<\/strong>\u201d. Y \u201cque en orden a disminuir los costos del sistema de salud es necesario modificar la Ley N\u00b0 26.906 de Trazabilidad y Verificaci\u00f3n de Aptitud T\u00e9cnica de Productos M\u00e9dicos Activos de Salud a los fines de reducir la burocracia asociada a la implementaci\u00f3n de equipamiento m\u00e9dico\u201d.<\/p>\n\n\n\n<p>A partir de estas modificaciones restar\u00e1 ver si esta serie de medidas decretadas producen un efecto positivo en el sistema sanitario tanto para las<strong>\u00a0empresas<\/strong>\u00a0como para los\u00a0<strong>usuarios<\/strong>. En ese punto ser\u00e1 crucial observar c\u00f3mo se van acomodando los precios de los medicamentos y los de las cuotas de la medicina privada, en funci\u00f3n de<strong>\u00a0dos indicadores clave<\/strong>: calidad y acceso.<\/p>\n\n\n\n<p>Fuente: https:\/\/www.clarin.com\/sociedad\/salud-central-dnu-milei-cambio-clave-quita-poder-medicos_0_cANPB3hFPa.html<\/p>\n","protected":false},"excerpt":{"rendered":"<p>Es el segundo tema con mayor cantidad de art\u00edculos en el decreto presidencial.Modifica cuestiones sobre los gen\u00e9ricos, farmacias, droguer\u00edas y prepagas, entre otras. El Decreto de Necesidad y Urgencia (DNU) que firmaron en la noche del mi\u00e9rcoles el presidente Javier Milei, sus nueve ministros y el jefe de Gabinete, realiz\u00f3&nbsp;294 modificaciones&nbsp;en el sistema legal argentino:&nbsp;57 [&hellip;]<\/p>\n","protected":false},"author":3,"featured_media":543,"comment_status":"open","ping_status":"open","sticky":false,"template":"","format":"standard","meta":{"footnotes":""},"categories":[11,13,12],"tags":[300],"class_list":["post-542","post","type-post","status-publish","format-standard","has-post-thumbnail","hentry","category-agenda","category-politica","category-sociedad","tag-la-salud-es-central-en-el-dnu"],"_links":{"self":[{"href":"https:\/\/noticiassaludables.com.ar\/index.php?rest_route=\/wp\/v2\/posts\/542","targetHints":{"allow":["GET"]}}],"collection":[{"href":"https:\/\/noticiassaludables.com.ar\/index.php?rest_route=\/wp\/v2\/posts"}],"about":[{"href":"https:\/\/noticiassaludables.com.ar\/index.php?rest_route=\/wp\/v2\/types\/post"}],"author":[{"embeddable":true,"href":"https:\/\/noticiassaludables.com.ar\/index.php?rest_route=\/wp\/v2\/users\/3"}],"replies":[{"embeddable":true,"href":"https:\/\/noticiassaludables.com.ar\/index.php?rest_route=%2Fwp%2Fv2%2Fcomments&post=542"}],"version-history":[{"count":1,"href":"https:\/\/noticiassaludables.com.ar\/index.php?rest_route=\/wp\/v2\/posts\/542\/revisions"}],"predecessor-version":[{"id":544,"href":"https:\/\/noticiassaludables.com.ar\/index.php?rest_route=\/wp\/v2\/posts\/542\/revisions\/544"}],"wp:featuredmedia":[{"embeddable":true,"href":"https:\/\/noticiassaludables.com.ar\/index.php?rest_route=\/wp\/v2\/media\/543"}],"wp:attachment":[{"href":"https:\/\/noticiassaludables.com.ar\/index.php?rest_route=%2Fwp%2Fv2%2Fmedia&parent=542"}],"wp:term":[{"taxonomy":"category","embeddable":true,"href":"https:\/\/noticiassaludables.com.ar\/index.php?rest_route=%2Fwp%2Fv2%2Fcategories&post=542"},{"taxonomy":"post_tag","embeddable":true,"href":"https:\/\/noticiassaludables.com.ar\/index.php?rest_route=%2Fwp%2Fv2%2Ftags&post=542"}],"curies":[{"name":"wp","href":"https:\/\/api.w.org\/{rel}","templated":true}]}}