{"id":545,"date":"2023-12-22T10:24:41","date_gmt":"2023-12-22T13:24:41","guid":{"rendered":"https:\/\/noticiassaludables.com.ar\/?p=545"},"modified":"2023-12-22T10:24:41","modified_gmt":"2023-12-22T13:24:41","slug":"espacio-de-artista-visita-a-la-casa-taller-de-daniel-garcia","status":"publish","type":"post","link":"https:\/\/noticiassaludables.com.ar\/?p=545","title":{"rendered":"Espacio de artista: visita a la casa taller de Daniel Garc\u00eda"},"content":{"rendered":"\n<p>Por Alicia Ovando <\/p>\n\n\n\n<p>Hace a\u00f1os, cuando viv\u00eda y trabajaba en Madrid, siempre en el \u00e1rea de la cultura,<br>presenci\u00e9, experiment\u00e9 y valor\u00e9 la sinergia positiva que produce la interacci\u00f3n del<br>trabajo conjunto y la colaboraci\u00f3n entre el \u00e1mbito p\u00fablico y el privado.<br>El viernes 24 de noviembre presenci\u00e9 esa uni\u00f3n entre ambas esferas, en Rosario, y<br>fue en el cierre del \u201c76 Sal\u00f3n Nacional de Rosario\u201d. <\/p>\n\n\n\n<figure class=\"wp-block-image size-full\"><img decoding=\"async\" src=\"https:\/\/responsabilidadcultural.com.ar\/wp-content\/uploads\/2023\/12\/image-1.png\" alt=\"\" class=\"wp-image-3444\"\/><\/figure>\n\n\n\n<p><\/p>\n\n\n\n<p>La Fundaci\u00f3n Medif\u00e9 junto a<br>otras empresas auspician desde hace algunos a\u00f1os este relevante Sal\u00f3n de la<br>actividad pl\u00e1stica de la Argentina. El d\u00eda del cierre de esa colaboraci\u00f3n, el de la<br>premiaci\u00f3n, pude observar ese c\u00edrculo virtuoso de colaboraciones entre una<br>Fundaci\u00f3n que une la salud y el arte, con uno de los grandes museos de nuestro<br>pa\u00eds.<\/p>\n\n\n\n<figure class=\"wp-block-image size-full\"><img decoding=\"async\" src=\"https:\/\/responsabilidadcultural.com.ar\/wp-content\/uploads\/2023\/12\/IMG_0031.jpeg\" alt=\"\" class=\"wp-image-3439\"\/><\/figure>\n\n\n\n<p><br>Ese d\u00eda, acompa\u00f1\u00e9 a la gerente general de la fundaci\u00f3n Daniela Guti\u00e9rrez, a su<br>equipo y a un grupo de periodistas de medios de comunicaci\u00f3n de Buenos Aires en<br>su estad\u00eda en la ciudad. Dentro del programa previsto para ese d\u00eda, la Fundaci\u00f3n<br>organiz\u00f3 una visita a la Casa Taller de Daniel Garc\u00eda, un artista rosarino que quer\u00eda<br>ser escritor y sin embargo encontr\u00f3 en el dibujo y los colores su forma de contar el<br>mundo o al menos \u201csu\u201d mirada del mundo. Ingresar en el espacio \u00edntimo de creaci\u00f3n<br>de un artista no suele ser una tarea f\u00e1cil, Daniel lo hizo f\u00e1cil, nos recibi\u00f3 con alegr\u00eda<br>y hospitalidad. Todas, invadimos por tres cuarto de hora su mundo, su espacio, ese<br>\u00e1mbito donde se produce la alquimia que traduce un pensamiento, una emoci\u00f3n en<br>una obra de arte. En las paredes de esa casa taller, adem\u00e1s de cuadros hay<br>bibliotecas repletas de libros, de arte, de narrativa, de ensayo, de psicoan\u00e1lisis; es<br>un espacio reflejo de un hombre en b\u00fasqueda de respuestas. <\/p>\n\n\n\n<figure class=\"wp-block-image size-full\"><img decoding=\"async\" src=\"https:\/\/responsabilidadcultural.com.ar\/wp-content\/uploads\/2023\/12\/IMG_0055.jpeg\" alt=\"\" class=\"wp-image-3440\"\/><\/figure>\n\n\n\n<p>En el arte, esa<br>b\u00fasqueda, suele ser de por vida, la respuesta nunca llega, sin embargo, en el<br>camino, los artistas, nos dejan testimonios que reflejan un pensamiento, un sentir y<br>se transforman en testimonio de una \u00e9poca. Mucha de la obra de Daniel es brutal,<br>no solo por su tama\u00f1o sino por su tem\u00e1tica. Siempre que uno expone su mirada a<br>una obra de arte original siente ese \u201caura\u201d incomparable, del que hablaba Walter<br>Benjamin y que solo desprenden las obras originales. Ese halo de misterio, ese eco<br>de la creaci\u00f3n original. Daniel lo logra, sus obras transmiten y hablan de su mundo,<br>ese mundo que con tanta generosidad nos mostr\u00f3 y comparti\u00f3 en una tarde que<br>queda en la memoria de las que all\u00ed est\u00e1bamos. <\/p>\n\n\n\n<figure class=\"wp-block-image size-full\"><img decoding=\"async\" src=\"https:\/\/responsabilidadcultural.com.ar\/wp-content\/uploads\/2023\/12\/image.png\" alt=\"\" class=\"wp-image-3443\"\/><\/figure>\n\n\n\n<p>Las fotograf\u00edas que acompa\u00f1an<\/p>\n\n\n\n<p>este texto, pretenden dar cuenta de esa visita, al menos es \u201cmi\u201d mirada sobre \u201csu\u201d<br>mundo. Gracias Fundaci\u00f3n Medif\u00e9 por su tarea de acercamiento al arte, ese espacio<br>de creaci\u00f3n y comunicaci\u00f3n del ser humano que es casi el \u00faltimo de los refugios.<\/p>\n\n\n\n<p>Por Alicia Ovando<\/p>\n","protected":false},"excerpt":{"rendered":"<p>Por Alicia Ovando Hace a\u00f1os, cuando viv\u00eda y trabajaba en Madrid, siempre en el \u00e1rea de la cultura,presenci\u00e9, experiment\u00e9 y valor\u00e9 la sinergia positiva que produce la interacci\u00f3n deltrabajo conjunto y la colaboraci\u00f3n entre el \u00e1mbito p\u00fablico y el privado.El viernes 24 de noviembre presenci\u00e9 esa uni\u00f3n entre ambas esferas, en Rosario, yfue en el [&hellip;]<\/p>\n","protected":false},"author":3,"featured_media":546,"comment_status":"open","ping_status":"open","sticky":false,"template":"","format":"standard","meta":{"footnotes":""},"categories":[11,12],"tags":[301,302],"class_list":["post-545","post","type-post","status-publish","format-standard","has-post-thumbnail","hentry","category-agenda","category-sociedad","tag-daniel-garcia","tag-visita-a-la-casa-taller"],"_links":{"self":[{"href":"https:\/\/noticiassaludables.com.ar\/index.php?rest_route=\/wp\/v2\/posts\/545","targetHints":{"allow":["GET"]}}],"collection":[{"href":"https:\/\/noticiassaludables.com.ar\/index.php?rest_route=\/wp\/v2\/posts"}],"about":[{"href":"https:\/\/noticiassaludables.com.ar\/index.php?rest_route=\/wp\/v2\/types\/post"}],"author":[{"embeddable":true,"href":"https:\/\/noticiassaludables.com.ar\/index.php?rest_route=\/wp\/v2\/users\/3"}],"replies":[{"embeddable":true,"href":"https:\/\/noticiassaludables.com.ar\/index.php?rest_route=%2Fwp%2Fv2%2Fcomments&post=545"}],"version-history":[{"count":1,"href":"https:\/\/noticiassaludables.com.ar\/index.php?rest_route=\/wp\/v2\/posts\/545\/revisions"}],"predecessor-version":[{"id":547,"href":"https:\/\/noticiassaludables.com.ar\/index.php?rest_route=\/wp\/v2\/posts\/545\/revisions\/547"}],"wp:featuredmedia":[{"embeddable":true,"href":"https:\/\/noticiassaludables.com.ar\/index.php?rest_route=\/wp\/v2\/media\/546"}],"wp:attachment":[{"href":"https:\/\/noticiassaludables.com.ar\/index.php?rest_route=%2Fwp%2Fv2%2Fmedia&parent=545"}],"wp:term":[{"taxonomy":"category","embeddable":true,"href":"https:\/\/noticiassaludables.com.ar\/index.php?rest_route=%2Fwp%2Fv2%2Fcategories&post=545"},{"taxonomy":"post_tag","embeddable":true,"href":"https:\/\/noticiassaludables.com.ar\/index.php?rest_route=%2Fwp%2Fv2%2Ftags&post=545"}],"curies":[{"name":"wp","href":"https:\/\/api.w.org\/{rel}","templated":true}]}}