{"id":558,"date":"2023-12-28T11:06:07","date_gmt":"2023-12-28T14:06:07","guid":{"rendered":"https:\/\/noticiassaludables.com.ar\/?p=558"},"modified":"2023-12-28T11:06:07","modified_gmt":"2023-12-28T14:06:07","slug":"los-cambios-del-dnu-para-el-personal-de-servicio-domestico","status":"publish","type":"post","link":"https:\/\/noticiassaludables.com.ar\/?p=558","title":{"rendered":"Los cambios del DNU  para el personal de servicio dom\u00e9stico"},"content":{"rendered":"\n<h2 class=\"wp-block-heading\">Los empleados de casas particulares no quedaron exentos de la reforma laboral del Ejecutivo establecida por decreto. En particular, la reforma para el sector apunta a las indemnizaciones en caso de despido<\/h2>\n\n\n\n<p><\/p>\n\n\n\n<p><img loading=\"lazy\" decoding=\"async\" alt=\"Los salarios de los trabajadores de casas particulares acumulan un incremento 34% durante el \u00faltimo trimestre del a\u00f1o. (Getty Images\/Seksan Mongkhonkhamsao)\" height=\"408\" width=\"612\" src=\"https:\/\/www.infobae.com\/new-resizer\/GSXxLpRXlpqUsUBjk9DI_sQ3CbY=\/420x280\/filters:format(webp):quality(85)\/cloudfront-us-east-1.images.arcpublishing.com\/infobae\/NP74EUHS5FHOXE47G4FKDDLMO4.jpg%20420w\" srcset=\"https:\/\/www.infobae.com\/new-resizer\/GSXxLpRXlpqUsUBjk9DI_sQ3CbY=\/420x280\/filters:format(webp):quality(85)\/cloudfront-us-east-1.images.arcpublishing.com\/infobae\/NP74EUHS5FHOXE47G4FKDDLMO4.jpg 420w,https:\/\/www.infobae.com\/new-resizer\/MizDJcJUkHiLKmdDno42d_4SWSo=\/768x512\/filters:format(webp):quality(85)\/cloudfront-us-east-1.images.arcpublishing.com\/infobae\/NP74EUHS5FHOXE47G4FKDDLMO4.jpg 768w,https:\/\/www.infobae.com\/new-resizer\/HnS_j49CwoWjprv82JKN4XnPU44=\/992x661\/filters:format(webp):quality(85)\/cloudfront-us-east-1.images.arcpublishing.com\/infobae\/NP74EUHS5FHOXE47G4FKDDLMO4.jpg 992w,https:\/\/www.infobae.com\/new-resizer\/2GyONbtTotYH9P8Lh3ppYfkoWgU=\/1200x800\/filters:format(webp):quality(85)\/cloudfront-us-east-1.images.arcpublishing.com\/infobae\/NP74EUHS5FHOXE47G4FKDDLMO4.jpg 1200w,https:\/\/www.infobae.com\/new-resizer\/drLK-1xJq0q64Bpc6NRxo3SBDR8=\/1440x960\/filters:format(webp):quality(85)\/cloudfront-us-east-1.images.arcpublishing.com\/infobae\/NP74EUHS5FHOXE47G4FKDDLMO4.jpg 1440w\">Los salarios de los trabajadores de casas particulares acumulan un incremento 34% durante el \u00faltimo trimestre del a\u00f1o. (Getty Images\/Seksan Mongkhonkhamsao)<\/p>\n\n\n\n<p>El&nbsp;<a rel=\"noreferrer noopener\" href=\"https:\/\/www.infobae.com\/tag\/desregulacion-de-la-economia\/\" target=\"_blank\">Mega DNU<\/a>&nbsp;presentado d\u00edas atr\u00e1s por&nbsp;<strong>Javier Milei<\/strong>&nbsp;y ya publicado en el Bolet\u00edn Oficial incluye varias reformas laborales y entre ellas,&nbsp;<strong>deroga la doble indemnizaci\u00f3n para el&nbsp;<\/strong><a rel=\"noreferrer noopener\" href=\"https:\/\/www.infobae.com\/tag\/empleadas-domesticas\/\" target=\"_blank\"><strong>personal de casas particulares<\/strong><\/a>&nbsp;que, al momento del despido, no estuviera registrada la relaci\u00f3n laboral o fuera deficiente.<\/p>\n\n\n\n<p><a href=\"https:\/\/www.infobae.com\/economia\/2023\/12\/28\/los-millones-que-debe-pagar-argentina-por-ypf-cambio-de-estrategia-de-milei-embargos-inminentes-y-la-polemica-tasa-kicillof\/\" target=\"_blank\" rel=\"noreferrer noopener\"><\/a><\/p>\n\n\n\n<p><a href=\"https:\/\/www.infobae.com\/economia\/2023\/12\/28\/los-millones-que-debe-pagar-argentina-por-ypf-cambio-de-estrategia-de-milei-embargos-inminentes-y-la-polemica-tasa-kicillof\/\" target=\"_blank\" rel=\"noreferrer noopener\"><\/a><\/p>\n\n\n\n<p>En detalle, el decreto de necesidad y urgencia 70\/2023, a trav\u00e9s del art\u00edculo 58, deroga el art\u00edculo 50 de la Ley 26.844 del R\u00e9gimen Especial de Contrato de Trabajo para el Personal de Casas Particulares, el cual indica: \u201cLa indemnizaci\u00f3n prevista por el art\u00edculo 48 de esta ley, o las que en el futuro las reemplacen, se duplicar\u00e1 cuando se trate de una relaci\u00f3n laboral que al momento del despido no estuviera registrada o lo est\u00e9 de modo deficiente\u201d<\/p>\n\n\n\n<p>En tanto, el art\u00edculo 58 del DNU establece que \u201cen los casos de despido dispuesto por el empleador sin causa, habiendo o no mediado preaviso, \u00e9ste&nbsp;<strong>deber\u00e1 abonar a la empleada\/o una indemnizaci\u00f3n equivalente a un mes de sueldo por cada a\u00f1o de servicio o fracci\u00f3n mayor de tres meses, tomando como base la mejor remuneraci\u00f3n, mensual, normal y habitual devengada durante el \u00faltimo a\u00f1o&nbsp;<\/strong>o durante el tiempo de prestaci\u00f3n de servicios si \u00e9ste fuera menor\u201d.<\/p>\n\n\n\n<p><a href=\"https:\/\/www.infobae.com\/economia\/2023\/12\/28\/impuesto-a-las-ganancias-por-que-no-esta-incluido-en-la-ley-omnibus-y-que-pasara-en-enero\/\" target=\"_blank\" rel=\"noreferrer noopener\"><\/a><\/p>\n\n\n\n<figure class=\"wp-block-image\"><a href=\"https:\/\/www.infobae.com\/economia\/2023\/12\/28\/impuesto-a-las-ganancias-por-que-no-esta-incluido-en-la-ley-omnibus-y-que-pasara-en-enero\/\" target=\"_blank\" rel=\"noreferrer noopener\"><img decoding=\"async\" src=\"https:\/\/www.infobae.com\/new-resizer\/6q-d98FUNx_39kI50KQkDOIzork=\/1200x900\/filters:format(webp):quality(85)\/cloudfront-us-east-1.images.arcpublishing.com\/infobae\/WSYOL2YFXRGPRMIYGEGBSALXCQ.jpg\" alt=\"Impuesto a las Ganancias: por qu\u00e9 no est\u00e1 incluido en la Ley \u00d3mnibus y qu\u00e9 pasar\u00e1 en enero\"\/><\/a><\/figure>\n\n\n\n<p><a href=\"https:\/\/www.infobae.com\/economia\/2023\/12\/28\/impuesto-a-las-ganancias-por-que-no-esta-incluido-en-la-ley-omnibus-y-que-pasara-en-enero\/\" target=\"_blank\" rel=\"noreferrer noopener\"><\/a><\/p>\n\n\n\n<p><img loading=\"lazy\" decoding=\"async\" alt=\"Si el DNU de desregulaci\u00f3n queda firme, se termina la doble indemnizaci\u00f3n para empleadas dom\u00e9sticas que no est\u00e9n registradas (Europa Press)\" height=\"1280\" width=\"1920\" src=\"https:\/\/www.infobae.com\/new-resizer\/-sy5vZDtC8byZ2zEDvmCv-_dka8=\/420x280\/filters:format(webp):quality(85)\/cloudfront-us-east-1.images.arcpublishing.com\/infobae\/ZWRJ5UXXORCUPDGZ3L2FNIWYYM.jpg%20420w\" srcset=\"https:\/\/www.infobae.com\/new-resizer\/-sy5vZDtC8byZ2zEDvmCv-_dka8=\/420x280\/filters:format(webp):quality(85)\/cloudfront-us-east-1.images.arcpublishing.com\/infobae\/ZWRJ5UXXORCUPDGZ3L2FNIWYYM.jpg 420w,https:\/\/www.infobae.com\/new-resizer\/2tq16dOFofYnBC5KqMJtLpNYkDA=\/768x512\/filters:format(webp):quality(85)\/cloudfront-us-east-1.images.arcpublishing.com\/infobae\/ZWRJ5UXXORCUPDGZ3L2FNIWYYM.jpg 768w,https:\/\/www.infobae.com\/new-resizer\/__F9NOs5sN-D0W7awl9tx-DUiKs=\/992x661\/filters:format(webp):quality(85)\/cloudfront-us-east-1.images.arcpublishing.com\/infobae\/ZWRJ5UXXORCUPDGZ3L2FNIWYYM.jpg 992w,https:\/\/www.infobae.com\/new-resizer\/UsCG3LneKBYoYcBQ2c8ytKfIHHE=\/1200x800\/filters:format(webp):quality(85)\/cloudfront-us-east-1.images.arcpublishing.com\/infobae\/ZWRJ5UXXORCUPDGZ3L2FNIWYYM.jpg 1200w,https:\/\/www.infobae.com\/new-resizer\/YyOShgB8uO-ahjK39eNJDl_Y9qg=\/1440x960\/filters:format(webp):quality(85)\/cloudfront-us-east-1.images.arcpublishing.com\/infobae\/ZWRJ5UXXORCUPDGZ3L2FNIWYYM.jpg 1440w\">Si el DNU de desregulaci\u00f3n queda firme, se termina la doble indemnizaci\u00f3n para empleadas dom\u00e9sticas que no est\u00e9n registradas (Europa Press)<\/p>\n\n\n\n<p>Asimismo, la nueva normativa dispone que \u201cla base de c\u00e1lculo de esta indemnizaci\u00f3n no incluir\u00e1 el Sueldo Anual Complementario, ni conceptos de pago semestral o anual\u201d.<\/p>\n\n\n\n<p>Tambi\u00e9n, se extiende el per\u00edodo de prueba de 3 a 8 meses, lo que implica que si en ese lapso el trabajador es despedido no tendr\u00e1 derecho a ser indemnizado.<\/p>\n\n\n\n<p><a href=\"https:\/\/www.infobae.com\/economia\/2023\/12\/28\/impuesto-a-las-ganancias-por-que-no-esta-incluido-en-la-ley-omnibus-y-que-pasara-en-enero\/\" target=\"_blank\" rel=\"noreferrer noopener\"><\/a><\/p>\n\n\n\n<figure class=\"wp-block-image\"><a href=\"https:\/\/www.infobae.com\/economia\/2023\/12\/28\/impuesto-a-las-ganancias-por-que-no-esta-incluido-en-la-ley-omnibus-y-que-pasara-en-enero\/\" target=\"_blank\" rel=\"noreferrer noopener\"><img decoding=\"async\" src=\"https:\/\/www.infobae.com\/new-resizer\/6q-d98FUNx_39kI50KQkDOIzork=\/1200x900\/filters:format(webp):quality(85)\/cloudfront-us-east-1.images.arcpublishing.com\/infobae\/WSYOL2YFXRGPRMIYGEGBSALXCQ.jpg\" alt=\"Impuesto a las Ganancias: por qu\u00e9 no est\u00e1 incluido en la Ley \u00d3mnibus y qu\u00e9 pasar\u00e1 en enero\"\/><\/a><\/figure>\n\n\n\n<p><a href=\"https:\/\/www.infobae.com\/economia\/2023\/12\/28\/impuesto-a-las-ganancias-por-que-no-esta-incluido-en-la-ley-omnibus-y-que-pasara-en-enero\/\" target=\"_blank\" rel=\"noreferrer noopener\"><\/a><\/p>\n\n\n\n<p>De esta manera, se reduce el costo de indemnizaci\u00f3n para los empleadores.<\/p>\n\n\n\n<p>Otra modificaci\u00f3n que incluye el DNU que cabe destacar es que se introduce el permiso para reemplazar la indemnizaciones tradicionales por fondos de desempleo,&nbsp;<a rel=\"noreferrer noopener\" href=\"https:\/\/www.infobae.com\/economia\/2023\/12\/21\/como-funciona-el-sistema-de-despidos-de-la-uocra-que-el-decreto-de-milei-busca-trasladar-a-otras-actividades\/\" target=\"_blank\">un r\u00e9gimen que se utiliza para el sector de la construcci\u00f3n.<\/a><\/p>\n\n\n\n<h2 class=\"wp-block-heading\">Cuanto cobra el servicio dom\u00e9stico en diciembre<\/h2>\n\n\n\n<p>En cuanto a los haberes de diciembre del sector, los empleados de servicio dom\u00e9stico recibir\u00e1n un aumento de salarios del 10% tras el acuerdo alcanzado por la Comisi\u00f3n Nacional de Trabajo en Casas Particulares (CNTCP). De todas maneras, se reevaluar\u00e1 la pauta salarial.<\/p>\n\n\n\n<p>Los incrementos salariales previos fueron de 12% en octubre y 12% en noviembre. De esta manera, los sueldos de los trabajadores de casas particulares acumulan&nbsp;<strong>un incremento<\/strong>&nbsp;<strong>34% durante el \u00faltimo trimestre del a\u00f1o.<\/strong><\/p>\n\n\n\n<p>La escala salarial vigente, y que se paga este mes es la siguiente de acuerdo a cada categor\u00eda:<\/p>\n\n\n\n<p>\u2013 Supervisora: $1.708 la hora con retiro; $1.871 la hora sin retiro; $213.519 por mes con retiro; $237.435 por mes sin retiro.<\/p>\n\n\n\n<p>\u2013 Personal para tareas espec\u00edficas: $1.617 la hora con retiro; $1.773 la hora sin retiro; $198.037 por mes con retiro; $220.449 por mes sin retiro.<\/p>\n\n\n\n<p>\u2013 Caseros: $1528 la hora y $193.217 el monto mensual.<\/p>\n\n\n\n<p>\u2013 Cuidado de personas: $1.528 la hora con retiro; $1.708 la hora sin retiro; $193.217 por mes con retiro; $215.320 por mes sin retiro.<\/p>\n\n\n\n<p>\u2013 Personal para tareas generales: $1.416 la hora con retiro; $1.528 la hora sin retiro; $173.758 por mes con retiro; $193.217 por mes sin retiro.<\/p>\n\n\n\n<p>Se aplica un adicional por zona desfavorable equivalente al 30% sobre los salarios m\u00ednimos establecidos para cada una de las categor\u00edas para el personal que preste tareas en las provincias de La Pampa, R\u00edo Negro, Chubut, Neuqu\u00e9n, Santa Cruz, Tierra del Fuego, o en el partido de Patagones de la provincia de Buenos Aires.<\/p>\n\n\n\n<p>Fuente: https:\/\/www.infobae.com\/economia\/2023\/12\/28\/cuales-son-los-cambios-del-dnu-de-milei-para-el-personal-de-servicio-domestico\/<\/p>\n\n\n\n<p><\/p>\n","protected":false},"excerpt":{"rendered":"<p>Los empleados de casas particulares no quedaron exentos de la reforma laboral del Ejecutivo establecida por decreto. En particular, la reforma para el sector apunta a las indemnizaciones en caso de despido Los salarios de los trabajadores de casas particulares acumulan un incremento 34% durante el \u00faltimo trimestre del a\u00f1o. (Getty Images\/Seksan Mongkhonkhamsao) El&nbsp;Mega DNU&nbsp;presentado [&hellip;]<\/p>\n","protected":false},"author":3,"featured_media":559,"comment_status":"open","ping_status":"open","sticky":false,"template":"","format":"standard","meta":{"footnotes":""},"categories":[11,13,12],"tags":[309,310],"class_list":["post-558","post","type-post","status-publish","format-standard","has-post-thumbnail","hentry","category-agenda","category-politica","category-sociedad","tag-cambios-del-dnu","tag-personal-de-servicio-domestico"],"_links":{"self":[{"href":"https:\/\/noticiassaludables.com.ar\/index.php?rest_route=\/wp\/v2\/posts\/558","targetHints":{"allow":["GET"]}}],"collection":[{"href":"https:\/\/noticiassaludables.com.ar\/index.php?rest_route=\/wp\/v2\/posts"}],"about":[{"href":"https:\/\/noticiassaludables.com.ar\/index.php?rest_route=\/wp\/v2\/types\/post"}],"author":[{"embeddable":true,"href":"https:\/\/noticiassaludables.com.ar\/index.php?rest_route=\/wp\/v2\/users\/3"}],"replies":[{"embeddable":true,"href":"https:\/\/noticiassaludables.com.ar\/index.php?rest_route=%2Fwp%2Fv2%2Fcomments&post=558"}],"version-history":[{"count":1,"href":"https:\/\/noticiassaludables.com.ar\/index.php?rest_route=\/wp\/v2\/posts\/558\/revisions"}],"predecessor-version":[{"id":560,"href":"https:\/\/noticiassaludables.com.ar\/index.php?rest_route=\/wp\/v2\/posts\/558\/revisions\/560"}],"wp:featuredmedia":[{"embeddable":true,"href":"https:\/\/noticiassaludables.com.ar\/index.php?rest_route=\/wp\/v2\/media\/559"}],"wp:attachment":[{"href":"https:\/\/noticiassaludables.com.ar\/index.php?rest_route=%2Fwp%2Fv2%2Fmedia&parent=558"}],"wp:term":[{"taxonomy":"category","embeddable":true,"href":"https:\/\/noticiassaludables.com.ar\/index.php?rest_route=%2Fwp%2Fv2%2Fcategories&post=558"},{"taxonomy":"post_tag","embeddable":true,"href":"https:\/\/noticiassaludables.com.ar\/index.php?rest_route=%2Fwp%2Fv2%2Ftags&post=558"}],"curies":[{"name":"wp","href":"https:\/\/api.w.org\/{rel}","templated":true}]}}