{"id":561,"date":"2023-12-28T11:11:39","date_gmt":"2023-12-28T14:11:39","guid":{"rendered":"https:\/\/noticiassaludables.com.ar\/?p=561"},"modified":"2023-12-28T11:11:39","modified_gmt":"2023-12-28T14:11:39","slug":"el-final-del-medio-ambiente-como-escollo-para-los-negocios","status":"publish","type":"post","link":"https:\/\/noticiassaludables.com.ar\/?p=561","title":{"rendered":"El final del medio ambiente como escollo para los negocios"},"content":{"rendered":"\n<h2 class=\"wp-block-heading\">Las consecuencias de la modalidad extractiva, productiva y de consumo que persigue Javier Milei est\u00e1n a la vista y son las que hoy pagamos con el marasmo ambiental y clim\u00e1tico que padece el mundo entero<\/h2>\n\n\n\n<p><img loading=\"lazy\" decoding=\"async\" alt=\"Las propuestas del Gobierno de Javier Milei implican cambios en la Ley de Manejo del Fuego. (Foto: REUTERS\/Sebastian Toba)\" height=\"512\" width=\"800\" src=\"https:\/\/www.infobae.com\/new-resizer\/DmkdSxYqix2dPBYEaO99JSd22Ds=\/992x606\/filters:format(webp):quality(85)\/cloudfront-us-east-1.images.arcpublishing.com\/infobae\/ERHMYQBXRUVLSNSYENJJTU7AFM.jpg%20992w\" srcset=\"https:\/\/www.infobae.com\/new-resizer\/DmkdSxYqix2dPBYEaO99JSd22Ds=\/992x606\/filters:format(webp):quality(85)\/cloudfront-us-east-1.images.arcpublishing.com\/infobae\/ERHMYQBXRUVLSNSYENJJTU7AFM.jpg 992w\">Las propuestas del Gobierno de Javier Milei implican cambios en la Ley de Manejo del Fuego. (Foto: REUTERS\/Sebastian Toba)<\/p>\n\n\n\n<p>A lo largo de la campa\u00f1a electoral, cuando se expresaba el negacionismo del entonces candidato&nbsp;<a rel=\"noreferrer noopener\" href=\"https:\/\/www.infobae.com\/tag\/javier-milei\/\" target=\"_blank\"><em><strong>Javier Milei<\/strong><\/em><\/a>, intent\u00e9 realizar algunas peque\u00f1as puntualizaciones.<\/p>\n\n\n\n<p>Primero, el negacionismo respecto de la existencia del cambio clim\u00e1tico no respond\u00eda a un hipot\u00e9tico desaf\u00edo intelectual sino a una postura ideol\u00f3gica: para el ahora presidente libertario todo aquello que se erija como obst\u00e1culo para la concreci\u00f3n de una actividad lucrativa debe ser removido. Si ese obst\u00e1culo lo supone la naturaleza, entonces debe ser sacrificada en dicho altar.<\/p>\n\n\n\n<p>Y como segundo punto, cuando el entonces candidato Milei apareci\u00f3 en una conferencia con la provocadora pregunta respecto de \u201c\u00bfqu\u00e9 da\u00f1o es que alguien contamine un r\u00edo?\u201d, se\u00f1al\u00e9 que no deb\u00edamos menospreciar esa postura, ya que expresaba una ideolog\u00eda:&nbsp;<strong>la que invoca la \u201clibertad\u201d para externalizar costos empresarios y volcarlos sobre la sociedad.<\/strong><\/p>\n\n\n\n<p><strong>No se trata de un \u201cloco\u201d, ni siquiera de un \u201cnecio\u201d, sino de alguien que pretende revivir los postulados m\u00e1s retr\u00f3grados de la relaci\u00f3n sociedad-naturaleza<\/strong>. Esos fundamentos sobresalieron en el siglo XX, llamativamente -o no- tanto en el mundo socialista sovi\u00e9tico como en el capitalismo occidental y cristiano, y sosten\u00edan la idea de que el bienestar de las personas se alcanzaba poniendo a la naturaleza al servicio de la sociedad.&nbsp;<strong>Las consecuencias de dicha modalidad extractiva, productiva y de consumo est\u00e1n a la vista y son las que hoy pagamos con el marasmo ambiental y clim\u00e1tico que padece el mundo entero.<\/strong><\/p>\n\n\n\n<p>La primera medida simb\u00f3lica -o no tanto- de la maniquea posici\u00f3n de Milei respecto de la pol\u00edtica ambiental la dio su organigrama:&nbsp;<strong>de Ministerio a Subsecretar\u00eda&nbsp;<\/strong>hay mucho m\u00e1s de dos escalones jer\u00e1rquicos.<\/p>\n\n\n\n<p>Luego, en su cuestionad\u00edsimo y anticonstitucional&nbsp;<strong>DNU<\/strong>&nbsp;y en el posterior&nbsp;<strong>proyecto de Ley \u00d3mnibus&nbsp;<\/strong>(seguramente propulsado con combustibles f\u00f3siles y no sustentable), Milei expone negro sobre blanco su ideolog\u00eda ambiental: si hay que remover todo escollo para habilitar sin m\u00e1s condicionantes la actividad privada extractiva y productiva, la naturaleza debe ser arrasada en tanto se interprete como uno de esos obst\u00e1culos.<\/p>\n\n\n\n<p>Para eso, se introducen (o se pretende imponer de modo autoritario) cuatro cambios determinantes:<\/p>\n\n\n\n<p>-Se deroga la Ley de Tierras por lo que el magnate&nbsp;<strong>Joe Lewis<\/strong>, quien se apropi\u00f3 del lago Escondido y desacat\u00f3 diversas condenas judiciales por privatizar de prepo un bien com\u00fan, pasa de ser un reo a un capitalista que debe ser imitado.<\/p>\n\n\n\n<p>-Se modifica la Ley de quemas, y se invierte ins\u00f3litamente la carga de la prueba: un productor que elige el&nbsp;<strong>fuego<\/strong>&nbsp;como herramienta de labranza pide un permiso para quemar y si en treinta d\u00edas la burocracia no se lo otorg\u00f3 puede darse por autorizado y prender fuego sin restricciones. De m\u00e1s est\u00e1 decir que esa acci\u00f3n es desalentada y castigada un\u00e1nimemente en todo el mundo desde hace veinte a\u00f1os por el avance de los incendios forestales como consecuencia del cambio clim\u00e1tico.<\/p>\n\n\n\n<p>-Se modifica la Ley de Bosques en dos aspectos clave: se desfinancia definitivamente la herramienta que tend\u00eda a disuadir la tentaci\u00f3n de deforestar mediante la compensaci\u00f3n para la promoci\u00f3n de otras actividades productivas comunes al bosque nativo, y se permite dar autorizaciones de desmonte en las \u00e1reas calificadas como \u201crojas\u201d, en las que hasta hoy est\u00e1 absolutamente prohibido talar. \u00bfQu\u00e9 es lo que se persigue? Legalizar los desmontes furtivos e ilegales existentes, acelerando la desaparici\u00f3n del bosque nativo que no est\u00e9 dentro de un Parque Nacional (por ahora).<\/p>\n\n\n\n<p>-Se modifica la Ley de Glaciares para consagrar un a\u00f1ejo anhelo de las corporaciones: el \u00e1rea periglaciar puede ser susceptible de actividad minera. El glaciar, extractivamente hablando, \u201ctermina\u201d donde concluye el hielo; de ah\u00ed en m\u00e1s todo est\u00e1 permitido.<\/p>\n\n\n\n<p>Las cosas, no obstante, no pasan porque s\u00ed. Es probable que, m\u00e1s all\u00e1 de su voluntad y su tozudez ideol\u00f3gica,&nbsp;<strong>Milei pueda avanzar de este modo sobre dos leyes emblema&nbsp;<\/strong>(Glaciares y Bosques) porque su aplicaci\u00f3n no fue la m\u00e1s exitosa y porque desde hace a\u00f1os est\u00e1 inconcluso el debate respecto de qu\u00e9 lugar ocupan los recursos naturales en el modelo de desarrollo de la Argentina.&nbsp;<strong>Hasta me atrevo a pensar que en silencio algunos sectores reconocen haber tenido una postura \u201cecol\u00f3gica\u201d no por convicci\u00f3n sino por correcci\u00f3n pol\u00edtica.<\/strong><\/p>\n\n\n\n<p>Del mismo modo, habr\u00eda que reflexionar en cuanto a qu\u00e9 papel ocupa el movimiento ambientalista como factor de poder. Por supuesto hay individuos u ONGs que puntualmente cuestionaron las posiciones negacionistas de Milei. Pero a diferencia de los economistas (que firmaron una carta abierta rechazando la dolarizaci\u00f3n), de los artistas (que pusieron su firma conjunta para condenar la propuesta de cierre del INCAA, entre otros atropellos a la cultura), o los cient\u00edficos (que se pronunciaron colectivamente en contra de la desaparici\u00f3n del Conicet),&nbsp;<strong>no hubo manifestaci\u00f3n sectorial del mundo ambientalista argentino ante la primera oportunidad en la historia en la que un candidato se expresa rotunda y violentamente en contra de toda pol\u00edtica ambiental.<\/strong><\/p>\n\n\n\n<p>L\u00f3gicamente,&nbsp;<strong>hay que condenar la pol\u00edtica de los atropellos<\/strong>, en general y, en este caso, contra la naturaleza en particular. Ya sabemos las consecuencias que provoca la laxitud en esta materia.&nbsp;<strong>Y ya sabemos a qu\u00e9 oscuridad nos conducen los atropellos.<\/strong><\/p>\n\n\n\n<p>Fuente: https:\/\/www.infobae.com\/opinion\/2023\/12\/28\/el-final-del-ambiente-como-escollo-para-los-negocios\/<\/p>\n","protected":false},"excerpt":{"rendered":"<p>Las consecuencias de la modalidad extractiva, productiva y de consumo que persigue Javier Milei est\u00e1n a la vista y son las que hoy pagamos con el marasmo ambiental y clim\u00e1tico que padece el mundo entero Las propuestas del Gobierno de Javier Milei implican cambios en la Ley de Manejo del Fuego. (Foto: REUTERS\/Sebastian Toba) A [&hellip;]<\/p>\n","protected":false},"author":3,"featured_media":562,"comment_status":"open","ping_status":"open","sticky":false,"template":"","format":"standard","meta":{"footnotes":""},"categories":[11,8,13,12],"tags":[19,311],"class_list":["post-561","post","type-post","status-publish","format-standard","has-post-thumbnail","hentry","category-agenda","category-medio-ambiente","category-politica","category-sociedad","tag-cambio-climatico","tag-negocios"],"_links":{"self":[{"href":"https:\/\/noticiassaludables.com.ar\/index.php?rest_route=\/wp\/v2\/posts\/561","targetHints":{"allow":["GET"]}}],"collection":[{"href":"https:\/\/noticiassaludables.com.ar\/index.php?rest_route=\/wp\/v2\/posts"}],"about":[{"href":"https:\/\/noticiassaludables.com.ar\/index.php?rest_route=\/wp\/v2\/types\/post"}],"author":[{"embeddable":true,"href":"https:\/\/noticiassaludables.com.ar\/index.php?rest_route=\/wp\/v2\/users\/3"}],"replies":[{"embeddable":true,"href":"https:\/\/noticiassaludables.com.ar\/index.php?rest_route=%2Fwp%2Fv2%2Fcomments&post=561"}],"version-history":[{"count":1,"href":"https:\/\/noticiassaludables.com.ar\/index.php?rest_route=\/wp\/v2\/posts\/561\/revisions"}],"predecessor-version":[{"id":563,"href":"https:\/\/noticiassaludables.com.ar\/index.php?rest_route=\/wp\/v2\/posts\/561\/revisions\/563"}],"wp:featuredmedia":[{"embeddable":true,"href":"https:\/\/noticiassaludables.com.ar\/index.php?rest_route=\/wp\/v2\/media\/562"}],"wp:attachment":[{"href":"https:\/\/noticiassaludables.com.ar\/index.php?rest_route=%2Fwp%2Fv2%2Fmedia&parent=561"}],"wp:term":[{"taxonomy":"category","embeddable":true,"href":"https:\/\/noticiassaludables.com.ar\/index.php?rest_route=%2Fwp%2Fv2%2Fcategories&post=561"},{"taxonomy":"post_tag","embeddable":true,"href":"https:\/\/noticiassaludables.com.ar\/index.php?rest_route=%2Fwp%2Fv2%2Ftags&post=561"}],"curies":[{"name":"wp","href":"https:\/\/api.w.org\/{rel}","templated":true}]}}