{"id":567,"date":"2023-12-29T10:50:22","date_gmt":"2023-12-29T13:50:22","guid":{"rendered":"https:\/\/noticiassaludables.com.ar\/?p=567"},"modified":"2023-12-29T10:50:23","modified_gmt":"2023-12-29T13:50:23","slug":"la-ley-omnibus-en-el-cuidado-del-embarazo-la-primera-infancia-y-la-violencia-de-genero","status":"publish","type":"post","link":"https:\/\/noticiassaludables.com.ar\/?p=567","title":{"rendered":"La Ley \u00d3mnibus en el cuidado del embarazo, la primera infancia y la violencia de g\u00e9nero"},"content":{"rendered":"\n<h2 class=\"wp-block-heading\">El proyecto del gobierno modifica aspectos de la Ley de Mil D\u00edas y de la Ley Micaela. Entre los cambios que pueden ser cuestionados en el Congreso se encuentran la eliminaci\u00f3n de las expresiones \u201cpersonas gestantes\u201d y la inclusi\u00f3n del concepto de \u201cni\u00f1o desde su concepci\u00f3n\u201d<\/h2>\n\n\n\n<p><img loading=\"lazy\" decoding=\"async\" alt=\"El art\u00edculo 1\u00b0 actual \u2014que se busca modificar\u2014 destaca el fortalecimiento del cuidado de la salud y la vida de mujeres, personas gestantes, ni\u00f1os y ni\u00f1as en la primera infancia, en l\u00ednea con los compromisos de salud p\u00fablica y derechos humanos del Estado (Getty Images)\" height=\"1080\" width=\"1980\" src=\"https:\/\/www.infobae.com\/new-resizer\/ziz1e_OsiEJZXq49aSxO5AoWn88=\/420x236\/filters:format(webp):quality(85)\/cloudfront-us-east-1.images.arcpublishing.com\/infobae\/MHN7BDRQFFARDIK6TFRU4BZR6E.jpg%20420w\" srcset=\"https:\/\/www.infobae.com\/new-resizer\/ziz1e_OsiEJZXq49aSxO5AoWn88=\/420x236\/filters:format(webp):quality(85)\/cloudfront-us-east-1.images.arcpublishing.com\/infobae\/MHN7BDRQFFARDIK6TFRU4BZR6E.jpg 420w,https:\/\/www.infobae.com\/new-resizer\/JpRMBQ95CfJdudUO0LVDBzr5t2Q=\/768x432\/filters:format(webp):quality(85)\/cloudfront-us-east-1.images.arcpublishing.com\/infobae\/MHN7BDRQFFARDIK6TFRU4BZR6E.jpg 768w,https:\/\/www.infobae.com\/new-resizer\/xbDm4eY6_UT8v6g_-nid8CPhnUQ=\/992x558\/filters:format(webp):quality(85)\/cloudfront-us-east-1.images.arcpublishing.com\/infobae\/MHN7BDRQFFARDIK6TFRU4BZR6E.jpg 992w,https:\/\/www.infobae.com\/new-resizer\/JsK0K_Vr_WeQvdjxcCN3YchYFtc=\/1200x675\/filters:format(webp):quality(85)\/cloudfront-us-east-1.images.arcpublishing.com\/infobae\/MHN7BDRQFFARDIK6TFRU4BZR6E.jpg 1200w,https:\/\/www.infobae.com\/new-resizer\/4U0OUsLBfEzdB59m5wOJHlKvSXQ=\/1440x810\/filters:format(webp):quality(85)\/cloudfront-us-east-1.images.arcpublishing.com\/infobae\/MHN7BDRQFFARDIK6TFRU4BZR6E.jpg 1440w\">El art\u00edculo 1\u00b0 actual \u2014que se busca modificar\u2014 destaca el fortalecimiento del cuidado de la salud y la vida de mujeres, personas gestantes, ni\u00f1os y ni\u00f1as en la primera infancia, en l\u00ednea con los compromisos de salud p\u00fablica y derechos humanos del Estado (Getty Images)<\/p>\n\n\n\n<p>El extenso proyecto de ley enviado por el presidente&nbsp;<strong>Javier Milei&nbsp;<\/strong>al Congreso, un enorme compendio de normas con 664 art\u00edculos, propone&nbsp;<strong>modificaciones fundamentales<\/strong>, entre ellas una reforma amplia a la Ley N\u00b0 27.611, conocida como<strong>&nbsp;Ley de Mil D\u00edas,<\/strong>&nbsp;de cuidado integral de la salud durante el embarazo y la primera infancia, e introduce un retoque clave a la 27.499, llamada&nbsp;<strong>Ley Micaela.<\/strong><a href=\"https:\/\/www.infobae.com\/politica\/2023\/12\/28\/ley-omnibus-los-cambios-en-la-ley-1000-dias-y-micaela-se-contradicen-con-el-aborto-legal-y-la-identidad-de-genero\/\" rel=\"noreferrer noopener\" target=\"_blank\"><\/a><\/p>\n\n\n\n<p>Las reformas m\u00e1s destacadas introducen un nuevo lenguaje, que podr\u00eda tener consecuencias en cambios en varias pol\u00edticas inclusivas que se encuentran establecidas en la legislaci\u00f3n vigente.<\/p>\n\n\n\n<p>Por un lado el proyecto de Ley \u00d3mnibus especifica que la atenci\u00f3n de los ni\u00f1os en situaci\u00f3n de vulnerabilidad comienza<strong>&nbsp;\u201cdesde su concepci\u00f3n\u201d<\/strong>. Adem\u00e1s, el proyecto elimina el t\u00e9rmino&nbsp;<strong>\u201cni\u00f1as\u201d,<\/strong>&nbsp;para referirse solamente a&nbsp;<strong>\u201cni\u00f1os\u201d&nbsp;<\/strong>y se enfoca exclusivamente en las&nbsp;<strong>\u201cmadres\u201d,<\/strong>&nbsp;apart\u00e1ndose de las expresiones&nbsp;<strong>\u201cmujeres\u201d&nbsp;<\/strong>y<strong>&nbsp;\u201cpersonas gestantes\u201d<\/strong>&nbsp;presentes en la ley actual.<\/p>\n\n\n\n<p>De esta forma, el art\u00edculo 504 del proyecto propone reemplazar el&nbsp;<strong>art\u00edculo 1\u00b0 de la Ley de Mil D\u00edas<\/strong>. La nueva redacci\u00f3n busca fortalecer el cuidado de las madres vulnerables y los ni\u00f1os&nbsp;<strong>desde su concepci\u00f3n hasta los tres a\u00f1os,<\/strong>&nbsp;con el objetivo de reducir la morbimortalidad materno-infantil y la malnutrici\u00f3n, adem\u00e1s de fomentar el desarrollo emocional y f\u00edsico.<\/p>\n\n\n\n<p><img loading=\"lazy\" decoding=\"async\" alt=\"El proyecto introduce un retoque clave a la 27.499, conocida como Ley Micaela (iStock)\" height=\"1080\" width=\"1920\" src=\"https:\/\/www.infobae.com\/new-resizer\/6Cw5vFFrtpYAu5kpvpihcibvp5g=\/420x236\/filters:format(webp):quality(85)\/cloudfront-us-east-1.images.arcpublishing.com\/infobae\/CB3OFDZ3BVGCVGSU7ESQJTBVCQ.jpg%20420w\" srcset=\"https:\/\/www.infobae.com\/new-resizer\/6Cw5vFFrtpYAu5kpvpihcibvp5g=\/420x236\/filters:format(webp):quality(85)\/cloudfront-us-east-1.images.arcpublishing.com\/infobae\/CB3OFDZ3BVGCVGSU7ESQJTBVCQ.jpg 420w,https:\/\/www.infobae.com\/new-resizer\/5KakDWzbNwrLIZhqRmTXBcUSUuM=\/768x432\/filters:format(webp):quality(85)\/cloudfront-us-east-1.images.arcpublishing.com\/infobae\/CB3OFDZ3BVGCVGSU7ESQJTBVCQ.jpg 768w,https:\/\/www.infobae.com\/new-resizer\/rcbKR8Er86ZCw66UQ29ZyKnVhP8=\/992x558\/filters:format(webp):quality(85)\/cloudfront-us-east-1.images.arcpublishing.com\/infobae\/CB3OFDZ3BVGCVGSU7ESQJTBVCQ.jpg 992w,https:\/\/www.infobae.com\/new-resizer\/T4wgWgB9uioiyCVEPkOfarJ2EiQ=\/1200x675\/filters:format(webp):quality(85)\/cloudfront-us-east-1.images.arcpublishing.com\/infobae\/CB3OFDZ3BVGCVGSU7ESQJTBVCQ.jpg 1200w,https:\/\/www.infobae.com\/new-resizer\/_g8zHP4y5CSAFzO6uxjnrLd_wHg=\/1440x810\/filters:format(webp):quality(85)\/cloudfront-us-east-1.images.arcpublishing.com\/infobae\/CB3OFDZ3BVGCVGSU7ESQJTBVCQ.jpg 1440w\">El proyecto introduce un retoque clave a la 27.499, conocida como Ley Micaela (iStock)<\/p>\n\n\n\n<p>Mientras tanto el<strong>\u00a0art\u00edculo 1\u00b0 actual\u00a0<\/strong>\u2014que se busca modificar\u2014 destaca el fortalecimiento del cuidado de la salud y la vida de\u00a0<strong>mujeres, personas gestantes, ni\u00f1os y ni\u00f1as\u00a0<\/strong>en la primera infancia, en l\u00ednea con los compromisos de salud p\u00fablica y derechos humanos del Estado. Tambi\u00e9n incluye aspectos como la reducci\u00f3n de mortalidad y malnutrici\u00f3n, la estimulaci\u00f3n de v\u00ednculos tempranos y el desarrollo integral, as\u00ed como la\u00a0<strong>prevenci\u00f3n de la violencia como parte de su objetivo.<\/strong><a href=\"https:\/\/www.infobae.com\/salud\/2023\/12\/28\/los-cambios-en-salud-mental-de-la-ley-omnibus-incluyen-un-antiguo-reclamo-de-las-familias-por-las-internaciones-involuntarias\/\" target=\"_blank\" rel=\"noreferrer noopener\"><\/a><a href=\"https:\/\/www.infobae.com\/salud\/2023\/12\/28\/los-cambios-en-salud-mental-de-la-ley-omnibus-incluyen-un-antiguo-reclamo-de-las-familias-por-las-internaciones-involuntarias\/\" target=\"_blank\" rel=\"noreferrer noopener\"><\/a><\/p>\n\n\n\n<p>Sobre este aspecto de la ley se pronunci\u00f3 la m\u00e9dica pediatra&nbsp;<strong>Sandra Tirado<\/strong>, quien fue hasta el pasado 9 de diciembre Secretaria de Acceso a la Salud del Ministerio de Salud de la Naci\u00f3n. Ante la nueva redacci\u00f3n que el gobierno pretende sancionar la especialista se\u00f1al\u00f3 en un hilo que public\u00f3 en su cuenta de la red X: \u201cSe suprime en toda la redacci\u00f3n a las personas con capacidad de gestar.&nbsp;<strong>\u00bfEsto quiere decir que no tendr\u00e1n los derechos de la ley?<\/strong><\/p>\n\n\n\n<p>Por otra parte, tambi\u00e9n llam\u00f3 la atenci\u00f3n acerca de la modificaci\u00f3n del \u201ccuidado de ni\u00f1as y ni\u00f1os durante la primera infancia por el cuidado del ni\u00f1o desde su concepci\u00f3n\u201d y se pregunt\u00f3: \u201c<strong>\u00bfEsto genera un choque con la Ley IVE?\u201d&nbsp;<\/strong>(interrupci\u00f3n voluntaria del embarazo).<\/p>\n\n\n\n<p>La Ley de Mil D\u00edas se aprob\u00f3 un\u00e1nimemente en el Senado el&nbsp;<strong>30 de diciembre de 2020,<\/strong>&nbsp;poco despu\u00e9s de la hist\u00f3rica sanci\u00f3n del<strong>&nbsp;aborto legal&nbsp;<\/strong>en Argentina. Esta norma busc\u00f3 reforzar la protecci\u00f3n en situaciones espec\u00edficas de vulnerabilidad, incluyendo a ni\u00f1as y ni\u00f1os con necesidades especiales en sus primeros a\u00f1os, personas con embarazos de alto riesgo, mujeres y personas gestantes en situaciones de violencia por razones de g\u00e9nero, y adolescentes embarazadas.<\/p>\n\n\n\n<p><img loading=\"lazy\" decoding=\"async\" alt=\"El extenso proyecto de ley enviado por el presidente Javier Milei al Congreso, un enorme compendio de normas con 664 art\u00edculos, propone modificaciones fundamentales, entre ellas una reforma amplia a la Ley N\u00b0 27.611, conocida como Ley de Mil D\u00edas, de cuidado integral de la salud durante el embarazo y la primera infancia\" height=\"4912\" width=\"7360\" src=\"https:\/\/www.infobae.com\/new-resizer\/iYBnPfTbr4qtaLVfkYacXrefdqo=\/420x280\/filters:format(webp):quality(85)\/cloudfront-us-east-1.images.arcpublishing.com\/infobae\/GQOTU6YG2NAUNMKXIVCSNI4VJU.jpg%20420w\" srcset=\"https:\/\/www.infobae.com\/new-resizer\/iYBnPfTbr4qtaLVfkYacXrefdqo=\/420x280\/filters:format(webp):quality(85)\/cloudfront-us-east-1.images.arcpublishing.com\/infobae\/GQOTU6YG2NAUNMKXIVCSNI4VJU.jpg 420w,https:\/\/www.infobae.com\/new-resizer\/Rj4g-WnwtzDwYKw36Z_Q59on-OA=\/768x512\/filters:format(webp):quality(85)\/cloudfront-us-east-1.images.arcpublishing.com\/infobae\/GQOTU6YG2NAUNMKXIVCSNI4VJU.jpg 768w,https:\/\/www.infobae.com\/new-resizer\/Y-_F8UmIaTS7TK9Fvi2P5nUeA9E=\/992x661\/filters:format(webp):quality(85)\/cloudfront-us-east-1.images.arcpublishing.com\/infobae\/GQOTU6YG2NAUNMKXIVCSNI4VJU.jpg 992w,https:\/\/www.infobae.com\/new-resizer\/ewspnHVzi6znRBzaRcxdrR1v5-o=\/1200x800\/filters:format(webp):quality(85)\/cloudfront-us-east-1.images.arcpublishing.com\/infobae\/GQOTU6YG2NAUNMKXIVCSNI4VJU.jpg 1200w,https:\/\/www.infobae.com\/new-resizer\/qCSgn-2OLDWHL_21ZoajI1D5iqg=\/1440x960\/filters:format(webp):quality(85)\/cloudfront-us-east-1.images.arcpublishing.com\/infobae\/GQOTU6YG2NAUNMKXIVCSNI4VJU.jpg 1440w\">El extenso proyecto de ley enviado por el presidente Javier Milei al Congreso, un enorme compendio de normas con 664 art\u00edculos, propone modificaciones fundamentales, entre ellas una reforma amplia a la Ley N\u00b0 27.611, conocida como Ley de Mil D\u00edas, de cuidado integral de la salud durante el embarazo y la primera infancia<\/p>\n\n\n\n<p>As\u00ed, textualmente el art\u00edculo 504 del proyecto indica: \u201cSustit\u00fayese el art\u00edculo 1\u00b0 de la Ley N\u00b0 27.611 de Mil D\u00edas, por el siguiente: \u201cART\u00cdCULO 1\u00b0.- Objeto: La presente ley tiene por objeto fortalecer el cuidado integral de la salud de las madres en situaci\u00f3n de vulnerabilidad y de los ni\u00f1os&nbsp;<strong>desde el momento de su concepci\u00f3n<\/strong>&nbsp;hasta los tres a\u00f1os; con el fin de reducir la morbimortalidad materno e infantil, la malnutrici\u00f3n y desnutrici\u00f3n, la protecci\u00f3n y estimulaci\u00f3n de los v\u00ednculos tempranos, y el desarrollo f\u00edsico y emocional\u201d.<a href=\"https:\/\/www.infobae.com\/salud\/2023\/12\/28\/los-efectos-cardiacos-de-la-presion-arterial-alta-durante-el-embarazo-podrian-persistir\/\" rel=\"noreferrer noopener\" target=\"_blank\"><\/a><\/p>\n\n\n\n<p><a href=\"https:\/\/www.infobae.com\/salud\/2023\/12\/28\/los-efectos-cardiacos-de-la-presion-arterial-alta-durante-el-embarazo-podrian-persistir\/\" target=\"_blank\" rel=\"noreferrer noopener\"><\/a><\/p>\n\n\n\n<p>En tanto, el Art\u00edculo 1\u00b0 de la norma vigente indica: \u201cObjeto. La presente ley tiene por objeto fortalecer el cuidado integral de la salud y la vida de las&nbsp;<strong>mujeres y otras personas gestantes,<\/strong>&nbsp;y de los&nbsp;<strong>ni\u00f1os y las ni\u00f1as en la primera infancia,<\/strong>&nbsp;en cumplimiento de los compromisos asumidos por el Estado en materia de salud p\u00fablica y derechos humanos de las mujeres y personas con otras identidades de g\u00e9nero con capacidad de gestar, y de sus hijos e hijas, con el fin de reducir la mortalidad, la mal nutrici\u00f3n y la desnutrici\u00f3n, proteger y estimular los v\u00ednculos tempranos, el desarrollo f\u00edsico y emocional y la salud de manera integral, y<strong>&nbsp;prevenir la violencia<\/strong>\u201d.<\/p>\n\n\n\n<p>El proyecto pone en cuesti\u00f3n la amplitud y la inclusividad de la Ley 27.611, que aborda una&nbsp;<strong>gama m\u00e1s amplia de identidades de g\u00e9nero y considera la prevenci\u00f3n de la violencia&nbsp;<\/strong>como parte de su objetivo para centrarse ahora en un concepto m\u00e1s estrecho que son las&nbsp;<strong>madres<\/strong>&nbsp;en situaci\u00f3n de vulnerabilidad y los ni\u00f1os desde la concepci\u00f3n hasta los tres a\u00f1os.<\/p>\n\n\n\n<p><img loading=\"lazy\" decoding=\"async\" alt=\"Entre las modificaciones m\u00e1s destacadas en lo que se refiere a los cuidados de los ni\u00f1os podr\u00eda aparecer a primera vista como una cuesti\u00f3n de lenguaje, pero que podr\u00eda imponer un cambio en varias pol\u00edticas inclusivas que se encuentran establecidas en la legislaci\u00f3n vigente\" height=\"1414\" width=\"2121\" src=\"https:\/\/www.infobae.com\/new-resizer\/19_l6CzcuV475bDbzhhjGrhGIfc=\/420x280\/filters:format(webp):quality(85)\/cloudfront-us-east-1.images.arcpublishing.com\/infobae\/AQ366IQWSZC57ANILN6YXQB6SU.jpg%20420w\" srcset=\"https:\/\/www.infobae.com\/new-resizer\/19_l6CzcuV475bDbzhhjGrhGIfc=\/420x280\/filters:format(webp):quality(85)\/cloudfront-us-east-1.images.arcpublishing.com\/infobae\/AQ366IQWSZC57ANILN6YXQB6SU.jpg 420w,https:\/\/www.infobae.com\/new-resizer\/fpVugbSl3stazD6aOZESRzrOyoc=\/768x512\/filters:format(webp):quality(85)\/cloudfront-us-east-1.images.arcpublishing.com\/infobae\/AQ366IQWSZC57ANILN6YXQB6SU.jpg 768w,https:\/\/www.infobae.com\/new-resizer\/fjuo3qvIHpomK5fQbwR1sznr_9U=\/992x661\/filters:format(webp):quality(85)\/cloudfront-us-east-1.images.arcpublishing.com\/infobae\/AQ366IQWSZC57ANILN6YXQB6SU.jpg 992w,https:\/\/www.infobae.com\/new-resizer\/XTWfDjpbDeOw3BL2SzdxbTQtxvk=\/1200x800\/filters:format(webp):quality(85)\/cloudfront-us-east-1.images.arcpublishing.com\/infobae\/AQ366IQWSZC57ANILN6YXQB6SU.jpg 1200w,https:\/\/www.infobae.com\/new-resizer\/zKz5kWSsplkvjeYMhdZ8cLl4Cxk=\/1440x960\/filters:format(webp):quality(85)\/cloudfront-us-east-1.images.arcpublishing.com\/infobae\/AQ366IQWSZC57ANILN6YXQB6SU.jpg 1440w\">Entre las modificaciones m\u00e1s destacadas en lo que se refiere a los cuidados de los ni\u00f1os podr\u00eda aparecer a primera vista como una cuesti\u00f3n de lenguaje, pero que podr\u00eda imponer un cambio en varias pol\u00edticas inclusivas que se encuentran establecidas en la legislaci\u00f3n vigente<\/p>\n\n\n\n<p>Tirado tambi\u00e9n llam\u00f3 la atenci\u00f3n acerca de la discontinuidad del \u201crol rector y de monitoreo que llevaba a cabo la<strong>&nbsp;Unidad Coordinadora,&nbsp;<\/strong>en trabajo intersectorial con otras \u00e1reas del gobierno nacional y con las provincias\u201d y que la nueva ley pretende modificar. \u201cLa autoridad de aplicaci\u00f3n sale del Ministerio de Salud, que coordinaba todo a nivel federal\u201d, indic\u00f3.<\/p>\n\n\n\n<p>Por eso, tras recordar \u201clas mejoras conseguidas\u201d en el \u00e1rea de cuidado del embarazo y la primera infancia, pidi\u00f3 a las autoridades que den<strong>&nbsp;\u201crespuestas\u201d<\/strong>&nbsp;a las dudas que deja el proyecto. \u201cUna ley de tan amplio consenso requiere de la continuidad en las pol\u00edticas p\u00fablicas para garantizar los logros conseguidos\u201d, cerr\u00f3.<\/p>\n\n\n\n<h2 class=\"wp-block-heading\">Ley Micaela<\/h2>\n\n\n\n<p>La&nbsp;<strong>Ley Micaela,&nbsp;<\/strong>oficialmente conocida como Ley 27.499, fue promulgada el 10 de enero de 2019 y establece la<strong>&nbsp;capacitaci\u00f3n obligatoria en g\u00e9nero y violencia de g\u00e9nero<\/strong>&nbsp;para&nbsp;<strong>todas las personas que se desempe\u00f1an en la funci\u00f3n p\u00fablica, en los poderes Ejecutivo, Legislativo y Judicial de la Naci\u00f3n.&nbsp;<\/strong>La ley lleva el nombre de Micaela Garc\u00eda, la joven entrerriana de 21 a\u00f1os, que fue brutalmente asesinada por un hombre que hab\u00eda sido condenado en dos ocasiones por violaci\u00f3n, pero hab\u00eda sido liberado antes de cumplir la totalidad de su pena, en una decisi\u00f3n judicial que gener\u00f3 en su momento una gran controversia.<\/p>\n\n\n\n<p><img loading=\"lazy\" decoding=\"async\" alt=\"El proyecto pone en cuesti\u00f3n la amplitud y la inclusividad de la Ley 27.611, que aborda una gama m\u00e1s amplia de identidades de g\u00e9nero y considera la prevenci\u00f3n de la violencia (@bebesymas)\" height=\"333\" width=\"500\" src=\"https:\/\/www.infobae.com\/new-resizer\/holKx82hqf1gMjjxAEOXsu0ifYc=\/420x280\/filters:format(webp):quality(85)\/cloudfront-us-east-1.images.arcpublishing.com\/infobae\/NICXV7LZW5AXTAZL2MYUIJRSCU.jpg%20420w\" srcset=\"https:\/\/www.infobae.com\/new-resizer\/holKx82hqf1gMjjxAEOXsu0ifYc=\/420x280\/filters:format(webp):quality(85)\/cloudfront-us-east-1.images.arcpublishing.com\/infobae\/NICXV7LZW5AXTAZL2MYUIJRSCU.jpg 420w,https:\/\/www.infobae.com\/new-resizer\/BesCAidU6pEQ1YJ9cjtOfOCYkts=\/768x512\/filters:format(webp):quality(85)\/cloudfront-us-east-1.images.arcpublishing.com\/infobae\/NICXV7LZW5AXTAZL2MYUIJRSCU.jpg 768w,https:\/\/www.infobae.com\/new-resizer\/NGupcUXWJIElOS1f4B-x03jSFSM=\/992x661\/filters:format(webp):quality(85)\/cloudfront-us-east-1.images.arcpublishing.com\/infobae\/NICXV7LZW5AXTAZL2MYUIJRSCU.jpg 992w,https:\/\/www.infobae.com\/new-resizer\/iOWu1YlHjArWx4HyR6On41DUE1c=\/1200x800\/filters:format(webp):quality(85)\/cloudfront-us-east-1.images.arcpublishing.com\/infobae\/NICXV7LZW5AXTAZL2MYUIJRSCU.jpg 1200w,https:\/\/www.infobae.com\/new-resizer\/svS3AaA8Zu3SFtX_LYY5iLPv6rg=\/1440x960\/filters:format(webp):quality(85)\/cloudfront-us-east-1.images.arcpublishing.com\/infobae\/NICXV7LZW5AXTAZL2MYUIJRSCU.jpg 1440w\">El proyecto pone en cuesti\u00f3n la amplitud y la inclusividad de la Ley 27.611, que aborda una gama m\u00e1s amplia de identidades de g\u00e9nero y considera la prevenci\u00f3n de la violencia (@bebesymas)<\/p>\n\n\n\n<p>Una de las consecuencias del conmocionante crimen de Micaela, ocurrido en abril de 2017, fue la sanci\u00f3n de la ley que lleva su nombre, que establece que todos los funcionarios de la administraci\u00f3n p\u00fablica nacional sean dotados de herramientas para identificar las desigualdades de g\u00e9nero y elaborar estrategias para su erradicaci\u00f3n.<\/p>\n\n\n\n<p>El gobierno busca sustituir el art\u00edculo primero de la norma que establece qui\u00e9nes deben ser capacitados. Dice as\u00ed: \u201cReforma Ley N\u00b0 27.499 LEY MICAELA ART\u00cdCULO 535.- Sustit\u00fayese el art\u00edculo 1\u00b0 de la Ley N\u00b0 27.499 por el siguiente: \u201cART\u00cdCULO 1\u00b0.- Se establece la capacitaci\u00f3n obligatoria en la tem\u00e1tica violencia familiar y contra la mujer, para todas las personas que se desempe\u00f1en en la funci\u00f3n p\u00fablica en los&nbsp;<strong>organismos competentes en la materia<\/strong>\u201d.<\/p>\n\n\n\n<p>En tanto, la ley vigente indica en su art\u00edculo primero: \u201cEstabl\u00e9cese la capacitaci\u00f3n obligatoria en la tem\u00e1tica de g\u00e9nero y violencia contra las mujeres para<strong>\u00a0todas las personas que se desempe\u00f1en en la funci\u00f3n p\u00fablica en todos sus niveles y jerarqu\u00edas en los poderes Ejecutivo, Legislativo y Judicial de la Naci\u00f3n.<\/strong><\/p>\n\n\n\n<p>Fuente: https:\/\/www.infobae.com\/salud\/2023\/12\/29\/que-propone-la-ley-omnibus-en-el-cuidado-del-embarazo-la-primera-infancia-y-la-violencia-de-genero\/<\/p>\n","protected":false},"excerpt":{"rendered":"<p>El proyecto del gobierno modifica aspectos de la Ley de Mil D\u00edas y de la Ley Micaela. Entre los cambios que pueden ser cuestionados en el Congreso se encuentran la eliminaci\u00f3n de las expresiones \u201cpersonas gestantes\u201d y la inclusi\u00f3n del concepto de \u201cni\u00f1o desde su concepci\u00f3n\u201d El art\u00edculo 1\u00b0 actual \u2014que se busca modificar\u2014 destaca [&hellip;]<\/p>\n","protected":false},"author":3,"featured_media":568,"comment_status":"open","ping_status":"open","sticky":false,"template":"","format":"standard","meta":{"footnotes":""},"categories":[11,13,12],"tags":[315,316,314,317],"class_list":["post-567","post","type-post","status-publish","format-standard","has-post-thumbnail","hentry","category-agenda","category-politica","category-sociedad","tag-embarazo","tag-la-primera-infancia","tag-ley-omnibus","tag-violencia-de-genero"],"_links":{"self":[{"href":"https:\/\/noticiassaludables.com.ar\/index.php?rest_route=\/wp\/v2\/posts\/567","targetHints":{"allow":["GET"]}}],"collection":[{"href":"https:\/\/noticiassaludables.com.ar\/index.php?rest_route=\/wp\/v2\/posts"}],"about":[{"href":"https:\/\/noticiassaludables.com.ar\/index.php?rest_route=\/wp\/v2\/types\/post"}],"author":[{"embeddable":true,"href":"https:\/\/noticiassaludables.com.ar\/index.php?rest_route=\/wp\/v2\/users\/3"}],"replies":[{"embeddable":true,"href":"https:\/\/noticiassaludables.com.ar\/index.php?rest_route=%2Fwp%2Fv2%2Fcomments&post=567"}],"version-history":[{"count":1,"href":"https:\/\/noticiassaludables.com.ar\/index.php?rest_route=\/wp\/v2\/posts\/567\/revisions"}],"predecessor-version":[{"id":569,"href":"https:\/\/noticiassaludables.com.ar\/index.php?rest_route=\/wp\/v2\/posts\/567\/revisions\/569"}],"wp:featuredmedia":[{"embeddable":true,"href":"https:\/\/noticiassaludables.com.ar\/index.php?rest_route=\/wp\/v2\/media\/568"}],"wp:attachment":[{"href":"https:\/\/noticiassaludables.com.ar\/index.php?rest_route=%2Fwp%2Fv2%2Fmedia&parent=567"}],"wp:term":[{"taxonomy":"category","embeddable":true,"href":"https:\/\/noticiassaludables.com.ar\/index.php?rest_route=%2Fwp%2Fv2%2Fcategories&post=567"},{"taxonomy":"post_tag","embeddable":true,"href":"https:\/\/noticiassaludables.com.ar\/index.php?rest_route=%2Fwp%2Fv2%2Ftags&post=567"}],"curies":[{"name":"wp","href":"https:\/\/api.w.org\/{rel}","templated":true}]}}