{"id":573,"date":"2024-01-02T10:25:25","date_gmt":"2024-01-02T13:25:25","guid":{"rendered":"https:\/\/noticiassaludables.com.ar\/?p=573"},"modified":"2024-01-02T10:25:26","modified_gmt":"2024-01-02T13:25:26","slug":"el-rol-de-las-siestas-durante-el-dia-en-el-bienestar","status":"publish","type":"post","link":"https:\/\/noticiassaludables.com.ar\/?p=573","title":{"rendered":"El rol de las siestas durante el d\u00eda en el bienestar"},"content":{"rendered":"\n<h2 class=\"wp-block-heading\">De acuerdo a diferentes estudios, entre los principales puntos se destacan su influencia positiva en la salud mental y las habilidades sociales. Qu\u00e9 impacto puede tener en el organismo<\/h2>\n\n\n\n<p>PorDiego Dur\u00e1n<\/p>\n\n\n\n<p>02 Ene, 2024 02:00 a.m. AR<\/p>\n\n\n\n<p>Compartir<\/p>\n\n\n\n<p><img loading=\"lazy\" decoding=\"async\" alt=\"Las siestas son aportan beneficios a la salud, en especial a las mujeres de edad madura, de acuerdo a un reciente estudio. (Getty Images).\" height=\"1080\" width=\"1920\" src=\"https:\/\/www.infobae.com\/new-resizer\/k9qI4LNU4rnHLnEMV7SiqQL1d2M=\/420x236\/filters:format(webp):quality(85)\/cloudfront-us-east-1.images.arcpublishing.com\/infobae\/X4IWC6SKDVHB5FFTNATR7NF45E.jpg%20420w\" srcset=\"https:\/\/www.infobae.com\/new-resizer\/k9qI4LNU4rnHLnEMV7SiqQL1d2M=\/420x236\/filters:format(webp):quality(85)\/cloudfront-us-east-1.images.arcpublishing.com\/infobae\/X4IWC6SKDVHB5FFTNATR7NF45E.jpg 420w,https:\/\/www.infobae.com\/new-resizer\/PlOWV_ANoGXuTWgyiWD9ZMY9gwY=\/768x432\/filters:format(webp):quality(85)\/cloudfront-us-east-1.images.arcpublishing.com\/infobae\/X4IWC6SKDVHB5FFTNATR7NF45E.jpg 768w,https:\/\/www.infobae.com\/new-resizer\/XCUX8NaZq7846O2f7p_qIw-onR8=\/992x558\/filters:format(webp):quality(85)\/cloudfront-us-east-1.images.arcpublishing.com\/infobae\/X4IWC6SKDVHB5FFTNATR7NF45E.jpg 992w,https:\/\/www.infobae.com\/new-resizer\/7hvUtwrTh0QIF_kquNY4yge12NY=\/1200x675\/filters:format(webp):quality(85)\/cloudfront-us-east-1.images.arcpublishing.com\/infobae\/X4IWC6SKDVHB5FFTNATR7NF45E.jpg 1200w,https:\/\/www.infobae.com\/new-resizer\/fSDgovLA2FVQeQbHqtqpUrdpFLk=\/1440x810\/filters:format(webp):quality(85)\/cloudfront-us-east-1.images.arcpublishing.com\/infobae\/X4IWC6SKDVHB5FFTNATR7NF45E.jpg 1440w\">Las siestas son aportan beneficios a la salud, en especial a las mujeres de edad madura, de acuerdo a un reciente estudio. (Getty Images).<\/p>\n\n\n\n<p>Una de las&nbsp;<strong>mejores fuentes de bienestar<\/strong>&nbsp;es disfrutar de un&nbsp;<strong>sue\u00f1o reparador<\/strong>&nbsp;que mantenga al organismo en condiciones saludables para realizar las actividades diarias. Contar con al menos ocho horas de&nbsp;<strong>descanso continuo<\/strong>&nbsp;ayuda al cerebro a recuperarse del&nbsp;<strong>estr\u00e9s cotidiano<\/strong>, reduce el riesgo de desarrollar&nbsp;<strong>presi\u00f3n arterial alta<\/strong>&nbsp;con el tiempo y previene la obesidad, seg\u00fan los&nbsp;<strong>Institutos Nacionales de la Salud<\/strong>&nbsp;de&nbsp;<strong>Estados Unidos (NIH)<\/strong>.<a href=\"https:\/\/www.infobae.com\/salud\/2023\/12\/31\/balance-emocional-como-impacta-el-fin-de-ano-en-nuestros-sentimientos\/\" rel=\"noreferrer noopener\" target=\"_blank\"><\/a><\/p>\n\n\n\n<figure class=\"wp-block-image\"><a href=\"https:\/\/www.infobae.com\/salud\/2023\/12\/31\/balance-emocional-como-impacta-el-fin-de-ano-en-nuestros-sentimientos\/\" target=\"_blank\" rel=\"noreferrer noopener\"><img decoding=\"async\" src=\"https:\/\/www.infobae.com\/new-resizer\/uA99P1RUHDS9MRYNvvCCDRupDy0=\/265x149\/filters:format(webp):quality(85)\/cloudfront-us-east-1.images.arcpublishing.com\/infobae\/HP2M4WVKL5DY7NIWOLGOUKK4QQ.jpg%20265w\" alt=\"Persona reflexionando junto al \u00e1rbol de Navidad, buscando paz interior en diciembre - (Imagen Ilustrativa Infobae)\"\/><\/a><\/figure>\n\n\n\n<p><a href=\"https:\/\/www.infobae.com\/salud\/2023\/12\/31\/balance-emocional-como-impacta-el-fin-de-ano-en-nuestros-sentimientos\/\" rel=\"noreferrer noopener\" target=\"_blank\">Te puede interesar:<strong>Balance emocional: c\u00f3mo impacta el Fin de A\u00f1o en nuestros sentimientos<\/strong><\/a><a href=\"https:\/\/www.infobae.com\/salud\/2023\/12\/31\/balance-emocional-como-impacta-el-fin-de-ano-en-nuestros-sentimientos\/\" rel=\"noreferrer noopener\" target=\"_blank\"><\/a><\/p>\n\n\n\n<p>Las personas que duermen per\u00edodos insuficientes para recuperarse de las exigencias diarias tienden a experimentar problemas para&nbsp;<strong>combatir infecciones<\/strong>, presentan enfermedades cardiovasculares, obesidad y corren el peligro de sufrir un&nbsp;<strong>accidente cerebrovascular<\/strong>. Por ello, es importante contar con una forma de recuperar las horas de sue\u00f1o y lograr un descanso reparador.<\/p>\n\n\n\n<p>Una forma com\u00fan de compensar las noches en vela es tomar&nbsp;<strong>siestas<\/strong>. Al descansar durante las tardes, las personas experimentan&nbsp;<strong>beneficios en su calidad de vida<\/strong>. No obstante, los efectos pueden variar dependiendo de qu\u00e9 edad se tenga, incluso presentando&nbsp;<strong>repercusiones diferentes<\/strong>&nbsp;en la salud de mujeres y hombres.<\/p>\n\n\n\n<h2 class=\"wp-block-heading\">Las siestas compensatorias tienen una mayor beneficio en mujeres<\/h2>\n\n\n\n<p><img loading=\"lazy\" decoding=\"async\" alt=\"En comparaci\u00f3n con las mujeres de mediana edad, las j\u00f3venes tienen menos beneficios al tomar siestas de dos horas y la compensaci\u00f3n de sue\u00f1o es mucho menor,  seg\u00fan el estudio. (Imagen Ilustrativa Infobae).\" height=\"816\" width=\"1456\" src=\"https:\/\/www.infobae.com\/new-resizer\/e0wcWH6RFyxW1lHayKGaDbJcHXc=\/420x236\/filters:format(webp):quality(85)\/cloudfront-us-east-1.images.arcpublishing.com\/infobae\/VTRMOIWZUJH7BGZAVOIXV5M454.jpg%20420w\" srcset=\"https:\/\/www.infobae.com\/new-resizer\/e0wcWH6RFyxW1lHayKGaDbJcHXc=\/420x236\/filters:format(webp):quality(85)\/cloudfront-us-east-1.images.arcpublishing.com\/infobae\/VTRMOIWZUJH7BGZAVOIXV5M454.jpg 420w,https:\/\/www.infobae.com\/new-resizer\/FzsyxVUWeni72k5MdTGaTFX7b4s=\/768x432\/filters:format(webp):quality(85)\/cloudfront-us-east-1.images.arcpublishing.com\/infobae\/VTRMOIWZUJH7BGZAVOIXV5M454.jpg 768w,https:\/\/www.infobae.com\/new-resizer\/cJ3YcWG2hFaPesTThFZtRFMaMwI=\/992x558\/filters:format(webp):quality(85)\/cloudfront-us-east-1.images.arcpublishing.com\/infobae\/VTRMOIWZUJH7BGZAVOIXV5M454.jpg 992w,https:\/\/www.infobae.com\/new-resizer\/wGaUDBchXgf1EBsWwgIPwfkg0K4=\/1200x675\/filters:format(webp):quality(85)\/cloudfront-us-east-1.images.arcpublishing.com\/infobae\/VTRMOIWZUJH7BGZAVOIXV5M454.jpg 1200w,https:\/\/www.infobae.com\/new-resizer\/sVEv3cZMuMX6QiE_WF5RRlsQTUI=\/1440x810\/filters:format(webp):quality(85)\/cloudfront-us-east-1.images.arcpublishing.com\/infobae\/VTRMOIWZUJH7BGZAVOIXV5M454.jpg 1440w\">En comparaci\u00f3n con las mujeres de mediana edad, las j\u00f3venes tienen menos beneficios al tomar siestas de dos horas y la compensaci\u00f3n de sue\u00f1o es mucho menor, seg\u00fan el estudio. (Imagen Ilustrativa Infobae).<\/p>\n\n\n\n<p>Un estudio publicado en&nbsp;<a rel=\"noreferrer noopener\" href=\"https:\/\/www.nature.com\/articles\/s41598-023-47244-z\" target=\"_blank\"><em>Scientific Reports<\/em><\/a>&nbsp;identific\u00f3 una&nbsp;<strong>asociaci\u00f3n<\/strong>&nbsp;entre la duraci\u00f3n compensatoria de&nbsp;<strong>sue\u00f1o en fin de semana (WCUS)<\/strong>&nbsp;y la&nbsp;<strong>calidad de vida relacionada con la salud (CVRS)<\/strong>&nbsp;en&nbsp;<strong>mujeres de mediana edad<\/strong>. En particular, aquellas que&nbsp;<strong>duermen m\u00e1s horas<\/strong>&nbsp;durante el&nbsp;<strong>fin de semana<\/strong>&nbsp;tienen m\u00e1s&nbsp;<strong>beneficios en comparaci\u00f3n<\/strong>&nbsp;con los&nbsp;<strong>varones<\/strong>.<a href=\"https:\/\/www.infobae.com\/salud\/2023\/12\/28\/consejos-para-conciliar-el-sueno-tras-despertar-a-mitad-de-la-noche\/\" rel=\"noreferrer noopener\" target=\"_blank\"><\/a><\/p>\n\n\n\n<p><a href=\"https:\/\/www.infobae.com\/salud\/2023\/12\/28\/consejos-para-conciliar-el-sueno-tras-despertar-a-mitad-de-la-noche\/\" rel=\"noreferrer noopener\" target=\"_blank\">Te puede interesar:<strong>Consejos para conciliar el sue\u00f1o tras despertar a mitad de la noche<\/strong><\/a><a href=\"https:\/\/www.infobae.com\/salud\/2023\/12\/28\/consejos-para-conciliar-el-sueno-tras-despertar-a-mitad-de-la-noche\/\" rel=\"noreferrer noopener\" target=\"_blank\"><\/a><\/p>\n\n\n\n<p>Al tomar&nbsp;<strong>siestas de una a dos horas<\/strong>&nbsp;durante el&nbsp;<strong>fin de semana<\/strong>, obtuvieron mejoras en \u00e1reas como el&nbsp;<strong>bienestar psicol\u00f3gico,<\/strong>&nbsp;con una&nbsp;<strong>reducci\u00f3n en ansiedad y depresi\u00f3n<\/strong>, y en las&nbsp;<strong>actividades cotidianas<\/strong>. Sin embargo, periodos m\u00e1s&nbsp;<strong>largos de sue\u00f1o<\/strong>&nbsp;estuvieron vinculados con una&nbsp;<strong>disminuci\u00f3n en la capacidad<\/strong>&nbsp;de&nbsp;<strong>autocuidado<\/strong>. Estos hallazgos sugieren que se necesitan&nbsp;<strong>recomendaciones personalizadas<\/strong>&nbsp;de&nbsp;<strong>duraciones de sue\u00f1o<\/strong>&nbsp;compensatorio durante el&nbsp;<strong>fin de semana<\/strong>, en funci\u00f3n de la&nbsp;<strong>edad<\/strong>&nbsp;y el&nbsp;<strong>g\u00e9nero<\/strong>.<\/p>\n\n\n\n<p>El&nbsp;<strong>impacto positivo<\/strong>&nbsp;de estas siestas en la&nbsp;<strong>calidad de vida<\/strong>&nbsp;podr\u00eda relacionarse con&nbsp;<strong>factores fisiol\u00f3gicos<\/strong>, como la&nbsp;<strong>variabilidad de hormonas sexuales<\/strong>&nbsp;en mujeres, y&nbsp;<strong>factores socioambientales<\/strong>&nbsp;que afectan la calidad y&nbsp;<strong>patrones de sue\u00f1o<\/strong>. A diferencia de investigaciones previas que trataban la duraci\u00f3n compensatoria de sue\u00f1o en&nbsp;<strong>fin de semana<\/strong>&nbsp;como una variable&nbsp;<strong>dicot\u00f3mica<\/strong>, este estudio destac\u00f3 una&nbsp;<strong>asociaci\u00f3n en forma de U invertida<\/strong>&nbsp;entre la&nbsp;<strong>duraci\u00f3n de las siestas<\/strong>&nbsp;y los&nbsp;<strong>aportes a la salud<\/strong>. Al respecto, los investigadores recomendaron dormir solo&nbsp;<strong>dos horas<\/strong>&nbsp;para&nbsp;<strong>mejorar el bienestar<\/strong>.<\/p>\n\n\n\n<p><img loading=\"lazy\" decoding=\"async\" alt=\" Al descansar durante las tardes, las personas experimentan beneficios en su calidad de vida\n(Imagen Ilustrativa Infobae)\" height=\"816\" width=\"1456\" src=\"https:\/\/www.infobae.com\/new-resizer\/58O5m94deaERBsWLa8ged7FfWII=\/420x236\/filters:format(webp):quality(85)\/cloudfront-us-east-1.images.arcpublishing.com\/infobae\/7QPM7YYKRZH7HC2OC6OAC3MB4A.jpg%20420w\" srcset=\"https:\/\/www.infobae.com\/new-resizer\/58O5m94deaERBsWLa8ged7FfWII=\/420x236\/filters:format(webp):quality(85)\/cloudfront-us-east-1.images.arcpublishing.com\/infobae\/7QPM7YYKRZH7HC2OC6OAC3MB4A.jpg 420w,https:\/\/www.infobae.com\/new-resizer\/nfn0vZKBXWnfP99W9nX2D1ovWcE=\/768x432\/filters:format(webp):quality(85)\/cloudfront-us-east-1.images.arcpublishing.com\/infobae\/7QPM7YYKRZH7HC2OC6OAC3MB4A.jpg 768w,https:\/\/www.infobae.com\/new-resizer\/nbfaw8Wc2qbaieSqjT22jJJZTjE=\/992x558\/filters:format(webp):quality(85)\/cloudfront-us-east-1.images.arcpublishing.com\/infobae\/7QPM7YYKRZH7HC2OC6OAC3MB4A.jpg 992w,https:\/\/www.infobae.com\/new-resizer\/yUwcdSfPnOsF9QMEVop-qUb_tLE=\/1200x675\/filters:format(webp):quality(85)\/cloudfront-us-east-1.images.arcpublishing.com\/infobae\/7QPM7YYKRZH7HC2OC6OAC3MB4A.jpg 1200w,https:\/\/www.infobae.com\/new-resizer\/l4KHijb2PGIW2RQDc3uGcPJc7YQ=\/1440x810\/filters:format(webp):quality(85)\/cloudfront-us-east-1.images.arcpublishing.com\/infobae\/7QPM7YYKRZH7HC2OC6OAC3MB4A.jpg 1440w\">Al descansar durante las tardes, las personas experimentan beneficios en su calidad de vida (Imagen Ilustrativa Infobae)<\/p>\n\n\n\n<h2 class=\"wp-block-heading\">Los riesgos en la salud al tomar siestas largas con frecuencia<\/h2>\n\n\n\n<p>Aunque la&nbsp;<strong>compensaci\u00f3n del sue\u00f1o con siestas<\/strong>&nbsp;durante el fin de semana pueda ser beneficiosa para la salud, existen algunos&nbsp;<strong>riesgos al prolongar<\/strong>&nbsp;los periodos por m\u00e1s de dos horas. Los problemas se agravan si sucede con regularidad a lo largo de una semana. Las personas que&nbsp;<strong>duermen m\u00e1s de 30 minutos<\/strong>&nbsp;con frecuencia tienen un 41% m\u00e1s de probabilidades de lidiar con&nbsp;<strong>presi\u00f3n arterial alta<\/strong>, seg\u00fan un art\u00edculo publicado en&nbsp;<a rel=\"noreferrer noopener\" href=\"https:\/\/www.nhlbi.nih.gov\/news\/2023\/researchers-study-how-daytime-naps-may-influence-health#:~:text=Longer%20naps%2C%20especially%20those%20lasting,and%20increased%20cardiovascular%20disease%20risks.\" target=\"_blank\"><em>National Heart, Lung, and Blood Institute<\/em><\/a>&nbsp;de Estados Unidos.<a href=\"https:\/\/www.infobae.com\/salud\/2023\/12\/29\/terapia-experimental-alivia-signos-y-sintomas-de-alzheimer-en-ratones\/\" rel=\"noreferrer noopener\" target=\"_blank\"><\/a><\/p>\n\n\n\n<p><a href=\"https:\/\/www.infobae.com\/salud\/2023\/12\/29\/terapia-experimental-alivia-signos-y-sintomas-de-alzheimer-en-ratones\/\" rel=\"noreferrer noopener\" target=\"_blank\">Te puede interesar:<strong>Una terapia experimental result\u00f3 efectiva para tratar el Alzheimer en ratones<\/strong><\/a><a href=\"https:\/\/www.infobae.com\/salud\/2023\/12\/29\/terapia-experimental-alivia-signos-y-sintomas-de-alzheimer-en-ratones\/\" rel=\"noreferrer noopener\" target=\"_blank\"><\/a><\/p>\n\n\n\n<p>Adem\u00e1s, se ha identificado que&nbsp;<strong>exceder el tiempo recomendado<\/strong>&nbsp;en las siestas aumenta el&nbsp;<strong>peso de una persona<\/strong>. Lo anterior suele agravarse cuando se tienen malos h\u00e1bitos como el consumo de tabaco, los horarios tard\u00edos de comida y sue\u00f1o, y una mayor&nbsp;<strong>ingesta energ\u00e9tica en el almuerzo<\/strong>, de acuerdo con las observaciones de un estudio publicado en&nbsp;<a rel=\"noreferrer noopener\" href=\"https:\/\/onlinelibrary.wiley.com\/doi\/10.1002\/oby.23765\" target=\"_blank\"><em>Wiley Online Library<\/em><\/a>.<\/p>\n\n\n\n<p>La investigaci\u00f3n muestra que los individuos que&nbsp;<strong>duermen siestas largas<\/strong>, comparados con aquellos que las evitan, viven variaciones m\u00e1s notables en indicadores de&nbsp;<strong>obesidad y s\u00edndrome metab\u00f3lico<\/strong>, como el&nbsp;<strong>\u00edndice de masa corporal (IMC)<\/strong>&nbsp;y la glucosa en sangre.&nbsp;<strong>Los periodos cortos evidencian<\/strong>&nbsp;un efecto protector contra la&nbsp;<strong>presi\u00f3n arterial elevada<\/strong>. Estos datos se vuelven especialmente relevantes al considerar que m\u00e1s de un tercio de los participantes practica el h\u00e1bito de la siesta, con un promedio de cuatro veces por semana, lo cual sugiere que estos descansos podr\u00edan tener un&nbsp;<strong>efecto de doble filo<\/strong>&nbsp;seg\u00fan su duraci\u00f3n.<\/p>\n\n\n\n<p><img loading=\"lazy\" decoding=\"async\" alt=\"Uno de los principales problemas de tomar siestas mayores a dos horas es el aumento en el riesgo de sufrir problemas cardiovasculares. (Imagen Ilustrativa Infobae).\" height=\"816\" width=\"1456\" src=\"https:\/\/www.infobae.com\/new-resizer\/WjEwHeZiL9jZyJhURvWk_2Y-wSA=\/420x236\/filters:format(webp):quality(85)\/cloudfront-us-east-1.images.arcpublishing.com\/infobae\/IIOUB7OOENA7RK2OI6EZKEVDPY.jpg%20420w\" srcset=\"https:\/\/www.infobae.com\/new-resizer\/WjEwHeZiL9jZyJhURvWk_2Y-wSA=\/420x236\/filters:format(webp):quality(85)\/cloudfront-us-east-1.images.arcpublishing.com\/infobae\/IIOUB7OOENA7RK2OI6EZKEVDPY.jpg 420w,https:\/\/www.infobae.com\/new-resizer\/qlreST8B7L2oRNksvUdKYSjfPRI=\/768x432\/filters:format(webp):quality(85)\/cloudfront-us-east-1.images.arcpublishing.com\/infobae\/IIOUB7OOENA7RK2OI6EZKEVDPY.jpg 768w,https:\/\/www.infobae.com\/new-resizer\/yXFc7XdpdFp8N6f_PajwqBCpsgw=\/992x558\/filters:format(webp):quality(85)\/cloudfront-us-east-1.images.arcpublishing.com\/infobae\/IIOUB7OOENA7RK2OI6EZKEVDPY.jpg 992w,https:\/\/www.infobae.com\/new-resizer\/n4waV1XogK0K8e7ZSx1KWG6sozs=\/1200x675\/filters:format(webp):quality(85)\/cloudfront-us-east-1.images.arcpublishing.com\/infobae\/IIOUB7OOENA7RK2OI6EZKEVDPY.jpg 1200w,https:\/\/www.infobae.com\/new-resizer\/Ix5aXrFh3ElTeRsXKSqxetxsCXc=\/1440x810\/filters:format(webp):quality(85)\/cloudfront-us-east-1.images.arcpublishing.com\/infobae\/IIOUB7OOENA7RK2OI6EZKEVDPY.jpg 1440w\">Uno de los principales problemas de tomar siestas mayores a dos horas es el aumento en el riesgo de sufrir problemas cardiovasculares. (Imagen Ilustrativa Infobae).<\/p>\n\n\n\n<p>Los resultados del estudio tambi\u00e9n registraron&nbsp;<strong>alteraciones en el sistema circadiano<\/strong>&nbsp;y la&nbsp;<strong>respuesta del cortisol<\/strong>&nbsp;al despertar (CAR) como factores relacionados con las siestas largas y el aumento de obesidad. Se observa que comportamientos como fumar y el&nbsp;<strong>tama\u00f1o de las comidas<\/strong>&nbsp;pueden modificar los niveles de cortisol y, en consecuencia, influir en la sensaci\u00f3n de hambre y la&nbsp;<strong>obesidad central<\/strong>.<\/p>\n\n\n\n<p>Para prevenir estos problemas, la investigaci\u00f3n destac\u00f3 que las&nbsp;<strong>siestas cortas, inferiores a 30 minutos<\/strong>, pueden ser m\u00e1s apropiadas para mantener un&nbsp;<strong>estado de salud \u00f3ptimo<\/strong>&nbsp;y&nbsp;<strong>reducir el riesgo cardiovascular<\/strong>, en contraposici\u00f3n a las prolongadas que pueden causar&nbsp;<strong>efectos negativos inmediatos y a largo plazo<\/strong>.<\/p>\n\n\n\n<p>En contraste, un estudio publicado en la revista&nbsp;<a rel=\"noreferrer noopener\" href=\"https:\/\/www.frontiersin.org\/articles\/10.3389\/fphys.2021.792942\/full\" target=\"_blank\"><em>Frontiers&nbsp;<\/em><\/a>pone en tensi\u00f3n la idea de \u201c<strong>dormir demasiado<\/strong>\u201d. La investigaci\u00f3n muestra que una persona joven y saludable es incapaz de mantener un patr\u00f3n de sue\u00f1o que exceda las 10 horas diarias. De acuerdo con los datos obtenidos, la&nbsp;<strong>duraci\u00f3n promedio del sue\u00f1o<\/strong>&nbsp;se sit\u00faa en poco m\u00e1s de ocho horas. Sin embargo, algunos individuos pueden oscilar entre cinco y once por noche.<\/p>\n\n\n\n<p><img loading=\"lazy\" decoding=\"async\" alt=\"Una persona sin problemas de salud es incapaz de dormir 10 horas, pues el organismo toma el tiempo que es necesario para recobrar energ\u00eda de forma natural, revel\u00f3 estudio. (Imagen Ilustrativa Infobae).\" height=\"816\" width=\"1456\" src=\"https:\/\/www.infobae.com\/new-resizer\/NRyIrFEMcwrpGcanw6fg-t8E4Ms=\/420x236\/filters:format(webp):quality(85)\/cloudfront-us-east-1.images.arcpublishing.com\/infobae\/VYBAXXIS5VB2ZHVGNWD6SKDTTU.jpg%20420w\" srcset=\"https:\/\/www.infobae.com\/new-resizer\/NRyIrFEMcwrpGcanw6fg-t8E4Ms=\/420x236\/filters:format(webp):quality(85)\/cloudfront-us-east-1.images.arcpublishing.com\/infobae\/VYBAXXIS5VB2ZHVGNWD6SKDTTU.jpg 420w,https:\/\/www.infobae.com\/new-resizer\/NFLMRg_KcOYfD6vZh2bbq_XLS7k=\/768x432\/filters:format(webp):quality(85)\/cloudfront-us-east-1.images.arcpublishing.com\/infobae\/VYBAXXIS5VB2ZHVGNWD6SKDTTU.jpg 768w,https:\/\/www.infobae.com\/new-resizer\/Jtp4VyUP4IG0SCcEIM3M0er9Dng=\/992x558\/filters:format(webp):quality(85)\/cloudfront-us-east-1.images.arcpublishing.com\/infobae\/VYBAXXIS5VB2ZHVGNWD6SKDTTU.jpg 992w,https:\/\/www.infobae.com\/new-resizer\/3jnwEEVUpWVt4eIpbVJ4Ji6cQWc=\/1200x675\/filters:format(webp):quality(85)\/cloudfront-us-east-1.images.arcpublishing.com\/infobae\/VYBAXXIS5VB2ZHVGNWD6SKDTTU.jpg 1200w,https:\/\/www.infobae.com\/new-resizer\/_vZ1zRTde_ZpOP5TDXrV6w0SX_g=\/1440x810\/filters:format(webp):quality(85)\/cloudfront-us-east-1.images.arcpublishing.com\/infobae\/VYBAXXIS5VB2ZHVGNWD6SKDTTU.jpg 1440w\">Una persona sin problemas de salud es incapaz de dormir 10 horas, pues el organismo toma el tiempo que es necesario para recobrar energ\u00eda de forma natural, revel\u00f3 estudio. (Imagen Ilustrativa Infobae).<\/p>\n\n\n\n<p>Los resultados del estudio tambi\u00e9n indicaron una&nbsp;<strong>recuperaci\u00f3n adecuada<\/strong>&nbsp;tras periodos de&nbsp;<strong>privaci\u00f3n de sue\u00f1o<\/strong>. Cuando se otorg\u00f3 a los participantes m\u00e1s tiempo para dormir, se registr\u00f3 un incremento inicial en la&nbsp;<strong>duraci\u00f3n total del sue\u00f1o<\/strong>, durante los primeros d\u00edas. Despu\u00e9s, se observ\u00f3 una disminuci\u00f3n gradual en estas m\u00e9tricas junto con un aumento de la&nbsp;<strong>latencia para dormir<\/strong>. Este patr\u00f3n sugiere que una persona podr\u00eda tener una duraci\u00f3n adecuada de sue\u00f1o a un nuevo&nbsp;<strong>punto de equilibrio<\/strong>&nbsp;tras un periodo de adaptaci\u00f3n.<\/p>\n\n\n\n<p>Por \u00faltimo, la investigaci\u00f3n concluy\u00f3 que la&nbsp;<strong>sensaci\u00f3n de somnolencia tras despertar<\/strong>&nbsp;se asocia con la&nbsp;<strong>inercia del sue\u00f1o<\/strong>, un periodo transitorio que se disipa con el tiempo. Estas conclusiones sugieren que el concepto de \u201c<strong>banco de sue\u00f1o<\/strong>\u201d probablemente muestre la compensaci\u00f3n de una previa restricci\u00f3n de descanso m\u00e1s que el dormir en exceso.<\/p>\n\n\n\n<h2 class=\"wp-block-heading\">\u00bfC\u00f3mo saber si hacen falta m\u00e1s horas de sue\u00f1o?<\/h2>\n\n\n\n<p><img loading=\"lazy\" decoding=\"async\" alt=\"Si se experimenta una sensaci\u00f3n abrumadora de cansancio y hay temor de quedarse dormido al trabajar, significa que el cuerpo necesita m\u00e1s horas de sue\u00f1o. (Imagen Ilustrativa Infobae).\" height=\"816\" width=\"1456\" src=\"https:\/\/www.infobae.com\/new-resizer\/jv2HxTAjEpikKT5NLH792WF9SJc=\/420x236\/filters:format(webp):quality(85)\/cloudfront-us-east-1.images.arcpublishing.com\/infobae\/MMRMDY2SNFCRBEEKLJIWOWHXME.jpg%20420w\" srcset=\"https:\/\/www.infobae.com\/new-resizer\/jv2HxTAjEpikKT5NLH792WF9SJc=\/420x236\/filters:format(webp):quality(85)\/cloudfront-us-east-1.images.arcpublishing.com\/infobae\/MMRMDY2SNFCRBEEKLJIWOWHXME.jpg 420w,https:\/\/www.infobae.com\/new-resizer\/1S2_lu7wxtUKa-r2PgEbudx_o3M=\/768x432\/filters:format(webp):quality(85)\/cloudfront-us-east-1.images.arcpublishing.com\/infobae\/MMRMDY2SNFCRBEEKLJIWOWHXME.jpg 768w,https:\/\/www.infobae.com\/new-resizer\/9CeWrVBKP33AdQfztCW5Ltr8-GM=\/992x558\/filters:format(webp):quality(85)\/cloudfront-us-east-1.images.arcpublishing.com\/infobae\/MMRMDY2SNFCRBEEKLJIWOWHXME.jpg 992w,https:\/\/www.infobae.com\/new-resizer\/ADv82TXAKWhskSXCmpZYV8yKffM=\/1200x675\/filters:format(webp):quality(85)\/cloudfront-us-east-1.images.arcpublishing.com\/infobae\/MMRMDY2SNFCRBEEKLJIWOWHXME.jpg 1200w,https:\/\/www.infobae.com\/new-resizer\/bU8uFx-Ks371LPGtOmnoqIU4MLQ=\/1440x810\/filters:format(webp):quality(85)\/cloudfront-us-east-1.images.arcpublishing.com\/infobae\/MMRMDY2SNFCRBEEKLJIWOWHXME.jpg 1440w\">Si se experimenta una sensaci\u00f3n abrumadora de cansancio y hay temor de quedarse dormido al trabajar, significa que el cuerpo necesita m\u00e1s horas de sue\u00f1o. (Imagen Ilustrativa Infobae).<\/p>\n\n\n\n<p>El&nbsp;<strong>cansancio excesivo<\/strong>&nbsp;durante el d\u00eda podr\u00eda ser una se\u00f1al de&nbsp;<strong>deficiencia de sue\u00f1o<\/strong>, un problema que tambi\u00e9n puede influir de manera negativa en el&nbsp;<strong>desempe\u00f1o laboral<\/strong>, acad\u00e9mico, la&nbsp;<strong>conducci\u00f3n de veh\u00edculos<\/strong>&nbsp;y la&nbsp;<strong>interacci\u00f3n social<\/strong>, seg\u00fan un art\u00edculo del&nbsp;<em>National Heart, Lung, and Blood Institute<\/em>.<\/p>\n\n\n\n<p>Otra se\u00f1al de alerta es la&nbsp;<strong>somnolencia diurna<\/strong>. Esta condici\u00f3n se manifiesta en situaciones cotidianas como estar sentado leyendo,&nbsp;<strong>mirando televisi\u00f3n<\/strong>, en reuniones, o incluso conduciendo, y se traduce en una propensi\u00f3n a quedarse dormido en estos ambientes. Adem\u00e1s, la privaci\u00f3n de sue\u00f1o puede provocar dificultades en el&nbsp;<strong>aprendizaje<\/strong>, la&nbsp;<strong>concentraci\u00f3n<\/strong>, la&nbsp;<strong>memoria<\/strong>, y en la capacidad para tomar decisiones.<\/p>\n\n\n\n<p>Entender y atender estos&nbsp;<strong>signos es crucial<\/strong>&nbsp;para prevenir consecuencias negativas a largo plazo en la&nbsp;<strong>salud mental y f\u00edsica<\/strong>. Si bien la somnolencia diurna es un indicativo claro de falta de sue\u00f1o, tambi\u00e9n puede ser un signo de problemas en la salud como puede ser la \u201capnea del sue\u00f1o\u201d.<\/p>\n\n\n\n<p>Es por ello que es importante reconocer c\u00f3mo repercute esta situaci\u00f3n en la\u00a0<strong>capacidad general<\/strong>\u00a0de la persona para desenvolverse en la cotidianidad,\u00a0<strong>gestionar emociones<\/strong>, conductas, y adaptarse a\u00a0<strong>cambios imprevistos<\/strong>. Al identificar estos factores y su impacto en la vida diaria, podr\u00eda ser momento de realizar una consulta m\u00e9dica con un experto.<\/p>\n\n\n\n<p>Fuente: https:\/\/www.infobae.com\/salud\/2024\/01\/02\/cual-es-el-rol-de-las-siestas-durante-el-dia-en-el-bienestar-de-las-mujeres-de-mediana-edad-segun-la-ciencia\/<\/p>\n","protected":false},"excerpt":{"rendered":"<p>De acuerdo a diferentes estudios, entre los principales puntos se destacan su influencia positiva en la salud mental y las habilidades sociales. Qu\u00e9 impacto puede tener en el organismo PorDiego Dur\u00e1n 02 Ene, 2024 02:00 a.m. AR Compartir Las siestas son aportan beneficios a la salud, en especial a las mujeres de edad madura, de [&hellip;]<\/p>\n","protected":false},"author":3,"featured_media":574,"comment_status":"open","ping_status":"open","sticky":false,"template":"","format":"standard","meta":{"footnotes":""},"categories":[4,5,10],"tags":[319],"class_list":["post-573","post","type-post","status-publish","format-standard","has-post-thumbnail","hentry","category-bienestar","category-salud","category-tendencia","tag-siesta"],"_links":{"self":[{"href":"https:\/\/noticiassaludables.com.ar\/index.php?rest_route=\/wp\/v2\/posts\/573","targetHints":{"allow":["GET"]}}],"collection":[{"href":"https:\/\/noticiassaludables.com.ar\/index.php?rest_route=\/wp\/v2\/posts"}],"about":[{"href":"https:\/\/noticiassaludables.com.ar\/index.php?rest_route=\/wp\/v2\/types\/post"}],"author":[{"embeddable":true,"href":"https:\/\/noticiassaludables.com.ar\/index.php?rest_route=\/wp\/v2\/users\/3"}],"replies":[{"embeddable":true,"href":"https:\/\/noticiassaludables.com.ar\/index.php?rest_route=%2Fwp%2Fv2%2Fcomments&post=573"}],"version-history":[{"count":1,"href":"https:\/\/noticiassaludables.com.ar\/index.php?rest_route=\/wp\/v2\/posts\/573\/revisions"}],"predecessor-version":[{"id":575,"href":"https:\/\/noticiassaludables.com.ar\/index.php?rest_route=\/wp\/v2\/posts\/573\/revisions\/575"}],"wp:featuredmedia":[{"embeddable":true,"href":"https:\/\/noticiassaludables.com.ar\/index.php?rest_route=\/wp\/v2\/media\/574"}],"wp:attachment":[{"href":"https:\/\/noticiassaludables.com.ar\/index.php?rest_route=%2Fwp%2Fv2%2Fmedia&parent=573"}],"wp:term":[{"taxonomy":"category","embeddable":true,"href":"https:\/\/noticiassaludables.com.ar\/index.php?rest_route=%2Fwp%2Fv2%2Fcategories&post=573"},{"taxonomy":"post_tag","embeddable":true,"href":"https:\/\/noticiassaludables.com.ar\/index.php?rest_route=%2Fwp%2Fv2%2Ftags&post=573"}],"curies":[{"name":"wp","href":"https:\/\/api.w.org\/{rel}","templated":true}]}}