{"id":582,"date":"2024-01-03T14:17:24","date_gmt":"2024-01-03T17:17:24","guid":{"rendered":"https:\/\/noticiassaludables.com.ar\/?p=582"},"modified":"2024-01-03T14:17:24","modified_gmt":"2024-01-03T17:17:24","slug":"el-covid-aun-es-una-amenaza-para-la-salud-global","status":"publish","type":"post","link":"https:\/\/noticiassaludables.com.ar\/?p=582","title":{"rendered":"El COVID a\u00fan es una amenaza para la salud global"},"content":{"rendered":"\n<h2 class=\"wp-block-heading\">La OMS y los cient\u00edficos del mundo vigilan de cerca la evoluci\u00f3n del virus SARS-CoV-2 y sus nuevas variantes m\u00e1s contagiosas. Cu\u00e1l es la situaci\u00f3n en Argentina y qu\u00e9 ocurre con los grupos de personas no vacunadas o que no recibieron los refuerzos<\/h2>\n\n\n\n<p><img loading=\"lazy\" decoding=\"async\" alt=\"La OMS clasific\u00f3 a JN.1 como variante de inter\u00e9s en diciembre ante su r\u00e1pido aumento de casos en el mundo (Getty)\" height=\"1299\" width=\"2309\" src=\"https:\/\/www.infobae.com\/new-resizer\/o4T3enbbgLLXYN51_DxzvdrLs9k=\/420x236\/filters:format(webp):quality(85)\/cloudfront-us-east-1.images.arcpublishing.com\/infobae\/LOIJJB2EKZGFDBV5UVQJKFMAKM.jpg%20420w\" srcset=\"https:\/\/www.infobae.com\/new-resizer\/o4T3enbbgLLXYN51_DxzvdrLs9k=\/420x236\/filters:format(webp):quality(85)\/cloudfront-us-east-1.images.arcpublishing.com\/infobae\/LOIJJB2EKZGFDBV5UVQJKFMAKM.jpg 420w,https:\/\/www.infobae.com\/new-resizer\/w6qwshGU5IXSZ1JhJmLcRrZdPyQ=\/768x432\/filters:format(webp):quality(85)\/cloudfront-us-east-1.images.arcpublishing.com\/infobae\/LOIJJB2EKZGFDBV5UVQJKFMAKM.jpg 768w,https:\/\/www.infobae.com\/new-resizer\/hGR66mS8URz8kTGuRtoExGG7e5E=\/992x558\/filters:format(webp):quality(85)\/cloudfront-us-east-1.images.arcpublishing.com\/infobae\/LOIJJB2EKZGFDBV5UVQJKFMAKM.jpg 992w,https:\/\/www.infobae.com\/new-resizer\/vSl7FF6ePITAWvfuLch1xSZDkNM=\/1200x675\/filters:format(webp):quality(85)\/cloudfront-us-east-1.images.arcpublishing.com\/infobae\/LOIJJB2EKZGFDBV5UVQJKFMAKM.jpg 1200w,https:\/\/www.infobae.com\/new-resizer\/TSaRrPcQ_G4dVinkX811WFnQk6I=\/1440x810\/filters:format(webp):quality(85)\/cloudfront-us-east-1.images.arcpublishing.com\/infobae\/LOIJJB2EKZGFDBV5UVQJKFMAKM.jpg 1440w\">La OMS clasific\u00f3 a JN.1 como variante de inter\u00e9s en diciembre ante su r\u00e1pido aumento de casos en el mundo (Getty)<\/p>\n\n\n\n<p>La&nbsp;<strong>pandemia no termin\u00f3<\/strong>&nbsp;y el<a rel=\"noreferrer noopener\" href=\"https:\/\/www.infobae.com\/tag\/covid-19\/\" target=\"_blank\">&nbsp;<strong>COVID-19<\/strong><\/a><strong>&nbsp;no desapareci\u00f3 del globo<\/strong>, por m\u00e1s que muchos intentemos borrar de la memoria los momentos m\u00e1s dif\u00edciles del virus SARS-CoV-2. La enfermedad respiratoria que el mundo conoci\u00f3 por primera vez en 2020&nbsp;<strong>a\u00fan sigue circulando<\/strong>&nbsp;y el&nbsp;<strong>pat\u00f3geno&nbsp;<\/strong>que la causa evoluciona en&nbsp;<strong>nuevas variantes&nbsp;<\/strong>que los cient\u00edficos vigilan de cerca.<a href=\"https:\/\/www.infobae.com\/peru\/2024\/01\/02\/covid-19-denuncian-falta-de-puntos-de-descarte-pese-a-anuncios-del-minsa\/\" rel=\"noreferrer noopener\" target=\"_blank\"><\/a><\/p>\n\n\n\n<p>Al filo del 2023 y debido a su r\u00e1pida&nbsp;<strong>propagaci\u00f3n&nbsp;<\/strong>a nivel global, la Organizaci\u00f3n Mundial de la Salud (<strong>OMS<\/strong>) clasific\u00f3 a la variante<strong>&nbsp;JN.1<\/strong>&nbsp;del&nbsp;<strong>COVID&nbsp;<\/strong>como una<a rel=\"noreferrer noopener\" href=\"https:\/\/www.infobae.com\/salud\/2023\/12\/19\/la-oms-catalogo-a-la-variante-jn1-de-covid-19-como-de-interes-y-aseguro-que-su-riesgo-es-bajo\/\" target=\"_blank\"><strong>variante de inter\u00e9s&nbsp;<\/strong><\/a>(<strong>VOI<\/strong>, por sus siglas en ingl\u00e9s). As\u00ed, la agencia sanitaria de las Naciones Unidas, puso nuevamente la lupa sobre la&nbsp;<strong>evoluci\u00f3n del virus SARS-CoV-2<\/strong>&nbsp;y ahora los investigadores en todo el globo estudian si podr\u00eda tener una<strong>&nbsp;mayor capacidad de transmisi\u00f3n<\/strong>&nbsp;o una mayor capacidad para&nbsp;<strong>evadir&nbsp;<\/strong>el&nbsp;<strong>sistema inmunol\u00f3gico<\/strong>.<\/p>\n\n\n\n<p>En di\u00e1logo con&nbsp;<strong>Infobae<\/strong>, la reconocida pat\u00f3loga pedi\u00e1trica argentina&nbsp;<strong>Marta Cohen<\/strong>, quien reside en la ciudad brit\u00e1nica de Sheffield hace 17 a\u00f1os, describi\u00f3: \u201c<strong>JN.1 es una variante descendiente de \u00d3micron<\/strong>, y desciende del sublinaje que se conoc\u00eda como Pirola (BA.2.86), que a\u00fan contin\u00faa circulando. Es importante que se sigan haciendo los&nbsp;<strong>testeos<\/strong>\u201d<\/p>\n\n\n\n<p>Por su parte, el reconocido&nbsp;<strong>infect\u00f3logo y epidemi\u00f3logo<\/strong>&nbsp;<strong>Hugo Pizzi<\/strong>&nbsp;explic\u00f3 a Infobae que \u201cpor el momento se conoce poco de esta variante, pero debemos tener en cuenta que la<strong>&nbsp;mutaci\u00f3n del virus<\/strong>&nbsp;es una normativa que tienen todos los pat\u00f3genos para&nbsp;<strong>sobrevivir y seguir persistiendo<\/strong>\u201d. Consultado por este medio, el doctor&nbsp;<strong>Ricardo Teijeiro<\/strong>, m\u00e9dico infect\u00f3logo del Hospital Pirovano consider\u00f3 que \u201cla variante JN.1 se propaga r\u00e1pidamente, tiene alta expansi\u00f3n y una r\u00e1pida contagiosidad, pero, con los datos disponibles, no es considerada una variante de gravedad\u201d.<a href=\"https:\/\/www.infobae.com\/peru\/2024\/01\/03\/arequipa-en-alerta-casos-covid-se-incrementaron-en-300-en-la-ultima-semana-de-diciembre\/\" rel=\"noreferrer noopener\" target=\"_blank\"><\/a><\/p>\n\n\n\n<p><a href=\"https:\/\/www.infobae.com\/peru\/2024\/01\/03\/arequipa-en-alerta-casos-covid-se-incrementaron-en-300-en-la-ultima-semana-de-diciembre\/\" target=\"_blank\" rel=\"noreferrer noopener\"><\/a><\/p>\n\n\n\n<p>Frente a esta situaci\u00f3n, quedan&nbsp;<strong>desprotegidos&nbsp;<\/strong>los bolsones de&nbsp;<strong>personas no vacunadas o quienes no se aplicaron los refuerzos&nbsp;<\/strong>contra el COVID-19. Ya que las vacunas son la mejor herramienta de salud p\u00fablica para disminuir el riesgo de formas graves de la enfermedad, la hospitalizaci\u00f3n y la muerte por coronavirus.<\/p>\n\n\n\n<h3 class=\"wp-block-heading\">La variante JN.1 es dominante en EEUU<\/h3>\n\n\n\n<p><img loading=\"lazy\" decoding=\"async\" alt=\"JN.1 se propaga r\u00e1pidamente pero, hasta ahora, no eleva las tasas de mortalidad por COVID-19 (REUTERS \/ Phil Noble)\" height=\"533\" width=\"800\" src=\"https:\/\/www.infobae.com\/new-resizer\/GlDCxhgccOlCp7Cz6WtYSvGO9Yc=\/420x280\/filters:format(webp):quality(85)\/cloudfront-us-east-1.images.arcpublishing.com\/infobae\/G6AABRBS2JSAY5XMYKX2FQN5IU.jpg%20420w\" srcset=\"https:\/\/www.infobae.com\/new-resizer\/GlDCxhgccOlCp7Cz6WtYSvGO9Yc=\/420x280\/filters:format(webp):quality(85)\/cloudfront-us-east-1.images.arcpublishing.com\/infobae\/G6AABRBS2JSAY5XMYKX2FQN5IU.jpg 420w,https:\/\/www.infobae.com\/new-resizer\/iNOqt12_0NBQKUnzS6ninGbpflI=\/768x512\/filters:format(webp):quality(85)\/cloudfront-us-east-1.images.arcpublishing.com\/infobae\/G6AABRBS2JSAY5XMYKX2FQN5IU.jpg 768w,https:\/\/www.infobae.com\/new-resizer\/09g84Pi08c7yw10edmSk6G2H6NM=\/992x661\/filters:format(webp):quality(85)\/cloudfront-us-east-1.images.arcpublishing.com\/infobae\/G6AABRBS2JSAY5XMYKX2FQN5IU.jpg 992w,https:\/\/www.infobae.com\/new-resizer\/NHKgcObwvEzy5HnX3DU_Y5FfGjg=\/1200x800\/filters:format(webp):quality(85)\/cloudfront-us-east-1.images.arcpublishing.com\/infobae\/G6AABRBS2JSAY5XMYKX2FQN5IU.jpg 1200w,https:\/\/www.infobae.com\/new-resizer\/V5rWhw1JslJ27Bt95Y5aKKIIPhI=\/1440x960\/filters:format(webp):quality(85)\/cloudfront-us-east-1.images.arcpublishing.com\/infobae\/G6AABRBS2JSAY5XMYKX2FQN5IU.jpg 1440w\">JN.1 se propaga r\u00e1pidamente pero, hasta ahora, no eleva las tasas de mortalidad por COVID-19 (REUTERS \/ Phil Noble)<\/p>\n\n\n\n<p>\u201c<strong>JN.1 es un linaje descendiente de BA.2.86<\/strong>, y la muestra m\u00e1s antigua se recolect\u00f3 el 25 de agosto de 2023. En comparaci\u00f3n con BA.2.86, la variante JN.1 presenta la mutaci\u00f3n L455S adicional en la prote\u00edna de pico\u201d, detall\u00f3 la&nbsp;<strong>OMS&nbsp;<\/strong>al explicar las razones del inter\u00e9s sobre su&nbsp;<strong>vigilancia epidemiol\u00f3gica.<\/strong><\/p>\n\n\n\n<p>La agencia sanitaria de la ONU precis\u00f3 que, al menos con los datos actuales, debido a la cobertura vacunal diferencial y la circulaci\u00f3n de variantes del SARS-CoV-2 en todo el mundo, \u201cla&nbsp;<strong>inmunidad de la poblaci\u00f3n sigue siendo heterog\u00e9nea a nivel mundial<\/strong>&nbsp;y, por lo tanto, el&nbsp;<strong>potencial de escape inmunol\u00f3gico de JN.1<\/strong>&nbsp;depende de los antecedentes inmunol\u00f3gicos de la poblaci\u00f3n analizada\u201d.<\/p>\n\n\n\n<p>En ese marco, la variante JN.1 del COVID-19 se ha convertido en la<strong>&nbsp;dominante en Estados Unidos<\/strong>, con un aumento significativo de casos en el \u00faltimo mes. Los datos del&nbsp;<a rel=\"noreferrer noopener\" href=\"https:\/\/www.cdc.gov\/respiratory-viruses\/whats-new\/index.html\" target=\"_blank\">\u00faltimo reporte&nbsp;<\/a>de los<strong>&nbsp;Centros para el Control y la Prevenci\u00f3n de Enfermedades<\/strong>&nbsp;(<strong>CDC<\/strong>, por sus siglas en ingl\u00e9s) indican que para fines de diciembre, JN.1 represent\u00f3 entre el<strong>&nbsp;40% y el 50%&nbsp;<\/strong>de los casos de COVID-19 en el pa\u00eds, en comparaci\u00f3n con el 7% a fines de noviembre.<\/p>\n\n\n\n<h2 class=\"wp-block-heading\">\u00bfJN.1 es una variante m\u00e1s contagiosa y peligrosa?<\/h2>\n\n\n\n<p><img loading=\"lazy\" decoding=\"async\" alt=\"Las autoridades sanitarias destacan una heterogeneidad global en la inmunidad, lo que puede influir en la reacci\u00f3n frente a variantes como JN.1  (Imagen ilustrativa Infobae)\" height=\"816\" width=\"1456\" src=\"https:\/\/www.infobae.com\/new-resizer\/LoMA8acJxgh7qiQQ6afyeZKGopA=\/420x236\/filters:format(webp):quality(85)\/cloudfront-us-east-1.images.arcpublishing.com\/infobae\/6XQEAI2HDJAGPF4P2TGX73IYUQ.png%20420w\" srcset=\"https:\/\/www.infobae.com\/new-resizer\/LoMA8acJxgh7qiQQ6afyeZKGopA=\/420x236\/filters:format(webp):quality(85)\/cloudfront-us-east-1.images.arcpublishing.com\/infobae\/6XQEAI2HDJAGPF4P2TGX73IYUQ.png 420w,https:\/\/www.infobae.com\/new-resizer\/AQ54cYKhPqe6GkmO91CWjryml3Q=\/768x432\/filters:format(webp):quality(85)\/cloudfront-us-east-1.images.arcpublishing.com\/infobae\/6XQEAI2HDJAGPF4P2TGX73IYUQ.png 768w,https:\/\/www.infobae.com\/new-resizer\/o2wdtAFSO4IEd0BAY3sfDt2zxPc=\/992x558\/filters:format(webp):quality(85)\/cloudfront-us-east-1.images.arcpublishing.com\/infobae\/6XQEAI2HDJAGPF4P2TGX73IYUQ.png 992w,https:\/\/www.infobae.com\/new-resizer\/GanmbifsEKVojpUTOnv2BM0MKIg=\/1200x675\/filters:format(webp):quality(85)\/cloudfront-us-east-1.images.arcpublishing.com\/infobae\/6XQEAI2HDJAGPF4P2TGX73IYUQ.png 1200w,https:\/\/www.infobae.com\/new-resizer\/Us6n2xX8E9kc6qKplQ5KLK5sN9o=\/1440x810\/filters:format(webp):quality(85)\/cloudfront-us-east-1.images.arcpublishing.com\/infobae\/6XQEAI2HDJAGPF4P2TGX73IYUQ.png 1440w\">Las autoridades sanitarias destacan una heterogeneidad global en la inmunidad, lo que puede influir en la reacci\u00f3n frente a variantes como JN.1 (Imagen ilustrativa Infobae)<\/p>\n\n\n\n<p>La doctora\u00a0<strong>Cohen\u00a0<\/strong>se\u00f1al\u00f3 que: \u201cLa variante JN.1 se encontr\u00f3 por primera vez hace unos meses en EEUU y seg\u00fan informaron el \u00faltimo d\u00eda de diciembre, ya alcanz\u00f3 el 40% de los linajes de COVID circulantes en ese pa\u00eds.\u00a0<strong>JN.1 mucho m\u00e1s contagiosa<\/strong>. Por supuesto, eso se debe a cambios o\u00a0<strong>mutaciones en la prote\u00edna de la espiga<\/strong>. Lo bueno es que\u00a0<strong>no se ha incrementado la mortalidad<\/strong>. S\u00ed han aumentado un 52% los casos de COVID en el mundo en diciembre en comparaci\u00f3n con noviembre\u201d<a href=\"https:\/\/www.infobae.com\/peru\/2023\/12\/28\/jn1-es-la-variante-covid-19-mas-contagiosa-los-peligros-de-este-nuevo-linaje-en-la-salud\/\" target=\"_blank\" rel=\"noreferrer noopener\"><\/a><a href=\"https:\/\/www.infobae.com\/peru\/2023\/12\/28\/jn1-es-la-variante-covid-19-mas-contagiosa-los-peligros-de-este-nuevo-linaje-en-la-salud\/\" target=\"_blank\" rel=\"noreferrer noopener\"><\/a><\/p>\n\n\n\n<p>Para muchos expertos en EEUU, este aumento era previsible, ya que las distintas mutaciones del virus SARS-CoV-2 tienden a propagarse inicialmente con lentitud y luego&nbsp;<strong>aceleran su transmisi\u00f3n<\/strong>. En su \u00faltima actualizaci\u00f3n sobre la situaci\u00f3n epidemiol\u00f3gica, los CDC resaltaron que<strong>&nbsp;las vacunas, las pruebas de detecci\u00f3n y los tratamientos disponibles&nbsp;<\/strong>contra el COVID-19 mantienen su&nbsp;<strong>efectividad&nbsp;<\/strong>tambi\u00e9n contra JN.1.<\/p>\n\n\n\n<p>\u201cEs&nbsp;<strong>demasiado pronto<\/strong>&nbsp;para saber si el JN.1 provocar\u00e1 un&nbsp;<strong>aumento de las infecciones<\/strong>&nbsp;u&nbsp;<strong>hospitalizaciones&nbsp;<\/strong>y en qu\u00e9 proporci\u00f3n lo har\u00e1\u201d, afirm\u00f3 el informe de los CDC y advirti\u00f3 que el<strong>&nbsp;SARS-CoV-2<\/strong>&nbsp;todav\u00eda representa \u201c<strong>una amenaza grave para la salud p\u00fablica<\/strong>\u201d, en especial para los&nbsp;<strong>grupos vulnerables:<\/strong>&nbsp;personas con inmunocompromiso, pacientes con enfermedades preexistentes, beb\u00e9s y adultos mayores de 65 a\u00f1os.<\/p>\n\n\n\n<p>La m\u00e9dica infect\u00f3loga&nbsp;<strong>Romina Maus<\/strong>, del equipo de<strong>&nbsp;Helios Salud<\/strong>, el centro fundado por el reconocido m\u00e9dico infect\u00f3logo&nbsp;<strong>Daniel&nbsp;Stamboulian<\/strong>, indic\u00f3 que&nbsp;\u201clas nuevas variantes del SARS-CoV-2&nbsp; son variantes con mayor transmisibilidad, pero con m\u00e1s afectaci\u00f3n de la v\u00eda a\u00e9rea superior y no tanto a nivel pulmonar alveolar. Entonces, si bien el incremento de casos puede ser r\u00e1pido, la gravedad es menor\u201d<\/p>\n\n\n\n<p>\u201cCuando las personas se re\u00fanen en el interior, cerca unas de otras, celebran fiestas, viajan y asuntos por el estilo, es el tipo de circunstancias en las que todos los<strong>&nbsp;virus respiratorios<\/strong>, incluido el JN.1, tienen oportunidades de propagarse\u201d, dijo el doctor&nbsp;<strong>William Schaffner<\/strong>, especialista en enfermedades infecciosas del Centro M\u00e9dico de la Universidad de Vanderbilt en un art\u00edculo en el&nbsp;<em>New York Times<\/em>. El experto hizo una recomendaci\u00f3n que es adecuada para cualquier rinc\u00f3n del globo, tanto en el hemisferio norte o sur: \u201c<strong>Vacunarse (contra el COVID) es un buen regalo de A\u00f1o Nuevo<\/strong>&nbsp;si a\u00fan no lo has hecho\u201d, dijo Schaffner.<\/p>\n\n\n\n<p>No debemos olvidar que los&nbsp;<strong>virus respiratorios siguen cierta estacionalidad<\/strong>, el&nbsp;<strong>invierno&nbsp;<\/strong>en EEUU y Europa provoca que las personas pasen m\u00e1s tiempo en espacios interiores, con las ventanas cerradas y<strong>&nbsp;menor ventilaci\u00f3n<\/strong>, lo que genera un caldo de cultivo propicio para la&nbsp;<strong>transmisi\u00f3n&nbsp;<\/strong>del virus a trav\u00e9s de microgotitas en el aire. A esto se suma las recientes festividades de Acci\u00f3n de Gracias y Fin de A\u00f1o.<\/p>\n\n\n\n<h2 class=\"wp-block-heading\">\u00bfCu\u00e1les son los s\u00edntomas de la variante JN.1?<\/h2>\n\n\n\n<p><img loading=\"lazy\" decoding=\"async\" alt=\"Vacunaci\u00f3n y medidas preventivas siguen siendo claves para enfrentar el avance de JN.1, la nueva variante de COVID-19  (Imagen Ilustrativa Infobae)\" height=\"1024\" width=\"1792\" src=\"https:\/\/www.infobae.com\/new-resizer\/P4cKpeUG-OMhU5Sy4GvqnbIe8Xg=\/992x606\/filters:format(webp):quality(85)\/cloudfront-us-east-1.images.arcpublishing.com\/infobae\/7YURIB7LYJDPLM6TY65Z2VX2TM.jpg%20992w\" srcset=\"https:\/\/www.infobae.com\/new-resizer\/P4cKpeUG-OMhU5Sy4GvqnbIe8Xg=\/992x606\/filters:format(webp):quality(85)\/cloudfront-us-east-1.images.arcpublishing.com\/infobae\/7YURIB7LYJDPLM6TY65Z2VX2TM.jpg 992w\">Vacunaci\u00f3n y medidas preventivas siguen siendo claves para enfrentar el avance de JN.1, la nueva variante de COVID-19 (Imagen Ilustrativa Infobae)<\/p>\n\n\n\n<p>Aunque la mayor\u00eda de las personas infectadas con la JN.1 no desarrollan enfermedad grave, los&nbsp;<strong>s\u00edntomas&nbsp;<\/strong>son similares a las variantes anteriores de COVID-19 y a otros pat\u00f3genos respiratorios y gastrointestinales. Los s\u00edntomas incluyen tos, fiebre, dolor corporal y fatiga.<\/p>\n\n\n\n<p>La&nbsp;<strong>pediatra argentina residente en Reino Unido<\/strong>, advirti\u00f3 sobre la importancia de los&nbsp;<strong>hisopados<\/strong>: \u201cEn general,&nbsp;<strong>la gente no se testea&nbsp;<\/strong>y esta variante, como todas las subvariantes de&nbsp;<strong>\u00d3micron&nbsp;<\/strong>en general, producen<strong>&nbsp;cuadros respiratorios de las v\u00edas respiratorias superiores<\/strong>, como un resfr\u00edo, dolor de cabeza, dolor muscular, dolores abdominales, v\u00f3mitos y diarreas. Y esos cuadros son similares a muchos virus (puede tratarse de enterovirus, adenovirus, o virus sincitial respiratorio que tambi\u00e9n puede ser grave). Por eso, es recomendable t<strong>estearse, para saber de qu\u00e9 virus se trata<\/strong>, y si uno contrajo la infecci\u00f3n&nbsp;<strong>aislarse&nbsp;<\/strong>y usar&nbsp;<strong>tapabocas o barbijo<\/strong>\u201d.<\/p>\n\n\n\n<p>En el mundo, se mantiene la recomendaci\u00f3n de las medidas de prevenci\u00f3n como el uso de mascarillas ante la aparici\u00f3n de s\u00edntomas, mejorar la ventilaci\u00f3n en interiores, quedarse en casa cuando se est\u00e1 enfermo y recibir las vacunas actualizadas contra la COVID-19 para protegerse.<\/p>\n\n\n\n<p>En tanto, el doctor&nbsp;<strong>Teijeiro<\/strong>&nbsp;destac\u00f3 que en el hemisferio norte aument\u00f3 aproximadamente un 14% la diseminaci\u00f3n del COVID por esta variante, pero la influenza aument\u00f3 m\u00e1s, un 20% en el mismo per\u00edodo. Obviamente JN.1 produce una infecci\u00f3n aguda respiratoria, pero leve, y sin demasiada magnitud\u201d<\/p>\n\n\n\n<h2 class=\"wp-block-heading\">Qu\u00e9 se sabe de la nueva variante JN.1 en Argentina<\/h2>\n\n\n\n<p><img loading=\"lazy\" decoding=\"async\" alt=\"La secuenciaci\u00f3n gen\u00f3mica es crucial para identificar variantes de COVID-19, pero su uso en Argentina es limitado (Imagen Ilustrativa Infobae)\" height=\"816\" width=\"1456\" src=\"https:\/\/www.infobae.com\/new-resizer\/rB8jNgYf0MrYqOK4vpyPVGQCZjQ=\/420x236\/filters:format(webp):quality(85)\/cloudfront-us-east-1.images.arcpublishing.com\/infobae\/UVTGJGKYIJB6THNNDF6DTNVPW4.png%20420w\" srcset=\"https:\/\/www.infobae.com\/new-resizer\/rB8jNgYf0MrYqOK4vpyPVGQCZjQ=\/420x236\/filters:format(webp):quality(85)\/cloudfront-us-east-1.images.arcpublishing.com\/infobae\/UVTGJGKYIJB6THNNDF6DTNVPW4.png 420w,https:\/\/www.infobae.com\/new-resizer\/eIPGE-bU8xnfomn3Gjz1r7ViqxA=\/768x432\/filters:format(webp):quality(85)\/cloudfront-us-east-1.images.arcpublishing.com\/infobae\/UVTGJGKYIJB6THNNDF6DTNVPW4.png 768w,https:\/\/www.infobae.com\/new-resizer\/Ikrr3NiNAn4wwWT9wUgGUEVWEeQ=\/992x558\/filters:format(webp):quality(85)\/cloudfront-us-east-1.images.arcpublishing.com\/infobae\/UVTGJGKYIJB6THNNDF6DTNVPW4.png 992w,https:\/\/www.infobae.com\/new-resizer\/Pax7iXIwMFeyFJHvJ2Svn9twtPg=\/1200x675\/filters:format(webp):quality(85)\/cloudfront-us-east-1.images.arcpublishing.com\/infobae\/UVTGJGKYIJB6THNNDF6DTNVPW4.png 1200w,https:\/\/www.infobae.com\/new-resizer\/PhzIKnNcy5Dfr0p7WhAs7Xpdojk=\/1440x810\/filters:format(webp):quality(85)\/cloudfront-us-east-1.images.arcpublishing.com\/infobae\/UVTGJGKYIJB6THNNDF6DTNVPW4.png 1440w\">La secuenciaci\u00f3n gen\u00f3mica es crucial para identificar variantes de COVID-19, pero su uso en Argentina es limitado (Imagen Ilustrativa Infobae)<\/p>\n\n\n\n<p>La&nbsp;<strong>secuenciaci\u00f3n gen\u00f3mica<\/strong>&nbsp;es una herramienta fundamental para analizar la composici\u00f3n de los virus circulantes y vigilar la evoluci\u00f3n de las variantes del COVID-19, sin embargo&nbsp;<strong>se utiliza muy poco en Argentina<\/strong>. Y se&nbsp;<strong>analizan pocas muestras<\/strong>, por lo que los resultados de esa secuenciaci\u00f3n no reflejan la situaci\u00f3n epidemiol\u00f3gica en curso.<\/p>\n\n\n\n<p><strong>Tampoco se est\u00e1 desarrollando en el pa\u00eds una campa\u00f1a de vacunaci\u00f3n&nbsp;<\/strong>robusta y federal que inste a toda la poblaci\u00f3n a completar el esquema inicial o a recibir las vacunas de refuerzo.<\/p>\n\n\n\n<p>Los infect\u00f3logos coinciden en que, para anticiparse a los movimientos del virus y al crecimiento de las nuevas infecciones, es fundamental la&nbsp;<strong>vigilancia epidemiol\u00f3gica,<\/strong>&nbsp;esto significa&nbsp;<strong>hisopar&nbsp;<\/strong>y&nbsp;<strong>tomar muestras<\/strong>&nbsp;de los pacientes que cursan la infecci\u00f3n y analizar en el laboratorio cu\u00e1les son las variantes circulantes y c\u00f3mo evolucionan.<\/p>\n\n\n\n<p>Como ejemplo, el \u00faltimo&nbsp;<strong>bolet\u00edn epidemiol\u00f3gico<\/strong>&nbsp;emitido por el&nbsp;<strong>Ministerio de Salud&nbsp;<\/strong>de la Naci\u00f3n, reporta 488 casos de COVID en todo el pa\u00eds en la Semana Epidemiol\u00f3gica 51 (del 17 al 23 de diciembre de 2023), pero casi el 40% de esos contagios son de semanas anteriores, o sea que se plasmaron con demora en el sistema de carga oficial.<\/p>\n\n\n\n<p>As\u00ed, la&nbsp;<strong>foto de c\u00f3mo el virus circula pierde actualidad<\/strong>, y con una radiograf\u00eda antigua es imposible realizar un buen diagn\u00f3stico.<\/p>\n\n\n\n<p>Seg\u00fan lo \u00faltimos datos divulgados por el&nbsp;<strong>Ministerio de Salud&nbsp;<\/strong>de la Naci\u00f3n, \u201cen relaci\u00f3n a las variantes de inter\u00e9s (VOI) designadas recientemente por OMS, al&nbsp;<strong>27 de diciembre de 2023 se detectaron en Argentina&nbsp;<\/strong>un total de<strong>&nbsp;2 casos confirmados de la variante BA.2.86<\/strong>&nbsp;(con residencia en la provincia de Santa Cruz) y&nbsp;<strong>3 casos de la variante JN.1&nbsp;<\/strong>(2 casos con residencia en la Ciudad de Buenos Aires y 1 caso en la provincia de Santa Cruz).<\/p>\n\n\n\n<p>Adem\u00e1s, en cuanto a la secuenciaci\u00f3n gen\u00f3mica realizada hasta la fecha, la situaci\u00f3n de variantes de SARS-CoV-2 en Argentina se caracteriza por una&nbsp;<strong>circulaci\u00f3n exclusiva de la variante \u00d3micron<\/strong>. \u201cEn relaci\u00f3n a los linajes de \u00d3micron, se verifica un predominio de la&nbsp;<strong>variante XBB, EG.5 y algunas detecciones de BQ.1\u2033<\/strong>, puntualiz\u00f3 el bolet\u00edn epidemiol\u00f3gico.<\/p>\n\n\n\n<p>El doctor&nbsp;<strong>Pizzi<\/strong>&nbsp;se\u00f1al\u00f3 que \u201ccuando al virus del COVID le ponemos barreras trata de eludirlas, por eso siempre van apareciendo nuevas variantes o subvariantes, como&nbsp;<strong>Pirola&nbsp;<\/strong>y ahora JN.1. Las vacunas de<strong>&nbsp;ARN mensajero<\/strong>, especialmente como las que cre\u00f3 la cient\u00edfica h\u00fangara y premio Nobel 2023&nbsp;<strong>Katalin Karik\u00f3<\/strong>, tienen la ventaja de tener una plataforma que puede modificarse y actualizarse para protegernos\u201d.<\/p>\n\n\n\n<p>Pero el especialista subray\u00f3, que hasta el momento no hay disponible informaci\u00f3n actualizada sobre la circulaci\u00f3n de JN.1 en la zona mediterr\u00e1nea de Argentina porque \u201c<strong>no se hizo una evaluaci\u00f3n serol\u00f3gica&nbsp;<\/strong>como para decir si ingres\u00f3\u201d.<\/p>\n\n\n\n<h2 class=\"wp-block-heading\">\u00bfQui\u00e9nes deben vacunarse en Argentina?<\/h2>\n\n\n\n<p><img loading=\"lazy\" decoding=\"async\" alt=\"A medida que disminuye la percepci\u00f3n de riesgo sobre la gravedad del COVID-19, baja frecuencia de inmunizaci\u00f3n en adultos (Getty)\n\" height=\"1080\" width=\"1920\" src=\"https:\/\/www.infobae.com\/new-resizer\/e8UV9pLXIHgzW1HLgGYIun5NAxQ=\/420x236\/filters:format(webp):quality(85)\/cloudfront-us-east-1.images.arcpublishing.com\/infobae\/7GNMGKFFDBGMBBZSNVKKYM5D6M.jpg%20420w\" srcset=\"https:\/\/www.infobae.com\/new-resizer\/e8UV9pLXIHgzW1HLgGYIun5NAxQ=\/420x236\/filters:format(webp):quality(85)\/cloudfront-us-east-1.images.arcpublishing.com\/infobae\/7GNMGKFFDBGMBBZSNVKKYM5D6M.jpg 420w,https:\/\/www.infobae.com\/new-resizer\/-Vmf4ajKXmGiEyVmhR978zt3E4c=\/768x432\/filters:format(webp):quality(85)\/cloudfront-us-east-1.images.arcpublishing.com\/infobae\/7GNMGKFFDBGMBBZSNVKKYM5D6M.jpg 768w,https:\/\/www.infobae.com\/new-resizer\/hQVc5HNF0Mn6F2E8lQyZyELKvO4=\/992x558\/filters:format(webp):quality(85)\/cloudfront-us-east-1.images.arcpublishing.com\/infobae\/7GNMGKFFDBGMBBZSNVKKYM5D6M.jpg 992w,https:\/\/www.infobae.com\/new-resizer\/4DJCd0G7Mw1eGnKTIM5iPf-UiqM=\/1200x675\/filters:format(webp):quality(85)\/cloudfront-us-east-1.images.arcpublishing.com\/infobae\/7GNMGKFFDBGMBBZSNVKKYM5D6M.jpg 1200w,https:\/\/www.infobae.com\/new-resizer\/26nUmMo2D_FMbIha217bEhwWK0k=\/1440x810\/filters:format(webp):quality(85)\/cloudfront-us-east-1.images.arcpublishing.com\/infobae\/7GNMGKFFDBGMBBZSNVKKYM5D6M.jpg 1440w\">A medida que disminuye la percepci\u00f3n de riesgo sobre la gravedad del COVID-19, baja frecuencia de inmunizaci\u00f3n en adultos (Getty)<\/p>\n\n\n\n<p>Seg\u00fan las recomendaciones del Ministerio de Salud de la Naci\u00f3n, todas las personas a partir de los 6 meses de edad deben contar con el&nbsp;<strong>esquema primario de dos dosis y al menos un refuerzo&nbsp;<\/strong>aplicado en los \u00faltimos 6 meses o un a\u00f1o, seg\u00fan el riesgo ante la infecci\u00f3n.<\/p>\n\n\n\n<p><strong>Aplicarse las dosis de refuerzos&nbsp;<\/strong>es clave para sostener la protecci\u00f3n y prevenir el desarrollo de formas graves de la enfermedad. En&nbsp;<strong>Argentina<\/strong>, las vacunas contra el COVID est\u00e1n disponibles en los<strong>&nbsp;vacunatorios y hospitales p\u00fablicos&nbsp;<\/strong>seg\u00fan la distribuci\u00f3n que realiza cada una de las<strong>&nbsp;24 jurisdicciones<\/strong>. As\u00ed, cada persona, en CABA y las provincias, debe consultar el sitio m\u00e1s cercano para recibir los refuerzos.<\/p>\n\n\n\n<p>La&nbsp;<strong>frecuencia&nbsp;<\/strong>de las dosis contra el coronavirus:<\/p>\n\n\n\n<p><strong>&#8211; Grupos de alto riesgo de enfermedad grave:<\/strong>&nbsp;los mayores de 50 a\u00f1os, personas con inmunocompromiso y embarazadas deben aplicarse una dosis de refuerzo contra el COVID a los 6 meses de la \u00faltima dosis (independiente del n\u00famero de refuerzos) y continuar con esta periodicidad.<\/p>\n\n\n\n<p><strong>&#8211; Grupos de riesgo medio de enfermedad grave:<\/strong>&nbsp;los menores de 50 a\u00f1os con comorbilidades no inmunosupresoras (enfermedades cr\u00f3nicas y obesidad), el personal de salud y personal estrat\u00e9gico deben recibir una dosis de refuerzo a los 6 meses y continuar con refuerzo anual.<\/p>\n\n\n\n<p><strong>&#8211; Grupos de riesgo bajo de formas graves de la infecci\u00f3n<\/strong>: los menores de 50 a\u00f1os sin comorbilidades deben recibir una dosis de refuerzo anual.<\/p>\n\n\n\n<p>Fuente: https:\/\/www.infobae.com\/salud\/2024\/01\/03\/el-covid-aun-es-una-amenaza-para-la-salud-global-mientras-la-variante-jn1-se-vuelve-dominante-en-eeuu-y-otros-paises\/<\/p>\n","protected":false},"excerpt":{"rendered":"<p>La OMS y los cient\u00edficos del mundo vigilan de cerca la evoluci\u00f3n del virus SARS-CoV-2 y sus nuevas variantes m\u00e1s contagiosas. Cu\u00e1l es la situaci\u00f3n en Argentina y qu\u00e9 ocurre con los grupos de personas no vacunadas o que no recibieron los refuerzos La OMS clasific\u00f3 a JN.1 como variante de inter\u00e9s en diciembre ante [&hellip;]<\/p>\n","protected":false},"author":3,"featured_media":583,"comment_status":"open","ping_status":"open","sticky":false,"template":"","format":"standard","meta":{"footnotes":""},"categories":[7,3,5],"tags":[325,326],"class_list":["post-582","post","type-post","status-publish","format-standard","has-post-thumbnail","hentry","category-ciencia","category-principal","category-salud","tag-covid","tag-oms"],"_links":{"self":[{"href":"https:\/\/noticiassaludables.com.ar\/index.php?rest_route=\/wp\/v2\/posts\/582","targetHints":{"allow":["GET"]}}],"collection":[{"href":"https:\/\/noticiassaludables.com.ar\/index.php?rest_route=\/wp\/v2\/posts"}],"about":[{"href":"https:\/\/noticiassaludables.com.ar\/index.php?rest_route=\/wp\/v2\/types\/post"}],"author":[{"embeddable":true,"href":"https:\/\/noticiassaludables.com.ar\/index.php?rest_route=\/wp\/v2\/users\/3"}],"replies":[{"embeddable":true,"href":"https:\/\/noticiassaludables.com.ar\/index.php?rest_route=%2Fwp%2Fv2%2Fcomments&post=582"}],"version-history":[{"count":1,"href":"https:\/\/noticiassaludables.com.ar\/index.php?rest_route=\/wp\/v2\/posts\/582\/revisions"}],"predecessor-version":[{"id":584,"href":"https:\/\/noticiassaludables.com.ar\/index.php?rest_route=\/wp\/v2\/posts\/582\/revisions\/584"}],"wp:featuredmedia":[{"embeddable":true,"href":"https:\/\/noticiassaludables.com.ar\/index.php?rest_route=\/wp\/v2\/media\/583"}],"wp:attachment":[{"href":"https:\/\/noticiassaludables.com.ar\/index.php?rest_route=%2Fwp%2Fv2%2Fmedia&parent=582"}],"wp:term":[{"taxonomy":"category","embeddable":true,"href":"https:\/\/noticiassaludables.com.ar\/index.php?rest_route=%2Fwp%2Fv2%2Fcategories&post=582"},{"taxonomy":"post_tag","embeddable":true,"href":"https:\/\/noticiassaludables.com.ar\/index.php?rest_route=%2Fwp%2Fv2%2Ftags&post=582"}],"curies":[{"name":"wp","href":"https:\/\/api.w.org\/{rel}","templated":true}]}}