{"id":618,"date":"2024-01-08T11:27:12","date_gmt":"2024-01-08T14:27:12","guid":{"rendered":"https:\/\/noticiassaludables.com.ar\/?p=618"},"modified":"2024-01-08T11:27:12","modified_gmt":"2024-01-08T14:27:12","slug":"que-aplicar-primero-protector-solar-o-repelente","status":"publish","type":"post","link":"https:\/\/noticiassaludables.com.ar\/?p=618","title":{"rendered":"Qu\u00e9 aplicar primero: protector solar o repelente"},"content":{"rendered":"\n<h2 class=\"wp-block-heading\">El orden de aplicaci\u00f3n entre ambos productos es crucial para evitar enfermedades, tales como el dengue, adem\u00e1s de da\u00f1os en la piel. C\u00f3mo protegerse de forma correcta, seg\u00fan los expertos<\/h2>\n\n\n\n<p><img loading=\"lazy\" decoding=\"async\" alt=\"La correcta aplicaci\u00f3n de protectores solares y repelentes, clave en la protecci\u00f3n durante el verano\n(Imagen Ilustrativa Infobae)\" height=\"816\" width=\"1456\" src=\"https:\/\/www.infobae.com\/new-resizer\/gdVvcXz6GcdaUbjVCw8hagaWdS0=\/420x236\/filters:format(webp):quality(85)\/cloudfront-us-east-1.images.arcpublishing.com\/infobae\/3BTB3UGYBZDNHEL4RNUT6I3OHA.jpg%20420w\" srcset=\"https:\/\/www.infobae.com\/new-resizer\/gdVvcXz6GcdaUbjVCw8hagaWdS0=\/420x236\/filters:format(webp):quality(85)\/cloudfront-us-east-1.images.arcpublishing.com\/infobae\/3BTB3UGYBZDNHEL4RNUT6I3OHA.jpg 420w,https:\/\/www.infobae.com\/new-resizer\/xLQBRM4-jzTgMF4U-S4_-y_WN30=\/768x432\/filters:format(webp):quality(85)\/cloudfront-us-east-1.images.arcpublishing.com\/infobae\/3BTB3UGYBZDNHEL4RNUT6I3OHA.jpg 768w,https:\/\/www.infobae.com\/new-resizer\/0rHnrVeyvdxYrHOcTJ6vpFr2_-A=\/992x558\/filters:format(webp):quality(85)\/cloudfront-us-east-1.images.arcpublishing.com\/infobae\/3BTB3UGYBZDNHEL4RNUT6I3OHA.jpg 992w,https:\/\/www.infobae.com\/new-resizer\/QqOo-l79kc4pq01MaWWKjITitBI=\/1200x675\/filters:format(webp):quality(85)\/cloudfront-us-east-1.images.arcpublishing.com\/infobae\/3BTB3UGYBZDNHEL4RNUT6I3OHA.jpg 1200w,https:\/\/www.infobae.com\/new-resizer\/XudbpHwau4ZlfAr6ad82aDcnd4w=\/1440x810\/filters:format(webp):quality(85)\/cloudfront-us-east-1.images.arcpublishing.com\/infobae\/3BTB3UGYBZDNHEL4RNUT6I3OHA.jpg 1440w\">La correcta aplicaci\u00f3n de protectores solares y repelentes, clave en la protecci\u00f3n durante el verano (Imagen Ilustrativa Infobae)<\/p>\n\n\n\n<p>Las&nbsp;<strong>altas temperaturas<\/strong>&nbsp;y las&nbsp;<strong>vacaciones&nbsp;<\/strong>son las excusas ideales para establecer planes al<strong>&nbsp;aire libre.&nbsp;<\/strong>Sin embargo, para transitar el&nbsp;<strong>verano&nbsp;<\/strong>de&nbsp;<strong>modo saludable<\/strong>, ante la presencia de&nbsp;<strong>mosquitos&nbsp;<\/strong>y la posible<strong>&nbsp;exposici\u00f3n al sol&nbsp;<\/strong>por estas actividades, surge una pregunta esencial: \u00bf<strong>qu\u00e9 va primero, el protector solar o el repelente de insectos<\/strong>? Es que ambos deben aplicarse de forma correcta para asegurar su efectividad.<a href=\"https:\/\/www.infobae.com\/tendencias\/2024\/01\/08\/radiante-bajo-el-sol-los-mejores-consejos-para-cuidar-el-cabello-en-verano\/\" rel=\"noreferrer noopener\" target=\"_blank\"><\/a><\/p>\n\n\n\n<p>En lo que se refiere al dengue, una de las principales enfermedades transmitidas por mosquitos,&nbsp;<strong>Am\u00e9rica Latina y el Caribe<\/strong>&nbsp;fueron las regiones&nbsp;<a href=\"https:\/\/www.infobae.com\/america\/ciencia-america\/2023\/12\/10\/radiografia-del-dengue-en-america-por-que-el-continente-rompe-records-de-casos\/\"><strong>m\u00e1s perjudicadas<\/strong><\/a><strong>&nbsp;por la enfermedad, con&nbsp;<\/strong>m\u00e1s de 4,3 millones de casos, de los cuales 2.232 fallecieron, seg\u00fan la \u00faltima actualizaci\u00f3n de la&nbsp;<strong>Organizaci\u00f3n Panamericana de la Salud (OPS)<\/strong>. En tanto, en la&nbsp;<strong>Argentina<\/strong>, se reportaron 128.129 casos aut\u00f3ctonos y 1.775 importados y hubo 71 muertes, seg\u00fan el&nbsp;<strong>Ministerio de Salud de la Naci\u00f3n<\/strong>. Es por este motivo que la aplicaci\u00f3n de repelente es esencial para evitar la patolog\u00eda.<\/p>\n\n\n\n<p>Adem\u00e1s, es esencial recordar que, debido a que el&nbsp;<strong>sol&nbsp;<\/strong>emite distintas&nbsp;<strong>radiaciones&nbsp;<\/strong>que da\u00f1an la piel, \u201cexisten<strong>&nbsp;riesgos importantes<\/strong>&nbsp;con la exposici\u00f3n a largo plazo\u201d, ya que no solo se pueden registrar de forma casi inmediata (como en el caso de la quemadura solar), sino que adem\u00e1s se producen a\u00f1o tras a\u00f1o, \u201cel&nbsp;<strong>da\u00f1o&nbsp;<\/strong>se va acumulando y la piel se vuelve m\u00e1s vulnerable, pudiendo transformar las c\u00e9lulas de la piel\u201d, seg\u00fan advierten desde la&nbsp;<a rel=\"noreferrer noopener\" href=\"https:\/\/www.sap.org.ar\/comunidad-novedad.php?codigo=216\" target=\"_blank\"><strong>Sociedad Argentina de Pediatr\u00eda (SAP)<\/strong><\/a>.<\/p>\n\n\n\n<p><img loading=\"lazy\" decoding=\"async\" alt=\"Enfermedades como el dengue requieren medidas preventivas con repelentes y cuidado solar\n(Imagen ilustrativa Infobae)\" height=\"816\" width=\"1456\" src=\"https:\/\/www.infobae.com\/new-resizer\/NX9MGkFHDp0zf-jPhuU290uLKMc=\/420x236\/filters:format(webp):quality(85)\/cloudfront-us-east-1.images.arcpublishing.com\/infobae\/MORDJH6YYNF6PMQJRIITI2OO3U.png%20420w\" srcset=\"https:\/\/www.infobae.com\/new-resizer\/NX9MGkFHDp0zf-jPhuU290uLKMc=\/420x236\/filters:format(webp):quality(85)\/cloudfront-us-east-1.images.arcpublishing.com\/infobae\/MORDJH6YYNF6PMQJRIITI2OO3U.png 420w,https:\/\/www.infobae.com\/new-resizer\/4MUK5dw7hjsnXCBK38_J0to9r2s=\/768x432\/filters:format(webp):quality(85)\/cloudfront-us-east-1.images.arcpublishing.com\/infobae\/MORDJH6YYNF6PMQJRIITI2OO3U.png 768w,https:\/\/www.infobae.com\/new-resizer\/jnOe3kraKNSzIBoPSwEZHP6yQBQ=\/992x558\/filters:format(webp):quality(85)\/cloudfront-us-east-1.images.arcpublishing.com\/infobae\/MORDJH6YYNF6PMQJRIITI2OO3U.png 992w,https:\/\/www.infobae.com\/new-resizer\/Fw4GJfRY8Qx3EXqb1Ea5VotgnK8=\/1200x675\/filters:format(webp):quality(85)\/cloudfront-us-east-1.images.arcpublishing.com\/infobae\/MORDJH6YYNF6PMQJRIITI2OO3U.png 1200w,https:\/\/www.infobae.com\/new-resizer\/GCoFuD48HPRRrlxBhWzbmiyTohM=\/1440x810\/filters:format(webp):quality(85)\/cloudfront-us-east-1.images.arcpublishing.com\/infobae\/MORDJH6YYNF6PMQJRIITI2OO3U.png 1440w\">Enfermedades como el dengue requieren medidas preventivas con repelentes y cuidado solar (Imagen ilustrativa Infobae)<\/p>\n\n\n\n<p>Es por ese motivo que ambos productos son esenciales como barrera de protecci\u00f3n. Ahora bien, \u00bfcu\u00e1l es el orden? \u201c<strong>Es necesario aplicar primero el protector solar y esperar 30 minutos para luego aplicar el repelente<\/strong>, manteni\u00e9ndose as\u00ed la efectividad de ambos productos\u201d, indicaron desde el&nbsp;<a href=\"https:\/\/www.argentina.gob.ar\/anmat\/comunidad\/informacion-de-interes-para-tu-salud\/repelentes-de-insectos-para-uso-en-humanos#:~:text=Tambi%C3%A9n%20hay%20que%20tener%20en,la%20efectividad%20de%20ambos%20productos.\" target=\"_blank\" rel=\"noreferrer noopener\">Ministerio de Salud argentino<\/a>. \u201c<strong>Los repelentes no deben mezclarse con protectores solares en la misma formulaci\u00f3n<\/strong>\u201d, resalt\u00f3 en di\u00e1logo con&nbsp;<strong>Infobae&nbsp;<\/strong>el doctor&nbsp;<strong>Francisco Dadic&nbsp;<\/strong>(MN 125795), m\u00e9dico especializado en toxicolog\u00eda.<a href=\"https:\/\/www.infobae.com\/peru\/2024\/01\/07\/como-pedir-vacaciones-remuneradas-por-un-mes-segun-sunafil\/\" target=\"_blank\" rel=\"noreferrer noopener\"><\/a><a href=\"https:\/\/www.infobae.com\/peru\/2024\/01\/07\/como-pedir-vacaciones-remuneradas-por-un-mes-segun-sunafil\/\" target=\"_blank\" rel=\"noreferrer noopener\"><\/a><\/p>\n\n\n\n<p>Las razones de esta diferencia, seg\u00fan la&nbsp;<a rel=\"noreferrer noopener\" href=\"https:\/\/www.sap.org.ar\/uploads\/archivos\/general\/files_proteger-picaduras-mosquitos-01-19_1576538844.pdf\" target=\"_blank\">SAP<\/a>:&nbsp;<strong>\u201cCombinados aumentan el nivel de toxicidad\u201d<\/strong>. Al tiempo que&nbsp;<strong>Ricardo Teijeiro&nbsp;<\/strong>(MN 58065) infect\u00f3logo del Hospital Pirovano y miembro de la Sociedad Argentina de Infectolog\u00eda (SADI), indic\u00f3 a<strong>&nbsp;Infobae que la aplicaci\u00f3n inmediata del \u201crepelente puede disminuir el efecto del protector\u201d.<\/strong><\/p>\n\n\n\n<p>Al tiempo que, desde la sociedad cient\u00edfica, aclararon que se debe \u201caplicar el protector por lo menos 20-30 minutos antes de la exposici\u00f3n y se debe renovar su aplicaci\u00f3n cada 2 horas cuando la piel est\u00e1 seca o cada vez que se sale del agua o se frota o limpia una zona. Una buena capa y en forma pareja. No olvidarse de las orejas, el cuello, el dorso de manos y pies que son zonas muy expuestas\u201d. En ese sentido, destacaron que&nbsp;<strong>el orden de espera entre uno y otro con el repelente debe mantenerse en las distintas aplicaciones del protector solar<\/strong>.<\/p>\n\n\n\n<h2 class=\"wp-block-heading\">Cu\u00e1les son los tipos de repelente y qu\u00e9 tener en cuenta<\/h2>\n\n\n\n<p>Los repelentes, como bien indica su nombre, evitan que los insectos se acerquen. Es decir, que se previene el contacto de los mosquitos con la piel. \u201cSe aplican sobre las zonas expuestas del cuerpo mediante lociones, cremas, vaporizadores, roll-on, o toallitas impregnadas\u201d, indic\u00f3 el experto.<\/p>\n\n\n\n<p><img loading=\"lazy\" decoding=\"async\" alt=\"La aplicaci\u00f3n regular del protector solar: un paso esencial para una protecci\u00f3n duradera\n(Imagen ilustrativa Infobae)\" height=\"816\" width=\"1456\" src=\"https:\/\/www.infobae.com\/new-resizer\/2WuhzbBj_zH-o16fJ-JFSJjcPRc=\/420x236\/filters:format(webp):quality(85)\/cloudfront-us-east-1.images.arcpublishing.com\/infobae\/O75W535ZQNCTNL6S6SL3CMGJ2I.png%20420w\" srcset=\"https:\/\/www.infobae.com\/new-resizer\/2WuhzbBj_zH-o16fJ-JFSJjcPRc=\/420x236\/filters:format(webp):quality(85)\/cloudfront-us-east-1.images.arcpublishing.com\/infobae\/O75W535ZQNCTNL6S6SL3CMGJ2I.png 420w,https:\/\/www.infobae.com\/new-resizer\/EqxarR8SP27ZG6BleCQ06b7eosc=\/768x432\/filters:format(webp):quality(85)\/cloudfront-us-east-1.images.arcpublishing.com\/infobae\/O75W535ZQNCTNL6S6SL3CMGJ2I.png 768w,https:\/\/www.infobae.com\/new-resizer\/H_0eyVZAMR1ewtrxAJ5uRlKs9xk=\/992x558\/filters:format(webp):quality(85)\/cloudfront-us-east-1.images.arcpublishing.com\/infobae\/O75W535ZQNCTNL6S6SL3CMGJ2I.png 992w,https:\/\/www.infobae.com\/new-resizer\/hWWeS3tyXVHB_di4GuycT3P4Y-w=\/1200x675\/filters:format(webp):quality(85)\/cloudfront-us-east-1.images.arcpublishing.com\/infobae\/O75W535ZQNCTNL6S6SL3CMGJ2I.png 1200w,https:\/\/www.infobae.com\/new-resizer\/JIU4RVMvoz4sRhvlj50HnDh3bv4=\/1440x810\/filters:format(webp):quality(85)\/cloudfront-us-east-1.images.arcpublishing.com\/infobae\/O75W535ZQNCTNL6S6SL3CMGJ2I.png 1440w\">La aplicaci\u00f3n regular del protector solar: un paso esencial para una protecci\u00f3n duradera (Imagen ilustrativa Infobae)<\/p>\n\n\n\n<p>En ese sentido, Dadic brind\u00f3 algunas&nbsp;<strong>recomendaciones&nbsp;<\/strong>para su correcta elecci\u00f3n:<a href=\"https:\/\/www.infobae.com\/salud\/2024\/01\/03\/cuales-son-los-6-repelentes-naturales-que-pueden-ahuyentar-a-los-mosquitos\/\" target=\"_blank\" rel=\"noreferrer noopener\"><\/a><a href=\"https:\/\/www.infobae.com\/salud\/2024\/01\/03\/cuales-son-los-6-repelentes-naturales-que-pueden-ahuyentar-a-los-mosquitos\/\" target=\"_blank\" rel=\"noreferrer noopener\"><\/a><\/p>\n\n\n\n<p>&#8211; Si bien existen varias marcas comerciales, la mayor\u00eda est\u00e1 compuesta por aceite de citronela, de eucalipto, de lim\u00f3n, picaridina, parametanodiol y DEET, entre otros. De todos, el m\u00e1s ampliamente difundido y estudiado es el DEET o N,N-dietil-meta-toluamida (que no es el plaguicida DDT).<\/p>\n\n\n\n<p>&#8211; La&nbsp;<strong>DEET&nbsp;<\/strong>interfiere con las neuronas y los receptores en las antenas y la boca de los mosquitos. Para evitar&nbsp;<strong>efectos indeseados<\/strong>, la Academia Americana de Pediatr\u00eda recomienda que al aplicarse en&nbsp;<strong>ni\u00f1os<\/strong>,&nbsp;<strong>no deben contener m\u00e1s de 30% de DEET<\/strong>. Asimismo, indica&nbsp;<strong>no utilizarla en menores de 2 a\u00f1os<\/strong>&nbsp;y sugiere \u201caceite de citronela solo, sin aditivos qu\u00edmicos\u201d.<\/p>\n\n\n\n<p>&#8211; \u201cLas marcas comerciales tienen distintas concentraciones de DEET, motivo por el cual poseen un efecto m\u00e1s duradero y eso hace que sea para uso \u2018familiar\u2019 o no. Un producto con DEET al 10% protege durante 2 a 3 horas aproximadamente, mientras que, si es al 25%, la protecci\u00f3n es de 6 horas en promedio\u201d, detall\u00f3 el experto.<\/p>\n\n\n\n<p><img loading=\"lazy\" decoding=\"async\" alt=\"Eficacia sostenida: \u00bfcada cu\u00e1nto debes aplicar y renovar tu escudo contra los mosquitos?\n(Imagen Ilustrativa Infobae)\" height=\"1024\" width=\"1792\" src=\"https:\/\/www.infobae.com\/new-resizer\/wC3S1VH_cUnLnC9cq8J15j2xxEo=\/992x606\/filters:format(webp):quality(85)\/cloudfront-us-east-1.images.arcpublishing.com\/infobae\/XULCLPFYFRHHXOZA4XPG4MYAHQ.jpg%20992w\" srcset=\"https:\/\/www.infobae.com\/new-resizer\/wC3S1VH_cUnLnC9cq8J15j2xxEo=\/992x606\/filters:format(webp):quality(85)\/cloudfront-us-east-1.images.arcpublishing.com\/infobae\/XULCLPFYFRHHXOZA4XPG4MYAHQ.jpg 992w\">Eficacia sostenida: \u00bfcada cu\u00e1nto debes aplicar y renovar tu escudo contra los mosquitos? (Imagen Ilustrativa Infobae)<\/p>\n\n\n\n<p>&#8211; El aceite de&nbsp;<strong>citronela<\/strong>, en tanto, es un extracto especies vegetales. Sus&nbsp;<strong>limitaciones&nbsp;<\/strong>se centran es que \u201climitado como repelente\u201d y su \u201ccorta acci\u00f3n en el tiempo\u201d.<\/p>\n\n\n\n<p>&#8211; \u201cEl&nbsp;<strong>aceite de eucalipto<\/strong>, por su parte, puede provocar fen\u00f3menos de broncoespasmo en personas con susceptibilidad previa. Adem\u00e1s,&nbsp;<strong>no se recomienda en menores de 3 a\u00f1os ni en concentraciones mayores al 30% superada esa edad<\/strong>\u201d, advirti\u00f3 el toxic\u00f3logo.<\/p>\n\n\n\n<p>&#8211; \u201cSe recomienda<strong>&nbsp;ropa de manga y pantalones largos&nbsp;<\/strong>(de color claro) siempre que se encuentre en el exterior, mientras que en el interior es ideal usar tules sobre las cunas, mosquiteros y repelentes qu\u00edmicos el\u00e9ctricos, pero a no menos de 1,5 metros de distancia\u201d, agreg\u00f3 el experto.<\/p>\n\n\n\n<p>Adem\u00e1s, indic\u00f3 que \u201c<strong>es importante revisar la etiqueta en busca de la cantidad de DEET contenida<\/strong>, emplear los que no superen el 30%, siempre seguir las instrucciones, no aplicarlo debajo de la ropa, sobre heridas o piel irritada\u201d. \u201cSe deben&nbsp;<strong>descartar los brazaletes con repelentes qu\u00edmicos<\/strong>, el ajo o la vitamina B1 ingeridos por boca, los dispositivos de ultrasonido dise\u00f1ados para alejar a los insectos y aquellos para el jard\u00edn que \u2018electrocutan\u2019 a los insectos (de hecho, pueden atraerlos)\u201d, a\u00f1adi\u00f3 Dadic.<\/p>\n\n\n\n<p><img loading=\"lazy\" decoding=\"async\" alt=\"Durabilidad efectiva: estrategias para renovar la defensa contra mosquitos y el sol de manera eficiente\n(Imagen Ilustrativa Infobae)\" height=\"816\" width=\"1456\" src=\"https:\/\/www.infobae.com\/new-resizer\/mucd7371MyezDm5Tm9149PiK0Oo=\/420x236\/filters:format(webp):quality(85)\/cloudfront-us-east-1.images.arcpublishing.com\/infobae\/ZO4FN2RBKJGTZAOSQOBKZEVBW4.png%20420w\" srcset=\"https:\/\/www.infobae.com\/new-resizer\/mucd7371MyezDm5Tm9149PiK0Oo=\/420x236\/filters:format(webp):quality(85)\/cloudfront-us-east-1.images.arcpublishing.com\/infobae\/ZO4FN2RBKJGTZAOSQOBKZEVBW4.png 420w,https:\/\/www.infobae.com\/new-resizer\/O2-kRZ2MECZZvbsThU8behVG_hA=\/768x432\/filters:format(webp):quality(85)\/cloudfront-us-east-1.images.arcpublishing.com\/infobae\/ZO4FN2RBKJGTZAOSQOBKZEVBW4.png 768w,https:\/\/www.infobae.com\/new-resizer\/QlrY4N46Arw--PkJ9WnklHTJsNc=\/992x558\/filters:format(webp):quality(85)\/cloudfront-us-east-1.images.arcpublishing.com\/infobae\/ZO4FN2RBKJGTZAOSQOBKZEVBW4.png 992w,https:\/\/www.infobae.com\/new-resizer\/Wvr0vSKlvvp_y58vIqL3o_yeYKs=\/1200x675\/filters:format(webp):quality(85)\/cloudfront-us-east-1.images.arcpublishing.com\/infobae\/ZO4FN2RBKJGTZAOSQOBKZEVBW4.png 1200w,https:\/\/www.infobae.com\/new-resizer\/aND7UypWG78l15nH6nJeu9eeoGQ=\/1440x810\/filters:format(webp):quality(85)\/cloudfront-us-east-1.images.arcpublishing.com\/infobae\/ZO4FN2RBKJGTZAOSQOBKZEVBW4.png 1440w\">Durabilidad efectiva: estrategias para renovar la defensa contra mosquitos y el sol de manera eficiente (Imagen Ilustrativa Infobae)<\/p>\n\n\n\n<p>En tanto, desde la SAP indicaron que no se debe \u201caplicar el repelente en zonas de heridas , cortaduras o piel irritada\u201d, al igual que \u201cen las manos de los ni\u00f1os\u201d. \u201cEl mismo debe ser aplicado por un adulto\u201d, resaltaron al indicar que en los casos en que los productos contengan DEET no deben aplicarse directamente en la cara. \u201cSe deben rociar las manos y despu\u00e9s frotarlas cuidadosamente sobre la cara evitando los ojos y la boca\u201d, indicaron y resaltaron: \u201c<strong>No se recomiendan repelentes para los ni\u00f1os menores de 2 meses de edad\u201d.<\/strong><\/p>\n\n\n\n<h2 class=\"wp-block-heading\">Qu\u00e9 tener en cuenta a la hora de usar protectores solares<\/h2>\n\n\n\n<p>Pese a que el bronceado es un estado que la gran mayor\u00eda de las personas buscan en este \u00e9poca del a\u00f1o, desde la&nbsp;<a rel=\"noreferrer noopener\" href=\"https:\/\/www.sap.org.ar\/comunidad-novedad.php?codigo=216\" target=\"_blank\">SAP&nbsp;<\/a>aclaran que \u201c<strong>no es un estado normal de la piel<\/strong>, sino que se trata de un mecanismo de defensa para disminuir el da\u00f1o (fotoda\u00f1o) frente a estas exposiciones\u201d. \u201cDado que este&nbsp;<strong>da\u00f1o es acumulativo<\/strong>,&nbsp;<strong>los ni\u00f1os y adolescentes son especialmente vulnerables<\/strong>&nbsp;y se encuentran particularmente en riesgo\u201d, agregaron.<\/p>\n\n\n\n<p><strong>\u201c<\/strong>Los protectores solares son compuestos que ayudan a prevenir la llegada de las RUV a la piel. El factor de protecci\u00f3n solar (FPS) es la medida de capacidad que tiene un bloqueador solar para evitar que los rayos solares da\u00f1en nuestra piel. En t\u00e9rminos de porcentaje podemos decir que un FPS 15 bloquea aproximadamente el 93% de las RUV, un FPS 30 bloquea el 97% y un FPS 50 bloquea el 99%\u201d, explicaron desde la SAP.<\/p>\n\n\n\n<p><img loading=\"lazy\" decoding=\"async\" alt=\"Impacto acumulativo del sol: prevenci\u00f3n de riesgos con el uso adecuado del protector solar\n(Imagen Ilustrativa Infobae)\" height=\"816\" width=\"1456\" src=\"https:\/\/www.infobae.com\/new-resizer\/jXYyfO03yJsGYPx-NveXAoEhcjY=\/420x236\/filters:format(webp):quality(85)\/cloudfront-us-east-1.images.arcpublishing.com\/infobae\/PETFLUMVB5BRLLY5DMSPLAVSWY.jpg%20420w\" srcset=\"https:\/\/www.infobae.com\/new-resizer\/jXYyfO03yJsGYPx-NveXAoEhcjY=\/420x236\/filters:format(webp):quality(85)\/cloudfront-us-east-1.images.arcpublishing.com\/infobae\/PETFLUMVB5BRLLY5DMSPLAVSWY.jpg 420w,https:\/\/www.infobae.com\/new-resizer\/n570KIGTb0Fp_OgSB-Ei27qVQgs=\/768x432\/filters:format(webp):quality(85)\/cloudfront-us-east-1.images.arcpublishing.com\/infobae\/PETFLUMVB5BRLLY5DMSPLAVSWY.jpg 768w,https:\/\/www.infobae.com\/new-resizer\/4XJhJgXtNXXXFoAhH0jNA3qaT6I=\/992x558\/filters:format(webp):quality(85)\/cloudfront-us-east-1.images.arcpublishing.com\/infobae\/PETFLUMVB5BRLLY5DMSPLAVSWY.jpg 992w,https:\/\/www.infobae.com\/new-resizer\/gPNKLlSTbveFLS_6vqIuoot4VHo=\/1200x675\/filters:format(webp):quality(85)\/cloudfront-us-east-1.images.arcpublishing.com\/infobae\/PETFLUMVB5BRLLY5DMSPLAVSWY.jpg 1200w,https:\/\/www.infobae.com\/new-resizer\/tvBP87YlZlOf0tQYSlOlaMvLPOc=\/1440x810\/filters:format(webp):quality(85)\/cloudfront-us-east-1.images.arcpublishing.com\/infobae\/PETFLUMVB5BRLLY5DMSPLAVSWY.jpg 1440w\">Impacto acumulativo del sol: prevenci\u00f3n de riesgos con el uso adecuado del protector solar (Imagen Ilustrativa Infobae)<\/p>\n\n\n\n<p>En ese sentido, recomendaron \u201cprotectores solares con no menos de FPS 30\u2033 en los ni\u00f1os. Al tiempo que resaltaron que es \u201cimportante siempre leer las etiquetas de los productos. Se desaconsejan aquellos productos que posean: parabenos, palmitato de retinol, oxibenzona, avobenzona y fragancias\u201d. Y resaltaron: \u201cRecordar para evitar el sol directo: \u2018Sombra corta &#8211; riesgo alto\u2019\u201d; siendo que \u201c<strong>la protecci\u00f3n debe realizarse a\u00fan cuando la piel est\u00e9 bronceada<\/strong>\u201d.<\/p>\n\n\n\n<p><strong>Cu\u00e1les son las recomendaciones de la SAP<\/strong><\/p>\n\n\n\n<p>&#8211;&nbsp;<strong>No exponer al sol directo a ni\u00f1os menores de 1 a\u00f1o<\/strong>. Asegurarse que los cochecitos est\u00e9n provistos de una cubierta o campana para protegerlos del sol durante los paseos diurnos.<\/p>\n\n\n\n<p>&#8211; Evitar la exposici\u00f3n al sol directo entre las 10 y las 16 horas.&nbsp;<strong>Proteger a los ni\u00f1os a\u00fan los d\u00edas nublados,<\/strong>&nbsp;ya que la radiaci\u00f3n solar atraviesa las nubes, e incluso mientras realizan deportes al sol.<\/p>\n\n\n\n<p>&#8211; Se recomienda siempre el uso de protectores solares, el factor de protecci\u00f3n (FPS)&nbsp;<strong>no debe ser menor de 30<\/strong>, en algunos casos puede estar indicado el FPS 50 (en cremas, loci\u00f3n, spray, leches, geles). Contraindicados los protectores solares en ni\u00f1os menores de 6 meses.<\/p>\n\n\n\n<p><img loading=\"lazy\" decoding=\"async\" alt=\"Protecci\u00f3n contra mosquitos en verano: repelentes, aliados fundamentales seg\u00fan expertos en salud\n(Imagen Ilustrativa Infobae)\" height=\"1536\" width=\"2688\" src=\"https:\/\/www.infobae.com\/new-resizer\/kS0MpL4WJD7lRp6CkHNSjT8ugJU=\/992x606\/filters:format(webp):quality(85)\/cloudfront-us-east-1.images.arcpublishing.com\/infobae\/VV6RU2ZCYJEIFAPIF4F7HK7FCE.jpg%20992w\" srcset=\"https:\/\/www.infobae.com\/new-resizer\/kS0MpL4WJD7lRp6CkHNSjT8ugJU=\/992x606\/filters:format(webp):quality(85)\/cloudfront-us-east-1.images.arcpublishing.com\/infobae\/VV6RU2ZCYJEIFAPIF4F7HK7FCE.jpg 992w\">Protecci\u00f3n contra mosquitos en verano: repelentes, aliados fundamentales seg\u00fan expertos en salud (Imagen Ilustrativa Infobae)<\/p>\n\n\n\n<p>&#8211; Buscar lugares con&nbsp;<strong>sombra<\/strong>: sombrillas, techados, \u00e1rboles, entre otros. Brindar especial atenci\u00f3n en las&nbsp;<strong>superficies que reflejen los rayos solares&nbsp;<\/strong>como el cemento, la arena, el agua, la nieve o superficies brillantes.<\/p>\n\n\n\n<p>&#8211; Usar&nbsp;<strong>ropa adecuada<\/strong>: holgada, clara, fresca y de trama lo m\u00e1s cerrada posible, mangas y pantalones largos. Cubrir la cabeza con sombreros, gorras con viseras, pa\u00f1uelos.<\/p>\n\n\n\n<p>&#8211; Se aconseja la consulta al dermat\u00f3logo una vez por a\u00f1o, sobre todo aquellos ni\u00f1os y adolescentes con pieles sensibles (piel blanca, con pecas, muchos lunares, ojos celestes, cabello rubio o pelirrojo o antecedentes de c\u00e1ncer de piel en la familia) y en todas aquellas oportunidades en que sea necesario.<\/p>\n\n\n\n<p>\u201c<strong>Todas estas recomendaciones tambi\u00e9n valen para los adultos<\/strong>\u201d, recalcaron desde la SAP y concluyeron: \u201cEnse\u00f1e a sus hijos a protegerse de la exposici\u00f3n al sol durante el per\u00edodo que transcurre en la escuela. El protector solar debe incluirse entre otros art\u00edculos que lleva\u201d.<\/p>\n\n\n\n<p>Fuente: https:\/\/www.infobae.com\/salud\/2024\/01\/07\/claves-para-un-verano-saludable-que-se-debe-aplicar-primero-protector-solar-o-repelente\/<\/p>\n","protected":false},"excerpt":{"rendered":"<p>El orden de aplicaci\u00f3n entre ambos productos es crucial para evitar enfermedades, tales como el dengue, adem\u00e1s de da\u00f1os en la piel. C\u00f3mo protegerse de forma correcta, seg\u00fan los expertos La correcta aplicaci\u00f3n de protectores solares y repelentes, clave en la protecci\u00f3n durante el verano (Imagen Ilustrativa Infobae) Las&nbsp;altas temperaturas&nbsp;y las&nbsp;vacaciones&nbsp;son las excusas ideales para [&hellip;]<\/p>\n","protected":false},"author":3,"featured_media":619,"comment_status":"open","ping_status":"open","sticky":false,"template":"","format":"standard","meta":{"footnotes":""},"categories":[11,4,5],"tags":[340],"class_list":["post-618","post","type-post","status-publish","format-standard","has-post-thumbnail","hentry","category-agenda","category-bienestar","category-salud","tag-protector-solar-o-repelente"],"_links":{"self":[{"href":"https:\/\/noticiassaludables.com.ar\/index.php?rest_route=\/wp\/v2\/posts\/618","targetHints":{"allow":["GET"]}}],"collection":[{"href":"https:\/\/noticiassaludables.com.ar\/index.php?rest_route=\/wp\/v2\/posts"}],"about":[{"href":"https:\/\/noticiassaludables.com.ar\/index.php?rest_route=\/wp\/v2\/types\/post"}],"author":[{"embeddable":true,"href":"https:\/\/noticiassaludables.com.ar\/index.php?rest_route=\/wp\/v2\/users\/3"}],"replies":[{"embeddable":true,"href":"https:\/\/noticiassaludables.com.ar\/index.php?rest_route=%2Fwp%2Fv2%2Fcomments&post=618"}],"version-history":[{"count":1,"href":"https:\/\/noticiassaludables.com.ar\/index.php?rest_route=\/wp\/v2\/posts\/618\/revisions"}],"predecessor-version":[{"id":620,"href":"https:\/\/noticiassaludables.com.ar\/index.php?rest_route=\/wp\/v2\/posts\/618\/revisions\/620"}],"wp:featuredmedia":[{"embeddable":true,"href":"https:\/\/noticiassaludables.com.ar\/index.php?rest_route=\/wp\/v2\/media\/619"}],"wp:attachment":[{"href":"https:\/\/noticiassaludables.com.ar\/index.php?rest_route=%2Fwp%2Fv2%2Fmedia&parent=618"}],"wp:term":[{"taxonomy":"category","embeddable":true,"href":"https:\/\/noticiassaludables.com.ar\/index.php?rest_route=%2Fwp%2Fv2%2Fcategories&post=618"},{"taxonomy":"post_tag","embeddable":true,"href":"https:\/\/noticiassaludables.com.ar\/index.php?rest_route=%2Fwp%2Fv2%2Ftags&post=618"}],"curies":[{"name":"wp","href":"https:\/\/api.w.org\/{rel}","templated":true}]}}