{"id":628,"date":"2024-01-09T12:09:38","date_gmt":"2024-01-09T15:09:38","guid":{"rendered":"https:\/\/noticiassaludables.com.ar\/?p=628"},"modified":"2024-01-09T12:09:38","modified_gmt":"2024-01-09T15:09:38","slug":"aumentan-los-casos-de-covid-en-la-argentina","status":"publish","type":"post","link":"https:\/\/noticiassaludables.com.ar\/?p=628","title":{"rendered":"Aumentan los casos de COVID en la Argentina"},"content":{"rendered":"\n<h2 class=\"wp-block-heading\">Desde la segunda semana de diciembre, se registraron incrementos en la cantidad de contagios diarios. Cu\u00e1ntas personas se vacunaron hasta el momento y por qu\u00e9 es importante estar al d\u00eda con las dosis de refuerzo de la vacunaci\u00f3n<\/h2>\n\n\n\n<p><img loading=\"lazy\" decoding=\"async\" alt=\"El coronavirus sigue circulando en Argentina. Durante 2023 seg\u00fan el \u00faltimo bolet\u00edn de la cartera de Salud nacional se reportaron 99.196 casos confirmados y 498 fallecimientos\/\nREUTERS\/Dado Ruvic\/\" height=\"498\" width=\"800\" src=\"https:\/\/www.infobae.com\/new-resizer\/nD8-dnb9d58DiKliiXjy9ytFiwg=\/992x606\/filters:format(webp):quality(85)\/cloudfront-us-east-1.images.arcpublishing.com\/infobae\/BB557JPROFCQZABXGS7YTNZHJQ.jpg%20992w\" srcset=\"https:\/\/www.infobae.com\/new-resizer\/nD8-dnb9d58DiKliiXjy9ytFiwg=\/992x606\/filters:format(webp):quality(85)\/cloudfront-us-east-1.images.arcpublishing.com\/infobae\/BB557JPROFCQZABXGS7YTNZHJQ.jpg 992w\">El coronavirus sigue circulando en Argentina. Durante 2023 seg\u00fan el \u00faltimo bolet\u00edn de la cartera de Salud nacional se reportaron 99.196 casos confirmados y 498 fallecimientos\/ REUTERS\/Dado Ruvic\/<\/p>\n\n\n\n<p>Mientras que en distintas partes del planeta se han establecido diferentes advertencias sobre c\u00f3mo el aumento de los contagios de&nbsp;<strong>COVID-19<\/strong>, junto a otras enfermedades respiratorias, han puesto tensi\u00f3n en los sistemas de salud, en la&nbsp;<strong>Argentina<\/strong>&nbsp;la curva de casos de personas con diagn\u00f3stico positivo por<strong>&nbsp;SARS-CoV-2 ha vuelto a subir desde la segunda quincena de diciembre.<\/strong><a href=\"https:\/\/www.infobae.com\/salud\/2024\/01\/03\/el-covid-aun-es-una-amenaza-para-la-salud-global-mientras-la-variante-jn1-se-vuelve-dominante-en-eeuu-y-otros-paises\/\" rel=\"noreferrer noopener\" target=\"_blank\"><\/a><\/p>\n\n\n\n<p>Hasta el momento, desde que comenzaron a aplicarse las vacunas el 29 de diciembre de 2020, se administraron un total de 116.704.298 dosis, de las cuales 41.190.815 a la primera, 38.098.719 la segunda y 3.172.578 se destinaron a dosis adicionales. Ahora, en lo que se refiere a los&nbsp;<a rel=\"noreferrer noopener\" href=\"https:\/\/www.argentina.gob.ar\/coronavirus\/vacuna\/aplicadas\" target=\"_blank\">refuerzos<\/a>, los n\u00fameros son cada vez m\u00e1s reducidos. Para el primero, se alcanzan las 22.911.960 aplicaciones. Mientras que para el segundo y&nbsp;<strong>tercero&nbsp;<\/strong>los n\u00fameros caen hasta el 8.538.641 y&nbsp;<strong>2.450.961,&nbsp;<\/strong>respectivamente.<\/p>\n\n\n\n<p>En la semana del 18 de diciembre de 2023 se registraron 84 casos confirmados diarios, seg\u00fan la&nbsp;<strong>fecha de inicio de los s\u00edntomas<\/strong>&nbsp;como promedio semanal. Dos semanas despu\u00e9s (la del 1 de diciembre), se notificaron 212 casos confirmados diarios. Es decir,&nbsp;<strong>hubo un aumento de 152% de los casos diarios considerando el promedio semanal.<\/strong><\/p>\n\n\n\n<p><img loading=\"lazy\" decoding=\"async\" alt=\"Los \u00faltimos datos de vacunaci\u00f3n, una cifra que se actualiza a diario, seg\u00fan advierten desde el propio Monitor P\u00fablico de Vacunaci\u00f3n Cr\u00e9dito: Ministerio de Salud\" height=\"1652\" width=\"1920\" src=\"https:\/\/www.infobae.com\/new-resizer\/bhjpUfrCUklqpX8X5ijBvZEU3Aw=\/992x850\/filters:format(webp):quality(85)\/cloudfront-us-east-1.images.arcpublishing.com\/infobae\/4DDAZIFNXJDDJLBGOZ2W6GMXNE.jpg%20992w\" srcset=\"https:\/\/www.infobae.com\/new-resizer\/bhjpUfrCUklqpX8X5ijBvZEU3Aw=\/992x850\/filters:format(webp):quality(85)\/cloudfront-us-east-1.images.arcpublishing.com\/infobae\/4DDAZIFNXJDDJLBGOZ2W6GMXNE.jpg 992w\">Los \u00faltimos datos de vacunaci\u00f3n, una cifra que se actualiza a diario, seg\u00fan advierten desde el propio Monitor P\u00fablico de Vacunaci\u00f3n Cr\u00e9dito: Ministerio de Salud<\/p>\n\n\n\n<p>Ese incremento se verifica al considerar los datos abiertos del\u00a0<strong>Ministerio de Salud de la Naci\u00f3n<\/strong>. El doctor Jorge Aliaga, de la\u00a0<strong>Universidad Nacional de Hurlingham<\/strong>, que viene haciendo un an\u00e1lisis semanal desde el inicio de la pandemia en 2020, coment\u00f3 a\u00a0<strong>Infobae<\/strong>\u00a0que la subida de los casos tiene la misma velocidad que la \u00faltima m\u00e1s significativa que ocurri\u00f3 en septiembre pasado. En la semana del 4 de septiembre, los casos llegaron a ser 418 como promedio semanal. Durante la semanas siguiente, la curva fue en descenso.<a href=\"https:\/\/www.infobae.com\/america\/ciencia-america\/2024\/01\/06\/el-dengue-bate-records-en-america-latina-quienes-tienen-mayor-riesgo-de-sufrirlo-en-forma-grave\/\" target=\"_blank\" rel=\"noreferrer noopener\"><\/a><a href=\"https:\/\/www.infobae.com\/america\/ciencia-america\/2024\/01\/06\/el-dengue-bate-records-en-america-latina-quienes-tienen-mayor-riesgo-de-sufrirlo-en-forma-grave\/\" target=\"_blank\" rel=\"noreferrer noopener\"><\/a><\/p>\n\n\n\n<p>Algunas de las 24 jurisdicciones que forman la Argentina est\u00e1n experimentando m\u00e1s aumentos que otras en cuanto a los pacientes con COVID. La Ciudad de Buenos Aires, por citar un ejemplo, pas\u00f3 de tener 7 casos diarios -como promedio semanal- a 17 en la segunda quincena de diciembre y la primera semana de enero (143%); la de Buenos Aires de 15 a 35 (133%).<\/p>\n\n\n\n<p>En tanto, en Tucum\u00e1n, los casos pasaron de 21 a 97 como promedio semanal (un incremento del&nbsp;<strong>361%), y en Jujuy, de 7 a 23 (228%).<\/strong><\/p>\n\n\n\n<p><img loading=\"lazy\" decoding=\"async\" alt=\"En el gr\u00e1fico se evidencia la ca\u00edda en la cantidad de dosis aplicadas. Actualmente, menos de 2.500.000 de argentinos se aplicaron la tercera dosis de refuerzo\nCr\u00e9dito: Ministerio de Salud\" height=\"738\" width=\"1920\" src=\"https:\/\/www.infobae.com\/new-resizer\/fYcxMwJv0vDeB6GqS5_P8WfdWWw=\/arc-anglerfish-arc2-prod-infobae\/public\/NZQOLTZV7BCFTMFUPCMRCHTXDI.jpg\">En el gr\u00e1fico se evidencia la ca\u00edda en la cantidad de dosis aplicadas. Actualmente, menos de 2.500.000 de argentinos se aplicaron la tercera dosis de refuerzo Cr\u00e9dito: Ministerio de Salud<\/p>\n\n\n\n<p>\u201cEstamos observando que hay m\u00e1s cantidad de pacientes con COVID en el hospital. Por eso, hay que recomendar que se deber\u00eda usar barbijo si las personas se encuentran en lugares cerrados como hospitales, transporte p\u00fablico, ascensor\u201d, resalt\u00f3 el doctor&nbsp;<strong>Mario Fitz Maurice<\/strong>, jefe de arritmias del Hospital Rivadavia de Buenos Aires, al ser consultado por<strong>&nbsp;Infobae<\/strong>.<\/p>\n\n\n\n<p>Mientras sigue circulando, el coronavirus tambi\u00e9n evoluciona. En todo el mundo y tambi\u00e9n en la Argentina sigue predominando la variante \u00d3micron del SARS-Cov-2, pero ha ido variando el predominio de sus sublinajes.<\/p>\n\n\n\n<h2 class=\"wp-block-heading\">Las nuevas variantes en la Argentina<\/h2>\n\n\n\n<p><img loading=\"lazy\" decoding=\"async\" alt=\"El mensaje en redes del Dr Mario Fitz Maurice\nCr\u00e9dito: @mariofitzm\" height=\"3772\" width=\"1920\" src=\"https:\/\/www.infobae.com\/new-resizer\/Bn25z5pIyNzgi0LRu64xjFtEdpg=\/420x747\/filters:format(webp):quality(85)\/cloudfront-us-east-1.images.arcpublishing.com\/infobae\/F7WPH34MJNF3DJYUNINWX3P4MM.jpg%20420w\" srcset=\"https:\/\/www.infobae.com\/new-resizer\/Bn25z5pIyNzgi0LRu64xjFtEdpg=\/420x747\/filters:format(webp):quality(85)\/cloudfront-us-east-1.images.arcpublishing.com\/infobae\/F7WPH34MJNF3DJYUNINWX3P4MM.jpg 420w,https:\/\/www.infobae.com\/new-resizer\/12dJ6Fg8WAp8dy6G6XM9h4h-dc8=\/768x1365\/filters:format(webp):quality(85)\/cloudfront-us-east-1.images.arcpublishing.com\/infobae\/F7WPH34MJNF3DJYUNINWX3P4MM.jpg 768w,https:\/\/www.infobae.com\/new-resizer\/4Bab8ZrqNUrbh61SpjtTeb1URe4=\/992x1764\/filters:format(webp):quality(85)\/cloudfront-us-east-1.images.arcpublishing.com\/infobae\/F7WPH34MJNF3DJYUNINWX3P4MM.jpg 992w,https:\/\/www.infobae.com\/new-resizer\/eT-00dqlKf4oNUBq9bRB9WiQ_TA=\/1200x2133\/filters:format(webp):quality(85)\/cloudfront-us-east-1.images.arcpublishing.com\/infobae\/F7WPH34MJNF3DJYUNINWX3P4MM.jpg 1200w\">El mensaje en redes del Dr Mario Fitz Maurice Cr\u00e9dito: @mariofitzm<\/p>\n\n\n\n<p>Seg\u00fan el Ministerio, el 3 de enero de 2024 se detect\u00f3 en la Argentina un total de 2 casos confirmados de la variante BA.2.86 (con residencia en la provincia de Santa Cruz) y<strong>\u00a03 casos de la variante JN.1<\/strong>\u00a0(2 casos con residencia en la Ciudad de Buenos Aires y 1 caso en la provincia de Santa Cruz). Igualmente, hay que tener en cuenta que los datos tienen limitaciones, ya que no todas las personas se testean y muy pocas muestras llegan a ser analizadas por el relevamiento gen\u00f3mico.<a href=\"https:\/\/www.infobae.com\/salud\/2024\/01\/03\/cuales-son-los-6-repelentes-naturales-que-pueden-ahuyentar-a-los-mosquitos\/\" target=\"_blank\" rel=\"noreferrer noopener\"><\/a><a href=\"https:\/\/www.infobae.com\/salud\/2024\/01\/03\/cuales-son-los-6-repelentes-naturales-que-pueden-ahuyentar-a-los-mosquitos\/\" target=\"_blank\" rel=\"noreferrer noopener\"><\/a><\/p>\n\n\n\n<p><strong>Mariana Viegas<\/strong>, investigadora del Conicet a cargo del laboratorio de salud p\u00fablica del \u00c1rea de gen\u00f3mica y diagn\u00f3stico molecular de la&nbsp;<strong>Facultad de Ciencias Exactas<\/strong>&nbsp;de la&nbsp;<strong>Universidad Nacional de La Plata<\/strong>, cont\u00f3 a&nbsp;<strong>Infobae<\/strong>: \u201cHay una variedad de sublinajes de&nbsp;<strong>\u00d3micron<\/strong>&nbsp;en la Argentina que van cambiando todo el tiempo\u201d.<\/p>\n\n\n\n<p>El aumento de casos de COVID en el pa\u00eds -coment\u00f3- \u201c<strong>podr\u00eda estar relacionado con los encuentros de muchas personas en espacios cerrados sin la adecuada ventilaci\u00f3n&nbsp;<\/strong>durante diciembre. Los a\u00f1os anteriores tambi\u00e9n ocurri\u00f3 que hubo incrementos en diciembre\u201d.<\/p>\n\n\n\n<p><img loading=\"lazy\" decoding=\"async\" alt=\"En el pa\u00eds, las personas se infectan con diferentes sublinajes de \u00d3micron, como BA.2.86 y JN.1\/\n (Imagen Ilustrativa Infobae)\" height=\"816\" width=\"1456\" src=\"https:\/\/www.infobae.com\/new-resizer\/HlM5GROLP4DC9KxkfBN-Da6e0Hk=\/420x236\/filters:format(webp):quality(85)\/cloudfront-us-east-1.images.arcpublishing.com\/infobae\/ENY4N45VIZAFBJO2JCDIYXCYIQ.jpg%20420w\" srcset=\"https:\/\/www.infobae.com\/new-resizer\/HlM5GROLP4DC9KxkfBN-Da6e0Hk=\/420x236\/filters:format(webp):quality(85)\/cloudfront-us-east-1.images.arcpublishing.com\/infobae\/ENY4N45VIZAFBJO2JCDIYXCYIQ.jpg 420w,https:\/\/www.infobae.com\/new-resizer\/NCOPJYdfMTu1WsMHgBvSxuBxySk=\/768x432\/filters:format(webp):quality(85)\/cloudfront-us-east-1.images.arcpublishing.com\/infobae\/ENY4N45VIZAFBJO2JCDIYXCYIQ.jpg 768w,https:\/\/www.infobae.com\/new-resizer\/Z34GoA_tHE_tKKxqNgDnsATrpv8=\/992x558\/filters:format(webp):quality(85)\/cloudfront-us-east-1.images.arcpublishing.com\/infobae\/ENY4N45VIZAFBJO2JCDIYXCYIQ.jpg 992w,https:\/\/www.infobae.com\/new-resizer\/XSApIJH0qAyGs8fLTNwdPVaMdDo=\/1200x675\/filters:format(webp):quality(85)\/cloudfront-us-east-1.images.arcpublishing.com\/infobae\/ENY4N45VIZAFBJO2JCDIYXCYIQ.jpg 1200w,https:\/\/www.infobae.com\/new-resizer\/tKIELoN5lkBXSrsx_L_Cc6OI98g=\/1440x810\/filters:format(webp):quality(85)\/cloudfront-us-east-1.images.arcpublishing.com\/infobae\/ENY4N45VIZAFBJO2JCDIYXCYIQ.jpg 1440w\">En el pa\u00eds, las personas se infectan con diferentes sublinajes de \u00d3micron, como BA.2.86 y JN.1\/ (Imagen Ilustrativa Infobae)<\/p>\n\n\n\n<p>La variante JN.1 es descendiente del sublinaje BA.2.86. Ya ha sido clasificada por la Organizaci\u00f3n Mundial de la Salud (OMS) como variante de inter\u00e9s el 18 de diciembre pasado y se ha vuelto r\u00e1pidamente prevalente en algunos pa\u00edses, como Francia, Estados Unidos, Reino Unido, Singapur.<\/p>\n\n\n\n<p>JN.1 posee una mutaci\u00f3n L455S adicional en la prote\u00edna Espiga del coronavirus que habr\u00eda sido suficiente para que sea un pat\u00f3geno m\u00e1s r\u00e1pido en su transmisi\u00f3n. Un equipo de investigadores de la Universidad de Pek\u00edn, en China, publicaron un&nbsp;<a href=\"https:\/\/www.thelancet.com\/journals\/laninf\/article\/PIIS1473-3099(23)00744-2\/fulltext#%20\">estudio<\/a>&nbsp;en la revista&nbsp;<strong>The Lancet Infectious Diseases&nbsp;<\/strong>sobre ese sublinaje.<\/p>\n\n\n\n<p>\u201cCon s\u00f3lo una mutaci\u00f3n adicional del dominio de uni\u00f3n al receptor (L455S) en comparaci\u00f3n con su predecesora BA.2.86, la variante JN.1 se convirti\u00f3 r\u00e1pidamente en predominante en Francia. Es imperativo investigar a fondo su capacidad de evasi\u00f3n inmunitaria, sobre todo teniendo en cuenta sus pocas mutaciones adicionales\u201d, escribieron los cient\u00edficos.<\/p>\n\n\n\n<p><img loading=\"lazy\" decoding=\"async\" alt=\"Desde la segunda quincena de diciembre hubo un aumento de 152% de los casos confirmados de COVID en Argentina, si se considera el promedio semanal y la fecha de inicio de los s\u00edntomas. (Photo by Tomas Cuesta\/Getty Images)\" height=\"4480\" width=\"6720\" src=\"https:\/\/www.infobae.com\/new-resizer\/Z2ntNZu9MUtjsEzTzhSRFbDP_cQ=\/420x280\/filters:format(webp):quality(85)\/cloudfront-us-east-1.images.arcpublishing.com\/infobae\/464MF3D3FVGW7ILBO6DL22U42M.jpg%20420w\" srcset=\"https:\/\/www.infobae.com\/new-resizer\/Z2ntNZu9MUtjsEzTzhSRFbDP_cQ=\/420x280\/filters:format(webp):quality(85)\/cloudfront-us-east-1.images.arcpublishing.com\/infobae\/464MF3D3FVGW7ILBO6DL22U42M.jpg 420w,https:\/\/www.infobae.com\/new-resizer\/oTnQQnOu33wPppIq9w6ZFg18zzI=\/768x512\/filters:format(webp):quality(85)\/cloudfront-us-east-1.images.arcpublishing.com\/infobae\/464MF3D3FVGW7ILBO6DL22U42M.jpg 768w,https:\/\/www.infobae.com\/new-resizer\/HR2Eudfxj5TaCk2mM5kTPHp16mg=\/992x661\/filters:format(webp):quality(85)\/cloudfront-us-east-1.images.arcpublishing.com\/infobae\/464MF3D3FVGW7ILBO6DL22U42M.jpg 992w,https:\/\/www.infobae.com\/new-resizer\/0TXuKz0idAMRUGNjexd4YvZER78=\/1200x800\/filters:format(webp):quality(85)\/cloudfront-us-east-1.images.arcpublishing.com\/infobae\/464MF3D3FVGW7ILBO6DL22U42M.jpg 1200w,https:\/\/www.infobae.com\/new-resizer\/3uYTpJ0idEvk3aH-g5A_N9ZUZtY=\/1440x960\/filters:format(webp):quality(85)\/cloudfront-us-east-1.images.arcpublishing.com\/infobae\/464MF3D3FVGW7ILBO6DL22U42M.jpg 1440w\">Desde la segunda quincena de diciembre hubo un aumento de 152% de los casos confirmados de COVID en Argentina, si se considera el promedio semanal y la fecha de inicio de los s\u00edntomas. (Photo by Tomas Cuesta\/Getty Images)<\/p>\n\n\n\n<h2 class=\"wp-block-heading\">La importancia de la vacunaci\u00f3n: cu\u00e1l es la situaci\u00f3n en la Argentina<\/h2>\n\n\n\n<p>Durante el a\u00f1o pasado, seg\u00fan el \u00faltimo bolet\u00edn de la cartera de Salud nacional se reportaron 99.196 casos confirmados y 498 fallecimientos. Fue el a\u00f1o con menos casos y muertes notificadas. Desde que empez\u00f3 la pandemia, el a\u00f1o con m\u00e1s casos y fallecimientos fue 2021.<\/p>\n\n\n\n<p>Con el acceso de la poblaci\u00f3n a la vacunaci\u00f3n -a partir de diciembre de 2020-, los cuadros graves y las muertes fueron en baja progresivamente.<\/p>\n\n\n\n<p>Al igual que disminuyeron los casos de COVID, se registr\u00f3 una ca\u00edda en la cantidad de personas que reciben dosis de refuerzo. De las 116.704.298 de dosis administradas, solo 2.450.961 se destinaron como tercer refuerzo. Es decir que de las 38.098.719 personas que se aplicaron los esquemas completos (dos dosis), solo&nbsp;<strong>el 6,43% se recibi\u00f3 los refuerzos establecidos.<\/strong><\/p>\n\n\n\n<p><img loading=\"lazy\" decoding=\"async\" alt=\"Para prevenir el COVID es importante aplicarse las dosis de refuerzo y mantener la ventilaci\u00f3n cruzada y permanente en espacios cerrados \/ Sergio Flores\/Getty Images)\" height=\"1080\" width=\"1920\" src=\"https:\/\/www.infobae.com\/new-resizer\/UT4wi0XpI5q17Jt6Jy24mJqhm00=\/420x236\/filters:format(webp):quality(85)\/cloudfront-us-east-1.images.arcpublishing.com\/infobae\/ZQ7ACD3OLVA25APA4XEN722DAM.jpg%20420w\" srcset=\"https:\/\/www.infobae.com\/new-resizer\/UT4wi0XpI5q17Jt6Jy24mJqhm00=\/420x236\/filters:format(webp):quality(85)\/cloudfront-us-east-1.images.arcpublishing.com\/infobae\/ZQ7ACD3OLVA25APA4XEN722DAM.jpg 420w,https:\/\/www.infobae.com\/new-resizer\/RrV0vuO-RNFO4wsy_ew_WVHmxuc=\/768x432\/filters:format(webp):quality(85)\/cloudfront-us-east-1.images.arcpublishing.com\/infobae\/ZQ7ACD3OLVA25APA4XEN722DAM.jpg 768w,https:\/\/www.infobae.com\/new-resizer\/mESQ7-Nur-yKzZUgC7kG2MyiIgc=\/992x558\/filters:format(webp):quality(85)\/cloudfront-us-east-1.images.arcpublishing.com\/infobae\/ZQ7ACD3OLVA25APA4XEN722DAM.jpg 992w,https:\/\/www.infobae.com\/new-resizer\/X9QLIo2Kcy3FAdorg5DmeKQIreM=\/1200x675\/filters:format(webp):quality(85)\/cloudfront-us-east-1.images.arcpublishing.com\/infobae\/ZQ7ACD3OLVA25APA4XEN722DAM.jpg 1200w,https:\/\/www.infobae.com\/new-resizer\/VL1eODherRYwCb51iBv0ewZ1Qmc=\/1440x810\/filters:format(webp):quality(85)\/cloudfront-us-east-1.images.arcpublishing.com\/infobae\/ZQ7ACD3OLVA25APA4XEN722DAM.jpg 1440w\">Para prevenir el COVID es importante aplicarse las dosis de refuerzo y mantener la ventilaci\u00f3n cruzada y permanente en espacios cerrados \/ Sergio Flores\/Getty Images)<\/p>\n\n\n\n<p>Seg\u00fan consta en la&nbsp;<a rel=\"noreferrer noopener\" href=\"https:\/\/www.argentina.gob.ar\/coronavirus\/vacuna#:~:text=Dosis%20de%20refuerzo%20a%20los%206%20meses%20desde%20la%20%C3%BAltima,continuar%20con%20una%20periodicidad%20anual.\" target=\"_blank\">misma p\u00e1gina de la cartera<\/a>, las personas con&nbsp;<strong>riesgo intermedio de COVID-19 grave o alta exposici\u00f3n laboral a SARS-CoV-2<\/strong>&nbsp;deben aplicarse&nbsp;<strong>\u201cdosis de refuerzo a los 6 meses<\/strong>&nbsp;desde la \u00faltima dosis aplicada y luego continuar con una periodicidad&nbsp;<strong>anual<\/strong>\u201d; mientras que aquellos que ante un&nbsp;<strong>riesgo bajo<\/strong>&nbsp;deben realizarlo \u201c<strong>a los doce (12) meses&nbsp;<\/strong>de la \u00faltima dosis aplicada y luego continuar con periodicidad&nbsp;<strong>anual<\/strong>\u201d.<\/p>\n\n\n\n<p>Ante esta retracci\u00f3n en la cantidad de personas que se aplican las dosis de refuerzo, hasta el momento, desde<strong>&nbsp;el Ministerio de Salud no se han impulsado nuevas campa\u00f1as de vacunaci\u00f3n.<\/strong><\/p>\n\n\n\n<p>En tanto, seg\u00fan la&nbsp;<strong>Organizaci\u00f3n Mundial de la Salud<\/strong>, la subvariante JN.1 puede aumentar la carga de infecciones respiratorias. Pero aclar\u00f3 que las vacunas actuales son capaces de proteger contra enfermedades graves y la muerte cuando las personas quedan expuestas a la infecci\u00f3n por JN.1 u otras variantes circulantes del coronavirus SARS-CoV-2. Por eso, es clave estar al d\u00eda con los refuerzos.<\/p>\n\n\n\n<p><img loading=\"lazy\" decoding=\"async\" alt=\"En lugares cerrados, se puede usar barbijos como prevenci\u00f3n para COVID\/\nCr\u00e9dito: Getty\" height=\"3780\" width=\"4134\" src=\"https:\/\/www.infobae.com\/new-resizer\/juyuRzxD6IXsGJ4vrzKt5h3R7YQ=\/420x420\/filters:format(webp):quality(85)\/cloudfront-us-east-1.images.arcpublishing.com\/infobae\/ZLYCKHPWAJGMDHCLVJ47DIKCPA.jpg%20420w\" srcset=\"https:\/\/www.infobae.com\/new-resizer\/juyuRzxD6IXsGJ4vrzKt5h3R7YQ=\/420x420\/filters:format(webp):quality(85)\/cloudfront-us-east-1.images.arcpublishing.com\/infobae\/ZLYCKHPWAJGMDHCLVJ47DIKCPA.jpg 420w,https:\/\/www.infobae.com\/new-resizer\/yXHWt8J1TKKyXHV2zSCwaNe6jgs=\/768x768\/filters:format(webp):quality(85)\/cloudfront-us-east-1.images.arcpublishing.com\/infobae\/ZLYCKHPWAJGMDHCLVJ47DIKCPA.jpg 768w,https:\/\/www.infobae.com\/new-resizer\/Ovo2X27oCYhEpHnND8UPUcucb5I=\/992x992\/filters:format(webp):quality(85)\/cloudfront-us-east-1.images.arcpublishing.com\/infobae\/ZLYCKHPWAJGMDHCLVJ47DIKCPA.jpg 992w,https:\/\/www.infobae.com\/new-resizer\/omrBroyt2dRsyjLGHLfJsAcMmGQ=\/1200x1200\/filters:format(webp):quality(85)\/cloudfront-us-east-1.images.arcpublishing.com\/infobae\/ZLYCKHPWAJGMDHCLVJ47DIKCPA.jpg 1200w,https:\/\/www.infobae.com\/new-resizer\/IZ3o9qZ3N8_PS_YD5nV-UuM9TnY=\/1440x1440\/filters:format(webp):quality(85)\/cloudfront-us-east-1.images.arcpublishing.com\/infobae\/ZLYCKHPWAJGMDHCLVJ47DIKCPA.jpg 1440w\">En lugares cerrados, se puede usar barbijos como prevenci\u00f3n para COVID\/ Cr\u00e9dito: Getty<\/p>\n\n\n\n<p>La OMS tambi\u00e9n aconsej\u00f3 se tomen esta&nbsp;<strong>medidas para prevenir infecciones:<\/strong><\/p>\n\n\n\n<p>-Usar mascarilla o barbijo cuando se encuentre en \u00e1reas concurridas, cerradas o mal ventiladas, y mantener una distancia segura de los dem\u00e1s, en la medida de lo posible.<\/p>\n\n\n\n<p>-Mejorar la ventilaci\u00f3n y cubrirse al toser y estornudar.<\/p>\n\n\n\n<p>-Realizar un lavado de las manos regularmente<\/p>\n\n\n\n<p>-Mantenerse al d\u00eda con las vacunas contra el COVID-19 y la gripe, especialmente si la persona tiene un alto riesgo de padecer una enfermedad grave. Esta recomendaci\u00f3n es para personas mayores, gestantes, o con enfermedades cr\u00f3nicas o inmunocomprometidas.<\/p>\n\n\n\n<p>&#8211; Hay que aislarse si se tiene COVID.<\/p>\n\n\n\n<p>Fuente: https:\/\/www.infobae.com\/salud\/2024\/01\/08\/aumentan-los-casos-de-covid-en-la-argentina-las-razones-vistas-por-los-expertos\/<\/p>\n","protected":false},"excerpt":{"rendered":"<p>Desde la segunda semana de diciembre, se registraron incrementos en la cantidad de contagios diarios. Cu\u00e1ntas personas se vacunaron hasta el momento y por qu\u00e9 es importante estar al d\u00eda con las dosis de refuerzo de la vacunaci\u00f3n El coronavirus sigue circulando en Argentina. Durante 2023 seg\u00fan el \u00faltimo bolet\u00edn de la cartera de Salud [&hellip;]<\/p>\n","protected":false},"author":3,"featured_media":629,"comment_status":"open","ping_status":"open","sticky":false,"template":"","format":"standard","meta":{"footnotes":""},"categories":[3,5,10],"tags":[345,325],"class_list":["post-628","post","type-post","status-publish","format-standard","has-post-thumbnail","hentry","category-principal","category-salud","category-tendencia","tag-contagios","tag-covid"],"_links":{"self":[{"href":"https:\/\/noticiassaludables.com.ar\/index.php?rest_route=\/wp\/v2\/posts\/628","targetHints":{"allow":["GET"]}}],"collection":[{"href":"https:\/\/noticiassaludables.com.ar\/index.php?rest_route=\/wp\/v2\/posts"}],"about":[{"href":"https:\/\/noticiassaludables.com.ar\/index.php?rest_route=\/wp\/v2\/types\/post"}],"author":[{"embeddable":true,"href":"https:\/\/noticiassaludables.com.ar\/index.php?rest_route=\/wp\/v2\/users\/3"}],"replies":[{"embeddable":true,"href":"https:\/\/noticiassaludables.com.ar\/index.php?rest_route=%2Fwp%2Fv2%2Fcomments&post=628"}],"version-history":[{"count":1,"href":"https:\/\/noticiassaludables.com.ar\/index.php?rest_route=\/wp\/v2\/posts\/628\/revisions"}],"predecessor-version":[{"id":630,"href":"https:\/\/noticiassaludables.com.ar\/index.php?rest_route=\/wp\/v2\/posts\/628\/revisions\/630"}],"wp:featuredmedia":[{"embeddable":true,"href":"https:\/\/noticiassaludables.com.ar\/index.php?rest_route=\/wp\/v2\/media\/629"}],"wp:attachment":[{"href":"https:\/\/noticiassaludables.com.ar\/index.php?rest_route=%2Fwp%2Fv2%2Fmedia&parent=628"}],"wp:term":[{"taxonomy":"category","embeddable":true,"href":"https:\/\/noticiassaludables.com.ar\/index.php?rest_route=%2Fwp%2Fv2%2Fcategories&post=628"},{"taxonomy":"post_tag","embeddable":true,"href":"https:\/\/noticiassaludables.com.ar\/index.php?rest_route=%2Fwp%2Fv2%2Ftags&post=628"}],"curies":[{"name":"wp","href":"https:\/\/api.w.org\/{rel}","templated":true}]}}