{"id":631,"date":"2024-01-09T12:18:09","date_gmt":"2024-01-09T15:18:09","guid":{"rendered":"https:\/\/noticiassaludables.com.ar\/?p=631"},"modified":"2024-01-09T12:18:09","modified_gmt":"2024-01-09T15:18:09","slug":"usar-el-aire-acondicionado-de-manera-adecuada","status":"publish","type":"post","link":"https:\/\/noticiassaludables.com.ar\/?p=631","title":{"rendered":"Usar el aire acondicionado de manera adecuada"},"content":{"rendered":"\n<h2 class=\"wp-block-heading\">Estos equipos ayudan a enfrentar el calor, pero es necesario tomar algunas precauciones para impedir la propagaci\u00f3n de pat\u00f3genos y los enfriamientos. C\u00f3mo evitar el gasto innecesario de energ\u00eda<\/h2>\n\n\n\n<p><\/p>\n\n\n\n<p><img loading=\"lazy\" decoding=\"async\" alt=\"El aire acondicionado puede ser una herramienta para enfrentar el calor del verano y las olas de calor (Getty)\" height=\"1080\" width=\"1920\" src=\"https:\/\/www.infobae.com\/new-resizer\/2rYPghyCz6Y5y70OTpqiXTC-oEU=\/420x236\/filters:format(webp):quality(85)\/cloudfront-us-east-1.images.arcpublishing.com\/infobae\/VQEQZGCNO5BXXHFRILNVEVIW64.jpg%20420w\" srcset=\"https:\/\/www.infobae.com\/new-resizer\/2rYPghyCz6Y5y70OTpqiXTC-oEU=\/420x236\/filters:format(webp):quality(85)\/cloudfront-us-east-1.images.arcpublishing.com\/infobae\/VQEQZGCNO5BXXHFRILNVEVIW64.jpg 420w,https:\/\/www.infobae.com\/new-resizer\/-7ymO6l4wPVehWVVQiFPGzj8syw=\/768x432\/filters:format(webp):quality(85)\/cloudfront-us-east-1.images.arcpublishing.com\/infobae\/VQEQZGCNO5BXXHFRILNVEVIW64.jpg 768w,https:\/\/www.infobae.com\/new-resizer\/s0M2deuWfgkm3DfZ_Jqf8WA5wyw=\/992x558\/filters:format(webp):quality(85)\/cloudfront-us-east-1.images.arcpublishing.com\/infobae\/VQEQZGCNO5BXXHFRILNVEVIW64.jpg 992w,https:\/\/www.infobae.com\/new-resizer\/xvbUO49TdQ6dysy4rSlsgKwkBTo=\/1200x675\/filters:format(webp):quality(85)\/cloudfront-us-east-1.images.arcpublishing.com\/infobae\/VQEQZGCNO5BXXHFRILNVEVIW64.jpg 1200w,https:\/\/www.infobae.com\/new-resizer\/3Iuj7VZQBjWbhWXnCrZw0voJTjI=\/1440x810\/filters:format(webp):quality(85)\/cloudfront-us-east-1.images.arcpublishing.com\/infobae\/VQEQZGCNO5BXXHFRILNVEVIW64.jpg 1440w\">El aire acondicionado puede ser una herramienta para enfrentar el calor del verano y las olas de calor (Getty)<\/p>\n\n\n\n<p>Con la llegada del verano, las temperaturas aumentan y para los pr\u00f3ximos meses ya el<strong>&nbsp;Servicio Meteorol\u00f3gico Nacional<\/strong>&nbsp;pronostic\u00f3 que la poblaci\u00f3n de algunas zonas de la Argentina enfrentar\u00e1n m\u00e1s calor que lo normal para esta \u00e9poca del a\u00f1o. No se descarta que puedan producirse&nbsp;<strong>olas de calor en el extremo norte, noroeste y centro-oeste del pa\u00eds<\/strong><a href=\"https:\/\/www.infobae.com\/salud\/2024\/01\/04\/cual-es-el-horario-ideal-para-cenar-y-sus-beneficios-para-la-salud-segun-la-ciencia\/\" rel=\"noreferrer noopener\" target=\"_blank\"><\/a><\/p>\n\n\n\n<p>Para protegerse de las temperaturas altas,&nbsp;<strong>una opci\u00f3n es usar el aire acondicionado<\/strong>, un tipo de tecnolog\u00eda que puede ser una herramienta que salva vidas durante las olas de calor extremo.<\/p>\n\n\n\n<p>Sin embargo,&nbsp;<strong>c\u00f3mo se lo utiliza, a qu\u00e9 temperatura y c\u00f3mo se lo limpia pueden ser cuestiones que definan los verdaderos beneficios del aire acondicionado.<\/strong><\/p>\n\n\n\n<p><img loading=\"lazy\" decoding=\"async\" alt=\"Se debe considerar la limpieza del equipo y sus caracter\u00edsticas para disfrutar de una mejor experiencia en el verano (Imagen Ilustrativa Infobae)\" height=\"816\" width=\"1456\" src=\"https:\/\/www.infobae.com\/new-resizer\/YgSgGAh_rcIOA-MrnbY9BjrUMQY=\/420x236\/filters:format(webp):quality(85)\/cloudfront-us-east-1.images.arcpublishing.com\/infobae\/EBYBBBCWORHNDMIBOS2VU4UWEY.jpg%20420w\" srcset=\"https:\/\/www.infobae.com\/new-resizer\/YgSgGAh_rcIOA-MrnbY9BjrUMQY=\/420x236\/filters:format(webp):quality(85)\/cloudfront-us-east-1.images.arcpublishing.com\/infobae\/EBYBBBCWORHNDMIBOS2VU4UWEY.jpg 420w,https:\/\/www.infobae.com\/new-resizer\/q2o_2P1RYforBMzSunzDoNHRqGQ=\/768x432\/filters:format(webp):quality(85)\/cloudfront-us-east-1.images.arcpublishing.com\/infobae\/EBYBBBCWORHNDMIBOS2VU4UWEY.jpg 768w,https:\/\/www.infobae.com\/new-resizer\/gQ6j73kBF7em-ZRdGY4N_633Oi4=\/992x558\/filters:format(webp):quality(85)\/cloudfront-us-east-1.images.arcpublishing.com\/infobae\/EBYBBBCWORHNDMIBOS2VU4UWEY.jpg 992w,https:\/\/www.infobae.com\/new-resizer\/QKu6c8Vgb_nbCci813cXlZuYICM=\/1200x675\/filters:format(webp):quality(85)\/cloudfront-us-east-1.images.arcpublishing.com\/infobae\/EBYBBBCWORHNDMIBOS2VU4UWEY.jpg 1200w,https:\/\/www.infobae.com\/new-resizer\/YPF2QOaK-fDz0Px0T9d7556KaCc=\/1440x810\/filters:format(webp):quality(85)\/cloudfront-us-east-1.images.arcpublishing.com\/infobae\/EBYBBBCWORHNDMIBOS2VU4UWEY.jpg 1440w\">Se debe considerar la limpieza del equipo y sus caracter\u00edsticas para disfrutar de una mejor experiencia en el verano (Imagen Ilustrativa Infobae)<\/p>\n\n\n\n<p>En la Argentina, se prev\u00e9 mayor probabilidad de ocurrencia de temperatura media superior a la normal en las provincias de<strong>\u00a0Jujuy, Salta, Tucum\u00e1n, Catamarca, y La Rioja<\/strong>. Es decir, all\u00ed har\u00eda m\u00e1s calor del habitual en enero, febrero y marzo.<a href=\"https:\/\/www.infobae.com\/salud\/2024\/01\/03\/cuales-son-los-6-repelentes-naturales-que-pueden-ahuyentar-a-los-mosquitos\/\" target=\"_blank\" rel=\"noreferrer noopener\"><\/a><a href=\"https:\/\/www.infobae.com\/salud\/2024\/01\/03\/cuales-son-los-6-repelentes-naturales-que-pueden-ahuyentar-a-los-mosquitos\/\" target=\"_blank\" rel=\"noreferrer noopener\"><\/a><\/p>\n\n\n\n<p>En tanto, el pron\u00f3stico se\u00f1ala que habr\u00eda temperatura normales o&nbsp;<strong>superior a la normal&nbsp;<\/strong>sobre las regiones del&nbsp;<strong>Norte, Cuyo y Patagonia.<\/strong>&nbsp;En cambio, la temperatura media ser\u00e1&nbsp;<strong>normal&nbsp;<\/strong>en la regi\u00f3n del&nbsp;<strong>Litoral, Santa F\u00e9, C\u00f3rdoba, La Pampa y Buenos Aires.<\/strong><\/p>\n\n\n\n<p>Las zonas de la\u00a0<strong>costa atl\u00e1ntica\u00a0<\/strong>de la provincia de Buenos Aires tendr\u00edan una temperatura media\u00a0<strong>normal\u00a0<\/strong>para el trimestre y el nivel de lluvias estar\u00eda en el rango de lo<strong>\u00a0normal o superior<\/strong>\u00a0al normal.<a href=\"https:\/\/www.infobae.com\/salud\/2024\/01\/08\/aumentan-los-casos-de-covid-en-la-argentina-las-razones-vistas-por-los-expertos\/\" target=\"_blank\" rel=\"noreferrer noopener\"><\/a><a href=\"https:\/\/www.infobae.com\/salud\/2024\/01\/08\/aumentan-los-casos-de-covid-en-la-argentina-las-razones-vistas-por-los-expertos\/\" target=\"_blank\" rel=\"noreferrer noopener\"><\/a><\/p>\n\n\n\n<p>Para usar bien al aire acondicionado, vale tener en cuenta las respuestas de<strong>&nbsp;expertos en medicina y energ\u00eda<\/strong>&nbsp;a estas 6 preguntas frecuentes:<\/p>\n\n\n\n<h2 class=\"wp-block-heading\">1- Cu\u00e1l es la temperatura ideal para usar el aire acondicionado<\/h2>\n\n\n\n<p><img loading=\"lazy\" decoding=\"async\" alt=\"La temperatura del aire acondicionado en 24 durante el d\u00eda ya brinda confort en un d\u00eda de mucho calor, seg\u00fan la experta Ana Putruele \" height=\"1280\" width=\"1920\" src=\"https:\/\/www.infobae.com\/new-resizer\/bIGHF6MxrR6gVNqXVB-ju_WAMFw=\/420x280\/filters:format(webp):quality(85)\/cloudfront-us-east-1.images.arcpublishing.com\/infobae\/HKGHFUP6MFALDOAOKQ2CFNVGLU.jpg%20420w\" srcset=\"https:\/\/www.infobae.com\/new-resizer\/bIGHF6MxrR6gVNqXVB-ju_WAMFw=\/420x280\/filters:format(webp):quality(85)\/cloudfront-us-east-1.images.arcpublishing.com\/infobae\/HKGHFUP6MFALDOAOKQ2CFNVGLU.jpg 420w,https:\/\/www.infobae.com\/new-resizer\/xuS8XpuOwhrDM5AKH_Fus7HCFHQ=\/768x512\/filters:format(webp):quality(85)\/cloudfront-us-east-1.images.arcpublishing.com\/infobae\/HKGHFUP6MFALDOAOKQ2CFNVGLU.jpg 768w,https:\/\/www.infobae.com\/new-resizer\/qdOoH5AgqH-1v20IcWoaO-l6sSQ=\/992x661\/filters:format(webp):quality(85)\/cloudfront-us-east-1.images.arcpublishing.com\/infobae\/HKGHFUP6MFALDOAOKQ2CFNVGLU.jpg 992w,https:\/\/www.infobae.com\/new-resizer\/BO7efsqEweRJ4qXlMvkeKBn-tw8=\/1200x800\/filters:format(webp):quality(85)\/cloudfront-us-east-1.images.arcpublishing.com\/infobae\/HKGHFUP6MFALDOAOKQ2CFNVGLU.jpg 1200w,https:\/\/www.infobae.com\/new-resizer\/ObmUT1I4jRR3CbEhr2r7Asly-fE=\/1440x960\/filters:format(webp):quality(85)\/cloudfront-us-east-1.images.arcpublishing.com\/infobae\/HKGHFUP6MFALDOAOKQ2CFNVGLU.jpg 1440w\">La temperatura del aire acondicionado en 24 durante el d\u00eda ya brinda confort en un d\u00eda de mucho calor, seg\u00fan la experta Ana Putruele<\/p>\n\n\n\n<p>\u201cAntes se recomendaba poner el aire a 24 grados. Pero con la nueva conciencia planetaria, la preocupaci\u00f3n por el calentamiento global y los costos de la energ\u00eda, se deber\u00eda poner en&nbsp;<strong>25 \u00f3 26 grados<\/strong>&nbsp;como est\u00e1n recomendando en&nbsp;<strong>Europa<\/strong>\u201d, dijo a&nbsp;<strong>Infobae<\/strong>&nbsp;<strong>Salvador Gil<\/strong>, director de la carrera de ingenier\u00eda en energ\u00eda de la Escuela de Ciencia y Tecnolog\u00eda de la&nbsp;<strong>Universidad Nacional de San Mart\u00edn (UNSAM)<\/strong>.<\/p>\n\n\n\n<p>Con esa temperatura, ya se consigue un espacio confortable para el organismo humano durante el d\u00eda, dijo a&nbsp;<strong>Infobae<\/strong>&nbsp;la doctora&nbsp;<strong>Ana Putruele<\/strong>, jefa de Neumonolog\u00eda del&nbsp;<strong>Hospital de Cl\u00ednicas de la Universidad de Buenos Aires<\/strong>.<\/p>\n\n\n\n<p>En cambio, por la noche, la temperatura del cuerpo desciende. Entonces, el aire acondicionado puede estar a una temperatura m\u00e1s alta mientras se duerme, aclar\u00f3.<\/p>\n\n\n\n<h2 class=\"wp-block-heading\">2- Por qu\u00e9 hay que usar el aire acondicionado en 25\u00b0<\/h2>\n\n\n\n<p>La temperatura en&nbsp;<strong>25 grados \u00f3 m\u00e1s<\/strong>&nbsp;del aire acondicionado es ideal si se quiere hacer un&nbsp;<strong>uso eficiente de la energ\u00eda.&nbsp;<\/strong>Los ambientes no se enfriar\u00e1n m\u00e1s r\u00e1pido por bajar la temperatura y cada grado de diferencia supone un ahorro de un 8% de energ\u00eda, seg\u00fan explic\u00f3 Gil.<\/p>\n\n\n\n<p>Se debe considerar que el aire acondicionado debe estar colocado entre<strong>&nbsp;1,80 a 2 metros de altura,&nbsp;<\/strong>porque el aire caliente sube y desplaza al aire fr\u00edo, que tiende a bajar. Solo deben estar encendidos los equipos de los ambientes que se est\u00e9n usando.<\/p>\n\n\n\n<p><img loading=\"lazy\" decoding=\"async\" alt=\"Duranta la noche la temperatura del aire puede estar m\u00e1s arriba porque el cuerpo pierde calor (Servelc)\" height=\"399\" width=\"600\" src=\"https:\/\/www.infobae.com\/new-resizer\/gGBlcLZGs5WXDvZZepHylyxOUpI=\/420x280\/filters:format(webp):quality(85)\/cloudfront-us-east-1.images.arcpublishing.com\/infobae\/7MOSWTSQGFEPZKZAX7MIHTYO4M.jpg%20420w\" srcset=\"https:\/\/www.infobae.com\/new-resizer\/gGBlcLZGs5WXDvZZepHylyxOUpI=\/420x280\/filters:format(webp):quality(85)\/cloudfront-us-east-1.images.arcpublishing.com\/infobae\/7MOSWTSQGFEPZKZAX7MIHTYO4M.jpg 420w,https:\/\/www.infobae.com\/new-resizer\/tA1YP_DGOylRtVZsyyVbuRN4oK0=\/768x512\/filters:format(webp):quality(85)\/cloudfront-us-east-1.images.arcpublishing.com\/infobae\/7MOSWTSQGFEPZKZAX7MIHTYO4M.jpg 768w,https:\/\/www.infobae.com\/new-resizer\/1wwHkw0JzXfFpRa2sRTb661-0ys=\/992x661\/filters:format(webp):quality(85)\/cloudfront-us-east-1.images.arcpublishing.com\/infobae\/7MOSWTSQGFEPZKZAX7MIHTYO4M.jpg 992w,https:\/\/www.infobae.com\/new-resizer\/lN7XUP7k3rQQP6dNlkJQa09P2i8=\/1200x800\/filters:format(webp):quality(85)\/cloudfront-us-east-1.images.arcpublishing.com\/infobae\/7MOSWTSQGFEPZKZAX7MIHTYO4M.jpg 1200w,https:\/\/www.infobae.com\/new-resizer\/GViMp-UnmCfFUbgU8pkrI27VOz0=\/1440x960\/filters:format(webp):quality(85)\/cloudfront-us-east-1.images.arcpublishing.com\/infobae\/7MOSWTSQGFEPZKZAX7MIHTYO4M.jpg 1440w\">Duranta la noche la temperatura del aire puede estar m\u00e1s arriba porque el cuerpo pierde calor (Servelc)<\/p>\n\n\n\n<p>\u201cLas condiciones de confort dependen de la humedad relativa y de las distintas sensibilidades de las personas. Sin embargo, el general a valores de humedad relativa entre 30% y 70%\u201d.<\/p>\n\n\n\n<p>Se deben&nbsp;<strong>evitar saltos t\u00e9rmicos&nbsp;<\/strong>de m\u00e1s de<strong>&nbsp;8C o 10C<\/strong>&nbsp;entre el interior y exterior.<\/p>\n\n\n\n<h2 class=\"wp-block-heading\">3- Qu\u00e9 pasa si se pone al aire acondicionado en 18<\/h2>\n\n\n\n<p>La temperatura del aire acondicionado puede generar discusiones entre personas que comparten un espacio, como una oficina. A veces, algunos quieren fijarla en 18 porque tienen mucho calor.<\/p>\n\n\n\n<p>Pero se debe considerar que&nbsp;<strong>el aire acondicionado necesita tomarse su tiempo para hacer descender la temperatura y no va a hacerlo m\u00e1s r\u00e1pido si se pone en 18\u00baC.<\/strong>&nbsp;No enfr\u00eda la habitaci\u00f3n m\u00e1s r\u00e1pido, pero s\u00ed aumenta considerablemente el gasto energ\u00e9tico<\/p>\n\n\n\n<h2 class=\"wp-block-heading\">4- El aire acondicionado puede contener y propagar g\u00e9rmenes<\/h2>\n\n\n\n<p><img loading=\"lazy\" decoding=\"async\" alt=\"Bacterias como Legionella pueden estar en el aire acondicionado si no se limpia correctamente\" height=\"694\" width=\"700\" src=\"https:\/\/www.infobae.com\/new-resizer\/CzDf31dOgpk2eJqZbAds2Yn8MZk=\/420x420\/filters:format(webp):quality(85)\/cloudfront-us-east-1.images.arcpublishing.com\/infobae\/EZMHFZNOKNDQPDGESF2NSZG7RY.jpg%20420w\" srcset=\"https:\/\/www.infobae.com\/new-resizer\/CzDf31dOgpk2eJqZbAds2Yn8MZk=\/420x420\/filters:format(webp):quality(85)\/cloudfront-us-east-1.images.arcpublishing.com\/infobae\/EZMHFZNOKNDQPDGESF2NSZG7RY.jpg 420w,https:\/\/www.infobae.com\/new-resizer\/WdpizdVzltiSxtrFNAxnAn-42HQ=\/768x768\/filters:format(webp):quality(85)\/cloudfront-us-east-1.images.arcpublishing.com\/infobae\/EZMHFZNOKNDQPDGESF2NSZG7RY.jpg 768w,https:\/\/www.infobae.com\/new-resizer\/6bxSs6kkskzZRnQe80Xtq3MMK3o=\/992x992\/filters:format(webp):quality(85)\/cloudfront-us-east-1.images.arcpublishing.com\/infobae\/EZMHFZNOKNDQPDGESF2NSZG7RY.jpg 992w,https:\/\/www.infobae.com\/new-resizer\/wLIzIVeK5CHvlFVbBPmRKrtrvTk=\/1200x1200\/filters:format(webp):quality(85)\/cloudfront-us-east-1.images.arcpublishing.com\/infobae\/EZMHFZNOKNDQPDGESF2NSZG7RY.jpg 1200w,https:\/\/www.infobae.com\/new-resizer\/f62Mm6ui1AZc3euHtjBm2rsKesI=\/1440x1440\/filters:format(webp):quality(85)\/cloudfront-us-east-1.images.arcpublishing.com\/infobae\/EZMHFZNOKNDQPDGESF2NSZG7RY.jpg 1440w\">Bacterias como Legionella pueden estar en el aire acondicionado si no se limpia correctamente<\/p>\n\n\n\n<p>Depende. \u201cSi es un&nbsp;<strong>aire acondicionado<\/strong>&nbsp;<strong>central&nbsp;<\/strong>de un edificio u oficina, donde hay un conducto que toma aire lo enfr\u00eda (o calienta) y lo recircula, s\u00ed puede haber g\u00e9rmenes\u201d, seg\u00fan el doctor Gil.<\/p>\n\n\n\n<p>\u201cEn un aire acondicionado de una familia, que solo<strong>&nbsp;recircula el aire de un mismo ambiente<\/strong>&nbsp;no hay ese riesgo\u201d, agreg\u00f3 el experto.<\/p>\n\n\n\n<p>El equipo de aire acondicionado debe estar en buen estado. \u201cDeber\u00eda hacerse una limpieza peri\u00f3dicamente, especialmente en los&nbsp;<strong>filtros&nbsp;<\/strong>porque acumulan&nbsp;<strong>polvo y g\u00e9rmenes<\/strong>&nbsp;que pueden propagar enfermedades\u201d, resalt\u00f3 Putruele.<\/p>\n\n\n\n<p>\u201cPor ejemplo, la bacteria&nbsp;<strong>Legionella<\/strong>&nbsp;puede estar en el aire acondicionado o el hongo&nbsp;<strong>Aspergillus<\/strong>\u201d, agreg\u00f3. El filtro del equipo deber\u00eda limpiarse una vez por mes, enfatiz\u00f3.<\/p>\n\n\n\n<p>Como&nbsp;<a rel=\"noreferrer noopener\" href=\"https:\/\/www.infobae.com\/salud\/2023\/11\/21\/como-usar-el-aire-acondicionado-de-forma-adecuada-para-cuidar-la-salud\/\" target=\"_blank\">inform\u00f3<\/a>&nbsp;la doctora&nbsp;<strong>Stella Maris Cuevas<\/strong>&nbsp;en&nbsp;<strong>Infobae<\/strong>, especialista en otorrinolaringolog\u00eda, alergia y olfatolog\u00eda, es necesario que \u201clos dispositivos sean revisados y supervisados de forma peri\u00f3dica, por personal especializado y matriculado. Es que, en caso de que el mantenimiento no sea el adecuado, puede proliferar la&nbsp;<strong>acumulaci\u00f3n de g\u00e9rmenes, virus, bacterias, mohos, polvo y p\u00f3lenes<\/strong>. Estas sustancias se depositan durante el a\u00f1o en las diferentes tubuladuras, canaletas y conductos, tap\u00e1ndolos o liberando un aire viciado, es decir, contaminado y nocivo\u201d.<\/p>\n\n\n\n<h2 class=\"wp-block-heading\">5- Por qu\u00e9 hay que evitar el cambio brusco de temperatura<\/h2>\n\n\n\n<p>Hay que tener en cuenta que el cuerpo humano no est\u00e1 bien preparado para los cambios de temperatura muy bruscos, como puede sufrir cuando est\u00e1 al aire libre con 40 y pasa a un ambiente cerrado con aire acondicionado a menos de 20 grados.<\/p>\n\n\n\n<p>\u201cAl ser sometido a un cambio brusco,&nbsp;<strong>se inflaman las mucosas respiratorias<\/strong>&nbsp;y pueden producir rinitis faringitis o laringitis. Los pacientes con asma y EPOC u otras enfermedades respiratorias deber\u00edan usar el aire acondicionado con cuidado\u201d, coment\u00f3 Putruele. Tampoco el aire acondicionado deber\u00eda usarse enfocando sobre la cara de la persona.<\/p>\n\n\n\n<h2 class=\"wp-block-heading\">6- Por qu\u00e9 se siente aire seco con el aire acondicionado<\/h2>\n\n\n\n<p><img loading=\"lazy\" decoding=\"async\" alt=\"El buen uso del aire acondicionado previene la rinitis  (Getty)\" height=\"1080\" width=\"1920\" src=\"https:\/\/www.infobae.com\/new-resizer\/mk81x0ToHT7BKNaDbh8Vpj-b2As=\/420x236\/filters:format(webp):quality(85)\/cloudfront-us-east-1.images.arcpublishing.com\/infobae\/CI3DDIEOZBEYDI2THGLLYYNEQQ.jpg%20420w\" srcset=\"https:\/\/www.infobae.com\/new-resizer\/mk81x0ToHT7BKNaDbh8Vpj-b2As=\/420x236\/filters:format(webp):quality(85)\/cloudfront-us-east-1.images.arcpublishing.com\/infobae\/CI3DDIEOZBEYDI2THGLLYYNEQQ.jpg 420w,https:\/\/www.infobae.com\/new-resizer\/1YqQeYD9PbA5sf8J5r2wNeDuwtY=\/768x432\/filters:format(webp):quality(85)\/cloudfront-us-east-1.images.arcpublishing.com\/infobae\/CI3DDIEOZBEYDI2THGLLYYNEQQ.jpg 768w,https:\/\/www.infobae.com\/new-resizer\/cSN2Fc1sFTTR0U7HW-dhd1LsobQ=\/992x558\/filters:format(webp):quality(85)\/cloudfront-us-east-1.images.arcpublishing.com\/infobae\/CI3DDIEOZBEYDI2THGLLYYNEQQ.jpg 992w,https:\/\/www.infobae.com\/new-resizer\/7kU-clRxzY_nxB43OOu2ngfFf-s=\/1200x675\/filters:format(webp):quality(85)\/cloudfront-us-east-1.images.arcpublishing.com\/infobae\/CI3DDIEOZBEYDI2THGLLYYNEQQ.jpg 1200w,https:\/\/www.infobae.com\/new-resizer\/B6SK0PQuQ2wxJIHU2TFdtIKHZ4A=\/1440x810\/filters:format(webp):quality(85)\/cloudfront-us-east-1.images.arcpublishing.com\/infobae\/CI3DDIEOZBEYDI2THGLLYYNEQQ.jpg 1440w\">El buen uso del aire acondicionado previene la rinitis (Getty)<\/p>\n\n\n\n<p>Los&nbsp;<strong>equipos antiguos<\/strong>&nbsp;de aire acondicionado pueden favorecer la&nbsp;<strong>sequedad de las mucosas<\/strong>&nbsp;y dar lugar a las&nbsp;<strong>rinitis&nbsp;<\/strong>y otros trastornos, especialmente en personas con asma o EPOC. En cambio, los dispositivos m\u00e1s nuevos vienen con la<strong>&nbsp;funci\u00f3n de deshumidificaci\u00f3n<\/strong>&nbsp;para sacar la humedad del ambiente.<\/p>\n\n\n\n<p>Los sistemas de humidificaci\u00f3n deben estar en 50% a 60 % para no resecar las mucosa de las personas que est\u00e1n en el lugar, se\u00f1al\u00f3 Putruele.<\/p>\n\n\n\n<p>En determinados lugares, se debe considerar que\u00a0<strong>un ventilador puede ser suficiente<\/strong>\u00a0para mantener un nivel de confort adecuado, produciendo una sensaci\u00f3n de descenso de la temperatura de entre 3 y 5 grados.<\/p>\n\n\n\n<p>Fuente: https:\/\/www.infobae.com\/salud\/2024\/01\/09\/cuidar-la-salud-y-ahorrar-energia-las-6-claves-para-usar-el-aire-acondicionado-de-manera-adecuada\/ <\/p>\n","protected":false},"excerpt":{"rendered":"<p>Estos equipos ayudan a enfrentar el calor, pero es necesario tomar algunas precauciones para impedir la propagaci\u00f3n de pat\u00f3genos y los enfriamientos. C\u00f3mo evitar el gasto innecesario de energ\u00eda El aire acondicionado puede ser una herramienta para enfrentar el calor del verano y las olas de calor (Getty) Con la llegada del verano, las temperaturas [&hellip;]<\/p>\n","protected":false},"author":3,"featured_media":632,"comment_status":"open","ping_status":"open","sticky":false,"template":"","format":"standard","meta":{"footnotes":""},"categories":[4,8,10],"tags":[208],"class_list":["post-631","post","type-post","status-publish","format-standard","has-post-thumbnail","hentry","category-bienestar","category-medio-ambiente","category-tendencia","tag-aire-acondicionado"],"_links":{"self":[{"href":"https:\/\/noticiassaludables.com.ar\/index.php?rest_route=\/wp\/v2\/posts\/631","targetHints":{"allow":["GET"]}}],"collection":[{"href":"https:\/\/noticiassaludables.com.ar\/index.php?rest_route=\/wp\/v2\/posts"}],"about":[{"href":"https:\/\/noticiassaludables.com.ar\/index.php?rest_route=\/wp\/v2\/types\/post"}],"author":[{"embeddable":true,"href":"https:\/\/noticiassaludables.com.ar\/index.php?rest_route=\/wp\/v2\/users\/3"}],"replies":[{"embeddable":true,"href":"https:\/\/noticiassaludables.com.ar\/index.php?rest_route=%2Fwp%2Fv2%2Fcomments&post=631"}],"version-history":[{"count":1,"href":"https:\/\/noticiassaludables.com.ar\/index.php?rest_route=\/wp\/v2\/posts\/631\/revisions"}],"predecessor-version":[{"id":633,"href":"https:\/\/noticiassaludables.com.ar\/index.php?rest_route=\/wp\/v2\/posts\/631\/revisions\/633"}],"wp:featuredmedia":[{"embeddable":true,"href":"https:\/\/noticiassaludables.com.ar\/index.php?rest_route=\/wp\/v2\/media\/632"}],"wp:attachment":[{"href":"https:\/\/noticiassaludables.com.ar\/index.php?rest_route=%2Fwp%2Fv2%2Fmedia&parent=631"}],"wp:term":[{"taxonomy":"category","embeddable":true,"href":"https:\/\/noticiassaludables.com.ar\/index.php?rest_route=%2Fwp%2Fv2%2Fcategories&post=631"},{"taxonomy":"post_tag","embeddable":true,"href":"https:\/\/noticiassaludables.com.ar\/index.php?rest_route=%2Fwp%2Fv2%2Ftags&post=631"}],"curies":[{"name":"wp","href":"https:\/\/api.w.org\/{rel}","templated":true}]}}