{"id":640,"date":"2024-01-10T11:33:07","date_gmt":"2024-01-10T14:33:07","guid":{"rendered":"https:\/\/noticiassaludables.com.ar\/?p=640"},"modified":"2024-01-10T11:33:07","modified_gmt":"2024-01-10T14:33:07","slug":"la-disponibilidad-afectiva-es-fundamental-en-los-vinculos-de-pareja","status":"publish","type":"post","link":"https:\/\/noticiassaludables.com.ar\/?p=640","title":{"rendered":"La disponibilidad afectiva es fundamental en los v\u00ednculos de pareja"},"content":{"rendered":"\n<h2 class=\"wp-block-heading\">Es el punto de partida de todo v\u00ednculo.Por qu\u00e9 no contar con esta capacidad genera distancia o da\u00f1os en el otro.<\/h2>\n\n\n\n<p><img loading=\"lazy\" decoding=\"async\" width=\"360\" height=\"240\" src=\"https:\/\/www.clarin.com\/img\/2024\/01\/02\/6kBumf1bh_360x240__1.jpg\" alt=\"Disponibilidad afectiva: por qu\u00e9 es fundamental en los v\u00ednculos de pareja\"><\/p>\n\n\n\n<p>La disponibilidad afectiva es el punto de partida de todo v\u00ednculo y se basa en la predisposici\u00f3n para la apertura y el intercambio con los dem\u00e1s. Foto ilustraci\u00f3n Shutterstock.<\/p>\n\n\n\n<p>Para establecer un v\u00ednculo se necesita mucho m\u00e1s que la presencia de dos personas. Toda relaci\u00f3n requiere de un ida y vuelta donde la premisa fundamental es la&nbsp;<strong>disponibilidad afectiva<\/strong>, concepto que alcanz\u00f3 la popularidad recientemente.<\/p>\n\n\n\n<p>La disponibilidad afectiva es el punto de partida de todo v\u00ednculo y se basa en la predisposici\u00f3n para la apertura y el intercambio con los dem\u00e1s, seg\u00fan explic\u00f3 a&nbsp;<strong>Clar\u00edn&nbsp;<\/strong>el psic\u00f3logo Pablo Melicchio. Lo que esta capacidad implica es, justamente, el estar disponible, dispuesto afectivamente para una pareja, amigos o espacios laborales.<\/p>\n\n\n\n<p>La famosa frase que afirma que \u201ccuando uno no quiere, dos no pueden\u201d es el claro ejemplo de aquellos que carecen de disponibilidad afectiva. \u201cCuando una persona no tiene disponibilidad afectiva, de alguna manera&nbsp;<strong>se cierra, bloquea toda implicancia emocional<\/strong>, suele alejarse o da\u00f1ar al otro para que no prospere el v\u00ednculo\u201d, explic\u00f3 el especialista.<\/p>\n\n\n\n<p>El origen de esta ausencia puede obedecer a distintos motivos: experiencias traum\u00e1ticas infantiles, padecimientos no resueltos en otros v\u00ednculos, e incluso cuadros psicopatol\u00f3gicos, detall\u00f3 Melicchio.<\/p>\n\n\n\n<p>Sea cual fuere la causa, lo concreto es que hay gente que no est\u00e1 dispuesta a establecer&nbsp;<strong>v\u00ednculos sanos, amorosos y profundos<\/strong>, y reconocer este asunto es esencial para el bienestar de quien se topa con estas personas.<\/p>\n\n\n\n<h2 class=\"wp-block-heading\">Hermana de la responsabilidad afectiva<\/h2>\n\n\n\n<p>\u201cLa responsabilidad y la disponibilidad afectiva se retroalimentan. Hay&nbsp;<a href=\"https:\/\/www.clarin.com\/relaciones\/responsabilidad-afectiva-nueva-etica-vincular_0_E1axWC7Yi.html\" target=\"_blank\" rel=\"noreferrer noopener\">responsabilidad afectiva<\/a>&nbsp;cuando se establece un v\u00ednculo y se tiene la capacidad de tener en cuenta no s\u00f3lo los deseos y necesidades propias sino tambi\u00e9n las de los dem\u00e1s, trabajando en pos del bienestar mutuo y la estabilidad emocional\u201d, destac\u00f3 el psic\u00f3logo (en Instagram, @pablomelicchio).<\/p>\n\n\n\n<p>\u00bfDe qu\u00e9 modo se es responsable afectivamente? A trav\u00e9s del compromiso basado en el&nbsp;<strong>respeto&nbsp;<\/strong>y en el&nbsp;<strong>cuidado&nbsp;<\/strong>y siendo conscientes de que las palabras, los silencios, los actos y las omisiones causan efectos en toda interacci\u00f3n.<img loading=\"lazy\" decoding=\"async\" alt=\"Respeto y cuidado, imprescindibles en la disponibilidad y en la responsabilidad afectiva. Foto ilustraci\u00f3n Shutterstock.\" src=\"https:\/\/www.clarin.com\/img\/2024\/01\/02\/5TdF5Qfdu_720x0__1.jpg\" width=\"720\" height=\"0\">Respeto y cuidado, imprescindibles en la disponibilidad y en la responsabilidad afectiva. Foto ilustraci\u00f3n Shutterstock.<\/p>\n\n\n\n<p>\u201cLa responsabilidad afectiva est\u00e1 hermanada con la empat\u00eda, es decir, con la posibilidad de comprender las emociones y los sentimientos de los dem\u00e1s, con el registro emocional de que el otro ser humano no es una cosa sino una persona que tiene una historia previa, sentimientos, deseos y necesidades\u201d, enfatiz\u00f3.<\/p>\n\n\n\n<p>Consenso, respeto, cuidado, di\u00e1logo y ausencia de jerarqu\u00edas van de la mano de la responsabilidad y la disponibilidad afectiva, conceptos que casi en su totalidad son opuestos a las caracter\u00edsticas del<strong>&nbsp;amor rom\u00e1ntico<\/strong>.<\/p>\n\n\n\n<h2 class=\"wp-block-heading\">El di\u00e1logo, protagonista principal<\/h2>\n\n\n\n<p>\u00bfC\u00f3mo saber si una persona tiene disponibilidad afectiva? M\u00e1s all\u00e1 de las&nbsp;<strong>se\u00f1ales de alerta<\/strong>&nbsp;que puedan advertirse, el di\u00e1logo ser\u00e1 siempre una herramienta imprescindible.<img loading=\"lazy\" decoding=\"async\" alt=\"\u201cLa responsabilidad afectiva est\u00e1 hermanada con la empat\u00eda&quot;, dijo Melicchio. Foto ilustraci\u00f3n Shutterstock.\" src=\"https:\/\/www.clarin.com\/img\/2024\/01\/02\/vAvEZ8CoR_720x0__1.jpg\" width=\"720\" height=\"0\">\u201cLa responsabilidad afectiva est\u00e1 hermanada con la empat\u00eda&#8221;, dijo Melicchio. Foto ilustraci\u00f3n Shutterstock.<\/p>\n\n\n\n<p>El psic\u00f3logo mencion\u00f3 que \u201ces fundamental que en todo v\u00ednculo circule la palabra y la escucha, y que en el di\u00e1logo se puedan expresar los deseos, las necesidades, los proyectos y las expectativas de cada uno\u201d.<\/p>\n\n\n\n<p>\u201cBlanquear\u201d las intenciones de todos los involucrados desde el principio de la relaci\u00f3n facilitar\u00eda el rumbo de la misma, as\u00ed como tambi\u00e9n permitir\u00eda un retiro a tiempo en caso de no coincidir. Seg\u00fan Melicchio, \u201cs\u00f3lo se deber\u00eda&nbsp;<strong>avanzar en un v\u00ednculo<\/strong>&nbsp;donde quede en claro que ambos integrantes est\u00e1n dispuestos a la experiencia amorosa&#8221;.<img loading=\"lazy\" decoding=\"async\" alt=\"disponibilidad afectiva. foto ilustraci\u00f3n Shutterstock.\" src=\"https:\/\/www.clarin.com\/img\/2024\/01\/02\/RkSDnsHfI_720x0__1.jpg\" width=\"720\" height=\"0\">disponibilidad afectiva. foto ilustraci\u00f3n Shutterstock.<\/p>\n\n\n\n<p>&#8220;Y si en alg\u00fan momento alguno pierde el inter\u00e9s o el deseo por la pareja y no est\u00e1 disponible para \u00e9sta, lo m\u00e1s recomendable es no quedarse en una espera pasiva, proponer el di\u00e1logo y comprender si se trata s\u00f3lo de una crisis pasajera o son los signos del<strong>\u00a0final de la relaci\u00f3n<\/strong>\u201d, cerr\u00f3.<\/p>\n\n\n\n<p>Fuente: https:\/\/www.clarin.com\/relaciones\/disponibilidad-afectiva-fundamental-vinculos-pareja_0_FSkwjGy5a1.html<\/p>\n","protected":false},"excerpt":{"rendered":"<p>Es el punto de partida de todo v\u00ednculo.Por qu\u00e9 no contar con esta capacidad genera distancia o da\u00f1os en el otro. La disponibilidad afectiva es el punto de partida de todo v\u00ednculo y se basa en la predisposici\u00f3n para la apertura y el intercambio con los dem\u00e1s. Foto ilustraci\u00f3n Shutterstock. Para establecer un v\u00ednculo se [&hellip;]<\/p>\n","protected":false},"author":3,"featured_media":641,"comment_status":"open","ping_status":"open","sticky":false,"template":"","format":"standard","meta":{"footnotes":""},"categories":[4,3,12],"tags":[349,350],"class_list":["post-640","post","type-post","status-publish","format-standard","has-post-thumbnail","hentry","category-bienestar","category-principal","category-sociedad","tag-disponibilidad-afectiva","tag-vinculos-de-pareja"],"_links":{"self":[{"href":"https:\/\/noticiassaludables.com.ar\/index.php?rest_route=\/wp\/v2\/posts\/640","targetHints":{"allow":["GET"]}}],"collection":[{"href":"https:\/\/noticiassaludables.com.ar\/index.php?rest_route=\/wp\/v2\/posts"}],"about":[{"href":"https:\/\/noticiassaludables.com.ar\/index.php?rest_route=\/wp\/v2\/types\/post"}],"author":[{"embeddable":true,"href":"https:\/\/noticiassaludables.com.ar\/index.php?rest_route=\/wp\/v2\/users\/3"}],"replies":[{"embeddable":true,"href":"https:\/\/noticiassaludables.com.ar\/index.php?rest_route=%2Fwp%2Fv2%2Fcomments&post=640"}],"version-history":[{"count":1,"href":"https:\/\/noticiassaludables.com.ar\/index.php?rest_route=\/wp\/v2\/posts\/640\/revisions"}],"predecessor-version":[{"id":642,"href":"https:\/\/noticiassaludables.com.ar\/index.php?rest_route=\/wp\/v2\/posts\/640\/revisions\/642"}],"wp:featuredmedia":[{"embeddable":true,"href":"https:\/\/noticiassaludables.com.ar\/index.php?rest_route=\/wp\/v2\/media\/641"}],"wp:attachment":[{"href":"https:\/\/noticiassaludables.com.ar\/index.php?rest_route=%2Fwp%2Fv2%2Fmedia&parent=640"}],"wp:term":[{"taxonomy":"category","embeddable":true,"href":"https:\/\/noticiassaludables.com.ar\/index.php?rest_route=%2Fwp%2Fv2%2Fcategories&post=640"},{"taxonomy":"post_tag","embeddable":true,"href":"https:\/\/noticiassaludables.com.ar\/index.php?rest_route=%2Fwp%2Fv2%2Ftags&post=640"}],"curies":[{"name":"wp","href":"https:\/\/api.w.org\/{rel}","templated":true}]}}