{"id":658,"date":"2024-01-12T10:50:32","date_gmt":"2024-01-12T13:50:32","guid":{"rendered":"https:\/\/noticiassaludables.com.ar\/?p=658"},"modified":"2024-01-12T10:50:32","modified_gmt":"2024-01-12T13:50:32","slug":"hallaron-una-ciudad-perdida-en-el-amazonas-donde-vivieron-10-mil-personas","status":"publish","type":"post","link":"https:\/\/noticiassaludables.com.ar\/?p=658","title":{"rendered":"Hallaron una ciudad perdida en el Amazonas donde vivieron 10 mil personas"},"content":{"rendered":"\n<h2 class=\"wp-block-heading\">Seg\u00fan los investigadores, esta civilizaci\u00f3n dur\u00f3 unos mil a\u00f1os contempor\u00e1neo del Imperio Romano. Ten\u00eda edificios erigidos sobre mont\u00edculos de tierra, campos agr\u00edcolas con canales y caminos de 10 a 20 kil\u00f3metros de largo<\/h2>\n\n\n\n<p><img loading=\"lazy\" decoding=\"async\" alt=\"La imagen generada con LIDAR muestra complejos de plataformas rectangulares construidas alrededor de cuadril\u00e1teros bajos y distribuidas entre calles en Kunguints, valle de Upano, en Ecuador (Antoine Dorison, St\u00e9phen Rostain via AP)\" height=\"1080\" width=\"1920\" src=\"https:\/\/www.infobae.com\/new-resizer\/Z-tfSTPXwkWvBbDwklbZSJ8_tZ8=\/420x236\/filters:format(webp):quality(85)\/cloudfront-us-east-1.images.arcpublishing.com\/infobae\/BVYG6PQ77VBYNOB45KLPGC53F4.jpg%20420w\" srcset=\"https:\/\/www.infobae.com\/new-resizer\/Z-tfSTPXwkWvBbDwklbZSJ8_tZ8=\/420x236\/filters:format(webp):quality(85)\/cloudfront-us-east-1.images.arcpublishing.com\/infobae\/BVYG6PQ77VBYNOB45KLPGC53F4.jpg 420w,https:\/\/www.infobae.com\/new-resizer\/5iC8IkvtqNZQT-xkvXZ9KXCygnw=\/768x432\/filters:format(webp):quality(85)\/cloudfront-us-east-1.images.arcpublishing.com\/infobae\/BVYG6PQ77VBYNOB45KLPGC53F4.jpg 768w,https:\/\/www.infobae.com\/new-resizer\/wPa4EfZvtUWYMgQoSSzezq5hpwg=\/992x558\/filters:format(webp):quality(85)\/cloudfront-us-east-1.images.arcpublishing.com\/infobae\/BVYG6PQ77VBYNOB45KLPGC53F4.jpg 992w,https:\/\/www.infobae.com\/new-resizer\/DOwppr608Afkvux9CwS1EI6SVTk=\/1200x675\/filters:format(webp):quality(85)\/cloudfront-us-east-1.images.arcpublishing.com\/infobae\/BVYG6PQ77VBYNOB45KLPGC53F4.jpg 1200w,https:\/\/www.infobae.com\/new-resizer\/HnvlQU56DXCQFRXzpUODgoiH3yI=\/1440x810\/filters:format(webp):quality(85)\/cloudfront-us-east-1.images.arcpublishing.com\/infobae\/BVYG6PQ77VBYNOB45KLPGC53F4.jpg 1440w\">La imagen generada con LIDAR muestra complejos de plataformas rectangulares construidas alrededor de cuadril\u00e1teros bajos y distribuidas entre calles en Kunguints, valle de Upano, en Ecuador (Antoine Dorison, St\u00e9phen Rostain via AP)<\/p>\n\n\n\n<p>Los arque\u00f3logos han descubierto un grupo de&nbsp;<strong>ciudades perdidas en la selva amaz\u00f3nica&nbsp;<\/strong>que fue hogar de al menos 10.000 agricultores hace unos 2.000 a\u00f1os.<a href=\"https:\/\/www.infobae.com\/america\/america-latina\/2024\/01\/08\/violencia-en-ecuador-daniel-noboa-declaro-el-estado-de-excepcion\/\" rel=\"noreferrer noopener\" target=\"_blank\"><\/a><\/p>\n\n\n\n<p>Hace m\u00e1s de dos d\u00e9cadas, el arque\u00f3logo&nbsp;<strong>St\u00e9phen Rostain&nbsp;<\/strong>descubri\u00f3 por primera vez una serie de mont\u00edculos de tierra y caminos enterrados en&nbsp;<strong>Ecuador<\/strong>. Pero en ese momento, \u201cno estaba seguro de c\u00f3mo encajaba todo\u201d, dijo Rostain, uno de los investigadores que inform\u00f3 sobre el hallazgo el jueves en la revista&nbsp;<strong>Science<\/strong>.<\/p>\n\n\n\n<p>Un mapeo reciente mediante tecnolog\u00eda de sensores l\u00e1ser revel\u00f3 que esos sitios eran parte de una densa red de asentamientos y caminos de conexi\u00f3n, escondidos en las estribaciones boscosas de los Andes, que&nbsp;<strong>dur\u00f3 alrededor de 1.000 a\u00f1os.<\/strong><\/p>\n\n\n\n<p><strong>\u201cEra un valle perdido de ciudades\u201d<\/strong>, dijo Rostain, quien dirige las investigaciones en el\u00a0<strong>Centro Nacional de Investigaci\u00f3n Cient\u00edfica de Francia<\/strong>: \u201cEs incre\u00edble\u201d.<a href=\"https:\/\/www.infobae.com\/america\/america-latina\/2024\/01\/10\/al-menos-40-actos-de-terrorismo-estremecieron-ecuador-en-medio-del-intento-por-neutralizar-a-los-grupos-armados\/\" target=\"_blank\" rel=\"noreferrer noopener\"><\/a><a href=\"https:\/\/www.infobae.com\/america\/america-latina\/2024\/01\/10\/al-menos-40-actos-de-terrorismo-estremecieron-ecuador-en-medio-del-intento-por-neutralizar-a-los-grupos-armados\/\" target=\"_blank\" rel=\"noreferrer noopener\"><\/a><\/p>\n\n\n\n<p>Los asentamientos fueron ocupados por el pueblo&nbsp;<strong>Upano&nbsp;<\/strong>entre aproximadamente el 500 a. C. y el 300 al 600 d. C., un per\u00edodo m\u00e1s o menos contempor\u00e1neo del Imperio Romano en Europa, encontraron los investigadores.<\/p>\n\n\n\n<p>Los edificios residenciales y ceremoniales erigidos sobre m\u00e1s de 6.000 mont\u00edculos de tierra estaban rodeados de&nbsp;<strong>campos agr\u00edcolas con canales de drenaje<\/strong>. Las carreteras m\u00e1s grandes ten\u00edan 10 metros (33 pies) de ancho y se extend\u00edan de 10 a 20 kil\u00f3metros (6 a 12 millas).<\/p>\n\n\n\n<p><img loading=\"lazy\" decoding=\"async\" alt=\"En esta toma se puede ver una calle principal que atraviesa un \u00e1rea urbana, creando un eje entre los complejos rectangulares en Copueno, valle de Upano (Antoine Dorison, St\u00e9phen Rostain via AP)\" height=\"1566\" width=\"1920\" src=\"https:\/\/www.infobae.com\/new-resizer\/lHIkXGSN3dNHlujr0kglgZAO6Ko=\/420x315\/filters:format(webp):quality(85)\/cloudfront-us-east-1.images.arcpublishing.com\/infobae\/W2DREEJT2ZCW3MPZ2QXD4BI7EQ.jpg%20420w\" srcset=\"https:\/\/www.infobae.com\/new-resizer\/lHIkXGSN3dNHlujr0kglgZAO6Ko=\/420x315\/filters:format(webp):quality(85)\/cloudfront-us-east-1.images.arcpublishing.com\/infobae\/W2DREEJT2ZCW3MPZ2QXD4BI7EQ.jpg 420w,https:\/\/www.infobae.com\/new-resizer\/CFi9B7wtB6xo0hO-DytSJcK6vaI=\/768x576\/filters:format(webp):quality(85)\/cloudfront-us-east-1.images.arcpublishing.com\/infobae\/W2DREEJT2ZCW3MPZ2QXD4BI7EQ.jpg 768w,https:\/\/www.infobae.com\/new-resizer\/TgYiRNxAv-EDa9k5Vq2dAAEku-s=\/992x744\/filters:format(webp):quality(85)\/cloudfront-us-east-1.images.arcpublishing.com\/infobae\/W2DREEJT2ZCW3MPZ2QXD4BI7EQ.jpg 992w,https:\/\/www.infobae.com\/new-resizer\/uzHFN7WWLMneCemCWySJQA6RaXo=\/1200x900\/filters:format(webp):quality(85)\/cloudfront-us-east-1.images.arcpublishing.com\/infobae\/W2DREEJT2ZCW3MPZ2QXD4BI7EQ.jpg 1200w,https:\/\/www.infobae.com\/new-resizer\/D32wiv-g-dmDyp_bzqIDJWjpE6M=\/1440x1080\/filters:format(webp):quality(85)\/cloudfront-us-east-1.images.arcpublishing.com\/infobae\/W2DREEJT2ZCW3MPZ2QXD4BI7EQ.jpg 1440w\">En esta toma se puede ver una calle principal que atraviesa un \u00e1rea urbana, creando un eje entre los complejos rectangulares en Copueno, valle de Upano (Antoine Dorison, St\u00e9phen Rostain via AP)<\/p>\n\n\n\n<p>Si bien es dif\u00edcil estimar las poblaciones, el sitio albergaba al menos&nbsp;<strong>10.000 habitantes,&nbsp;<\/strong>y tal vez hasta 15.000 o 30.000 en su apogeo, dijo el arque\u00f3logo&nbsp;<strong>Antoine Dorison<\/strong>, coautor del estudio en el mismo instituto franc\u00e9s. Eso es comparable a la poblaci\u00f3n estimada del&nbsp;<strong>Londres&nbsp;<\/strong>de la \u00e9poca romana, entonces la ciudad m\u00e1s grande de Gran Breta\u00f1a.<\/p>\n\n\n\n<p>\u201cEsto muestra&nbsp;<strong>una ocupaci\u00f3n muy densa y una sociedad extremadamente complicada\u201d,&nbsp;<\/strong>dijo el arque\u00f3logo de la Universidad de Florida,&nbsp;<strong>Michael Heckenberger<\/strong>, que no particip\u00f3 en el estudio.&nbsp;<strong>\u201cPara la regi\u00f3n, es realmente \u00fanico en t\u00e9rminos de lo temprano que es\u201d.<\/strong><\/p>\n\n\n\n<p><strong>Jos\u00e9 Iriarte<\/strong>, arque\u00f3logo de la Universidad de Exeter, dijo que se habr\u00eda requerido un elaborado sistema de mano de obra organizada para construir los caminos y miles de mont\u00edculos de tierra.<\/p>\n\n\n\n<p>\u201cLos incas y los mayas constru\u00edan con piedra, pero la gente de la Amazonia normalmente no ten\u00eda piedra disponible para construir: constru\u00edan con barro. Todav\u00eda es una cantidad inmensa de trabajo\u201d, dijo Iriarte, que no particip\u00f3 en la investigaci\u00f3n.<a href=\"https:\/\/www.infobae.com\/america\/america-latina\/2024\/01\/09\/quien-es-fito-el-lider-de-los-choneros-y-un-delincuente-sumamente-peligroso-que-se-fugo-de-la-carcel-en-ecuador\/\" target=\"_blank\" rel=\"noreferrer noopener\"><\/a><a href=\"https:\/\/www.infobae.com\/america\/america-latina\/2024\/01\/09\/quien-es-fito-el-lider-de-los-choneros-y-un-delincuente-sumamente-peligroso-que-se-fugo-de-la-carcel-en-ecuador\/\" target=\"_blank\" rel=\"noreferrer noopener\"><\/a><\/p>\n\n\n\n<p>A menudo se piensa que el Amazonas es una \u201cnaturaleza pr\u00edstina con s\u00f3lo peque\u00f1os grupos de personas. Pero los descubrimientos recientes nos han demostrado cu\u00e1nto m\u00e1s complejo es realmente el pasado\u201d, dijo.<\/p>\n\n\n\n<p>Recientemente, los cient\u00edficos tambi\u00e9n han encontrado evidencia de intrincadas sociedades de la selva tropical que precedieron al contacto europeo en otras partes del Amazonas, incluidos Bolivia y Brasil.<\/p>\n\n\n\n<p>\u201cSiempre ha habido una incre\u00edble diversidad de personas y asentamientos en el Amazonas, no s\u00f3lo una forma de vivir\u201d, dijo Rostain. \u201cSimplemente estamos aprendiendo m\u00e1s sobre ellos\u201d.<\/p>\n\n\n\n<p>Fuente: https:\/\/www.infobae.com\/america\/america-latina\/2024\/01\/12\/hallaron-una-ciudad-perdida-en-el-amazonas-donde-vivieron-10-mil-personas-es-increible\/<\/p>\n","protected":false},"excerpt":{"rendered":"<p>Seg\u00fan los investigadores, esta civilizaci\u00f3n dur\u00f3 unos mil a\u00f1os contempor\u00e1neo del Imperio Romano. Ten\u00eda edificios erigidos sobre mont\u00edculos de tierra, campos agr\u00edcolas con canales y caminos de 10 a 20 kil\u00f3metros de largo La imagen generada con LIDAR muestra complejos de plataformas rectangulares construidas alrededor de cuadril\u00e1teros bajos y distribuidas entre calles en Kunguints, valle [&hellip;]<\/p>\n","protected":false},"author":3,"featured_media":659,"comment_status":"open","ping_status":"open","sticky":false,"template":"","format":"standard","meta":{"footnotes":""},"categories":[3,12],"tags":[358],"class_list":["post-658","post","type-post","status-publish","format-standard","has-post-thumbnail","hentry","category-principal","category-sociedad","tag-ciudad-perdida-en-el-amazonas"],"_links":{"self":[{"href":"https:\/\/noticiassaludables.com.ar\/index.php?rest_route=\/wp\/v2\/posts\/658","targetHints":{"allow":["GET"]}}],"collection":[{"href":"https:\/\/noticiassaludables.com.ar\/index.php?rest_route=\/wp\/v2\/posts"}],"about":[{"href":"https:\/\/noticiassaludables.com.ar\/index.php?rest_route=\/wp\/v2\/types\/post"}],"author":[{"embeddable":true,"href":"https:\/\/noticiassaludables.com.ar\/index.php?rest_route=\/wp\/v2\/users\/3"}],"replies":[{"embeddable":true,"href":"https:\/\/noticiassaludables.com.ar\/index.php?rest_route=%2Fwp%2Fv2%2Fcomments&post=658"}],"version-history":[{"count":1,"href":"https:\/\/noticiassaludables.com.ar\/index.php?rest_route=\/wp\/v2\/posts\/658\/revisions"}],"predecessor-version":[{"id":660,"href":"https:\/\/noticiassaludables.com.ar\/index.php?rest_route=\/wp\/v2\/posts\/658\/revisions\/660"}],"wp:featuredmedia":[{"embeddable":true,"href":"https:\/\/noticiassaludables.com.ar\/index.php?rest_route=\/wp\/v2\/media\/659"}],"wp:attachment":[{"href":"https:\/\/noticiassaludables.com.ar\/index.php?rest_route=%2Fwp%2Fv2%2Fmedia&parent=658"}],"wp:term":[{"taxonomy":"category","embeddable":true,"href":"https:\/\/noticiassaludables.com.ar\/index.php?rest_route=%2Fwp%2Fv2%2Fcategories&post=658"},{"taxonomy":"post_tag","embeddable":true,"href":"https:\/\/noticiassaludables.com.ar\/index.php?rest_route=%2Fwp%2Fv2%2Ftags&post=658"}],"curies":[{"name":"wp","href":"https:\/\/api.w.org\/{rel}","templated":true}]}}