{"id":661,"date":"2024-01-12T10:55:51","date_gmt":"2024-01-12T13:55:51","guid":{"rendered":"https:\/\/noticiassaludables.com.ar\/?p=661"},"modified":"2024-01-12T10:55:51","modified_gmt":"2024-01-12T13:55:51","slug":"el-gobierno-confirmo-que-su-objetivo-es-liquidar-el-fondo-de-la-anses","status":"publish","type":"post","link":"https:\/\/noticiassaludables.com.ar\/?p=661","title":{"rendered":"El Gobierno confirm\u00f3 que su objetivo es liquidar el Fondo de la Anses"},"content":{"rendered":"\n<h2 class=\"wp-block-heading\">Lo dijo el\u00a0el secretario de Financias, Pablo Quirno,\u00a0en su exposici\u00f3n en Diputados durante el debate por la ley \u00f3mnibus. Argument\u00f3 que la valuaci\u00f3n del Fondo de Garant\u00eda de Sustentabilidad\u00a0\u201cservir\u00eda solo para pagar dos meses de los pagos de Anses\u201d.<a href=\"https:\/\/www.pagina12.com.ar\/autores\/251-adrian-figueroa-diaz\"><\/a><\/h2>\n\n\n\n<figure class=\"wp-block-image\"><img decoding=\"async\" src=\"https:\/\/images.pagina12.com.ar\/styles\/focal_3_2_960x640\/public\/2024-01\/807017-pablo-20quirno-na.jpg?h=0a8b6f8b&amp;itok=AfyLsqQz\" alt=\" (Fuente: NA)\"\/><figcaption class=\"wp-element-caption\">. Imagen: NA<\/figcaption><\/figure>\n\n\n\n<p>El gobierno de&nbsp;<strong>Javier Milei confirm\u00f3 su intenci\u00f3n de echar mano sobre la plata de los jubilados<\/strong>. As\u00ed lo confirm\u00f3 en la madrugada un funcionario clave del equipo econ\u00f3mico, que durante la marat\u00f3nica reuni\u00f3n bicameral por la ley \u00f3mnibus afirm\u00f3 que&nbsp;<strong>el objetivo es liquidar el Fondo de Garant\u00eda de Sustentabilidad<\/strong>&nbsp;(FGS).<\/p>\n\n\n\n<p><strong>El FGS de la Anses<\/strong>&nbsp;es el fondo creado en 2008 con activos financieros, t\u00edtulos p\u00fablicos, plazos fijos y acciones que&nbsp;<strong>resguardan el r\u00e9gimen provisional y con el cual el Estado financia los programas de seguridad social<\/strong>, entre algunos.<\/p>\n\n\n\n<p>En los \u00faltimos cuatro a\u00f1os ese activo contrac\u00edclico que resguarda \u201cla plata de los jubilados\u201d creci\u00f3 un 117 por ciento, el m\u00e1ximo valor de su historia. Pero&nbsp;<strong>desde siempre fue visto por como un bot\u00edn por parte del macrismo y del sector privado<\/strong>. Y el gobierno se Milei tiene la misma l\u00f3gica.<\/p>\n\n\n\n<h2 class=\"wp-block-heading\">El Fondo de Garant\u00eda de Sustentabilidad, en la mira de Caputo y Milei<\/h2>\n\n\n\n<p>Durante la explicaci\u00f3n de los fundamentos para la modificaci\u00f3n y derogaci\u00f3n de la ley de administraci\u00f3n financiera, y para el proyecto que pretende consolidar la deuda p\u00fablica, incluida en la ley \u00f3mnibus,&nbsp;<strong>el secretario de Financias, Pablo Quirno<\/strong>, confirm\u00f3 que<strong>&nbsp;\u201cla propuesta (en ese proyecto) es que se liquide el FGS<\/strong>, bajo consolidaci\u00f3n patrimonial\u201d.<\/p>\n\n\n\n<p>Seg\u00fan el funcionario, el FGS&nbsp;<strong>\u201cno es un fondo antic\u00edclico, no garantiza nada\u201d<\/strong>&nbsp;y con la absorci\u00f3n que quiere hacer de \u00e9l el Gobierno,&nbsp;<strong>\u201cno se lo van a gastar en ninguna timba\u201d. S\u00f3lo \u201cvamos a consolidad la deuda del sector p\u00fablico\u201d<\/strong>, minimiz\u00f3.<\/p>\n\n\n\n<p>Luego precis\u00f3 que&nbsp;<strong>\u201cla valuaci\u00f3n actual de los activos del FGS es aproximadamente de 5.500 millones de d\u00f3lares\u201d<\/strong>&nbsp;que, seg\u00fan sus c\u00e1lculos,&nbsp;<strong>\u201cservir\u00edan para pagar dos meses de los pagos de Anses\u201d<\/strong>.<\/p>\n\n\n\n<p>La afirmaci\u00f3n hecha a la 1:30 de la madrugada y en las postrimer\u00edas de la reuni\u00f3n bicameral de anoche&nbsp;<strong>desat\u00f3 la pol\u00e9mica<\/strong>, particularmente con la diputada de Uni\u00f3n por la Patria&nbsp;<strong>Julia Strada<\/strong>, quien minutos despu\u00e9s hizo la denuncia p\u00fablica de ese hecho a trav\u00e9s de las redes sociales.<\/p>\n\n\n\n<p>&#8220;<strong>Es inaceptable que esto se apruebe<\/strong>. Insto al resto de los diputados y diputadas a que rechacen enf\u00e1ticamente este art\u00edculo y las 41 privatizaciones&#8221;, expres\u00f3 a trav\u00e9s de su cuenta en la red X.&nbsp;<\/p>\n\n\n\n<p>https:\/\/iframely.pagina12.com.ar\/api\/iframe?url=https%3A%2F%2Ftwitter.com%2FJuli_Strada%2Fstatus%2F1745664720122544361&#038;v=1&#038;app=1&#038;key=4676b5fdc083257ea87f71608c74e9fe&#038;playerjs=1<\/p>\n\n\n\n<h2 class=\"wp-block-heading\">La justificacion para liquidar el FGS<\/h2>\n\n\n\n<p>Lo que Quirno dijo fue que&nbsp;<strong>\u201cla Argentina desde 2007 est\u00e1 bajo un sistema de reparto que est\u00e1 quebrado\u201d<\/strong>&nbsp;porque, seg\u00fan sus n\u00fameros,&nbsp;<strong>\u201clos aportes (jubilatorios) llegan a cubrir solamente el 50 por ciento de los gastos para los pagos\u201d<\/strong>&nbsp;de jubilaciones. &#8220;El otro 50 por ciento lo realiza el tesoro.\u201d<\/p>\n\n\n\n<p>Por eso, agreg\u00f3,&nbsp;<strong>\u201cde aprobarse la consolidaci\u00f3n de la deuda p\u00fablica (incluida en la ley \u00f3mnibus), las acciones en poder del FGS volver\u00e1n al tesoro\u201d<\/strong>. Es decir que ese resguardo que durante los \u00faltimos a\u00f1os hizo crecer la plata de los jubilados en un 117 por ciento desaparecer\u00e1 como tal.<\/p>\n\n\n\n<p>Para explicar esta liquidaci\u00f3n del Fondo de Garant\u00eda de la Anses, Quirno dio la versi\u00f3n de La Libertad Avanza (LLA) sobre c\u00f3mo se conforma la deuda p\u00fablica.<\/p>\n\n\n\n<p>Dijo que el total de&nbsp;<strong>la deuda en manos del sector p\u00fablico es de 37.185 millones de d\u00f3lares, afirm\u00f3 que el 92 por ciento de ella lo tiene el FGS<\/strong>&nbsp;y agreg\u00f3 que el 8 restante es de 65 entidades del sector p\u00fablico.&nbsp;<strong>\u201cTodas esas entidades tienen partidas presupuestarias\u201d que \u201cemiten deuda\u201d<\/strong>.<\/p>\n\n\n\n<h2 class=\"wp-block-heading\">Los aumentos a jubilados<\/h2>\n\n\n\n<p>Luego at\u00f3 la justificaci\u00f3n de la liquidaci\u00f3n del FGS con el objetivo del Gobierno de&nbsp;<strong>eliminar la f\u00f3rmula previsional<\/strong>, es decir el c\u00e1lculo con el cual se pagan los aumentos trimestrales de las jubilaciones.<\/p>\n\n\n\n<p>\u201c<strong>Las f\u00f3rmulas no funcionan y est\u00e1n perjudicando a los jubilados. Por eso estamos pidiendo suspender la f\u00f3rmula.<\/strong>\u00a0No hay discresionalidad, porque con esa discrecionalidad han perdido 20 o 40 de sus haberes en t\u00e9rminos reales\u201d, chicane\u00f3.<\/p>\n\n\n\n<p>Fuente: https:\/\/www.pagina12.com.ar\/703484-el-gobierno-confirmo-que-su-objetivo-es-liquidar-el-fondo-de<\/p>\n","protected":false},"excerpt":{"rendered":"<p>Lo dijo el\u00a0el secretario de Financias, Pablo Quirno,\u00a0en su exposici\u00f3n en Diputados durante el debate por la ley \u00f3mnibus. Argument\u00f3 que la valuaci\u00f3n del Fondo de Garant\u00eda de Sustentabilidad\u00a0\u201cservir\u00eda solo para pagar dos meses de los pagos de Anses\u201d. El gobierno de&nbsp;Javier Milei confirm\u00f3 su intenci\u00f3n de echar mano sobre la plata de los jubilados. [&hellip;]<\/p>\n","protected":false},"author":3,"featured_media":662,"comment_status":"open","ping_status":"open","sticky":false,"template":"","format":"standard","meta":{"footnotes":""},"categories":[11,13,12],"tags":[40,359],"class_list":["post-661","post","type-post","status-publish","format-standard","has-post-thumbnail","hentry","category-agenda","category-politica","category-sociedad","tag-anses","tag-fondo-de-garantia-de-sustentabilidad"],"_links":{"self":[{"href":"https:\/\/noticiassaludables.com.ar\/index.php?rest_route=\/wp\/v2\/posts\/661","targetHints":{"allow":["GET"]}}],"collection":[{"href":"https:\/\/noticiassaludables.com.ar\/index.php?rest_route=\/wp\/v2\/posts"}],"about":[{"href":"https:\/\/noticiassaludables.com.ar\/index.php?rest_route=\/wp\/v2\/types\/post"}],"author":[{"embeddable":true,"href":"https:\/\/noticiassaludables.com.ar\/index.php?rest_route=\/wp\/v2\/users\/3"}],"replies":[{"embeddable":true,"href":"https:\/\/noticiassaludables.com.ar\/index.php?rest_route=%2Fwp%2Fv2%2Fcomments&post=661"}],"version-history":[{"count":1,"href":"https:\/\/noticiassaludables.com.ar\/index.php?rest_route=\/wp\/v2\/posts\/661\/revisions"}],"predecessor-version":[{"id":663,"href":"https:\/\/noticiassaludables.com.ar\/index.php?rest_route=\/wp\/v2\/posts\/661\/revisions\/663"}],"wp:featuredmedia":[{"embeddable":true,"href":"https:\/\/noticiassaludables.com.ar\/index.php?rest_route=\/wp\/v2\/media\/662"}],"wp:attachment":[{"href":"https:\/\/noticiassaludables.com.ar\/index.php?rest_route=%2Fwp%2Fv2%2Fmedia&parent=661"}],"wp:term":[{"taxonomy":"category","embeddable":true,"href":"https:\/\/noticiassaludables.com.ar\/index.php?rest_route=%2Fwp%2Fv2%2Fcategories&post=661"},{"taxonomy":"post_tag","embeddable":true,"href":"https:\/\/noticiassaludables.com.ar\/index.php?rest_route=%2Fwp%2Fv2%2Ftags&post=661"}],"curies":[{"name":"wp","href":"https:\/\/api.w.org\/{rel}","templated":true}]}}