{"id":671,"date":"2024-01-15T11:44:44","date_gmt":"2024-01-15T14:44:44","guid":{"rendered":"https:\/\/noticiassaludables.com.ar\/?p=671"},"modified":"2024-01-15T11:44:44","modified_gmt":"2024-01-15T14:44:44","slug":"anecdotas-de-la-quinta-de-olivos","status":"publish","type":"post","link":"https:\/\/noticiassaludables.com.ar\/?p=671","title":{"rendered":"An\u00e9cdotas de la Quinta de Olivos"},"content":{"rendered":"\n<h2 class=\"wp-block-heading\">La quinta pertenec\u00eda a la familia Azcu\u00e9naga y en 1918 uno de sus descendientes la don\u00f3.Qu\u00e9 les pas\u00f3 a Per\u00f3n, Illia y Menem en esa residencia de presidentes.<\/h2>\n\n\n\n<figure class=\"wp-block-image is-resized\"><img decoding=\"async\" src=\"https:\/\/www.clarin.com\/img\/2024\/01\/10\/deVQEIXqm_1256x620__2.jpg#1704910795328\" alt=\"An\u00e9cdotas de la Quinta de Olivos, seg\u00fan pasan los presidentes\" style=\"width:840px;height:auto\"\/><\/figure>\n\n\n\n<p>La vieja quinta de los Azcu\u00e9naga, s\u00ed, del vocal de la Primera Junta,&nbsp;<strong>fue donada por uno de sus descendientes, Carlos Villate Olaguer,<\/strong>&nbsp;para que se convirtiera en residencia veraniega de los presidentes de la Naci\u00f3n.<\/p>\n\n\n\n<p>La donaci\u00f3n se hizo efectiva en 1918, cuando&nbsp;<a href=\"https:\/\/www.clarin.com\/viva\/humillaciones-sufrio-hipolito-yrigoyen-despues-golpe-1930_0_nlNKQr8372.html\">Hip\u00f3lito Yrigoyen<\/a>&nbsp;la acept\u00f3 pero vivi\u00f3 en sus dos per\u00edodos de gobierno en su humilde casa de la calle Brasil en el barrio de Constituci\u00f3n.<\/p>\n\n\n\n<p>Como hab\u00eda una cl\u00e1usula testamentaria que indicaba que, si no se ocupaba, deber\u00eda devolverse el bien a la familia, le orden\u00f3 a su canciller, Honorio Pueyrred\u00f3n, que la habitara ocasionalmente.<\/p>\n\n\n\n<p>El primer presidente que residi\u00f3 en el lugar fue&nbsp;<a href=\"https:\/\/www.clarin.com\/viva\/90-anos-golpe-hipolito-yrigoyen-pena-muerte-picana-electrica-negocios-privados_0_NXx-pz6HS.html\">el dictador Jos\u00e9 F\u00e9lix Uriburu<\/a>. Su sucesor, fraude mediante,&nbsp;<strong>el tambi\u00e9n general Agust\u00edn P. Justo, instal\u00f3 en la quinta una colonia de vacaciones, forest\u00f3 el lugar y encar\u00f3 obras de restauraci\u00f3n<\/strong>&nbsp;en la vieja casona construida en 1854 por el pintor Prilidiano Pueyrred\u00f3n.<\/p>\n\n\n\n<p>En 1935 el Estado compr\u00f3 a la familia Madariaga Anchorena una espl\u00e9ndida mansi\u00f3n ubicada en la calle Suipacha 1034 de la Capital para que se convirtiera en la residencia oficial de los presidentes. All\u00ed residir\u00e1n el general Justo, Roberto Marcelino Ortiz, Castillo y los generales Ram\u00edrez y Farrell.<img loading=\"lazy\" decoding=\"async\" alt=\"Alberto Fern\u00e1ndez y Javier Milei, reuni\u00f3n en Olivos luego del balotaje de noviembre. Foto: EFE\/ Maria Eugenia Cerutti\/\" src=\"https:\/\/www.clarin.com\/img\/2023\/11\/26\/4N0bKfmoX_720x0__1.jpg\" width=\"720\" height=\"0\">Alberto Fern\u00e1ndez y Javier Milei, reuni\u00f3n en Olivos luego del balotaje de noviembre. Foto: EFE\/ Maria Eugenia Cerutti\/<\/p>\n\n\n\n<p>Al notar la familia de Villate que no se cumpl\u00eda la cl\u00e1usula impuesta por el donante, reclam\u00f3 al Estado la devoluci\u00f3n de la Quinta de Olivos, pero&nbsp;<strong>la Corte Suprema determin\u00f3 en 1941 que el inmueble ser\u00eda en adelante la Quinta Presidencial.<\/strong><\/p>\n\n\n\n<h2 class=\"wp-block-heading\">De Per\u00f3n a Menem<\/h2>\n\n\n\n<p>Juan Domingo Per\u00f3n decidi\u00f3 residir con Evita en la casona que el Estado hab\u00eda adquirido en 1937, el Palacio Unzu\u00e9. Tras la muerte de Evita en julio de 1952,&nbsp;<strong>Per\u00f3n vivi\u00f3 por temporadas en la quinta, instalando un microcine<\/strong>&nbsp;y cediendo un sector importante para las actividades deportivas y sociales de la Uni\u00f3n de Estudiantes Secundarios.<\/p>\n\n\n\n<p>El general Eduardo Lonardi, primer presidente de la Revoluci\u00f3n Libertadora, se mud\u00f3 a la quinta.&nbsp;<strong>En noviembre de 1955 se produjo una crisis interna dentro del gobierno.<\/strong>&nbsp;Lonardi renunci\u00f3 y la residencia qued\u00f3 para que la ocupara el general Pedro Eugenio Aramburu.<\/p>\n\n\n\n<p>En 1958, elecciones mediante, la habit\u00f3 Arturo Frondizi. A mediados de 1961 l<strong>leg\u00f3 de visita al lugar Ernesto \u201cChe\u201d Guevara,<\/strong>&nbsp;invitado por el presidente por especial pedido de su colega John Fitzgerald Kennedy, buscando una mediaci\u00f3n en torno al problema cubano.<\/p>\n\n\n\n<p><a href=\"https:\/\/www.clarin.com\/viva\/columnistas_viva-felipe_pigna-haciendo_historia_0_r1St1QKvXx.html\">El doctor Illia<\/a>&nbsp;asumi\u00f3 en octubre de 1963 y ocup\u00f3 espor\u00e1dicamente la quinta aunque&nbsp;<strong>prefer\u00eda utilizar la habitaci\u00f3n de la Casa Rosada<\/strong>&nbsp;para ahorrar tiempo.<\/p>\n\n\n\n<p>Aquel noble gobierno fue derrocado en junio de 1966 por&nbsp;<a href=\"https:\/\/www.clarin.com\/viva\/columnistas_viva-haciendo_historia-felipe_pigna_0_rkwGlDYwml.html\">otro golpe c\u00edvico militar encabezado por el dictador-general Juan Carlos Ongan\u00eda<\/a>&nbsp;quien&nbsp;<strong>casi incendia la quinta de Olivos al producirse un cortocircuito en un escenario<\/strong>&nbsp;montado sobre la pileta de la residencia para que actuaran los Cinco Latinos.<\/p>\n\n\n\n<p>En octubre de 1973, Juan Domingo Per\u00f3n abandon\u00f3 la casa de la calle Gaspar Campos y se mud\u00f3 a Olivos.&nbsp;<strong>All\u00ed se producir\u00e1 su hist\u00f3rico reto a los diputados de la J.P.<\/strong>&nbsp;y transcurrir\u00e1n sus \u00faltimos d\u00edas en medio de m\u00e9dicos, enfermeras y las brujer\u00edas de su secretario privado.<\/p>\n\n\n\n<p>Desde all\u00ed parti\u00f3 el 1 de julio de 1974 el cortejo f\u00fanebre que paralizar\u00eda el pa\u00eds y hacia all\u00ed regresar\u00eda su cuerpo. Meses m\u00e1s tarde se sumar\u00eda a la cripta el cuerpo de Eva Per\u00f3n que regresaba al pa\u00eds luego de un incre\u00edble y macabro recorrido iniciado en 1957.<img loading=\"lazy\" decoding=\"async\" width=\"720\" height=\"0\" src=\"https:\/\/www.clarin.com\/img\/2021\/08\/09\/fvURwzzgV_720x0__1.jpg\" alt=\"Vista a\u00e9rea de la Quinta Presidencial de Olivos.\/ AGN\"><\/p>\n\n\n\n<p>Tras la expulsi\u00f3n de Isabel Per\u00f3n del gobierno, y por lo tanto de la Quinta, el dictador Videla y su se\u00f1ora se negaron a mudarse hasta que no sacaron los cuerpos de Per\u00f3n y Evita.<\/p>\n\n\n\n<p>Vendr\u00e1n otros dictadores, Viola, Galtieri y Bignone hasta que&nbsp;<a href=\"https:\/\/www.clarin.com\/viva\/costo-argentinos-votar-libremente_0_hAGk7TvX.html\">en diciembre de 1983 recuperamos la democracia y se instal\u00f3 en el lugar el doctor Ra\u00fal Alfons\u00edn.<\/a><\/p>\n\n\n\n<p>Su sucesor, Carlos Menem, realiz\u00f3 las \u00faltimas reformas a la Quinta. Seg\u00fan los medios de la \u00e9poca,\u00a0<strong>convirti\u00f3 a Olivos en un polideportivo rodeado de un peque\u00f1o zool\u00f3gico.<\/strong><\/p>\n\n\n\n<p>Fuente: https:\/\/www.clarin.com\/viva\/anecdotas-quinta-olivos-pasan-presidentes_0_RHVwYQZOua.html<\/p>\n","protected":false},"excerpt":{"rendered":"<p>La quinta pertenec\u00eda a la familia Azcu\u00e9naga y en 1918 uno de sus descendientes la don\u00f3.Qu\u00e9 les pas\u00f3 a Per\u00f3n, Illia y Menem en esa residencia de presidentes. La vieja quinta de los Azcu\u00e9naga, s\u00ed, del vocal de la Primera Junta,&nbsp;fue donada por uno de sus descendientes, Carlos Villate Olaguer,&nbsp;para que se convirtiera en residencia [&hellip;]<\/p>\n","protected":false},"author":3,"featured_media":672,"comment_status":"open","ping_status":"open","sticky":false,"template":"","format":"standard","meta":{"footnotes":""},"categories":[13,12],"tags":[362],"class_list":["post-671","post","type-post","status-publish","format-standard","has-post-thumbnail","hentry","category-politica","category-sociedad","tag-quinta-de-olivos"],"_links":{"self":[{"href":"https:\/\/noticiassaludables.com.ar\/index.php?rest_route=\/wp\/v2\/posts\/671","targetHints":{"allow":["GET"]}}],"collection":[{"href":"https:\/\/noticiassaludables.com.ar\/index.php?rest_route=\/wp\/v2\/posts"}],"about":[{"href":"https:\/\/noticiassaludables.com.ar\/index.php?rest_route=\/wp\/v2\/types\/post"}],"author":[{"embeddable":true,"href":"https:\/\/noticiassaludables.com.ar\/index.php?rest_route=\/wp\/v2\/users\/3"}],"replies":[{"embeddable":true,"href":"https:\/\/noticiassaludables.com.ar\/index.php?rest_route=%2Fwp%2Fv2%2Fcomments&post=671"}],"version-history":[{"count":1,"href":"https:\/\/noticiassaludables.com.ar\/index.php?rest_route=\/wp\/v2\/posts\/671\/revisions"}],"predecessor-version":[{"id":673,"href":"https:\/\/noticiassaludables.com.ar\/index.php?rest_route=\/wp\/v2\/posts\/671\/revisions\/673"}],"wp:featuredmedia":[{"embeddable":true,"href":"https:\/\/noticiassaludables.com.ar\/index.php?rest_route=\/wp\/v2\/media\/672"}],"wp:attachment":[{"href":"https:\/\/noticiassaludables.com.ar\/index.php?rest_route=%2Fwp%2Fv2%2Fmedia&parent=671"}],"wp:term":[{"taxonomy":"category","embeddable":true,"href":"https:\/\/noticiassaludables.com.ar\/index.php?rest_route=%2Fwp%2Fv2%2Fcategories&post=671"},{"taxonomy":"post_tag","embeddable":true,"href":"https:\/\/noticiassaludables.com.ar\/index.php?rest_route=%2Fwp%2Fv2%2Ftags&post=671"}],"curies":[{"name":"wp","href":"https:\/\/api.w.org\/{rel}","templated":true}]}}