{"id":674,"date":"2024-01-15T11:49:11","date_gmt":"2024-01-15T14:49:11","guid":{"rendered":"https:\/\/noticiassaludables.com.ar\/?p=674"},"modified":"2024-01-15T11:49:11","modified_gmt":"2024-01-15T14:49:11","slug":"sara-chamberlain-la-maestra-que-trajo-sarmiento-para-promover-la-educacion","status":"publish","type":"post","link":"https:\/\/noticiassaludables.com.ar\/?p=674","title":{"rendered":"Sara Chamberlain, la maestra que trajo Sarmiento para promover la educaci\u00f3n"},"content":{"rendered":"\n<h2 class=\"wp-block-heading\">Sara lleg\u00f3 al pa\u00eds en 1883 y le dio un gran impulso a la formaci\u00f3n especializada de docentes de jard\u00edn de infantes.<\/h2>\n\n\n\n<figure class=\"wp-block-image\"><img decoding=\"async\" src=\"https:\/\/www.clarin.com\/img\/2023\/01\/12\/9kd6YT6YM_360x240__1.jpg\" alt=\"Sara Chamberlain, la maestra que trajo Sarmiento para promover la educaci\u00f3n\"\/><\/figure>\n\n\n\n<p>Sara Chamberlain naci\u00f3 en Lewisburg, un pueblo de Pensilvania, Estados Unidos, all\u00e1 por el a\u00f1o 1840.&nbsp;<strong>Su familia acomodada pudo brindarle una buena educaci\u00f3n<\/strong>.<\/p>\n\n\n\n<p>Al estallar la guerra civil norteamericana, se postul\u00f3 como voluntaria para atender a los heridos del bando anti esclavista en Nashville y Tennessee.<\/p>\n\n\n\n<p>Uno de sus pacientes fue el capit\u00e1n Charles Friederick Eccleston. All\u00ed naci\u00f3 el amor y se casaron el 24 de octubre de 1866.&nbsp;<strong>Con el tiempo vendr\u00edan los hijos, John y Emily Eccleston.<\/strong><\/p>\n\n\n\n<p>Sara enviud\u00f3 en 1875, continu\u00f3 con la crianza de sus ni\u00f1os e ingres\u00f3 en la Escuela Normal, en Filadelfia.<\/p>\n\n\n\n<p>All\u00ed&nbsp;<strong>encontr\u00f3 su primera vocaci\u00f3n en la formaci\u00f3n de los m\u00e1s peque\u00f1os en los jardines de infantes.<\/strong><img loading=\"lazy\" decoding=\"async\" alt=\"Domingo Faustino Sarmiento fue el impulsor de traer maestras estadounidenses al pa\u00eds. \/ Archivo\" src=\"https:\/\/www.clarin.com\/img\/2022\/08\/30\/cPAlZzfiS_720x0__1.jpg\" width=\"720\" height=\"0\">Domingo Faustino Sarmiento fue el impulsor de traer maestras estadounidenses al pa\u00eds. \/ Archivo<\/p>\n\n\n\n<p>Sus amigas Elizabet y Mary Peabody le presentaron a un argentino (<a target=\"_blank\" href=\"https:\/\/www.clarin.com\/viva\/domingo-faustino-sarmiento-polemicas-hombre-notable_0_q6Q_0wh46.html\" rel=\"noreferrer noopener\">Domingo Faustino Sarmiento<\/a>) muy interesado en la educaci\u00f3n, con quien&nbsp;<strong>intercambiaron ideas sobre la importancia de promover e incentivar la educaci\u00f3n popular<\/strong>&nbsp;para el desarrollo de una naci\u00f3n.<\/p>\n\n\n\n<p>Mientras tanto,&nbsp;<strong>Sara sigui\u00f3 ejerciendo la docencia en su pa\u00eds, al tiempo que crec\u00eda su reconocimiento,<\/strong>&nbsp;lo que llev\u00f3 al estado de Minnesota a encargarle la creaci\u00f3n de la primera escuela para formaci\u00f3n de maestras de Kindergarten.<\/p>\n\n\n\n<p><a target=\"_blank\" href=\"https:\/\/www.clarin.com\/viva\/escribe-felipe-pigna-anecdotas-picantes-sarmiento_0_au3xsfqXiD.html\" rel=\"noreferrer noopener\">Sarmiento<\/a>&nbsp;no se olvidaba de su experiencia en los Estados Unidos y le recomend\u00f3 a Eduardo Wilde, ministro de Instrucci\u00f3n P\u00fablica del presidente Julio A. Roca, que&nbsp;<strong>convoque a maestras norteamericanas para impulsar los primeros ciclos de la ense\u00f1anza.<\/strong><\/p>\n\n\n\n<h2 class=\"wp-block-heading\">El legado de Sara<\/h2>\n\n\n\n<p><a target=\"_blank\" href=\"https:\/\/www.clarin.com\/viva\/amores-peligros-maestras-norteamericanas-revolucionaron-educacion_0_1I5zhub2W.html\" rel=\"noreferrer noopener\">Como parte del proyecto ideado por Sarmiento,<\/a>&nbsp;lleg\u00f3 al pa\u00eds, en agosto de 1883, Sara junto a su hija Emily.<\/p>\n\n\n\n<p>En un principio fue destinada a la Escuela Normal de Paran\u00e1, dirigida por entonces por Jos\u00e9 Mar\u00eda Torres.<\/p>\n\n\n\n<p>All\u00ed se&nbsp;<strong>enfoc\u00f3 en creaci\u00f3n y direcci\u00f3n de lo que llam\u00f3 el \u201cdepartamento infantil\u201d.<\/strong><img loading=\"lazy\" decoding=\"async\" alt=\"Las se\u00f1oritas, libro de Laura Ramos. \/ Archivo.\" src=\"https:\/\/www.clarin.com\/img\/2021\/07\/08\/8tsKKywrv_720x0__1.jpg\" width=\"720\" height=\"0\">Las se\u00f1oritas, libro de Laura Ramos. \/ Archivo.<\/p>\n\n\n\n<p>La tarea de Sara fue enorme. Le dio un gran impulso a la formaci\u00f3n especializada de docentes de jard\u00edn de infantes&nbsp;<strong>con modernos planes de estudio, haciendo foco en las actividades pr\u00e1cticas.<\/strong><\/p>\n\n\n\n<p>Tambi\u00e9n&nbsp;<strong>fund\u00f3 el jard\u00edn de infantes de Concepci\u00f3n del Uruguay<\/strong>&nbsp;y presidi\u00f3 la delegaci\u00f3n argentina en la Conferencia Mundial de docentes de Kindergarten en Chicago en 1893.<\/p>\n\n\n\n<p>Pocos a\u00f1os despu\u00e9s,&nbsp;<strong>asumir\u00eda la direcci\u00f3n del Profesorado de Maestras Jardineras de Buenos Aires.<\/strong><\/p>\n\n\n\n<blockquote class=\"wp-block-quote is-layout-flow wp-block-quote-is-layout-flow\">\n<p><strong><\/strong>\u200bIncansable en su af\u00e1n de educar, continu\u00f3 recorriendo el pa\u00eds capacitando a docentes y dando charlas y conferencias y promoviendo la educaci\u00f3n musical a trav\u00e9s de publicaciones que ella misma financiaba.<strong><\/strong>Felipe Pigna, historiador<\/p>\n<\/blockquote>\n\n\n\n<p>Pero Sara no se limit\u00f3 a impulsar la ense\u00f1anza inicial en la Capital y recorri\u00f3 el pa\u00eds difundiendo sus saberes y las innovaciones pedag\u00f3gicas.<\/p>\n\n\n\n<p>En 1899, fund\u00f3 la Sociedad Internacional de Kindergarten con sede en Buenos Aires, que en 1900 se incorporar\u00eda al Consejo Internacional de la Mujer.<\/p>\n\n\n\n<p><strong>La militancia feminista de Sara qued\u00f3 clara al ser una de las promotoras del Consejo de Mujeres de la Rep\u00fablica Argentina.<\/strong><\/p>\n\n\n\n<p>Fueron estas mujeres las que impulsaron el concepto de infancia&nbsp;<strong>proclamando que los ni\u00f1os y las ni\u00f1as no eran una \u201cpropiedad\u201d de sus padres<\/strong>&nbsp;sino sujetos de derechos.<\/p>\n\n\n\n<p>Se jubil\u00f3 en 1903 y se dedic\u00f3 a la actividad privada&nbsp;<strong>fundando su propio jard\u00edn de infantes<\/strong>&nbsp;y una escuela primaria destinada a los hijos de las comunidades de habla inglesa.<\/p>\n\n\n\n<p>Incansable en su af\u00e1n de educar, continu\u00f3 recorriendo el pa\u00eds capacitando a docentes y dando charlas y conferencias y promoviendo la educaci\u00f3n musical a trav\u00e9s de publicaciones que ella misma financiaba.<\/p>\n\n\n\n<p>En 1910 volvi\u00f3 a la funci\u00f3n p\u00fablica en Mendoza, donde el gobierno local le encarg\u00f3 la organizaci\u00f3n del nivel inicial.<\/p>\n\n\n\n<p><strong>Sara Chamberlain morir\u00eda seis a\u00f1os despu\u00e9s en su casa del barrio de Belgrano.<\/strong>\u00a0Sus restos descansan en el Cementerio Brit\u00e1nico de Buenos Aires.<\/p>\n\n\n\n<p>Fuente: https:\/\/www.clarin.com\/viva\/sara-chamberlain-maestra-trajo-sarmiento-promover-educacion_0_R7GOPAi8J5.html<\/p>\n","protected":false},"excerpt":{"rendered":"<p>Sara lleg\u00f3 al pa\u00eds en 1883 y le dio un gran impulso a la formaci\u00f3n especializada de docentes de jard\u00edn de infantes. Sara Chamberlain naci\u00f3 en Lewisburg, un pueblo de Pensilvania, Estados Unidos, all\u00e1 por el a\u00f1o 1840.&nbsp;Su familia acomodada pudo brindarle una buena educaci\u00f3n. Al estallar la guerra civil norteamericana, se postul\u00f3 como voluntaria [&hellip;]<\/p>\n","protected":false},"author":3,"featured_media":675,"comment_status":"open","ping_status":"open","sticky":false,"template":"","format":"standard","meta":{"footnotes":""},"categories":[16,12],"tags":[272,363,364],"class_list":["post-674","post","type-post","status-publish","format-standard","has-post-thumbnail","hentry","category-opinion","category-sociedad","tag-educacion","tag-sara-chamberlain","tag-sarmiento"],"_links":{"self":[{"href":"https:\/\/noticiassaludables.com.ar\/index.php?rest_route=\/wp\/v2\/posts\/674","targetHints":{"allow":["GET"]}}],"collection":[{"href":"https:\/\/noticiassaludables.com.ar\/index.php?rest_route=\/wp\/v2\/posts"}],"about":[{"href":"https:\/\/noticiassaludables.com.ar\/index.php?rest_route=\/wp\/v2\/types\/post"}],"author":[{"embeddable":true,"href":"https:\/\/noticiassaludables.com.ar\/index.php?rest_route=\/wp\/v2\/users\/3"}],"replies":[{"embeddable":true,"href":"https:\/\/noticiassaludables.com.ar\/index.php?rest_route=%2Fwp%2Fv2%2Fcomments&post=674"}],"version-history":[{"count":1,"href":"https:\/\/noticiassaludables.com.ar\/index.php?rest_route=\/wp\/v2\/posts\/674\/revisions"}],"predecessor-version":[{"id":676,"href":"https:\/\/noticiassaludables.com.ar\/index.php?rest_route=\/wp\/v2\/posts\/674\/revisions\/676"}],"wp:featuredmedia":[{"embeddable":true,"href":"https:\/\/noticiassaludables.com.ar\/index.php?rest_route=\/wp\/v2\/media\/675"}],"wp:attachment":[{"href":"https:\/\/noticiassaludables.com.ar\/index.php?rest_route=%2Fwp%2Fv2%2Fmedia&parent=674"}],"wp:term":[{"taxonomy":"category","embeddable":true,"href":"https:\/\/noticiassaludables.com.ar\/index.php?rest_route=%2Fwp%2Fv2%2Fcategories&post=674"},{"taxonomy":"post_tag","embeddable":true,"href":"https:\/\/noticiassaludables.com.ar\/index.php?rest_route=%2Fwp%2Fv2%2Ftags&post=674"}],"curies":[{"name":"wp","href":"https:\/\/api.w.org\/{rel}","templated":true}]}}