{"id":677,"date":"2024-01-16T10:55:56","date_gmt":"2024-01-16T13:55:56","guid":{"rendered":"https:\/\/noticiassaludables.com.ar\/?p=677"},"modified":"2024-01-16T10:55:56","modified_gmt":"2024-01-16T13:55:56","slug":"mayores-de-60-mejorar-fuerza-muscular-equilibrio-y-flexibilidad","status":"publish","type":"post","link":"https:\/\/noticiassaludables.com.ar\/?p=677","title":{"rendered":"Mayores de 60: mejorar fuerza muscular, equilibrio y flexibilidad"},"content":{"rendered":"\n<h2 class=\"wp-block-heading\">Est\u00e1n dise\u00f1ados para mejorar la salud, la calidad de vida y la autonom\u00eda.C\u00f3mo realizarlos y con qu\u00e9 frecuencia.<\/h2>\n\n\n\n<figure class=\"wp-block-image\"><img decoding=\"async\" src=\"https:\/\/www.clarin.com\/img\/2022\/09\/26\/aLN20GUa6_360x240__1.jpg\" alt=\"Mayores de 60: paso a paso, un plan para mejorar fuerza muscular, equilibrio, flexibilidad y sue\u00f1o en 8 semanas\"\/><\/figure>\n\n\n\n<p>El incremento en la<strong>&nbsp;expectativa de vida<\/strong>&nbsp;no solo es un hecho insoslayable, sino que tampoco parece detenerse.<\/p>\n\n\n\n<p>Seg\u00fan informa la Organizaci\u00f3n Mundial de la Salud (OMS), en el mundo pas\u00f3 de 67 a 73 a\u00f1os entre 2000 y 2019 y hoy en Argentina el promedio se sit\u00faa en 75,4. La gran pregunta que sobreviene es c\u00f3mo ser\u00e1 la calidad de esos a\u00f1os. En definitiva, queremos vivir m\u00e1s, pero tambi\u00e9n&nbsp;<strong>vivir bien<\/strong>.<\/p>\n\n\n\n<p>Muchos son los esfuerzos que hoy apuntan en esa direcci\u00f3n, teniendo en cuenta que la&nbsp;<a href=\"https:\/\/www.clarin.com\/buena-vida\/adultos-mayores-riesgos-familia_0_EQ3xrc3YHB.html\">tercera edad<\/a>&nbsp;es el grupo etario que m\u00e1s crecimiento demogr\u00e1fico representa: desde c\u00f3mo abordar cuestiones est\u00e9ticas hasta el tratamiento de&nbsp;<strong>enfermedades<\/strong>&nbsp;como el<a href=\"https:\/\/www.clarin.com\/buena-vida\/alzheimer-cambios-pueden-ayudar-prevenirlo-sumar-anos-calidad-vida_0_u0DlpvF5wh.html\">&nbsp;Alzheimer<\/a>.<\/p>\n\n\n\n<p>Sin embargo, el foco tambi\u00e9n pas\u00f3 a estar puesto en la prevenci\u00f3n: lo que permitir\u00eda ahorrar sufrimiento y tambi\u00e9n dinero destinado a la salud. Es en ese contexto que cobra especial relevancia la necesidad de mantener&nbsp;<strong>h\u00e1bitos de vida saludables<\/strong>.<\/p>\n\n\n\n<p>Prevenir enfermedades, mejorar la salud \u00f3sea y tener un cuerpo m\u00e1sjoven son los objetivos de esta rutina de Adolfo Resnik.<\/p>\n\n\n\n<h2 class=\"wp-block-heading\">&#8220;Mantenete fuerte, mantenete saludable&#8221;<\/h2>\n\n\n\n<p>El&nbsp;<strong>envejecimiento de la poblaci\u00f3n<\/strong>&nbsp;fue precisamente el puntapi\u00e9 que llev\u00f3 hace casi 20 a\u00f1os al profesor de la Facultad de Ciencias de la Salud de la Universidad de Missouri y entrenador de adultos mayores Stephen Ball a impulsar el programa&nbsp;<a href=\"https:\/\/extension.missouri.edu\/programs\/stay-strong-stay-healthy\">\u201cStay Strong, Stay Healthy\u201d<\/a>&nbsp;(SSSH, que podr\u00eda traducirse como \u201cMantenete fuerte, mantenete saludable\u201d).<\/p>\n\n\n\n<p>Consultado por&nbsp;<strong>Clar\u00edn,<\/strong>&nbsp;cuenta que ya lleg\u00f3 a m\u00e1s de 20.000 participantes en cinco estados de su pa\u00eds, gan\u00f3 m\u00faltiples premios de extensi\u00f3n y contin\u00faa siendo un programa \u201cmodelo\u201d en esa universidad.<\/p>\n\n\n\n<p>Recientemente se public\u00f3 en el&nbsp;<em>Journal of Applied Gerontology&nbsp;<\/em>(Diario de Gerontolog\u00eda Aplicada)&nbsp;<a href=\"https:\/\/journals.sagepub.com\/doi\/10.1177\/07334648231199996\">un estudio<\/a>&nbsp;realizado por integrantes de la Universidad de Oklahoma y de Missouri-Columbia, que evalu\u00f3 el impacto de haber aplicado el nivel 2 de este programa, concluyendo que luego de 2 meses, quienes lo hab\u00edan realizado dos veces por semana durante una hora, hab\u00edan&nbsp;<strong>mejorado la salud funcional<\/strong>, la flexibilidad y el equilibrio total a lo largo del tiempo.<\/p>\n\n\n\n<p>\u201cSSSH es un programa de entrenamiento de resistencia de 8 semanas, basado en evidencia y dise\u00f1ado para mejorar la salud, la calidad de vida y la independencia de los adultos mayores al proporcionar el acceso a un programa de&nbsp;<strong>actividad f\u00edsica seguro<\/strong>, eficaz y basado en la comunidad\u201d, explica a&nbsp;<strong>Clar\u00edn<\/strong>&nbsp;Ball, codirector del programa SSSH.<\/p>\n\n\n\n<h2 class=\"wp-block-heading\">C\u00f3mo se logra: las claves del programa<\/h2>\n\n\n\n<p>A los participantes, que tienen de<a href=\"https:\/\/www.clarin.com\/buena-vida\/ejercicio-fisico-despues-60-mejores-actividades-especialista_0_9m9w6kmgHx.html\">&nbsp;60 a\u00f1os&nbsp;<\/a>en adelante, se les ense\u00f1a<strong>&nbsp;c\u00f3mo realizar ejercicios&nbsp;<\/strong>de manera segura, incluyendo&nbsp;<a href=\"https:\/\/www.clarin.com\/buena-vida\/poder-sentadillas-deberias-empezar-hacerlas_0_XzEjDMS7pO.html\">sentadillas<\/a>, flexiones de b\u00edceps y estocadas, en lo que definen como un ambiente c\u00f3modo y amigable, clave para que puedan trabajar en confianza.<\/p>\n\n\n\n<p>Ball a\u00f1ade que el objetivo es<strong>&nbsp;mejorar la funci\u00f3n f\u00edsica&nbsp;<\/strong>y&nbsp;<a href=\"https:\/\/www.clarin.com\/buena-vida\/adultos-mayores-riesgos-familia_0_EQ3xrc3YHB.html\">prevenir ca\u00eddas&nbsp;<\/a>mediante aumentos en la fuerza din\u00e1mica, el equilibrio y la flexibilidad, el fomento de la actividad f\u00edsica diaria adicional, y la mejora en la&nbsp;<a href=\"https:\/\/www.clarin.com\/buena-vida\/dormir-bien-despues-60-fase-perdida-clave-4-tiempos-explicadas-experto-sueno_0_PHdjNUYAaM.html\">calidad del sue\u00f1o<\/a>.<\/p>\n\n\n\n<figure class=\"wp-block-image\"><img decoding=\"async\" src=\"https:\/\/www.clarin.com\/redaccionfiler\/clarin\/infografia\/2024\/sociedad\/01\/sssh1-mb.svg\" alt=\"sssh1\"\/><\/figure>\n\n\n\n<p>\u00bfC\u00f3mo lo logran? &#8220;SSSH desaf\u00eda a los participantes mediante incrementos en el&nbsp;<strong>volumen y la intensidad<\/strong>&nbsp;del ejercicio. Dirigidos por un instructor certificado, los participantes completan un calentamiento, una serie prescrita de ejercicios de fortalecimiento de la parte superior e inferior del cuerpo y una vuelta a la calma\u201d, precisa.<\/p>\n\n\n\n<p>Adem\u00e1s, resalta que se anima a quienes asisten a&nbsp;<strong>continuar por su cuenta&nbsp;<\/strong>despu\u00e9s del curso de ocho semanas.<\/p>\n\n\n\n<p>El profesor cuenta que se inspiraron consultando y modelando muchos de los componentes SSSH \u201cdel ya exitoso programa creado para mujeres llamado StrongWomen de la Universidad de Tufts. Usamos su modelo comunitario, pero dise\u00f1amos el programa&nbsp;<strong>para adultos mayores&nbsp;<\/strong>y para que lo implementaran espec\u00edficamente las redes de extensi\u00f3n universitaria\u201d.<img loading=\"lazy\" decoding=\"async\" alt=\"Stephen Ball es impulsor del programa &quot;Mantente fuerte, mantente saludable&quot;. Foto gentileza.\" src=\"https:\/\/www.clarin.com\/img\/2024\/01\/10\/37qqRCHyR_720x0__1.jpg\" width=\"720\" height=\"0\">Stephen Ball es impulsor del programa &#8220;Mantente fuerte, mantente saludable&#8221;. Foto gentileza.<\/p>\n\n\n\n<p>En definitiva, el programa est\u00e1 dise\u00f1ado para ayudar a los adultos mayores a mantenerse<strong>&nbsp;de manera independiente<\/strong>&nbsp;a medida que envejecen, de modo de evitar por ejemplo las famosas ca\u00eddas, dado que la fuerza, la flexibilidad y el equilibrio din\u00e1mico disminuyen a medida que envejecemos, seg\u00fan explica.<\/p>\n\n\n\n<p>&#8220;El \u00e9xito del programa, para el que nuestra directora, profesora asociada de Extensi\u00f3n Kelsey Weitzel, desempe\u00f1a un papel importante demuestra que no se necesita una costosa membres\u00eda en un gimnasio con un entrenador personal para mantenerse activo. Creamos este programa comunitario para que los adultos mayores puedan hacer ejercicio con otras personas que se parezcan a ellas, en un&nbsp;<strong>ambiente social m\u00e1s c\u00f3modo<\/strong>&#8220;, plantea.<\/p>\n\n\n\n<h2 class=\"wp-block-heading\">Los ejercicios, uno por uno<\/h2>\n\n\n\n<p>Una de las buenas noticias es que el programa ha demostrado resultados.<\/p>\n\n\n\n<p>Seg\u00fan indica Ball, los participantes dan cuenta de un aumento de la energ\u00eda f\u00edsica y la confianza en s\u00ed mismos, y m\u00faltiples estudios revisados por pares y una extensa literatura publicada lo demuestran.<\/p>\n\n\n\n<p>Comienza con una clase introductoria de Nivel 1, de&nbsp;<strong>8 semanas<\/strong>&nbsp;antes de que los participantes puedan graduarse al Nivel 2, m\u00e1s desafiante, de la misma duraci\u00f3n.<\/p>\n\n\n\n<p>Ambas rutinas trabajan todo el cuerpo: el nivel 1 incluye sentadillas, flexi\u00f3n de rodillas, extensi\u00f3n de rodilla y de gl\u00fateos, b\u00edceps, tr\u00edceps, hombros y gemelos. El segundo, incrementa el nivel de dificultad y es a\u00fan m\u00e1s desafiante.<\/p>\n\n\n\n<figure class=\"wp-block-image\"><img decoding=\"async\" src=\"https:\/\/www.clarin.com\/redaccionfiler\/clarin\/infografia\/2024\/sociedad\/01\/sssh2-mb.svg\" alt=\"sssh2\"\/><\/figure>\n\n\n\n<p>Consultado respecto la diferencia entre los niveles, precisa: &#8220;El nivel 2 requiere que los participantes se<strong>&nbsp;levanten y bajen del suelo<\/strong>&nbsp;para realizar algunos movimientos, que son diferentes y un poco m\u00e1s desafiantes. Usamos ejercicios de nivel 1 como alternativa si el participante no est\u00e1 listo para un movimiento de nivel 2 en particular&#8221;.<\/p>\n\n\n\n<h2 class=\"wp-block-heading\">C\u00f3mo ponerlo en pr\u00e1ctica<\/h2>\n\n\n\n<p>Ball indic\u00f3 a Clar\u00edn que los ejercicios descriptos en la infograf\u00eda son realizados de esta forma:&nbsp;<strong>2 series<\/strong>&nbsp;de 10 repeticiones en dos clases por semana, aunque recomiendan a los participantes que, en la medida de sus posibilidades, completen por su cuenta con una tercera vez por semana.<\/p>\n\n\n\n<p>Fuente: https:\/\/www.clarin.com\/buena-vida\/mayores-60-paso-paso-plan-mejorar-fuerza-muscular-equilibrio-flexibilidad-sueno-8-semanas_0_fko3ncEZKW.html<\/p>\n","protected":false},"excerpt":{"rendered":"<p>Est\u00e1n dise\u00f1ados para mejorar la salud, la calidad de vida y la autonom\u00eda.C\u00f3mo realizarlos y con qu\u00e9 frecuencia. El incremento en la&nbsp;expectativa de vida&nbsp;no solo es un hecho insoslayable, sino que tampoco parece detenerse. Seg\u00fan informa la Organizaci\u00f3n Mundial de la Salud (OMS), en el mundo pas\u00f3 de 67 a 73 a\u00f1os entre 2000 y [&hellip;]<\/p>\n","protected":false},"author":3,"featured_media":678,"comment_status":"open","ping_status":"open","sticky":false,"template":"","format":"standard","meta":{"footnotes":""},"categories":[4,3,5],"tags":[366,365],"class_list":["post-677","post","type-post","status-publish","format-standard","has-post-thumbnail","hentry","category-bienestar","category-principal","category-salud","tag-fuerza-y-equilibrio","tag-mayores-de-60"],"_links":{"self":[{"href":"https:\/\/noticiassaludables.com.ar\/index.php?rest_route=\/wp\/v2\/posts\/677","targetHints":{"allow":["GET"]}}],"collection":[{"href":"https:\/\/noticiassaludables.com.ar\/index.php?rest_route=\/wp\/v2\/posts"}],"about":[{"href":"https:\/\/noticiassaludables.com.ar\/index.php?rest_route=\/wp\/v2\/types\/post"}],"author":[{"embeddable":true,"href":"https:\/\/noticiassaludables.com.ar\/index.php?rest_route=\/wp\/v2\/users\/3"}],"replies":[{"embeddable":true,"href":"https:\/\/noticiassaludables.com.ar\/index.php?rest_route=%2Fwp%2Fv2%2Fcomments&post=677"}],"version-history":[{"count":1,"href":"https:\/\/noticiassaludables.com.ar\/index.php?rest_route=\/wp\/v2\/posts\/677\/revisions"}],"predecessor-version":[{"id":679,"href":"https:\/\/noticiassaludables.com.ar\/index.php?rest_route=\/wp\/v2\/posts\/677\/revisions\/679"}],"wp:featuredmedia":[{"embeddable":true,"href":"https:\/\/noticiassaludables.com.ar\/index.php?rest_route=\/wp\/v2\/media\/678"}],"wp:attachment":[{"href":"https:\/\/noticiassaludables.com.ar\/index.php?rest_route=%2Fwp%2Fv2%2Fmedia&parent=677"}],"wp:term":[{"taxonomy":"category","embeddable":true,"href":"https:\/\/noticiassaludables.com.ar\/index.php?rest_route=%2Fwp%2Fv2%2Fcategories&post=677"},{"taxonomy":"post_tag","embeddable":true,"href":"https:\/\/noticiassaludables.com.ar\/index.php?rest_route=%2Fwp%2Fv2%2Ftags&post=677"}],"curies":[{"name":"wp","href":"https:\/\/api.w.org\/{rel}","templated":true}]}}