{"id":683,"date":"2024-01-16T11:07:47","date_gmt":"2024-01-16T14:07:47","guid":{"rendered":"https:\/\/noticiassaludables.com.ar\/?p=683"},"modified":"2024-01-16T11:07:47","modified_gmt":"2024-01-16T14:07:47","slug":"la-arquitecta-que-suena-con-un-kafkiano-centro-cultural-para-la-boca","status":"publish","type":"post","link":"https:\/\/noticiassaludables.com.ar\/?p=683","title":{"rendered":"La arquitecta que sue\u00f1a con un kafkiano centro cultural para La Boca"},"content":{"rendered":"\n<h2 class=\"wp-block-heading\">Belinda Rodas fue finalista de un prestigioso concurso internacional.&nbsp;Present\u00f3 un atrevido proyecto de un centro cultural para la zona sur.<\/h2>\n\n\n\n<figure class=\"wp-block-image\"><img decoding=\"async\" src=\"https:\/\/www.clarin.com\/img\/2024\/01\/10\/8sW7ZGoy6_360x240__1.jpg\" alt=\"La arquitecta que  sue\u00f1a con un kafkiano centro cultural para La Boca \"\/><\/figure>\n\n\n\n<p>Belinda Noem\u00ed Rodas Mart\u00ednez (28 a\u00f1os) se recibi\u00f3 de arquitecta en diciembre de 2022. Sue\u00f1a en grande.<\/p>\n\n\n\n<p>Quiere construir un Centro Cultural en la zona de Puerto Madero y&nbsp;<a href=\"https:\/\/www.clarin.com\/viva\/circuito-boca-ver-barrio-multicolor_0_EywwWYLA.html\">La Boca<\/a>. Present\u00f3 un proyecto en un certamen internacional y qued\u00f3 entre las cien finalistas del Premio a la Excelencia.<\/p>\n\n\n\n<p>El m\u00e9rito trae un plus de origen: proviene de un barrio de trabajadores y fue all\u00ed donde&nbsp;<strong>en pleno confinamiento por la pandemia<\/strong>, elabor\u00f3 el proyecto que la tuvo y la tiene como exclusiva protagonista. Pero la historia de su precoz consagraci\u00f3n empieza antes.<\/p>\n\n\n\n<p>De adolescente, no quer\u00eda saber nada con los robots ni con la inform\u00e1tica. Le\u00eda todo lo que ca\u00eda en sus manos relacionado con ciencia, adem\u00e1s de&nbsp;<strong>novelas y enciclopedias<\/strong>. Pero lo que siempre le gust\u00f3 es la arquitectura.<\/p>\n\n\n\n<p>Lo cuenta&nbsp;<strong>sin un gramo de maquillaje<\/strong>&nbsp;encima, en un sal\u00f3n de la Casa de la Cultura de Buenos Aires. Su relato est\u00e1 ambientado en un edificio que alberg\u00f3 al diario&nbsp;<em>La Prensa<\/em>, sobre la Avenida de Mayo, y los vitraux del Sal\u00f3n Dorado fueron tra\u00eddos en barco desde Francia.<img loading=\"lazy\" decoding=\"async\" alt=\"Belinda Rodas; atr\u00e1s, la Casa de Cultura de Buenos Aires. Foto: Maxi Failla.\" src=\"https:\/\/www.clarin.com\/img\/2024\/01\/10\/9saRf7cdT_720x0__1.jpg\" width=\"720\" height=\"0\">Belinda Rodas; atr\u00e1s, la Casa de Cultura de Buenos Aires. Foto: Maxi Failla.<\/p>\n\n\n\n<p>Escenograf\u00eda ideal para quien es, al fin y al cabo, una de las cien finalistas del&nbsp;<em>Concurso Tamayouz Excellence Award<\/em>, que, desde 2012, premia&nbsp;<strong>propuestas originales de arquitectura<\/strong>, dise\u00f1o del paisaje, planificaci\u00f3n urbana y tecnolog\u00eda arquitect\u00f3nica.<\/p>\n\n\n\n<p>Todo empez\u00f3 con una materia de la facultad donde se deb\u00eda llevar a cabo un Master Plan entre Puerto Madero y La Boca,&nbsp;<strong>frente al r\u00edo en la D\u00e1rsena Sur<\/strong>, en la Intendencia Naval cuyos terrenos est\u00e1n a la intemperie y sin uso.<\/p>\n\n\n\n<p>Su idea: crear all\u00ed un Centro Cultural que albergue talleres de oficios, biblioteca p\u00fablica, museo, sala de teatro y sala sinf\u00f3nica.<\/p>\n\n\n\n<p>Incluye&nbsp;<strong>un sal\u00f3n para talleres de tecnolog\u00eda<\/strong>, construido con un bloque de cemento, y otro bloque que rompe el edificio, que es de metal.<\/p>\n\n\n\n<p>En un marco imponente y con rasgos surrealistas est\u00e1n las transparencias,&nbsp;<strong>los paneles que permiten cambiar la fachada<\/strong>. Y all\u00ed se dispara otra idea que cautiv\u00f3 al jurado especialista.<\/p>\n\n\n\n<h2 class=\"wp-block-heading\">Humanizar el espacio<\/h2>\n\n\n\n<p>La construcci\u00f3n est\u00e1 basada en el concepto de Metamorfismo, o sea, es un proyecto abierto que&nbsp;<strong>puede cambiar de forma como un organismo vivo<\/strong>. Y la sorpresa es a\u00fan mayor cuando aparece en escena la novela&nbsp;<em>La metamorfosis<\/em>&nbsp;de Franz Kafka, citada por la arquitecta.<\/p>\n\n\n\n<p>En el inicio del libro, el protagonista se convierte en insecto. \u201cLa obra de Kafka tiene mucho que ver con el cambio de forma, la deshumanizaci\u00f3n; habla de la m\u00e1quina capitalista que&nbsp;<strong>empieza a absorber al ser humano<\/strong>. Lo opuesto es crear la humanizaci\u00f3n del espacio.\u201d<\/p>\n\n\n\n<p>Todo este sost\u00e9n conceptual se elucubr\u00f3 en plena pandemia: Belinda, aislada en su departamento , volvi\u00f3 a releer el art\u00edculo de Le Corbousier&nbsp;<em>El espacio inefable<\/em>, donde sostiene que la primera prueba de existencia es habitar el espacio.<\/p>\n\n\n\n<p>Rodas cuenta que es de San Esteban, un barrio de Ca\u00f1uelas en la provincia de Buenos Aires. Es un barrio obrero. Desde chica se pasaba horas leyendo el libro&nbsp;<em>El \u00e1rbol de la vida<\/em>. Le interesaron siempre la diferencia de razas, se preguntaba por qu\u00e9 \u00e9ramos diferentes, cada uno con su origen y su color y all\u00ed<strong>&nbsp;le qued\u00f3 grabada la palabra metamorfismo<\/strong>; digamos, la capacidad de adaptarse al medio ambiente.<\/p>\n\n\n\n<p>Por eso&nbsp;<strong>sue\u00f1a su edificio como un organismo, como algo vivo,<\/strong>&nbsp;humanizando el objeto al servicio del buen vivir.<\/p>\n\n\n\n<h2 class=\"wp-block-heading\">Reinterpretar el conventillo<\/h2>\n\n\n\n<p>\u201cA principios de siglo XX, Buenos Aires empez\u00f3 a ser una ciudad dormitorio para albergar cada vez m\u00e1s gente y as\u00ed se fue dando un tipo de arquitectura basura. Mi edificio, si bien naci\u00f3 con la destrucci\u00f3n que implic\u00f3 la pandemia y eso se ve en mis im\u00e1genes, que&nbsp;<strong>son de cielo negro sin un color vivo<\/strong>, resulta un barco quieto, una forma de reinterpretar lo que fue el conventillo\u201d, dice Rodas.<\/p>\n\n\n\n<p>La construcci\u00f3n de Rodas est\u00e1 basada en el concepto de \u201cmetamorfismo\u201d: un proyecto abierto que cambia de forma como un organismo vivo.<\/p>\n\n\n\n<p>La Boca tiene esa historia de metamorfosis tambi\u00e9n. Primero fue un barrio de clase alta, que&nbsp;<strong>lo abandon\u00f3 a causa de la fiebre amarilla&nbsp;<\/strong>y se mud\u00f3 a la zona norte.<\/p>\n\n\n\n<p>Luego, los trabajadores cruzaban hasta la Isla Maciel: a\u00fan est\u00e1 el puente Avellaneda que es&nbsp;<strong>un s\u00edmbolo del barrio portuario<\/strong>, que el pintor Benito Quinquela Mart\u00edn inmortaliz\u00f3 en sus obras pict\u00f3ricas.<\/p>\n\n\n\n<p>El brazo proyectado como Centro Cultural se extiende entre la Intendencia Naval y sigue hasta La Boca, consta en total de 7.260 metros cuadrados.<\/p>\n\n\n\n<p>La idea es que se transite y se pasee, que se cree un v\u00ednculo humano con la ciudad y, como escribi\u00f3 Jacques Derrida, la arquitectura se transforme en una forma de comunicaci\u00f3n, una nueva disposici\u00f3n que retome una y otra vez los v\u00ednculos entre sus habitantes, y&nbsp;<strong>donde se desdibujen los l\u00edmites entre la ciudad y el nuevo edificio<\/strong>.<\/p>\n\n\n\n<p>El proyecto nace en el auge de los contagios por Covid-19, pero esa<strong>&nbsp;situaci\u00f3n l\u00edmite<\/strong>&nbsp;la impuls\u00f3 a Rodas a crear belleza, y \u00e9sta tambi\u00e9n se puede planificar como lo hicieron los grandes arquitectos.<\/p>\n\n\n\n<p>\u201cMi proyecto no tiene l\u00edmites, es abierto y permite cambiar de forma como de aire y que la ciudad sea vivible con<strong>&nbsp;la energ\u00eda natural que posee la relaci\u00f3n del hombre con la naturaleza<\/strong>, donde la arquitectura no nos aplaste como a una cucaracha. Donde se permita planificar a partir de las necesidades del que transita el espacio p\u00fablico y no de los medios de transporte. No hay un usuario tipo ni una familia tipo, ni un trabajo tipo\u201d, explica Rodas.<\/p>\n\n\n\n<p>Todo arte verdadero es una obra inacabada y carece de \u201cperfecci\u00f3n\u201d. La joven arquitecta comparte la idea de Jorge Luis Borges:&nbsp;<strong>se publica para dejar de corregir<\/strong>.<\/p>\n\n\n\n<p>Rodas so\u00f1\u00f3 un proyecto que levanta su silueta de cristal frente al r\u00edo y los \u00e1rboles del sur de la ciudad. Ahora s\u00f3lo falta que aparezcan los capitales\u00a0<strong>que se atrevan a hacer ese sue\u00f1o realidad<\/strong>, en beneficio de todos los porte\u00f1os.<\/p>\n\n\n\n<p>Fuente: https:\/\/www.clarin.com\/viva\/arquitecta-suena-kafkiano-centro-cultural-boca_0_nxMQCfrxSu.html<\/p>\n","protected":false},"excerpt":{"rendered":"<p>Belinda Rodas fue finalista de un prestigioso concurso internacional.&nbsp;Present\u00f3 un atrevido proyecto de un centro cultural para la zona sur. Belinda Noem\u00ed Rodas Mart\u00ednez (28 a\u00f1os) se recibi\u00f3 de arquitecta en diciembre de 2022. Sue\u00f1a en grande. Quiere construir un Centro Cultural en la zona de Puerto Madero y&nbsp;La Boca. Present\u00f3 un proyecto en un [&hellip;]<\/p>\n","protected":false},"author":3,"featured_media":684,"comment_status":"open","ping_status":"open","sticky":false,"template":"","format":"standard","meta":{"footnotes":""},"categories":[15,12,10],"tags":[370,371],"class_list":["post-683","post","type-post","status-publish","format-standard","has-post-thumbnail","hentry","category-entrevistas","category-sociedad","category-tendencia","tag-centro-cultural-kafkiano","tag-la-boca"],"_links":{"self":[{"href":"https:\/\/noticiassaludables.com.ar\/index.php?rest_route=\/wp\/v2\/posts\/683","targetHints":{"allow":["GET"]}}],"collection":[{"href":"https:\/\/noticiassaludables.com.ar\/index.php?rest_route=\/wp\/v2\/posts"}],"about":[{"href":"https:\/\/noticiassaludables.com.ar\/index.php?rest_route=\/wp\/v2\/types\/post"}],"author":[{"embeddable":true,"href":"https:\/\/noticiassaludables.com.ar\/index.php?rest_route=\/wp\/v2\/users\/3"}],"replies":[{"embeddable":true,"href":"https:\/\/noticiassaludables.com.ar\/index.php?rest_route=%2Fwp%2Fv2%2Fcomments&post=683"}],"version-history":[{"count":1,"href":"https:\/\/noticiassaludables.com.ar\/index.php?rest_route=\/wp\/v2\/posts\/683\/revisions"}],"predecessor-version":[{"id":685,"href":"https:\/\/noticiassaludables.com.ar\/index.php?rest_route=\/wp\/v2\/posts\/683\/revisions\/685"}],"wp:featuredmedia":[{"embeddable":true,"href":"https:\/\/noticiassaludables.com.ar\/index.php?rest_route=\/wp\/v2\/media\/684"}],"wp:attachment":[{"href":"https:\/\/noticiassaludables.com.ar\/index.php?rest_route=%2Fwp%2Fv2%2Fmedia&parent=683"}],"wp:term":[{"taxonomy":"category","embeddable":true,"href":"https:\/\/noticiassaludables.com.ar\/index.php?rest_route=%2Fwp%2Fv2%2Fcategories&post=683"},{"taxonomy":"post_tag","embeddable":true,"href":"https:\/\/noticiassaludables.com.ar\/index.php?rest_route=%2Fwp%2Fv2%2Ftags&post=683"}],"curies":[{"name":"wp","href":"https:\/\/api.w.org\/{rel}","templated":true}]}}