{"id":689,"date":"2024-01-17T11:03:21","date_gmt":"2024-01-17T14:03:21","guid":{"rendered":"https:\/\/noticiassaludables.com.ar\/?p=689"},"modified":"2024-01-17T11:03:21","modified_gmt":"2024-01-17T14:03:21","slug":"feria-del-libro-de-la-costa","status":"publish","type":"post","link":"https:\/\/noticiassaludables.com.ar\/?p=689","title":{"rendered":"Feria del Libro de la Costa"},"content":{"rendered":"\n<p><strong><mark style=\"background-color:rgba(0, 0, 0, 0)\" class=\"has-inline-color has-vivid-red-color\">Con apertura a cargo de la soci\u00f3loga, historiadora y educadora feminista Dora Barrancos, cuatro localidades balnearias ser\u00e1n sede desde hoy y hasta el lunes 22 de enero de la 4\u00b0 Feria del Libro de La Costa, una iniciativa que reunir\u00e1 m\u00e1s de 50 editoriales y permitir\u00e1 acceder a un cat\u00e1logo de textos que expande la oferta de las librer\u00edas regionales.<\/mark><\/strong><\/p>\n\n\n\n<p>Bajo el lema &#8220;La Costa produce&#8221;, la Feria arrancar\u00e1 hoy San Clemente del Tuy\u00fa y entre ma\u00f1ana y el viernes se instalar\u00e1 en Santa Teresita, para continuar el s\u00e1bado y domingo en San Bernardo y terminar el lunes en Mar de Aj\u00f3.<\/p>\n\n\n\n<p>En esta oportunidad se har\u00e1 hincapi\u00e9 en la producci\u00f3n editorial costera, a partir de sellos locales que participar\u00e1n junto a otros de alcance nacional como Elo\u00edsa Cartonera, Sudestada, Milena Caserola, Pixel, Malisia, La Flor Azul, Mil Botellas, Pupek, F\u00fatbol Contado, La Cebra, Punto de Encuentro y Club HEM.<\/p>\n\n\n\n<p>Organizada por el Centro Cultural de Escritores de La Costa con el apoyo de la Secretar\u00eda de Producci\u00f3n, la Secretar\u00eda de Turismo y la Subsecretar\u00eda de Cultura del municipio , la Feria tendr\u00e1 su apertura a cargo de la investigadora Dora Barrancos y contar\u00e1 tambi\u00e9n con la participaci\u00f3n del escritor y creador del sello Elo\u00edsa Cartonera, Washington Cucurto.<\/p>\n\n\n\n<p>cuenta , que invit\u00f3 a editores y libreros.<\/p>\n\n\n\n<p>El Centro Cultural de Escritores de La Costa y la Sociedad Argentina de Escritores (SADE) Filial La Costa, por su parte, ofrecer\u00e1n un recital de poes\u00eda y relatos breves en el marco de las actividades programadas.<\/p>\n\n\n\n<p>La Feria funcionar\u00e1 de 18 a 0 horas en sus cuatro sedes consecutivas: la Plaza de las Banderas de San Clemente del Tuy\u00fa, frente a la Carabela Santa Mar\u00eda de Santa, en la Plaza del Sol y la Familia de San Bernardo y en la Plazoleta de Avenida del Libertador y Francisco de las Carreras en la localidad de Mar de Aj\u00f3.<\/p>\n\n\n\n<p>Fuente: T\u00e9lam<\/p>\n","protected":false},"excerpt":{"rendered":"<p>Con apertura a cargo de la soci\u00f3loga, historiadora y educadora feminista Dora Barrancos, cuatro localidades balnearias ser\u00e1n sede desde hoy y hasta el lunes 22 de enero de la 4\u00b0 Feria del Libro de La Costa, una iniciativa que reunir\u00e1 m\u00e1s de 50 editoriales y permitir\u00e1 acceder a un cat\u00e1logo de textos que expande la [&hellip;]<\/p>\n","protected":false},"author":3,"featured_media":690,"comment_status":"open","ping_status":"open","sticky":false,"template":"","format":"standard","meta":{"footnotes":""},"categories":[11,12],"tags":[374],"class_list":["post-689","post","type-post","status-publish","format-standard","has-post-thumbnail","hentry","category-agenda","category-sociedad","tag-feria-del-libro-de-la-costa"],"_links":{"self":[{"href":"https:\/\/noticiassaludables.com.ar\/index.php?rest_route=\/wp\/v2\/posts\/689","targetHints":{"allow":["GET"]}}],"collection":[{"href":"https:\/\/noticiassaludables.com.ar\/index.php?rest_route=\/wp\/v2\/posts"}],"about":[{"href":"https:\/\/noticiassaludables.com.ar\/index.php?rest_route=\/wp\/v2\/types\/post"}],"author":[{"embeddable":true,"href":"https:\/\/noticiassaludables.com.ar\/index.php?rest_route=\/wp\/v2\/users\/3"}],"replies":[{"embeddable":true,"href":"https:\/\/noticiassaludables.com.ar\/index.php?rest_route=%2Fwp%2Fv2%2Fcomments&post=689"}],"version-history":[{"count":1,"href":"https:\/\/noticiassaludables.com.ar\/index.php?rest_route=\/wp\/v2\/posts\/689\/revisions"}],"predecessor-version":[{"id":691,"href":"https:\/\/noticiassaludables.com.ar\/index.php?rest_route=\/wp\/v2\/posts\/689\/revisions\/691"}],"wp:featuredmedia":[{"embeddable":true,"href":"https:\/\/noticiassaludables.com.ar\/index.php?rest_route=\/wp\/v2\/media\/690"}],"wp:attachment":[{"href":"https:\/\/noticiassaludables.com.ar\/index.php?rest_route=%2Fwp%2Fv2%2Fmedia&parent=689"}],"wp:term":[{"taxonomy":"category","embeddable":true,"href":"https:\/\/noticiassaludables.com.ar\/index.php?rest_route=%2Fwp%2Fv2%2Fcategories&post=689"},{"taxonomy":"post_tag","embeddable":true,"href":"https:\/\/noticiassaludables.com.ar\/index.php?rest_route=%2Fwp%2Fv2%2Ftags&post=689"}],"curies":[{"name":"wp","href":"https:\/\/api.w.org\/{rel}","templated":true}]}}