{"id":692,"date":"2024-01-17T11:07:23","date_gmt":"2024-01-17T14:07:23","guid":{"rendered":"https:\/\/noticiassaludables.com.ar\/?p=692"},"modified":"2024-01-17T11:07:23","modified_gmt":"2024-01-17T14:07:23","slug":"federacion-medica-rechazo-medidas-oficiales","status":"publish","type":"post","link":"https:\/\/noticiassaludables.com.ar\/?p=692","title":{"rendered":"Federaci\u00f3n m\u00e9dica rechaz\u00f3 medidas oficiales"},"content":{"rendered":"\n<p><strong><mark style=\"background-color:rgba(0, 0, 0, 0)\" class=\"has-inline-color has-vivid-red-color\">El titular de la Federaci\u00f3n Sindical de Profesionales de la Salud (Fesprosa), Jorge Yabkowski, afirm\u00f3 hoy que &#8220;no hay salud p\u00fablica sin Rep\u00fablica&#8221;, y consider\u00f3 que el DNU y la ley \u00f3mnibus del Gobierno &#8220;ser\u00e1n sumamente lesivas para la poblaci\u00f3n y el acceso de todos al derecho a la salud&#8221;.<\/mark><\/strong><\/p>\n\n\n\n<p>El sindicalista, quien expuso en la Comisi\u00f3n de Legislaci\u00f3n General que analiza ambas iniciativas, se pregunt\u00f3 &#8220;si ser\u00e1 necesario ponerle velas al dios mercado para que arregle este desastre&#8221;, y sostuvo que las propuestas oficialistas son &#8220;una reforma constitucional de hecho e instalar\u00edan en la Argentina una verdadera autocracia policial con el \u00fanico objeto de terminar la tarea de la dictadura genocida&#8221;.<\/p>\n\n\n\n<p>Yabkowski elogi\u00f3 &#8220;la tit\u00e1nica tarea&#8221; que realizan los trabajadores de la salud p\u00fablica, quienes solo en 2019 produjeron 150 millones de consultas y, durante la pandemia, cumplieron &#8220;un rol ejemplar y sufrieron la muerte de 600 colegas y 100 mil contagios&#8221;.<\/p>\n\n\n\n<p>El dirigente reclam\u00f3 &#8220;el rechazo pleno del DNU y la ley &#8216;Bases&#8217;, ya que el congelamiento del presupuesto condena al sistema p\u00fablico de salud al vaciamiento y a una eventual cat\u00e1strofe sanitaria&#8221;, y denunci\u00f3 a &#8220;las grandes empresas farmac\u00e9uticas y las obras sociales, principales beneficiarias de las desregulaciones de esas iniciativas&#8221;.<\/p>\n\n\n\n<p>Tambi\u00e9n enfatiz\u00f3 la necesidad de rechazarlas &#8220;lisa, llana e indivisiblemente&#8221;, y ratific\u00f3 la adhesi\u00f3n de la Fesprosa al paro y marcha del 24 de enero hacia el Congreso, indic\u00f3 en un comunicado.<\/p>\n\n\n\n<p>Adem\u00e1s, Yabkowski sostuvo que el aumento del valor de las cuotas de las prepagas provoc\u00f3 &#8220;un gran desbarajuste en el mercado por su impacto en los sectores medios&#8221;, aunque dijo que solo 5 de los 46 millones de argentinos &#8220;est\u00e1n cubiertos por ese sistema, ya que el 90 por ciento de la poblaci\u00f3n no tiene servicio de medicina prepaga&#8221;.<\/p>\n\n\n\n<p>&#8220;Veinte millones de argentinos tienen Cobertura P\u00fablica Exclusiva (CPE) y, de ellos, el 70 por ciento es pobre. Probablemente, con estas nuevas medidas econ\u00f3micas ese porcentaje haya aumentado. Esos compatriotas se atienden en 1.700 hospitales y 6.000 unidades sanitarias. Los proyectos del Gobierno nada dicen de c\u00f3mo reforzar la red p\u00fablica de contenci\u00f3n ante el aumento de la miseria, desocupaci\u00f3n y pobreza&#8221;, dijo.<\/p>\n\n\n\n<p>Explic\u00f3 que el 80% de la financiaci\u00f3n del sistema p\u00fablico de salud est\u00e1 a cargo de las provincias, el 65% de los Estados distritales y el 15% de los municipios; denunci\u00f3 &#8220;el congelamiento de los presupuestos&#8221; y expres\u00f3 que &#8220;el medio mill\u00f3n de trabajadores del sistema est\u00e1 mal pago y totalmente precarizado&#8221;.<\/p>\n\n\n\n<p>Fuente: T\u00e9lam<\/p>\n","protected":false},"excerpt":{"rendered":"<p>El titular de la Federaci\u00f3n Sindical de Profesionales de la Salud (Fesprosa), Jorge Yabkowski, afirm\u00f3 hoy que &#8220;no hay salud p\u00fablica sin Rep\u00fablica&#8221;, y consider\u00f3 que el DNU y la ley \u00f3mnibus del Gobierno &#8220;ser\u00e1n sumamente lesivas para la poblaci\u00f3n y el acceso de todos al derecho a la salud&#8221;. El sindicalista, quien expuso en [&hellip;]<\/p>\n","protected":false},"author":3,"featured_media":693,"comment_status":"open","ping_status":"open","sticky":false,"template":"","format":"standard","meta":{"footnotes":""},"categories":[11,13,12],"tags":[375,376],"class_list":["post-692","post","type-post","status-publish","format-standard","has-post-thumbnail","hentry","category-agenda","category-politica","category-sociedad","tag-federacion-sindical-de-profesionales-de-la-salud","tag-jorge-yabkowski"],"_links":{"self":[{"href":"https:\/\/noticiassaludables.com.ar\/index.php?rest_route=\/wp\/v2\/posts\/692","targetHints":{"allow":["GET"]}}],"collection":[{"href":"https:\/\/noticiassaludables.com.ar\/index.php?rest_route=\/wp\/v2\/posts"}],"about":[{"href":"https:\/\/noticiassaludables.com.ar\/index.php?rest_route=\/wp\/v2\/types\/post"}],"author":[{"embeddable":true,"href":"https:\/\/noticiassaludables.com.ar\/index.php?rest_route=\/wp\/v2\/users\/3"}],"replies":[{"embeddable":true,"href":"https:\/\/noticiassaludables.com.ar\/index.php?rest_route=%2Fwp%2Fv2%2Fcomments&post=692"}],"version-history":[{"count":1,"href":"https:\/\/noticiassaludables.com.ar\/index.php?rest_route=\/wp\/v2\/posts\/692\/revisions"}],"predecessor-version":[{"id":694,"href":"https:\/\/noticiassaludables.com.ar\/index.php?rest_route=\/wp\/v2\/posts\/692\/revisions\/694"}],"wp:featuredmedia":[{"embeddable":true,"href":"https:\/\/noticiassaludables.com.ar\/index.php?rest_route=\/wp\/v2\/media\/693"}],"wp:attachment":[{"href":"https:\/\/noticiassaludables.com.ar\/index.php?rest_route=%2Fwp%2Fv2%2Fmedia&parent=692"}],"wp:term":[{"taxonomy":"category","embeddable":true,"href":"https:\/\/noticiassaludables.com.ar\/index.php?rest_route=%2Fwp%2Fv2%2Fcategories&post=692"},{"taxonomy":"post_tag","embeddable":true,"href":"https:\/\/noticiassaludables.com.ar\/index.php?rest_route=%2Fwp%2Fv2%2Ftags&post=692"}],"curies":[{"name":"wp","href":"https:\/\/api.w.org\/{rel}","templated":true}]}}