{"id":701,"date":"2024-01-18T10:40:47","date_gmt":"2024-01-18T13:40:47","guid":{"rendered":"https:\/\/noticiassaludables.com.ar\/?p=701"},"modified":"2024-01-18T11:17:08","modified_gmt":"2024-01-18T14:17:08","slug":"vivir-cerca-de-espacios-verdes-y-azules-mejora-la-salud-mental-y-fisica","status":"publish","type":"post","link":"https:\/\/noticiassaludables.com.ar\/?p=701","title":{"rendered":"Vivir cerca de espacios verdes y azules mejora la salud mental y f\u00edsica"},"content":{"rendered":"\n<p>\u00bfC\u00f3mo afecta vivir cerca de la naturaleza a&nbsp;la salud mental y f\u00edsica de las personas?&nbsp;<a href=\"https:\/\/www.65ymas.com\/sociedad\/naturaleza-beneficia-fisica-emocional-psicologicamente-mayores_48282_102.html\">Diferentes estudios han tratado de dar respuesta<\/a>&nbsp;a esta cuesti\u00f3n a lo largo de los a\u00f1os, centr\u00e1ndose en los beneficios que hay detr\u00e1s. Ahora, un nuevo estudio de la&nbsp;Universidad Estatal de Washington y publicado en la&nbsp;revista&nbsp;<em><a href=\"https:\/\/www.sciencedirect.com\/science\/article\/pii\/S1353829223001855\" rel=\"noreferrer noopener\" target=\"_blank\">Health &amp; Place<\/a><\/em>, destaca que &#8220;incluso peque\u00f1as diferencias en la disponibilidad de espacios verdes y azules urbanos pueden estar asociadas con&nbsp;<strong>una mejor salud f\u00edsica y mental en los adultos mayores<\/strong>&#8220;.<\/p>\n\n\n\n<p>En concreto, los investigadores de este estudio, que ha contado con datos de encuestas de salud de m\u00e1s de 42.000 personas mayores de 65 a\u00f1os que vivieron en \u00e1reas urbanas del estado de Washington entre los a\u00f1os 2011 y 2019, observaron que &#8220;<strong>tener solo un 10% m\u00e1s de espacio forestal<\/strong>&nbsp;en el c\u00f3digo postal residencial de una persona se asociaba con&nbsp;<strong>una reducci\u00f3n de la angustia psicol\u00f3gica grave<\/strong>, que abarca problemas de salud mental que requieren tratamiento e interfieren con la vida social o&nbsp;el trabajo&nbsp;de las personas&#8221;, seg\u00fan recoge la Universidad en un comunicado.&nbsp;<\/p>\n\n\n\n<figure class=\"wp-block-image\"><img decoding=\"async\" src=\"https:\/\/www.65ymas.com\/uploads\/s1\/76\/16\/9\/el-deficit-de-naturaleza-puede-volvernos-menos-sociables-y-mas-estresados_1_621x621.jpeg\" alt=\"El d\u00e9ficit de naturaleza puede volvernos menos sociables y m\u00e1s estresados (Bigstock)\" title=\"El d\u00e9ficit de naturaleza puede volvernos menos sociables y m\u00e1s estresados (Bigstock)\"\/><\/figure>\n\n\n\n<p>En este sentido,&nbsp;Adithya Vegaraju,&nbsp;primera autora del estudio y&nbsp;estudiante de medicina en WSU Elson S. (Colegio de Medicina Floyd), explica que estos hallazgos &#8220;sugieren que la p\u00e9rdida de nuestros espacios urbanos verdes y azules debido a la r\u00e1pida urbanizaci\u00f3n puede no solo tener un<strong>&nbsp;impacto ambiental&nbsp;<\/strong>sino tambi\u00e9n un&nbsp;<strong>impacto en la salud p\u00fablica<\/strong>&#8220;.<\/p>\n\n\n\n<p>&#8220;Se sabe que los adultos&nbsp;<a href=\"https:\/\/www.65ymas.com\/salud\/cuidadores-personas-con-alzheimer-tienen-mas-probabilidades-sufrir-depresion_56731_102.html\">mayores con depresi\u00f3n<\/a>, ansiedad o problemas de salud mental son&nbsp;<strong>m\u00e1s resistentes a las intervenciones m\u00e9dicas o a la psicoterapia<\/strong>, que son los tratamientos de referencia&#8221; para afecciones como el deterioro cognitivo o la demencia, cuyo riesgo aumenta ante problemas de salud mental como la depresi\u00f3n, apuntan.&nbsp;<\/p>\n\n\n\n<p>Por tanto, Vegaraju considera que &#8220;si la exposici\u00f3n a espacios verdes o azules podr\u00eda ayudar a prevenir, retrasar o incluso tratar la mala salud mental en los adultos mayores, debemos analizarlo m\u00e1s de cerca como&nbsp;<strong>una forma de mejorar los resultados de salud mental en esta poblaci\u00f3n<\/strong>&#8220;.&nbsp;<\/p>\n\n\n\n<p>Una posible soluci\u00f3n, se\u00f1alan, ser\u00eda de la de&nbsp;<strong>prescribir pasar m\u00e1s tiempo al aire libre<\/strong>, aunque&nbsp;Solmaz Amiri, autor principal del estudio, afirma que&nbsp;<strong>son necesarias m\u00e1s investigaciones<\/strong>&nbsp;sobre el tema.&nbsp;<\/p>\n\n\n\n<p>&#8220;Se cree que la exposici\u00f3n a espacios verdes y azules podr\u00eda ayudar a&nbsp;<strong>frenar el deterioro cognitivo<\/strong>&#8220;, explica, que ser\u00eda uno de sus posibles objetos de estudio. &#8220;Lo que nos gustar\u00eda saber es si la exposici\u00f3n a espacios verdes y azules puede<strong>&nbsp;influir directamente en la demencia<\/strong>&nbsp;o si puede hacerlo<strong>&nbsp;reduciendo los problemas de salud mental&nbsp;<\/strong>que pueden conducir al deterioro cognitivo&#8221;.<\/p>\n\n\n\n<p>En cualquier caso, esperan que estos resultados, adem\u00e1s de demostrar que la exposici\u00f3n a espacios verdes y azules en personas mayores son beneficiosos para la salud, ayuden a &#8220;<strong>reducir las inequidades en salud<\/strong>&#8220;.<\/p>\n\n\n\n<p>Fuente: https:\/\/www.65ymas.com\/salud\/vivir-cerca-espacios-verdes-azules-mejorar-salud-mental-fisica-mayores_56865_102.html<\/p>\n","protected":false},"excerpt":{"rendered":"<p>\u00bfC\u00f3mo afecta vivir cerca de la naturaleza a&nbsp;la salud mental y f\u00edsica de las personas?&nbsp;Diferentes estudios han tratado de dar respuesta&nbsp;a esta cuesti\u00f3n a lo largo de los a\u00f1os, centr\u00e1ndose en los beneficios que hay detr\u00e1s. Ahora, un nuevo estudio de la&nbsp;Universidad Estatal de Washington y publicado en la&nbsp;revista&nbsp;Health &amp; Place, destaca que &#8220;incluso peque\u00f1as [&hellip;]<\/p>\n","protected":false},"author":3,"featured_media":707,"comment_status":"open","ping_status":"open","sticky":false,"template":"","format":"standard","meta":{"footnotes":""},"categories":[11,4,8,5],"tags":[382,383],"class_list":["post-701","post","type-post","status-publish","format-standard","has-post-thumbnail","hentry","category-agenda","category-bienestar","category-medio-ambiente","category-salud","tag-espacios-verdes-y-azules","tag-salud-mental-y-fisica"],"_links":{"self":[{"href":"https:\/\/noticiassaludables.com.ar\/index.php?rest_route=\/wp\/v2\/posts\/701","targetHints":{"allow":["GET"]}}],"collection":[{"href":"https:\/\/noticiassaludables.com.ar\/index.php?rest_route=\/wp\/v2\/posts"}],"about":[{"href":"https:\/\/noticiassaludables.com.ar\/index.php?rest_route=\/wp\/v2\/types\/post"}],"author":[{"embeddable":true,"href":"https:\/\/noticiassaludables.com.ar\/index.php?rest_route=\/wp\/v2\/users\/3"}],"replies":[{"embeddable":true,"href":"https:\/\/noticiassaludables.com.ar\/index.php?rest_route=%2Fwp%2Fv2%2Fcomments&post=701"}],"version-history":[{"count":1,"href":"https:\/\/noticiassaludables.com.ar\/index.php?rest_route=\/wp\/v2\/posts\/701\/revisions"}],"predecessor-version":[{"id":702,"href":"https:\/\/noticiassaludables.com.ar\/index.php?rest_route=\/wp\/v2\/posts\/701\/revisions\/702"}],"wp:featuredmedia":[{"embeddable":true,"href":"https:\/\/noticiassaludables.com.ar\/index.php?rest_route=\/wp\/v2\/media\/707"}],"wp:attachment":[{"href":"https:\/\/noticiassaludables.com.ar\/index.php?rest_route=%2Fwp%2Fv2%2Fmedia&parent=701"}],"wp:term":[{"taxonomy":"category","embeddable":true,"href":"https:\/\/noticiassaludables.com.ar\/index.php?rest_route=%2Fwp%2Fv2%2Fcategories&post=701"},{"taxonomy":"post_tag","embeddable":true,"href":"https:\/\/noticiassaludables.com.ar\/index.php?rest_route=%2Fwp%2Fv2%2Ftags&post=701"}],"curies":[{"name":"wp","href":"https:\/\/api.w.org\/{rel}","templated":true}]}}