{"id":703,"date":"2024-01-18T11:16:34","date_gmt":"2024-01-18T14:16:34","guid":{"rendered":"https:\/\/noticiassaludables.com.ar\/?p=703"},"modified":"2024-02-01T12:21:54","modified_gmt":"2024-02-01T15:21:54","slug":"medife-lanza-una-nueva-opcion-de-cobertura-medica","status":"publish","type":"post","link":"https:\/\/noticiassaludables.com.ar\/?p=703","title":{"rendered":"MEDIF\u00c9 LANZA UNA NUEVA OPCI\u00d3N DE COBERTURA M\u00c9DICA"},"content":{"rendered":"\n<p><em>El plan&nbsp;<strong>Medif\u00e9+<\/strong>&nbsp;se adapta a las necesidades de los usuarios con una completa atenci\u00f3n de la salud y la utilizaci\u00f3n m\u00e1s eficiente del presupuesto del asociado.<\/em><em><\/em><\/p>\n\n\n\n<p><em>Combina un importante centro de salud en cada zona del pa\u00eds para atenci\u00f3n presencial, de urgencias e internaci\u00f3n, el Sanatorio Finochietto en Buenos Aires, la mejor telemedicina del pa\u00eds con Cam Doctor y una amplia red de farmacias.<\/em><\/p>\n\n\n\n<p><em>Buenos Aires,\u00a018\u00a0de enero de 2024.<\/em>&#8211;\u00a0<strong>Medif\u00e9<\/strong>, la empresa nacional de medicina privada que cuida la salud de forma integral, anunci\u00f3 la disponibilidad de su nuevo plan\u00a0<strong>Medif\u00e9+<\/strong>, una alternativa de cobertura m\u00e9dica que posibilita un completo cuidado personal con la conveniencia de optimizar al m\u00e1ximo el presupuesto del asociado. De esta manera y en el actual contexto del sistema de salud, la compa\u00f1\u00eda busca ampliar sus opciones de servicios para dar respuesta a las necesidades de atenci\u00f3n de la salud manteniendo una cobertura de calidad y m\u00e1s conveniente.<\/p>\n\n\n\n<figure class=\"wp-block-image size-large\"><img loading=\"lazy\" decoding=\"async\" width=\"684\" height=\"1024\" src=\"https:\/\/noticiassaludables.com.ar\/wp-content\/uploads\/2024\/01\/DSC_9353-684x1024.jpg\" alt=\"\" class=\"wp-image-705\" srcset=\"https:\/\/noticiassaludables.com.ar\/wp-content\/uploads\/2024\/01\/DSC_9353-684x1024.jpg 684w, https:\/\/noticiassaludables.com.ar\/wp-content\/uploads\/2024\/01\/DSC_9353-200x300.jpg 200w, https:\/\/noticiassaludables.com.ar\/wp-content\/uploads\/2024\/01\/DSC_9353-768x1151.jpg 768w, https:\/\/noticiassaludables.com.ar\/wp-content\/uploads\/2024\/01\/DSC_9353-1025x1536.jpg 1025w, https:\/\/noticiassaludables.com.ar\/wp-content\/uploads\/2024\/01\/DSC_9353-1367x2048.jpg 1367w, https:\/\/noticiassaludables.com.ar\/wp-content\/uploads\/2024\/01\/DSC_9353-scaled.jpg 1709w\" sizes=\"auto, (max-width: 684px) 100vw, 684px\" \/><\/figure>\n\n\n\n<p>El plan&nbsp;<strong>Medif\u00e9+<\/strong>&nbsp;incluye el cuidado de&nbsp;<strong>Sanatorio Finochietto como centro de atenci\u00f3n en la Ciudad de Buenos Aires y receptor de alta complejidad<\/strong>&nbsp;por derivaciones provenientes de otras localidades del pa\u00eds; la&nbsp;<strong>atenci\u00f3n presencial, de urgencias e internaci\u00f3n en un sanatorio principal de referencia<\/strong>&nbsp;en la zona de residencia del asociado;&nbsp;<strong>servicio de odontolog\u00eda general<\/strong>; una&nbsp;<strong>amplia red de farmacias<\/strong>&nbsp;con el 40% de descuento en los medicamentos ambulatorios y la&nbsp;<strong>atenci\u00f3n virtual&nbsp;<\/strong>a trav\u00e9s del servicio de telemedicina&nbsp;<strong>Cam Doctor<\/strong>.<\/p>\n\n\n\n<p>As\u00ed y en l\u00ednea con las tendencias actuales de un uso cada vez mayor de la telemedicina,&nbsp;<strong>Medif\u00e9+<\/strong>&nbsp;ofrece la cobertura de salud mediante la&nbsp;<strong>combinaci\u00f3n de atenci\u00f3n virtual personalizada<\/strong>&nbsp;con&nbsp;<strong>Cam Doctor<\/strong>&nbsp;\u2014el servicio de telemedicina de Medif\u00e9 organizado para resolver el 80% de los problemas de salud m\u00e1s usuales\u2014, y el&nbsp;<strong>acceso a especialistas de forma presencial en centros de referencia<\/strong>, de modo de garantizar una atenci\u00f3n integral.<\/p>\n\n\n\n<p>Cam Doctor cuenta con el respaldo de Google Cloud y un plantel de m\u00e1s de 200 profesionales, atenci\u00f3n las 24 horas los 7 d\u00edas de las semana, y m\u00e1s de 10 especialidades m\u00e9dicas para atender la demanda espont\u00e1nea y consultorios programados, con la practicidad de las recetas virtuales y sin demoras en los turnos. Cabe mencionar que esta plataforma se ha posicionado&nbsp;como un diferencial de Medif\u00e9 y aproximadamente un tercio de los asociados ya la ven\u00eda utilizando, lo que sugiere el gran potencial de expansi\u00f3n del servicio.<\/p>\n\n\n\n<p><strong>Medif\u00e9+<\/strong>&nbsp;cuenta con alcance nacional y ha sido pensando para ofrecer una cobertura de salud de calidad teniendo en cuenta las necesidades de los usuarios y la coyuntura actual del sistema de salud, con costos m\u00e1s accesibles y una atenci\u00f3n integral.<\/p>\n\n\n\n<p><strong>Acerca de Medif\u00e9<\/strong><\/p>\n\n\n\n<p>Medif\u00e9 es una empresa nacional l\u00edder y de extensa trayectoria de medicina privada en Argentina, con un fuerte compromiso hacia toda la comunidad y en prestar los mejores servicios de salud. A trav\u00e9s de distintos planes de salud se adapta a las necesidades individuales, familiares y empresariales. Cuenta con profesionales de excelencia para alcanzar la mejor atenci\u00f3n, m\u00e1s de 50 sucursales en todo el pa\u00eds y hoy atiende a m\u00e1s de 320.000 asociados.<\/p>\n","protected":false},"excerpt":{"rendered":"<p>El plan&nbsp;Medif\u00e9+&nbsp;se adapta a las necesidades de los usuarios con una completa atenci\u00f3n de la salud y la utilizaci\u00f3n m\u00e1s eficiente del presupuesto del asociado. Combina un importante centro de salud en cada zona del pa\u00eds para atenci\u00f3n presencial, de urgencias e internaci\u00f3n, el Sanatorio Finochietto en Buenos Aires, la mejor telemedicina del pa\u00eds con [&hellip;]<\/p>\n","protected":false},"author":3,"featured_media":775,"comment_status":"open","ping_status":"open","sticky":false,"template":"","format":"standard","meta":{"footnotes":""},"categories":[11,3,12],"tags":[384],"class_list":["post-703","post","type-post","status-publish","format-standard","has-post-thumbnail","hentry","category-agenda","category-principal","category-sociedad","tag-medife-lanza-una-nueva-opcion-de-cobertura-medica"],"_links":{"self":[{"href":"https:\/\/noticiassaludables.com.ar\/index.php?rest_route=\/wp\/v2\/posts\/703","targetHints":{"allow":["GET"]}}],"collection":[{"href":"https:\/\/noticiassaludables.com.ar\/index.php?rest_route=\/wp\/v2\/posts"}],"about":[{"href":"https:\/\/noticiassaludables.com.ar\/index.php?rest_route=\/wp\/v2\/types\/post"}],"author":[{"embeddable":true,"href":"https:\/\/noticiassaludables.com.ar\/index.php?rest_route=\/wp\/v2\/users\/3"}],"replies":[{"embeddable":true,"href":"https:\/\/noticiassaludables.com.ar\/index.php?rest_route=%2Fwp%2Fv2%2Fcomments&post=703"}],"version-history":[{"count":2,"href":"https:\/\/noticiassaludables.com.ar\/index.php?rest_route=\/wp\/v2\/posts\/703\/revisions"}],"predecessor-version":[{"id":708,"href":"https:\/\/noticiassaludables.com.ar\/index.php?rest_route=\/wp\/v2\/posts\/703\/revisions\/708"}],"wp:featuredmedia":[{"embeddable":true,"href":"https:\/\/noticiassaludables.com.ar\/index.php?rest_route=\/wp\/v2\/media\/775"}],"wp:attachment":[{"href":"https:\/\/noticiassaludables.com.ar\/index.php?rest_route=%2Fwp%2Fv2%2Fmedia&parent=703"}],"wp:term":[{"taxonomy":"category","embeddable":true,"href":"https:\/\/noticiassaludables.com.ar\/index.php?rest_route=%2Fwp%2Fv2%2Fcategories&post=703"},{"taxonomy":"post_tag","embeddable":true,"href":"https:\/\/noticiassaludables.com.ar\/index.php?rest_route=%2Fwp%2Fv2%2Ftags&post=703"}],"curies":[{"name":"wp","href":"https:\/\/api.w.org\/{rel}","templated":true}]}}