{"id":716,"date":"2024-01-19T10:54:29","date_gmt":"2024-01-19T13:54:29","guid":{"rendered":"https:\/\/noticiassaludables.com.ar\/?p=716"},"modified":"2024-01-19T10:54:30","modified_gmt":"2024-01-19T13:54:30","slug":"transformo-una-estacion-de-servicio-en-ruinas-en-un-imponente-bar","status":"publish","type":"post","link":"https:\/\/noticiassaludables.com.ar\/?p=716","title":{"rendered":"Transform\u00f3 una estaci\u00f3n de servicio en ruinas en un imponente bar"},"content":{"rendered":"\n<p>Estaci\u00f3n Bar 38 est\u00e1 ubicado en Alicia, provincia de C\u00f3rdoba. Cuando Federico Mallia se enter\u00f3 de que los vecinos ped\u00edan su demolici\u00f3n, porque daba mal aspecto a la poblaci\u00f3n, decidi\u00f3 convertirla en una especie de obra arte. A un a\u00f1o de su inauguraci\u00f3n, el proyecto recibi\u00f3 dos importantes premios de arquitectura<\/p>\n\n\n\n<p>Una vieja\u00a0<strong>estaci\u00f3n de servicio YPF,<\/strong>\u00a0fundada en 1938 y abandonada desde 2010, hab\u00eda generado controversia entre los vecinos de Alicia, una localidad cordobesa del departamento de San Justo, por su\u00a0<strong>fachada en ruinas y el mal aspecto que le daba al pueblo.<\/strong><\/p>\n\n\n\n<p>Cuando la mayor\u00eda exig\u00eda su demolici\u00f3n,&nbsp;<strong>Federico Mallia&nbsp;<\/strong>ten\u00eda otros planes: recuperar el edificio y refuncionalizar el espacio.<\/p>\n\n\n\n<p>El joven, de 34 a\u00f1os, es uno de los 4.500 habitantes que tiene el lugar -seg\u00fan el censo de 2022-, el cual est\u00e1 a unos&nbsp;<strong>187 kil\u00f3metros de C\u00f3rdoba Capital.<\/strong>&nbsp;Criado entre surtidores, Federico es hijo del due\u00f1o de otra dos estaciones de servicio que hay en el pueblo, una de las cuales est\u00e1 sobre la ruta y la otra se levanta sobre el Boulevard Buenos Aires, a pocas cuadras de all\u00ed.<\/p>\n\n\n\n<p><img loading=\"lazy\" decoding=\"async\" alt=\"La vieja estaci\u00f3n de servicios, del a\u00f1o 1938, est\u00e1 ubicada en Alicia; un pueblo de C\u00f3rdoba\" height=\"1080\" width=\"1920\" src=\"https:\/\/www.infobae.com\/new-resizer\/Jm_iJWFCeFWcYrN892QtC_RkY5E=\/420x236\/filters:format(webp):quality(85)\/cloudfront-us-east-1.images.arcpublishing.com\/infobae\/EN2XTAOF2ZADVLJSGRUBD7W6BE.jpg%20420w\" srcset=\"https:\/\/www.infobae.com\/new-resizer\/Jm_iJWFCeFWcYrN892QtC_RkY5E=\/420x236\/filters:format(webp):quality(85)\/cloudfront-us-east-1.images.arcpublishing.com\/infobae\/EN2XTAOF2ZADVLJSGRUBD7W6BE.jpg 420w,https:\/\/www.infobae.com\/new-resizer\/PuYvsHg1QFyLZXH3N6dZZVo9Cjw=\/768x432\/filters:format(webp):quality(85)\/cloudfront-us-east-1.images.arcpublishing.com\/infobae\/EN2XTAOF2ZADVLJSGRUBD7W6BE.jpg 768w,https:\/\/www.infobae.com\/new-resizer\/Dl9iYJ3-hSNbtv-_HfOA1LiUiVQ=\/992x558\/filters:format(webp):quality(85)\/cloudfront-us-east-1.images.arcpublishing.com\/infobae\/EN2XTAOF2ZADVLJSGRUBD7W6BE.jpg 992w,https:\/\/www.infobae.com\/new-resizer\/gdzLuY5HN9b5yAx8xCzvQtiXFl8=\/1200x675\/filters:format(webp):quality(85)\/cloudfront-us-east-1.images.arcpublishing.com\/infobae\/EN2XTAOF2ZADVLJSGRUBD7W6BE.jpg 1200w,https:\/\/www.infobae.com\/new-resizer\/ctgwXdqnYzNMpn2DmA_nfCsHCek=\/1440x810\/filters:format(webp):quality(85)\/cloudfront-us-east-1.images.arcpublishing.com\/infobae\/EN2XTAOF2ZADVLJSGRUBD7W6BE.jpg 1440w\">La vieja estaci\u00f3n de servicios, del a\u00f1o 1938, est\u00e1 ubicada en Alicia; un pueblo de C\u00f3rdoba<\/p>\n\n\n\n<p><strong>\u201cSiempre me llam\u00f3 la atenci\u00f3n su arquitectura de estilo art dec\u00f3. No sab\u00eda bien qu\u00e9 destino pod\u00eda darle, solo quer\u00eda restaurarla y darle vida nuevamente\u201d,<\/strong>\u00a0cont\u00f3 a\u00a0<strong>Infobae<\/strong>\u00a0Federico,quien luego de sortear varias dificultades para comprar el predio lo convirti\u00f3 en un imponente bar que atrae a gente no solo de otros pueblos sino de otras provincias.<\/p>\n\n\n\n<p>\u201c<strong>A un a\u00f1o de su inauguraci\u00f3n,&nbsp;<\/strong><em><strong>Estaci\u00f3n 38 Bar<\/strong><\/em><strong>&nbsp;ya se convirti\u00f3 en una atracci\u00f3n tur\u00edstica e hizo que Alicia empezara a hacerse conocido<\/strong>, cuando en realidad era un pueblo muy chiquito del interior de C\u00f3rdoba que pasaba pr\u00e1cticamente desapercibido\u201d, afirm\u00f3 orgulloso de la publicidad \u201cboca en boca\u201d que gener\u00f3 su iniciativa.<\/p>\n\n\n\n<p>Hoy, al bar lo visitan pobladores de las localidades vecinas de La Varillas, Pozo del Molle, Las Varas; pero tambi\u00e9n recibe a turistas de Buenos Aires que se acercan especialmente para contemplar su dise\u00f1o y el riguroso trabajo de remodelaci\u00f3n realizado.<\/p>\n\n\n\n<p><img loading=\"lazy\" decoding=\"async\" alt=\"La estaci\u00f3n estaba fuera de servicio desde 2010\" height=\"1080\" width=\"1920\" src=\"https:\/\/www.infobae.com\/new-resizer\/0S5FooysEpXZMsPwqUhr4dzY_1A=\/420x236\/filters:format(webp):quality(85)\/cloudfront-us-east-1.images.arcpublishing.com\/infobae\/XJHFHCWXX5ANRKQCKXMH24GZM4.jpg%20420w\" srcset=\"https:\/\/www.infobae.com\/new-resizer\/0S5FooysEpXZMsPwqUhr4dzY_1A=\/420x236\/filters:format(webp):quality(85)\/cloudfront-us-east-1.images.arcpublishing.com\/infobae\/XJHFHCWXX5ANRKQCKXMH24GZM4.jpg 420w,https:\/\/www.infobae.com\/new-resizer\/kx6JbANDDDKeMbwLe0JJZunIUJI=\/768x432\/filters:format(webp):quality(85)\/cloudfront-us-east-1.images.arcpublishing.com\/infobae\/XJHFHCWXX5ANRKQCKXMH24GZM4.jpg 768w,https:\/\/www.infobae.com\/new-resizer\/buZHmRSj70mxVTEu5BCHd8s3zK8=\/992x558\/filters:format(webp):quality(85)\/cloudfront-us-east-1.images.arcpublishing.com\/infobae\/XJHFHCWXX5ANRKQCKXMH24GZM4.jpg 992w,https:\/\/www.infobae.com\/new-resizer\/rbci_sPaBd-nbYqLsy80BkuhiDI=\/1200x675\/filters:format(webp):quality(85)\/cloudfront-us-east-1.images.arcpublishing.com\/infobae\/XJHFHCWXX5ANRKQCKXMH24GZM4.jpg 1200w,https:\/\/www.infobae.com\/new-resizer\/uIZ4pniE-THY0DTQMUZqUxO0Bhw=\/1440x810\/filters:format(webp):quality(85)\/cloudfront-us-east-1.images.arcpublishing.com\/infobae\/XJHFHCWXX5ANRKQCKXMH24GZM4.jpg 1440w\">La estaci\u00f3n estaba fuera de servicio desde 2010<\/p>\n\n\n\n<p><strong>\u201cInauguramos el 8 de diciembre de 2022 luego de dos a\u00f1os y medio de obra.<\/strong>&nbsp;Empez\u00f3 como un bar coctelero y despu\u00e9s el mismo p\u00fablico me fue convenciendo de convertirlo tambi\u00e9n en boliche\u201d, reconoci\u00f3 Federico. Tal es as\u00ed, que \u201clos viernes funciona como una disco y los s\u00e1bados como un club de tragos m\u00e1s bien familiar\u201d, agreg\u00f3<\/p>\n\n\n\n<p>Pero lo m\u00e1s sorprendente es que en menos de un a\u00f1o,\u00a0<strong>el bar result\u00f3 ganador de dos importantes premios de arquitectura:\u00a0<\/strong>uno a nivel provincial y otro a nivel nacional.<\/p>\n\n\n\n<p>\u201cGanamos la distinci\u00f3n al&nbsp;<strong>Comercio del A\u00f1o de C\u00f3rdoba<\/strong>&nbsp;por la reconversi\u00f3n estrat\u00e9gica empresarial que hicimos y sacamos el primer puesto en un concurso organizado por el Fondo Nacional de Artes, que premi\u00f3 la&nbsp;<strong>restauraci\u00f3n de un patrimonio hist\u00f3rico<\/strong>\u201d, detall\u00f3 Federico, quien destac\u00f3 que esa estaci\u00f3n de servicio era la \u00fanica edificaci\u00f3n con estilo art dec\u00f3 de la localidad. \u201cMucho no se sabe de su creador. Se dice que fue una obra del arquitecto e ingeniero \u00edtalo-argentino Francisco Salamone, quien tambi\u00e9n dise\u00f1\u00f3 la municipalidad de Las Varillas, a tan solo 25 kil\u00f3metros de Alicia\u201d, a\u00f1adi\u00f3.<\/p>\n\n\n\n<p><img loading=\"lazy\" decoding=\"async\" alt=\"As\u00ed qued\u00f3 la Estaci\u00f3n Bar 38 tras dos a\u00f1os y medio de trabajos de remodelaci\u00f3n\" height=\"960\" width=\"1440\" src=\"https:\/\/www.infobae.com\/new-resizer\/MNas45JMZF5N58oFMzb2djBrI3U=\/420x280\/filters:format(webp):quality(85)\/cloudfront-us-east-1.images.arcpublishing.com\/infobae\/THL3X4FYQBGF7DCRJOCXSXI2HM.jpg%20420w\" srcset=\"https:\/\/www.infobae.com\/new-resizer\/MNas45JMZF5N58oFMzb2djBrI3U=\/420x280\/filters:format(webp):quality(85)\/cloudfront-us-east-1.images.arcpublishing.com\/infobae\/THL3X4FYQBGF7DCRJOCXSXI2HM.jpg 420w,https:\/\/www.infobae.com\/new-resizer\/L8t9O5NeTX4CgJlA3GAv8FBETIE=\/768x512\/filters:format(webp):quality(85)\/cloudfront-us-east-1.images.arcpublishing.com\/infobae\/THL3X4FYQBGF7DCRJOCXSXI2HM.jpg 768w,https:\/\/www.infobae.com\/new-resizer\/PLFe-wQHS-AKYdMupzk6mvGwhBU=\/992x661\/filters:format(webp):quality(85)\/cloudfront-us-east-1.images.arcpublishing.com\/infobae\/THL3X4FYQBGF7DCRJOCXSXI2HM.jpg 992w,https:\/\/www.infobae.com\/new-resizer\/6j0UMVOoSMipem1LDApBBQbKsSI=\/1200x800\/filters:format(webp):quality(85)\/cloudfront-us-east-1.images.arcpublishing.com\/infobae\/THL3X4FYQBGF7DCRJOCXSXI2HM.jpg 1200w,https:\/\/www.infobae.com\/new-resizer\/9lSFe31PMJ83-qLwFPkzxrpVwkI=\/1440x960\/filters:format(webp):quality(85)\/cloudfront-us-east-1.images.arcpublishing.com\/infobae\/THL3X4FYQBGF7DCRJOCXSXI2HM.jpg 1440w\">As\u00ed qued\u00f3 la Estaci\u00f3n Bar 38 tras dos a\u00f1os y medio de trabajos de remodelaci\u00f3n<\/p>\n\n\n\n<p>Actualmente, Salomone es recordado por el legado arquitect\u00f3nico que dej\u00f3 en m\u00e1s de 60 pueblos argentinos, principalmente de la provincia de Buenos Aires, entre 1936 y 1940. En aquellos a\u00f1os, el fomento del desarrollo en los municipios bonaerenses del interior le dio carta libre para dise\u00f1ar mobiliario urbano, plazas y edificios p\u00fablicos de estilo art dec\u00f3.<\/p>\n\n\n\n<p>Este movimiento art\u00edstico, inspirado en las Primeras Vanguardias, tiene influencias del constructivismo, cubismo, futurismo, art nouveau y el racionalismo de la escuela Bauhaus. Sus formas geom\u00e9tricas, l\u00edneas limpias y decorados lujosos dan una sensaci\u00f3n de movimiento estilizado, reflejando la creciente influencia del progreso industrial y tecnol\u00f3gico. Y esa era la apariencia que ten\u00eda la estaci\u00f3n de servicio en su \u00e9poca de esplendor, que tanto le llamaba la atenci\u00f3n a Federico cuando era chico.<\/p>\n\n\n\n<p>Lo m\u00e1s incre\u00edble es que cuando Federico empez\u00f3 a mirar con otros ojos a la vieja YPF a\u00fan no sab\u00eda cu\u00e1l iba a ser su utilidad.&nbsp;<strong>\u201cLo \u00fanico que ten\u00eda en claro era que quer\u00eda darle un giro comercial, sin tener muy en claro el rubro\u201d,&nbsp;<\/strong>record\u00f3 el joven emprendedor.<\/p>\n\n\n\n<p><img loading=\"lazy\" decoding=\"async\" alt=\"El due\u00f1o del bar es el empresario gastron\u00f3mico cordob\u00e9s Federico Mallia\" height=\"960\" width=\"1440\" src=\"https:\/\/www.infobae.com\/new-resizer\/V8tgh_tD80qvmlCtjRMHWDyXnDs=\/420x280\/filters:format(webp):quality(85)\/cloudfront-us-east-1.images.arcpublishing.com\/infobae\/ZKND6W5JOFHDZNNZLTH2D6LLIU.jpg%20420w\" srcset=\"https:\/\/www.infobae.com\/new-resizer\/V8tgh_tD80qvmlCtjRMHWDyXnDs=\/420x280\/filters:format(webp):quality(85)\/cloudfront-us-east-1.images.arcpublishing.com\/infobae\/ZKND6W5JOFHDZNNZLTH2D6LLIU.jpg 420w,https:\/\/www.infobae.com\/new-resizer\/7EHO4JezY87zOdS1A-y54kCyMMA=\/768x512\/filters:format(webp):quality(85)\/cloudfront-us-east-1.images.arcpublishing.com\/infobae\/ZKND6W5JOFHDZNNZLTH2D6LLIU.jpg 768w,https:\/\/www.infobae.com\/new-resizer\/EDOiHTuj14Aht86MogC34fGcF8c=\/992x661\/filters:format(webp):quality(85)\/cloudfront-us-east-1.images.arcpublishing.com\/infobae\/ZKND6W5JOFHDZNNZLTH2D6LLIU.jpg 992w,https:\/\/www.infobae.com\/new-resizer\/LjWiQYxlnBEbo3sznut8HVEIBhY=\/1200x800\/filters:format(webp):quality(85)\/cloudfront-us-east-1.images.arcpublishing.com\/infobae\/ZKND6W5JOFHDZNNZLTH2D6LLIU.jpg 1200w,https:\/\/www.infobae.com\/new-resizer\/pumqKDjkGsU2Hlm8TPA1F_juSFk=\/1440x960\/filters:format(webp):quality(85)\/cloudfront-us-east-1.images.arcpublishing.com\/infobae\/ZKND6W5JOFHDZNNZLTH2D6LLIU.jpg 1440w\">El due\u00f1o del bar es el empresario gastron\u00f3mico cordob\u00e9s Federico Mallia<\/p>\n\n\n\n<h2 class=\"wp-block-heading\">Una compra que tuvo que superar muchos obst\u00e1culos<\/h2>\n\n\n\n<p>\u201cCuando la YPF cerr\u00f3 y qued\u00f3 abandonada por much\u00edsimos a\u00f1os me llamaba poderosamente la atenci\u00f3n que una estaci\u00f3n de servicio con tanta historia haya quedado en ruinas. Imag\u00ednate que est\u00e1 a media cuadra del Polideportivo, donde se hacen exposiciones y eventos, y recibe mucha gente de afuera. No quedaba muy lindo verla tan deteriorada con lo que signific\u00f3 para el pueblo\u201d.<\/p>\n\n\n\n<p>Corr\u00eda el a\u00f1o 2018 y&nbsp;<strong>Federico se ganaba la vida como peluquero en su propio sal\u00f3n,<\/strong>&nbsp;que ya ten\u00eda m\u00e1s de 10 a\u00f1os de antig\u00fcedad. Disconforme con su profesi\u00f3n y en busca de nuevas oportunidades, se propuso contactar al due\u00f1o de la YPF para hacerle una oferta. Pero se encontr\u00f3 con que la titularidad del edificio estaba en manos de una entidad financiera local, que pensaba rematarlo.<\/p>\n\n\n\n<p>El primer obst\u00e1culo que tuvo que sortear Federico fue&nbsp;<strong>haberse presentado un d\u00eda despu\u00e9s al remate<\/strong>&nbsp;porque le hab\u00edan dado mal la fecha. Sin embargo, d\u00edas despu\u00e9s se enter\u00f3 que no se hab\u00eda presentado ning\u00fan oferente.<\/p>\n\n\n\n<p><img loading=\"lazy\" decoding=\"async\" alt=\"La Estaci\u00f3n Bar 38 abre los viernes y s\u00e1bados a partir de la medianoche\n\" height=\"960\" width=\"1440\" src=\"https:\/\/www.infobae.com\/new-resizer\/tMlE0WXAiAsjdjvT3JMVkj_xV7U=\/420x280\/filters:format(webp):quality(85)\/cloudfront-us-east-1.images.arcpublishing.com\/infobae\/LOAGH6PYLJCFPC2SOXGZN7EOQM.jpg%20420w\" srcset=\"https:\/\/www.infobae.com\/new-resizer\/tMlE0WXAiAsjdjvT3JMVkj_xV7U=\/420x280\/filters:format(webp):quality(85)\/cloudfront-us-east-1.images.arcpublishing.com\/infobae\/LOAGH6PYLJCFPC2SOXGZN7EOQM.jpg 420w,https:\/\/www.infobae.com\/new-resizer\/lYJPvyqCH3s3YjrG2HcVd8T5KhM=\/768x512\/filters:format(webp):quality(85)\/cloudfront-us-east-1.images.arcpublishing.com\/infobae\/LOAGH6PYLJCFPC2SOXGZN7EOQM.jpg 768w,https:\/\/www.infobae.com\/new-resizer\/cOZFE9fBSFE8AG4MBuDF6ahYaPI=\/992x661\/filters:format(webp):quality(85)\/cloudfront-us-east-1.images.arcpublishing.com\/infobae\/LOAGH6PYLJCFPC2SOXGZN7EOQM.jpg 992w,https:\/\/www.infobae.com\/new-resizer\/wOAgCBtH8LI5ndP7sG6aOxgpW8E=\/1200x800\/filters:format(webp):quality(85)\/cloudfront-us-east-1.images.arcpublishing.com\/infobae\/LOAGH6PYLJCFPC2SOXGZN7EOQM.jpg 1200w,https:\/\/www.infobae.com\/new-resizer\/rl7KQJtNM60fcE0jBllPo5Yo19g=\/1440x960\/filters:format(webp):quality(85)\/cloudfront-us-east-1.images.arcpublishing.com\/infobae\/LOAGH6PYLJCFPC2SOXGZN7EOQM.jpg 1440w\">La Estaci\u00f3n Bar 38 abre los viernes y s\u00e1bados a partir de la medianoche<\/p>\n\n\n\n<p>Cuando logr\u00f3 ubicar a los titulares de la entidad financiera y llegar a un \u201cacuerdo de palabra\u201d, tuvieron lugar las elecciones PASO -en agosto de 2019- donde result\u00f3 ganador Alberto Fern\u00e1ndez y se produjo una devaluaci\u00f3n. \u201cEl precio del d\u00f3lar subi\u00f3 un 30% y pas\u00f3 a cotizar de $46 a $58 y se dio marcha atr\u00e1s la operaci\u00f3n\u201d, cont\u00f3.<\/p>\n\n\n\n<p>Un a\u00f1o despu\u00e9s, el joven retom\u00f3 las negociaciones y estuvo varios meses para ponerse de acuerdo con los propietarios; hasta que pudo comprarla a fines de 2019.<\/p>\n\n\n\n<p>Lo que sigui\u00f3 fue una historia mundialmente conocida: irrumpi\u00f3 la pandemia de COVID-19 y hubo un cierre casi total de actividades as\u00ed que la remodelaci\u00f3n tuvo que posponerse.&nbsp;<strong>\u201cTodo se hizo muy dif\u00edcil pero yo contaba con toda la paciencia del mundo\u201d,&nbsp;<\/strong>remarc\u00f3 Federico, ide\u00f3logo de una verdadera obra de arte si uno mira el antes y el despu\u00e9s de las refacciones.<\/p>\n\n\n\n<p><img loading=\"lazy\" decoding=\"async\" alt=\"A un a\u00f1o de su inauguraci\u00f3n, el proyecto result\u00f3 premiado en el Concurso de Arquitectura y Patrimonio otorgado por el Fondo Nacional de las Artes\" height=\"960\" width=\"1440\" src=\"https:\/\/www.infobae.com\/new-resizer\/xL9wJQtny07gW5TZpjj1hOmOmcg=\/420x280\/filters:format(webp):quality(85)\/cloudfront-us-east-1.images.arcpublishing.com\/infobae\/ACRRTYUNOBCYLIS4QODE6FQQLM.jpg%20420w\" srcset=\"https:\/\/www.infobae.com\/new-resizer\/xL9wJQtny07gW5TZpjj1hOmOmcg=\/420x280\/filters:format(webp):quality(85)\/cloudfront-us-east-1.images.arcpublishing.com\/infobae\/ACRRTYUNOBCYLIS4QODE6FQQLM.jpg 420w,https:\/\/www.infobae.com\/new-resizer\/D6dlfQQTEIQgELN-TtPFX2Qm-6E=\/768x512\/filters:format(webp):quality(85)\/cloudfront-us-east-1.images.arcpublishing.com\/infobae\/ACRRTYUNOBCYLIS4QODE6FQQLM.jpg 768w,https:\/\/www.infobae.com\/new-resizer\/bvcWhKdCOvOyCgglsNcT10MLfQk=\/992x661\/filters:format(webp):quality(85)\/cloudfront-us-east-1.images.arcpublishing.com\/infobae\/ACRRTYUNOBCYLIS4QODE6FQQLM.jpg 992w,https:\/\/www.infobae.com\/new-resizer\/3uxL916XBQA2z7tU32zkWCkphgs=\/1200x800\/filters:format(webp):quality(85)\/cloudfront-us-east-1.images.arcpublishing.com\/infobae\/ACRRTYUNOBCYLIS4QODE6FQQLM.jpg 1200w,https:\/\/www.infobae.com\/new-resizer\/HtSyGmPpU6KQndPslqGKkHg7cxo=\/1440x960\/filters:format(webp):quality(85)\/cloudfront-us-east-1.images.arcpublishing.com\/infobae\/ACRRTYUNOBCYLIS4QODE6FQQLM.jpg 1440w\">A un a\u00f1o de su inauguraci\u00f3n, el proyecto result\u00f3 premiado en el Concurso de Arquitectura y Patrimonio otorgado por el Fondo Nacional de las Artes<\/p>\n\n\n\n<p><strong>\u201cLo que siempre tuve bien en claro es que jam\u00e1s tocar\u00eda la estructura ni la fachada\u201d<\/strong>, asegur\u00f3 Federico, quien se autodenomina \u201cun apasionado de la arquitectura\u201d y cont\u00f3 con la ayuda financiera de su amigo y socio Leandro Rosetto para comprar la propiedad.<\/p>\n\n\n\n<p>\u201cSi mir\u00e1s bien la imagen, la idea al momento de su construcci\u00f3n era que la estaci\u00f3n tuviera la fachada de un barco. Por eso, en la parte superior tiene forma de proa\u201d, describi\u00f3 Federico.<\/p>\n\n\n\n<p><img loading=\"lazy\" decoding=\"async\" alt=\"Imponente y esplendoroso, as\u00ed luce el bar ubicado el boulevard principal del pueblo de Alicia\" height=\"960\" width=\"1440\" src=\"https:\/\/www.infobae.com\/new-resizer\/NQsQL0FhbiNHILCGzhVEj7M8ex0=\/420x280\/filters:format(webp):quality(85)\/cloudfront-us-east-1.images.arcpublishing.com\/infobae\/AYVFNOXKBNHBTIYMTGGDNJHOIE.jpg%20420w\" srcset=\"https:\/\/www.infobae.com\/new-resizer\/NQsQL0FhbiNHILCGzhVEj7M8ex0=\/420x280\/filters:format(webp):quality(85)\/cloudfront-us-east-1.images.arcpublishing.com\/infobae\/AYVFNOXKBNHBTIYMTGGDNJHOIE.jpg 420w,https:\/\/www.infobae.com\/new-resizer\/0Cc6fRuRJzOGzp654WctTQvFedQ=\/768x512\/filters:format(webp):quality(85)\/cloudfront-us-east-1.images.arcpublishing.com\/infobae\/AYVFNOXKBNHBTIYMTGGDNJHOIE.jpg 768w,https:\/\/www.infobae.com\/new-resizer\/oH2yIkQObHw07UsbYCRr9R-IO0s=\/992x661\/filters:format(webp):quality(85)\/cloudfront-us-east-1.images.arcpublishing.com\/infobae\/AYVFNOXKBNHBTIYMTGGDNJHOIE.jpg 992w,https:\/\/www.infobae.com\/new-resizer\/TPfL807puOsqfp2adIYsbhVQeDc=\/1200x800\/filters:format(webp):quality(85)\/cloudfront-us-east-1.images.arcpublishing.com\/infobae\/AYVFNOXKBNHBTIYMTGGDNJHOIE.jpg 1200w,https:\/\/www.infobae.com\/new-resizer\/Ym7VEofvZ3v4Gmiz9AKVcG0Gt8Q=\/1440x960\/filters:format(webp):quality(85)\/cloudfront-us-east-1.images.arcpublishing.com\/infobae\/AYVFNOXKBNHBTIYMTGGDNJHOIE.jpg 1440w\">Imponente y esplendoroso, as\u00ed luce el bar ubicado el boulevard principal del pueblo de Alicia<\/p>\n\n\n\n<p>Hoy, su emprendimiento\u00a0<strong>es el \u00fanico bar de Alicia<\/strong>. Ofrece una amplia carta de tragos de autor, c\u00f3cteles y aperitivos, y tambi\u00e9n organiza eventos tem\u00e1ticos gastron\u00f3micos.\u00a0<strong>\u201cCumpl\u00ed mi sue\u00f1o y tambi\u00e9n el de muchas personas que quer\u00edan hacer de Alicia un destino tur\u00edstico<\/strong>\u201d, concluy\u00f3 Federico al destacar que fue fundamental la ayuda que recibi\u00f3 por parte de las autoridades municipales para concretar su proyecto.<\/p>\n\n\n\n<p>Fuente: https:\/\/www.infobae.com\/sociedad\/2024\/01\/19\/transformo-una-estacion-de-servicio-en-ruinas-en-un-imponente-bar-ahora-es-la-atraccion-turistica-del-pueblo\/<\/p>\n","protected":false},"excerpt":{"rendered":"<p>Estaci\u00f3n Bar 38 est\u00e1 ubicado en Alicia, provincia de C\u00f3rdoba. Cuando Federico Mallia se enter\u00f3 de que los vecinos ped\u00edan su demolici\u00f3n, porque daba mal aspecto a la poblaci\u00f3n, decidi\u00f3 convertirla en una especie de obra arte. A un a\u00f1o de su inauguraci\u00f3n, el proyecto recibi\u00f3 dos importantes premios de arquitectura Una vieja\u00a0estaci\u00f3n de servicio [&hellip;]<\/p>\n","protected":false},"author":3,"featured_media":717,"comment_status":"open","ping_status":"open","sticky":false,"template":"","format":"standard","meta":{"footnotes":""},"categories":[11,12],"tags":[391,390,392],"class_list":["post-716","post","type-post","status-publish","format-standard","has-post-thumbnail","hentry","category-agenda","category-sociedad","tag-cordoba","tag-federico-mallia","tag-ypf"],"_links":{"self":[{"href":"https:\/\/noticiassaludables.com.ar\/index.php?rest_route=\/wp\/v2\/posts\/716","targetHints":{"allow":["GET"]}}],"collection":[{"href":"https:\/\/noticiassaludables.com.ar\/index.php?rest_route=\/wp\/v2\/posts"}],"about":[{"href":"https:\/\/noticiassaludables.com.ar\/index.php?rest_route=\/wp\/v2\/types\/post"}],"author":[{"embeddable":true,"href":"https:\/\/noticiassaludables.com.ar\/index.php?rest_route=\/wp\/v2\/users\/3"}],"replies":[{"embeddable":true,"href":"https:\/\/noticiassaludables.com.ar\/index.php?rest_route=%2Fwp%2Fv2%2Fcomments&post=716"}],"version-history":[{"count":1,"href":"https:\/\/noticiassaludables.com.ar\/index.php?rest_route=\/wp\/v2\/posts\/716\/revisions"}],"predecessor-version":[{"id":718,"href":"https:\/\/noticiassaludables.com.ar\/index.php?rest_route=\/wp\/v2\/posts\/716\/revisions\/718"}],"wp:featuredmedia":[{"embeddable":true,"href":"https:\/\/noticiassaludables.com.ar\/index.php?rest_route=\/wp\/v2\/media\/717"}],"wp:attachment":[{"href":"https:\/\/noticiassaludables.com.ar\/index.php?rest_route=%2Fwp%2Fv2%2Fmedia&parent=716"}],"wp:term":[{"taxonomy":"category","embeddable":true,"href":"https:\/\/noticiassaludables.com.ar\/index.php?rest_route=%2Fwp%2Fv2%2Fcategories&post=716"},{"taxonomy":"post_tag","embeddable":true,"href":"https:\/\/noticiassaludables.com.ar\/index.php?rest_route=%2Fwp%2Fv2%2Ftags&post=716"}],"curies":[{"name":"wp","href":"https:\/\/api.w.org\/{rel}","templated":true}]}}