{"id":737,"date":"2024-01-29T10:49:43","date_gmt":"2024-01-29T13:49:43","guid":{"rendered":"https:\/\/noticiassaludables.com.ar\/?p=737"},"modified":"2024-01-29T10:49:43","modified_gmt":"2024-01-29T13:49:43","slug":"dormir-mal-altera-el-estado-de-animo","status":"publish","type":"post","link":"https:\/\/noticiassaludables.com.ar\/?p=737","title":{"rendered":"Dormir mal altera el estado de \u00e1nimo"},"content":{"rendered":"\n<p>El an\u00e1lisis que revis\u00f3 investigaciones de los \u00faltimos 50 a\u00f1os confirm\u00f3 que la falta de sue\u00f1o afecta las emociones cotidianas y aumenta la ansiedad. Consejos para alcanzar un descanso reparador.<\/p>\n\n\n\n<p>La&nbsp;<strong>falta de sue\u00f1o&nbsp;<\/strong>genera efectos en el cuerpo humano que van mucho m\u00e1s all\u00e1 del cansancio o la falta de concentraci\u00f3n. Como adelant\u00f3&nbsp;<a rel=\"noreferrer noopener\" href=\"https:\/\/www.infobae.com\/salud\/2023\/12\/22\/perder-horas-de-sueno-hace-que-los-dias-sean-infelices-y-ansiosos\/\" target=\"_blank\">Infobae<\/a>, el mal descanso nocturno debilita el&nbsp;<strong>funcionamiento emocional<\/strong>, nos pone m\u00e1s irritables y aumenta el riesgo de sufrir s\u00edntomas de&nbsp;<strong>ansiedad<\/strong>.<\/p>\n\n\n\n<p>Estas conclusiones surgen de un mega&nbsp;<a rel=\"noreferrer noopener\" href=\"https:\/\/www.apa.org\/news\/press\/releases\/2023\/12\/sleep-deprivation-anxious\" target=\"_blank\">estudio&nbsp;<\/a>publicado por la&nbsp;<strong>Asociaci\u00f3n Estadounidense de Psicolog\u00eda<\/strong>&nbsp;(APA, por sus siglas en ingl\u00e9s) que analiz\u00f3 m\u00e1s de&nbsp;<strong>50 a\u00f1os de investigaci\u00f3n&nbsp;<\/strong>sobre los efectos emocionales del&nbsp;<strong>d\u00e9ficit de sue\u00f1o<\/strong>.<\/p>\n\n\n\n<p>\u201cM\u00e1s del 30 % de los adultos y hasta el 90 % de los adolescentes no duermen lo suficiente\u201d, se\u00f1alaron los investigadores.<\/p>\n\n\n\n<p>\u201c<strong>Las emociones gobiernan pr\u00e1cticamente todos los aspectos de nuestra vida diaria<\/strong>. Nuestros hallazgos confirman que incluso cuando el sue\u00f1o es s\u00f3lo levemente deficiente, hay cambios negativos mensurables en la forma en que reaccionamos ante los eventos cotidianos\u201d, indic\u00f3<strong>\u00a0Candice Alfano<\/strong>, quien lider\u00f3 el estudio y dirige el\u00a0<strong>Centro de investigaciones del Sue\u00f1o y la Ansiedad<\/strong>\u00a0de la\u00a0<strong>Universidad de Houston<\/strong>,\u00a0<strong>EEUU<\/strong>.<\/p>\n\n\n\n<p>Algunas personas consideran que dormir es una p\u00e9rdida de tiempo y relativizan el rol clave del descanso para la salud f\u00edsica y mental. Sin embargo, desde el nacimiento hasta la adultez es primordial alcanzar un descanso reparador para el&nbsp;<strong>equilibrio&nbsp;<\/strong>de todos los sistemas del organismo.<\/p>\n\n\n\n<p>En ese sentido, el doctor&nbsp;<strong>Daniel P\u00e9rez Chada<\/strong>&nbsp;(MN 47.085), presidente de la&nbsp;<strong>Fundaci\u00f3n Argentina del Sue\u00f1o&nbsp;<\/strong>y director de la Cl\u00ednica del Sue\u00f1o del Hospital Universitario Austral, remarc\u00f3 en&nbsp;<a rel=\"noreferrer noopener\" href=\"https:\/\/www.infobae.com\/salud\/2023\/05\/08\/por-que-el-descanso-reparador-es-esencial-para-la-buena-salud-participe-de-la-primera-encuesta-sobre-calidad-del-sueno-en-america-latina\/\" target=\"_blank\">Infobae&nbsp;<\/a>que \u201caunque algunos a\u00fan descrean su importancia,&nbsp;<strong>dormir es una funci\u00f3n vital<\/strong>, no solamente para nuestro<strong>&nbsp;organismo<\/strong>, sino tambi\u00e9n para que podamos enfrentar tanto nuestrasobligaciones profesionales, laborales, como estudiantes, sino tambi\u00e9n nuestros&nbsp;<strong>espacios de placer\u201d<\/strong>.<\/p>\n\n\n\n<h2 class=\"wp-block-heading\">Un mega estudio que analiz\u00f3 cinco d\u00e9cadas de sue\u00f1o<\/h2>\n\n\n\n<p><img loading=\"lazy\" decoding=\"async\" alt=\"El sue\u00f1o inadecuado reduce el estado de \u00e1nimo positivo y aumenta la sensaci\u00f3n de ansiedad (Imagen Ilustrativa Infobae)\" height=\"1080\" width=\"1920\" src=\"https:\/\/www.infobae.com\/new-resizer\/43R6PKg23fxImgWWIzKr59XlHv4=\/420x236\/filters:format(webp):quality(85)\/cloudfront-us-east-1.images.arcpublishing.com\/infobae\/5AMNJ7UOVBDJFMTHJAHIJ3SJLA.jpg%20420w\" srcset=\"https:\/\/www.infobae.com\/new-resizer\/43R6PKg23fxImgWWIzKr59XlHv4=\/420x236\/filters:format(webp):quality(85)\/cloudfront-us-east-1.images.arcpublishing.com\/infobae\/5AMNJ7UOVBDJFMTHJAHIJ3SJLA.jpg 420w,https:\/\/www.infobae.com\/new-resizer\/_MOIWSZHQQf5ZWaGBM1RA4AbcYI=\/768x432\/filters:format(webp):quality(85)\/cloudfront-us-east-1.images.arcpublishing.com\/infobae\/5AMNJ7UOVBDJFMTHJAHIJ3SJLA.jpg 768w,https:\/\/www.infobae.com\/new-resizer\/6eMrMIKyqRaBrprbrHW-K1GtTrc=\/992x558\/filters:format(webp):quality(85)\/cloudfront-us-east-1.images.arcpublishing.com\/infobae\/5AMNJ7UOVBDJFMTHJAHIJ3SJLA.jpg 992w,https:\/\/www.infobae.com\/new-resizer\/mjRxzn59IRnpH_fRHEuETgv07NA=\/1200x675\/filters:format(webp):quality(85)\/cloudfront-us-east-1.images.arcpublishing.com\/infobae\/5AMNJ7UOVBDJFMTHJAHIJ3SJLA.jpg 1200w,https:\/\/www.infobae.com\/new-resizer\/WNQOG1LOEGK8zHXpSS8HZtKfURE=\/1440x810\/filters:format(webp):quality(85)\/cloudfront-us-east-1.images.arcpublishing.com\/infobae\/5AMNJ7UOVBDJFMTHJAHIJ3SJLA.jpg 1440w\">El sue\u00f1o inadecuado reduce el estado de \u00e1nimo positivo y aumenta la sensaci\u00f3n de ansiedad (Imagen Ilustrativa Infobae)<\/p>\n\n\n\n<p>\u201cEl estudio representa la s\u00edntesis m\u00e1s completa de la investigaci\u00f3n experimental sobre el sue\u00f1o y las emociones hasta la fecha, y proporciona pruebas s\u00f3lidas de que los per\u00edodos de&nbsp;<strong>vigilia prolongada<\/strong>, duraci\u00f3n m\u00e1s corta del sue\u00f1o y despertares nocturnos influyen negativamente en el funcionamiento emocional humano\u201d, declar\u00f3 la investigadora de la Universidad Estatal de Montana&nbsp;<strong>Cara Palmer,<\/strong>&nbsp;autora principal del metaan\u00e1lisis que fue publicado en la revista&nbsp;<em>Psychoological Bulletin<\/em>.<\/p>\n\n\n\n<p>La investigaci\u00f3n sintetiz\u00f3 datos de\u00a0<strong>154 estudios<\/strong>\u00a0que realizados durante los \u00faltimos 50 a\u00f1os, con\u00a0<strong>5.715 participantes<\/strong>\u00a0en total de Europa y EEUU. En todos los estudios,\u00a0<strong>el sue\u00f1o de los participantes se interrumpi\u00f3 durante una noche o m\u00e1s<\/strong>.<\/p>\n\n\n\n<p>En algunos casos, los voluntarios debieron mantenerse despiertos durante un per\u00edodo extenso. En otros, se les permiti\u00f3 descansar menos tiempo de lo habitual y en otros se les despert\u00f3 con frecuencia a lo largo de la noche. Cada estudio tambi\u00e9n midi\u00f3 al menos una variable relacionada con las emociones despu\u00e9s de la manipulaci\u00f3n del sue\u00f1o, como el estado de \u00e1nimo autoinformado de los participantes, su respuesta a los<strong>&nbsp;est\u00edmulos emocionales<\/strong>&nbsp;y las medidas de los s\u00edntomas de depresi\u00f3n y ansiedad.<\/p>\n\n\n\n<p>Los&nbsp;<strong>tres tipos de p\u00e9rdida de sue\u00f1o&nbsp;<\/strong>afectaron de manera negativa las&nbsp;<strong>emociones positivas&nbsp;<\/strong>como&nbsp;<strong>alegr\u00eda, felicidad y satisfacci\u00f3n&nbsp;<\/strong>entre los participantes. Y adem\u00e1s, los voluntarios que durmieron mal reportaron un incremento de los s\u00edntomas de&nbsp;<strong>ansiedad<\/strong>, como aumento de la frecuencia card\u00edaca y mayor preocupaci\u00f3n que la habitual.<\/p>\n\n\n\n<p><img loading=\"lazy\" decoding=\"async\" alt=\"M\u00e1s de un 30 por ciento de los adultos y hasta un 90 por ciento de los adolescentes no duermen lo suficiente, seg\u00fan postularon los autores del estudio  (Imagen ilustrativa Infobae)\" height=\"816\" width=\"1456\" src=\"https:\/\/www.infobae.com\/new-resizer\/FJzS659mY1podtSfmgwyhFJTFFA=\/420x236\/filters:format(webp):quality(85)\/cloudfront-us-east-1.images.arcpublishing.com\/infobae\/7V54O2SCFFF5NGHN3CDRKLAML4.png%20420w\" srcset=\"https:\/\/www.infobae.com\/new-resizer\/FJzS659mY1podtSfmgwyhFJTFFA=\/420x236\/filters:format(webp):quality(85)\/cloudfront-us-east-1.images.arcpublishing.com\/infobae\/7V54O2SCFFF5NGHN3CDRKLAML4.png 420w,https:\/\/www.infobae.com\/new-resizer\/WfEAofOT6ad2FzncxrwBy2AVYpA=\/768x432\/filters:format(webp):quality(85)\/cloudfront-us-east-1.images.arcpublishing.com\/infobae\/7V54O2SCFFF5NGHN3CDRKLAML4.png 768w,https:\/\/www.infobae.com\/new-resizer\/oeWvWoG7NC3gaYsD_fCl5s87xSk=\/992x558\/filters:format(webp):quality(85)\/cloudfront-us-east-1.images.arcpublishing.com\/infobae\/7V54O2SCFFF5NGHN3CDRKLAML4.png 992w,https:\/\/www.infobae.com\/new-resizer\/voOexBMJ3ePjbHddQ7zMCYDMt-I=\/1200x675\/filters:format(webp):quality(85)\/cloudfront-us-east-1.images.arcpublishing.com\/infobae\/7V54O2SCFFF5NGHN3CDRKLAML4.png 1200w,https:\/\/www.infobae.com\/new-resizer\/zbkxTxVsCZxyBnoonxcYFlBjJ08=\/1440x810\/filters:format(webp):quality(85)\/cloudfront-us-east-1.images.arcpublishing.com\/infobae\/7V54O2SCFFF5NGHN3CDRKLAML4.png 1440w\">M\u00e1s de un 30 por ciento de los adultos y hasta un 90 por ciento de los adolescentes no duermen lo suficiente, seg\u00fan postularon los autores del estudio (Imagen ilustrativa Infobae)<\/p>\n\n\n\n<p>Estos efectos emocionales se manifestaron incluso despu\u00e9s de&nbsp;<strong>per\u00edodos cortos de p\u00e9rdida de sue\u00f1o<\/strong>, como quedarse despierto una o dos horas m\u00e1s tarde de lo habitual o despu\u00e9s de perder s\u00f3lo unas pocas horas de sue\u00f1o, indic\u00f3 la doctora Palmer y agreg\u00f3: \u201cTambi\u00e9n descubrimos que la falta de sue\u00f1o aumenta los&nbsp;<strong>s\u00edntomas de ansiedad<\/strong>&nbsp;y disminu\u00eda la excitaci\u00f3n en respuesta a los est\u00edmulos emocionales\u201d.<\/p>\n\n\n\n<p>Los investigadores dijeron que los hallazgos sobre los s\u00edntomas de&nbsp;<strong>depresi\u00f3n&nbsp;<\/strong>y las emociones, como la tristeza, la preocupaci\u00f3n y el&nbsp;<strong>estr\u00e9s<\/strong>, fueron poco consistentes para arribar a conclusiones contundentes.<\/p>\n\n\n\n<p>\u201cEn todo el mundo, los individuos rara vez duermen la cantidad recomendada de al menos cinco noches a la semana. Nuestro trabajo muestra las posibles consecuencias de esto para nuestra salud emocional, en un momento en que los problemas de salud mental est\u00e1n aumentando r\u00e1pidamente\u201d, se\u00f1al\u00f3 a&nbsp;<em>CNN&nbsp;<\/em>la coautora del estudio Joanne Bower, de la Universidad de East Anglia en Norwich, Inglaterra.<\/p>\n\n\n\n<p>Una&nbsp;<strong>limitaci\u00f3n<\/strong>&nbsp;de los hallazgos es que la mayor\u00eda de los participantes eran&nbsp;<strong>adultos j\u00f3venes<\/strong>: la&nbsp;<strong>edad promedio era de 23 a\u00f1os.<\/strong>&nbsp;Seg\u00fan los investigadores, los estudios futuros deber\u00edan incluir una muestra de edades m\u00e1s diversa para comprender mejor c\u00f3mo la falta de sue\u00f1o afecta a las personas en las diferentes etapas de la vida.<\/p>\n\n\n\n<h2 class=\"wp-block-heading\">Ocho recomendaciones para dormir bien<\/h2>\n\n\n\n<p><img loading=\"lazy\" decoding=\"async\" alt=\" Tener un sue\u00f1o placentero trae beneficios para la salud que la ciencia postula con cada vez m\u00e1s \u00e9nfasis  (Imagen Ilustrativa Infobae)\" height=\"816\" width=\"1456\" src=\"https:\/\/www.infobae.com\/new-resizer\/8RpWoyzWWi4NHf7cAv4mAFLqboY=\/420x236\/filters:format(webp):quality(85)\/cloudfront-us-east-1.images.arcpublishing.com\/infobae\/ADRTZV6GS5ENBBNEJFEXYSLRHM.jpg%20420w\" srcset=\"https:\/\/www.infobae.com\/new-resizer\/8RpWoyzWWi4NHf7cAv4mAFLqboY=\/420x236\/filters:format(webp):quality(85)\/cloudfront-us-east-1.images.arcpublishing.com\/infobae\/ADRTZV6GS5ENBBNEJFEXYSLRHM.jpg 420w,https:\/\/www.infobae.com\/new-resizer\/i8ufguqpQdhOsFRSSSaTXEyK0qM=\/768x432\/filters:format(webp):quality(85)\/cloudfront-us-east-1.images.arcpublishing.com\/infobae\/ADRTZV6GS5ENBBNEJFEXYSLRHM.jpg 768w,https:\/\/www.infobae.com\/new-resizer\/a2PyUuvqnAAmRJTYRGftmjj_M4g=\/992x558\/filters:format(webp):quality(85)\/cloudfront-us-east-1.images.arcpublishing.com\/infobae\/ADRTZV6GS5ENBBNEJFEXYSLRHM.jpg 992w,https:\/\/www.infobae.com\/new-resizer\/Z9hGu_Bd5l9ZVjmUGE5oH4hKA1I=\/1200x675\/filters:format(webp):quality(85)\/cloudfront-us-east-1.images.arcpublishing.com\/infobae\/ADRTZV6GS5ENBBNEJFEXYSLRHM.jpg 1200w,https:\/\/www.infobae.com\/new-resizer\/EED5747pxjpArtM8J6Gq4996y2I=\/1440x810\/filters:format(webp):quality(85)\/cloudfront-us-east-1.images.arcpublishing.com\/infobae\/ADRTZV6GS5ENBBNEJFEXYSLRHM.jpg 1440w\">Tener un sue\u00f1o placentero trae beneficios para la salud que la ciencia postula con cada vez m\u00e1s \u00e9nfasis (Imagen Ilustrativa Infobae)<\/p>\n\n\n\n<p>El descanso reparador est\u00e1 asociado a nuestra&nbsp;<strong>capacidad cognitiva&nbsp;<\/strong>\u201cporque&nbsp;durante las horas de sue\u00f1o se consolida la&nbsp;<strong>memoria<\/strong>. Es decir que lo aprendido durante el d\u00eda puede consolidarse en nuestra memoria durante las horas de sue\u00f1o\u201d, destac\u00f3&nbsp;<strong>P\u00e9rez Chada<\/strong>&nbsp;y agreg\u00f3 que otro aspecto muy importante del buen descanso nocturno es el papel que juega en las&nbsp;funciones ejecutivas que realizamos durante el d\u00eda como \u201cla capacidad que tenemos para hacer procedimientos que requieran de ciertas sutilezas y no tener movimientos torpes\u201d.<\/p>\n\n\n\n<p>La licenciada&nbsp;<strong>Julieta Del Negro<\/strong>, miembro del&nbsp;<strong>Departamento de Psicoterapia Cognitiva de INECO<\/strong>, comparti\u00f3 en&nbsp;<a rel=\"noreferrer noopener\" href=\"https:\/\/www.infobae.com\/salud\/2024\/01\/12\/ocho-recomendaciones-para-mejorar-la-calidad-del-sueno-durante-las-vacaciones\/\" target=\"_blank\">Infobae&nbsp;<\/a>una serie de recomendaciones para seguir en&nbsp;<strong>vacaciones<\/strong>, \u00e9poca que si bien est\u00e1 asociada al relax, tambi\u00e9n puede provocar&nbsp;<strong>alteraciones en los patrones de sue\u00f1o<\/strong>, con salidas o distracciones hasta la madrugada.<\/p>\n\n\n\n<p>Aqu\u00ed un listado de los consejos para alcanzar un sue\u00f1o reparador:<\/p>\n\n\n\n<p><strong>1 &#8211; Mantener un horario regular de sue\u00f1o<\/strong>. Intentar irse a dormir y levantarse todos los d\u00edas a la misma hora para no alterar el ritmo circadiano.<\/p>\n\n\n\n<p><strong>2 &#8211; Evitar las siestas prolongadas<\/strong>. La siesta no deber\u00eda ser de m\u00e1s de 20\/30 minutos, para no ingresar en la fase de sue\u00f1o profundo.<\/p>\n\n\n\n<p><strong>3- Exponerse a la luz solar<\/strong>. Estar al sol, esencialmente durante la ma\u00f1ana, ayuda a regular el ritmo circadiano e impulsa la liberaci\u00f3n de hormonas, como el cortisol y la melatonina,&nbsp;<strong>neurotransmisores&nbsp;<\/strong>como la serotonina, y la producci\u00f3n de<strong>&nbsp;vitamina D<\/strong>.<\/p>\n\n\n\n<p><img loading=\"lazy\" decoding=\"async\" alt=\"La sociedad moderna est\u00e1 sometida a una importante restricci\u00f3n de las horas de sue\u00f1o, lo que puede interferir con las habilidades cognitivas (Imagen Ilustrativa Infobae)\" height=\"816\" width=\"1456\" src=\"https:\/\/www.infobae.com\/new-resizer\/_cFzb_-H9lof-Wl2wgp6aZxAfMc=\/420x236\/filters:format(webp):quality(85)\/cloudfront-us-east-1.images.arcpublishing.com\/infobae\/5KOWPU3UWZCLPHHL6EGLY35O5I.jpg%20420w\" srcset=\"https:\/\/www.infobae.com\/new-resizer\/_cFzb_-H9lof-Wl2wgp6aZxAfMc=\/420x236\/filters:format(webp):quality(85)\/cloudfront-us-east-1.images.arcpublishing.com\/infobae\/5KOWPU3UWZCLPHHL6EGLY35O5I.jpg 420w,https:\/\/www.infobae.com\/new-resizer\/vHKFjh8626PbJeFZajgpBoOmc3s=\/768x432\/filters:format(webp):quality(85)\/cloudfront-us-east-1.images.arcpublishing.com\/infobae\/5KOWPU3UWZCLPHHL6EGLY35O5I.jpg 768w,https:\/\/www.infobae.com\/new-resizer\/B07tg5N8wReCrJiNf4Y5S3b93-Q=\/992x558\/filters:format(webp):quality(85)\/cloudfront-us-east-1.images.arcpublishing.com\/infobae\/5KOWPU3UWZCLPHHL6EGLY35O5I.jpg 992w,https:\/\/www.infobae.com\/new-resizer\/bhMZaCmzxIPLzdOGno2wfg0Kb18=\/1200x675\/filters:format(webp):quality(85)\/cloudfront-us-east-1.images.arcpublishing.com\/infobae\/5KOWPU3UWZCLPHHL6EGLY35O5I.jpg 1200w,https:\/\/www.infobae.com\/new-resizer\/3Pr2LXKoNZg6aahIvs24fANnMrc=\/1440x810\/filters:format(webp):quality(85)\/cloudfront-us-east-1.images.arcpublishing.com\/infobae\/5KOWPU3UWZCLPHHL6EGLY35O5I.jpg 1440w\">La sociedad moderna est\u00e1 sometida a una importante restricci\u00f3n de las horas de sue\u00f1o, lo que puede interferir con las habilidades cognitivas (Imagen Ilustrativa Infobae)<\/p>\n\n\n\n<p><strong>4 &#8211; Realizar actividades al aire libre<\/strong>. Esto incluye planificar actividades al aire libre o realizar aunque sea una caminata para hacer las compras, todo estrategia suma a disminuir el encierro.<\/p>\n\n\n\n<p><strong>5- Reducir la exposici\u00f3n a pantallas<\/strong>&nbsp;y el uso del tel\u00e9fono celular, en especial por la noche. El momento anterior a irse a dormir es fundamental para el sue\u00f1o reparador, por eso, para alcanzar la relajaci\u00f3n se debe alejar los est\u00edmulos visuales de los dispositivos m\u00f3viles.<\/p>\n\n\n\n<p><strong>6 &#8211; Mantener una dieta saludable y evitar el consumo excesivo de alcohol.<\/strong>&nbsp;No es necesario privarse de una salida a un restaurante o de algo dulce en la playa, pero s\u00ed evitar que sea la regla durante las vacaciones. Se recomienda&nbsp;<strong>no comer pesado&nbsp;<\/strong>(con grasas y az\u00facares), especialmente por las noches.<\/p>\n\n\n\n<p><strong>7 &#8211; Comer en horarios regulares.&nbsp;<\/strong>Evitar almorzar y cenar a las cuatro de la tarde y a la medianoche, alterar los patrones horarios en vacaciones puede impactar en la liberaci\u00f3n de las&nbsp;<strong>&nbsp;hormonas relacionadas con el metabolismo y el sue\u00f1o<\/strong>.<\/p>\n\n\n\n<p><strong>8 &#8211; Dormir en un ambiente relajado<\/strong>. Evitar la luz artificial, y la temperaturas demasiado altas o bajas. En caso de irse a otro lugar para pasar las vacaciones, intentar viajar de d\u00eda y reservar, dentro de lo posible, un hotel c\u00f3modo para dormir. Si bien puede ser una inversi\u00f3n mayor, el costo de descuidar el sue\u00f1o es m\u00e1s alto.<\/p>\n\n\n\n<p>Fuente: https:\/\/www.infobae.com\/salud\/2024\/01\/29\/dormir-mal-altera-el-estado-de-animo-concluyo-un-estudio-publicado-por-la-asociacion-de-psicologia-de-eeuu\/<\/p>\n","protected":false},"excerpt":{"rendered":"<p>El an\u00e1lisis que revis\u00f3 investigaciones de los \u00faltimos 50 a\u00f1os confirm\u00f3 que la falta de sue\u00f1o afecta las emociones cotidianas y aumenta la ansiedad. Consejos para alcanzar un descanso reparador. La&nbsp;falta de sue\u00f1o&nbsp;genera efectos en el cuerpo humano que van mucho m\u00e1s all\u00e1 del cansancio o la falta de concentraci\u00f3n. Como adelant\u00f3&nbsp;Infobae, el mal descanso [&hellip;]<\/p>\n","protected":false},"author":3,"featured_media":738,"comment_status":"open","ping_status":"open","sticky":false,"template":"","format":"standard","meta":{"footnotes":""},"categories":[4,5],"tags":[401,402],"class_list":["post-737","post","type-post","status-publish","format-standard","has-post-thumbnail","hentry","category-bienestar","category-salud","tag-dormir-mal","tag-estados-de-animo"],"_links":{"self":[{"href":"https:\/\/noticiassaludables.com.ar\/index.php?rest_route=\/wp\/v2\/posts\/737","targetHints":{"allow":["GET"]}}],"collection":[{"href":"https:\/\/noticiassaludables.com.ar\/index.php?rest_route=\/wp\/v2\/posts"}],"about":[{"href":"https:\/\/noticiassaludables.com.ar\/index.php?rest_route=\/wp\/v2\/types\/post"}],"author":[{"embeddable":true,"href":"https:\/\/noticiassaludables.com.ar\/index.php?rest_route=\/wp\/v2\/users\/3"}],"replies":[{"embeddable":true,"href":"https:\/\/noticiassaludables.com.ar\/index.php?rest_route=%2Fwp%2Fv2%2Fcomments&post=737"}],"version-history":[{"count":1,"href":"https:\/\/noticiassaludables.com.ar\/index.php?rest_route=\/wp\/v2\/posts\/737\/revisions"}],"predecessor-version":[{"id":739,"href":"https:\/\/noticiassaludables.com.ar\/index.php?rest_route=\/wp\/v2\/posts\/737\/revisions\/739"}],"wp:featuredmedia":[{"embeddable":true,"href":"https:\/\/noticiassaludables.com.ar\/index.php?rest_route=\/wp\/v2\/media\/738"}],"wp:attachment":[{"href":"https:\/\/noticiassaludables.com.ar\/index.php?rest_route=%2Fwp%2Fv2%2Fmedia&parent=737"}],"wp:term":[{"taxonomy":"category","embeddable":true,"href":"https:\/\/noticiassaludables.com.ar\/index.php?rest_route=%2Fwp%2Fv2%2Fcategories&post=737"},{"taxonomy":"post_tag","embeddable":true,"href":"https:\/\/noticiassaludables.com.ar\/index.php?rest_route=%2Fwp%2Fv2%2Ftags&post=737"}],"curies":[{"name":"wp","href":"https:\/\/api.w.org\/{rel}","templated":true}]}}