{"id":749,"date":"2024-01-30T10:41:16","date_gmt":"2024-01-30T13:41:16","guid":{"rendered":"https:\/\/noticiassaludables.com.ar\/?p=749"},"modified":"2024-01-30T10:41:17","modified_gmt":"2024-01-30T13:41:17","slug":"la-torre-historica-de-retiro","status":"publish","type":"post","link":"https:\/\/noticiassaludables.com.ar\/?p=749","title":{"rendered":"La torre hist\u00f3rica de Retiro"},"content":{"rendered":"\n<h2 class=\"wp-block-heading\">Se inaugur\u00f3 en 1928 y lo hizo construir un empresario naviero para se viera desde el r\u00edo.Ahora la gestiona una empresa espa\u00f1ola.<\/h2>\n\n\n\n<p><img loading=\"lazy\" decoding=\"async\" alt=\"La torre hist\u00f3rica de Retiro que estuvo cerrada durante 7 a\u00f1os y reabri\u00f3 como un hotel 5 estrellas\" src=\"https:\/\/www.clarin.com\/img\/2024\/01\/29\/jUHnLCb5Y_360x240__1.jpg\" width=\"360\" height=\"620\">El nuevo looby del hotel Casa Luc\u00eda, en el edificio Mihanovich de Retiro.<img loading=\"lazy\" decoding=\"async\" width=\"60\" height=\"60\" src=\"https:\/\/www.clarin.com\/img\/authors\/silvia-gomez___633f4b77d40b3f00195387b9.png\" alt=\"Silvia G\u00f3mez\"><\/p>\n\n\n\n<p><a href=\"https:\/\/www.clarin.com\/autor\/silvia-gomez.html\"><\/a><\/p>\n\n\n\n<p><a href=\"https:\/\/www.clarin.com\/autor\/silvia-gomez.html\">SILVIA<br>G\u00d3MEZ<\/a><\/p>\n\n\n\n<p><a href=\"https:\/\/www.clarin.com\/autor\/silvia-gomez.html\"><\/a><\/p>\n\n\n\n<ul class=\"wp-block-list\">\n<li><\/li>\n\n\n\n<li><\/li>\n\n\n\n<li><\/li>\n\n\n\n<li><\/li>\n\n\n\n<li><img loading=\"lazy\" decoding=\"async\" src=\"https:\/\/www.clarin.com\/img\/comments.svg\" alt=\"comentarios\" width=\"160\" height=\"160\"><a href=\"https:\/\/www.clarin.com\/ciudades\/torre-historica-retiro-cerrada-7-anos-reabrio-hotel-5-estrellas_0_sc3xCnNVHB.html#activateComments\">0<\/a><\/li>\n<\/ul>\n\n\n\n<p>\u00a1NUEVO!<\/p>\n\n\n\n<p>https:\/\/trinitymedia.ai\/player\/trinity-player.php?pageURL=https%3A%2F%2Fwww.clarin.com%2Fciudades%2Ftorre-historica-retiro-cerrada-7-anos-reabrio-hotel-5-estrellas_0_sc3xCnNVHB.html&amp;unitId=2900007258&amp;userId=9b5d00ed-e64d-4d8f-8b74-5a30de302b2a&amp;isLegacyBrowser=false&amp;version=20240130_b50894be5737ab92634331876c44221b7af1a2f6&amp;useBunnyCDN=0&amp;themeId=47630\/01\/2024 06:02<\/p>\n\n\n\n<p>La&nbsp;<strong>Torre Mihanovich,<\/strong>&nbsp;en Arroyo al 800, en Retiro, volvi\u00f3 a alojar a un hotel cinco estrellas tras&nbsp;<strong>siete a\u00f1os cerrada.&nbsp;<\/strong>Desde esta semana, el edificio que se pens\u00f3 como un faro de la Ciudad, y es uno de los \u00edconos de la arquitectura porte\u00f1a, se convirti\u00f3 en el hotel&nbsp;<strong>Casa Luc\u00eda<\/strong>, perteneciente a una cadena de origen espa\u00f1ol.<\/p>\n\n\n\n<p>El grupo empresario, que administra otros cinco hoteles en Espa\u00f1a (dos en Madrid, otros dos en Mallorca y uno m\u00e1s en Torrent, al norte de Barcelona), le alquil\u00f3 el edificio por 20 a\u00f1os a la<strong>&nbsp;familia Bencich<\/strong>.<\/p>\n\n\n\n<p>La apertura fue en 1928, y entre ese a\u00f1o y principios de 2000 fue un edificio de viviendas porque los Bencich jam\u00e1s lo subdividieron; siempre qued\u00f3 como un bien de la familia. Luego se hizo la gran obra de remodelaci\u00f3n que permiti\u00f3 que se transforme en hotel. As\u00ed,&nbsp;<strong>fue Sofitel hasta 2017 y luego qued\u00f3 cerrado.<\/strong><\/p>\n\n\n\n<p>El edificio Mihanovich, adem\u00e1s de ser un&nbsp;<a href=\"https:\/\/www.clarin.com\/ciudades\/torre-retiro-sono-faro-cerrada-hace-6-anos-volvera-tener-vida_0_bjq5Lbh48G.html\">faro para el barrio de Retiro<\/a>, tiene una grandilocuencia que lo hace \u00fanico: est\u00e1 conformado por tres bloques, dos de ellos -de seis pisos de altura- dan hacia el frente de Arroyo.<strong>&nbsp;Y el tercero es la torre.<\/strong>&nbsp;Est\u00e1<strong>&nbsp;<\/strong>retirada hacia el coraz\u00f3n de la manzana y sus 80 metros de altura pueden ser vistos desde Puerto Nuevo.<\/p>\n\n\n\n<p>El empresario naviero austro-h\u00fangaro&nbsp;<strong>Nicol\u00e1s Mihanovich<\/strong>&nbsp;quer\u00eda que su torre -concebida como una inversi\u00f3n inmobiliaria- se destacara desde la barranca en la que se encuentra emplazada. Encarg\u00f3 el dise\u00f1o a los arquitectos Calvo Jacobs &amp; Gim\u00e9nez; y la construcci\u00f3n, a los Bencich.<img loading=\"lazy\" decoding=\"async\" alt=\"El nuevo frente del Hotel Casa Luc\u00eda, ex Sofitel, en Retiro.\" src=\"https:\/\/www.clarin.com\/img\/2024\/01\/29\/R3QpQ4gAk_720x0__1.jpg\" width=\"720\" height=\"480\">El nuevo frente del Hotel Casa Luc\u00eda, ex Sofitel, en Retiro.<img loading=\"lazy\" decoding=\"async\" alt=\"Torre Mihanovich, desde el aire. Foto gentileza Hotel Casa Luc\u00eda\" src=\"https:\/\/www.clarin.com\/img\/2023\/12\/05\/tjD__K2o5_720x0__1.jpg\" width=\"720\" height=\"480\">Torre Mihanovich, desde el aire. Foto gentileza Hotel Casa Luc\u00eda<\/p>\n\n\n\n<p>Todo se vinculaba<strong>&nbsp;a trav\u00e9s de una calle interna, adoquinada<\/strong>. Para la gran reforma que se hizo a principios de 2000 se la tech\u00f3 y all\u00ed se ubic\u00f3 la recepci\u00f3n del hotel. Pero uno de los grandes cambios en la obra actual es que la recepci\u00f3n est\u00e1 desplazada hacia el interior; y en lo que fue esta calle interna est\u00e1 la barra, enorme, del bar -Le Club Bacan-&nbsp;<strong>de acceso p\u00fablico.<\/strong><\/p>\n\n\n\n<p>Volviendo a Casa Luc\u00eda, no es la primera vez que Unico restaura propiedades de valor patrimonial para convertirlas en hotel; en la zona de la &#8220;milla de oro&#8221; de Salamanca, uno de los barrios m\u00e1s exclusivos de Madrid, tienen un hotel boutique en un palacete del Siglo XIX.<\/p>\n\n\n\n<p>Otra gran cambio son que las puertas de hierro monumentales que se encuentran al frente, de dos hojas, estar\u00e1n abiertas. Porque se jerarquiza el ingreso peatonal.<\/p>\n\n\n\n<p>Tambi\u00e9n en la planta baja est\u00e1 el restaurante, llamado Cantina.<\/p>\n\n\n\n<p>A diferencia de Sofitel, ahora, Casa Luc\u00eda llega a un barrio que presenta otro presente. En la calle Arroyo, y en el resto del barrio, en el \u00faltimo tiempo se sumaron emprendimientos que no estaban y cambiaron la fisonom\u00eda y la circulaci\u00f3n.<img loading=\"lazy\" decoding=\"async\" alt=\"Torre Mihanovich, desde el cielo (circa 1928).\" src=\"https:\/\/www.clarin.com\/img\/2023\/03\/17\/QLcL-c750_720x0__1.jpg\" width=\"720\" height=\"480\">Torre Mihanovich, desde el cielo (circa 1928).<\/p>\n\n\n\n<p>Por ejemplo, entre el 900 y el 800 de Arroyo hay&nbsp;<strong>cuatro caf\u00e9s<\/strong>: The Shelter, Git\u00e1n, M Kafee y Kissaten Tostador. Dos restaurantes: Farinelli y Rotiser\u00eda Atl\u00e1ntico. Una vinoteca y bar de vinos: Pro.Vin.Cia. Y el bar de Tato Giovannoni, Florer\u00eda Atl\u00e1ntico. A metros, sobre Suipacha, se acaba de inaugurar otro bar -Los jardines de las Barquin- en el patio espa\u00f1ol del Museo Fern\u00e1ndez Blanco.<\/p>\n\n\n\n<p>La remodelaci\u00f3n del edificio, seg\u00fan la informaci\u00f3n que brindo la empresa, estuvo dirigida por la firma Torrado Arquitectos, mientras que Fernanda Schuch Studios se ocup\u00f3 del dise\u00f1o de los interiores, que cuentan con mobiliario contempor\u00e1neo.<\/p>\n\n\n\n<p>En las habitaciones, adem\u00e1s, hay obras del artista argentino Cristi\u00e1n Mohaded, cuyo trabajo se exhibe en el Museo de Arte de Filadelfia o en el Museo de Artes Decorativas de Par\u00eds.<\/p>\n\n\n\n<p>Por \u00faltimo, gran parte de las 142 habitaciones ofrecen vistas privilegiadas de la Ciudad. Y algunas hasta tienen balcones con duchas al aire libre, hamacas y comedor. En cuanto a los precios, una habitaci\u00f3n deluxe, para dos personas, tiene un valor que oscila en los 400 d\u00f3lares.<img loading=\"lazy\" decoding=\"async\" width=\"720\" height=\"480\" src=\"https:\/\/www.clarin.com\/img\/2023\/12\/05\/fe-OJE4T7_720x0__1.jpg\" alt=\"Los dos edificios bajos que anteceden la torre principal. Foto German Garcia Adrasti\">Los dos edificios bajos que anteceden la torre principal. Foto German Garcia Adrasti<img loading=\"lazy\" decoding=\"async\" width=\"720\" height=\"480\" src=\"https:\/\/www.clarin.com\/img\/2023\/12\/05\/_gTbn_CXq6_720x0__1.jpg\" alt=\"Ducha, mesitas y sillones en los balcones de la torre. Imagen gentileza Hotel Casa Luc\u00eda\">Ducha, mesitas y sillones en los balcones de la torre. Imagen gentileza Hotel Casa Luc\u00eda<img loading=\"lazy\" decoding=\"async\" width=\"720\" height=\"480\" src=\"https:\/\/www.clarin.com\/img\/2023\/12\/05\/eYp1jOm2X_720x0__1.jpg\" alt=\"Las vistas desde el coronamiento de la torre. Foto German Garcia Adrasti\">Las vistas desde el coronamiento de la torre. Foto German Garcia Adrasti<\/p>\n\n\n\n<p>Fuente: https:\/\/www.clarin.com\/ciudades\/torre-historica-retiro-cerrada-7-anos-reabrio-hotel-5-estrellas_0_sc3xCnNVHB.html<\/p>\n","protected":false},"excerpt":{"rendered":"<p>Se inaugur\u00f3 en 1928 y lo hizo construir un empresario naviero para se viera desde el r\u00edo.Ahora la gestiona una empresa espa\u00f1ola. El nuevo looby del hotel Casa Luc\u00eda, en el edificio Mihanovich de Retiro. SILVIAG\u00d3MEZ \u00a1NUEVO! https:\/\/trinitymedia.ai\/player\/trinity-player.php?pageURL=https%3A%2F%2Fwww.clarin.com%2Fciudades%2Ftorre-historica-retiro-cerrada-7-anos-reabrio-hotel-5-estrellas_0_sc3xCnNVHB.html&amp;unitId=2900007258&amp;userId=9b5d00ed-e64d-4d8f-8b74-5a30de302b2a&amp;isLegacyBrowser=false&amp;version=20240130_b50894be5737ab92634331876c44221b7af1a2f6&amp;useBunnyCDN=0&amp;themeId=47630\/01\/2024 06:02 La&nbsp;Torre Mihanovich,&nbsp;en Arroyo al 800, en Retiro, volvi\u00f3 a alojar a un hotel cinco estrellas tras&nbsp;siete [&hellip;]<\/p>\n","protected":false},"author":3,"featured_media":750,"comment_status":"open","ping_status":"open","sticky":false,"template":"","format":"standard","meta":{"footnotes":""},"categories":[12],"tags":[405],"class_list":["post-749","post","type-post","status-publish","format-standard","has-post-thumbnail","hentry","category-sociedad","tag-torre-mihanovich"],"_links":{"self":[{"href":"https:\/\/noticiassaludables.com.ar\/index.php?rest_route=\/wp\/v2\/posts\/749","targetHints":{"allow":["GET"]}}],"collection":[{"href":"https:\/\/noticiassaludables.com.ar\/index.php?rest_route=\/wp\/v2\/posts"}],"about":[{"href":"https:\/\/noticiassaludables.com.ar\/index.php?rest_route=\/wp\/v2\/types\/post"}],"author":[{"embeddable":true,"href":"https:\/\/noticiassaludables.com.ar\/index.php?rest_route=\/wp\/v2\/users\/3"}],"replies":[{"embeddable":true,"href":"https:\/\/noticiassaludables.com.ar\/index.php?rest_route=%2Fwp%2Fv2%2Fcomments&post=749"}],"version-history":[{"count":1,"href":"https:\/\/noticiassaludables.com.ar\/index.php?rest_route=\/wp\/v2\/posts\/749\/revisions"}],"predecessor-version":[{"id":751,"href":"https:\/\/noticiassaludables.com.ar\/index.php?rest_route=\/wp\/v2\/posts\/749\/revisions\/751"}],"wp:featuredmedia":[{"embeddable":true,"href":"https:\/\/noticiassaludables.com.ar\/index.php?rest_route=\/wp\/v2\/media\/750"}],"wp:attachment":[{"href":"https:\/\/noticiassaludables.com.ar\/index.php?rest_route=%2Fwp%2Fv2%2Fmedia&parent=749"}],"wp:term":[{"taxonomy":"category","embeddable":true,"href":"https:\/\/noticiassaludables.com.ar\/index.php?rest_route=%2Fwp%2Fv2%2Fcategories&post=749"},{"taxonomy":"post_tag","embeddable":true,"href":"https:\/\/noticiassaludables.com.ar\/index.php?rest_route=%2Fwp%2Fv2%2Ftags&post=749"}],"curies":[{"name":"wp","href":"https:\/\/api.w.org\/{rel}","templated":true}]}}