{"id":752,"date":"2024-01-30T11:10:30","date_gmt":"2024-01-30T14:10:30","guid":{"rendered":"https:\/\/noticiassaludables.com.ar\/?p=752"},"modified":"2024-01-30T11:10:30","modified_gmt":"2024-01-30T14:10:30","slug":"alarma-sobre-las-ventas-de-medicamentos","status":"publish","type":"post","link":"https:\/\/noticiassaludables.com.ar\/?p=752","title":{"rendered":"Alarma sobre las ventas de medicamentos"},"content":{"rendered":"\n<h2 class=\"wp-block-heading\">Seg\u00fan estad\u00edsticas de la Confederaci\u00f3n Farmac\u00e9utica Argentina (COFA), la ca\u00edda interanual fue del 4,6%.Especialistas advierten sobre el impacto en la salud de discontinuar o espaciar la toma de una medicaci\u00f3n.<\/h2>\n\n\n\n<p><img loading=\"lazy\" decoding=\"async\" width=\"1256\" height=\"620\" src=\"https:\/\/www.clarin.com\/img\/2020\/02\/13\/EU1iLB81_1256x620__2.jpg#1706021442504\" alt=\"El dato sobre las ventas de medicamentos que enciende una alarma \">Por la crisis econ\u00f3mica, el consumo de medicamentos<\/p>\n\n\n\n<p>Muchos cruzan los dedos para que&nbsp;<a href=\"https:\/\/www.clarin.com\/economia\/drastica-caida-consumo-masivo-pone-freno-escalada-precios_0_WDvWqSWhD3.html\">el freno del consumo<\/a>&nbsp;desacelere la escalada de precios, confiando en el \u00e9xito de una &#8220;represalia&#8221; de la demanda sobre la oferta. Pero hay rubros en los que los aumentos alocados ponen al consumidor en una delicad\u00edsima posici\u00f3n, cuyo impacto -por llevarlo al absurdo- no puede medirse con la misma vara que el desplome en las ventas de chicles. Hablamos de salud y, en particular, de&nbsp;<strong>la ca\u00edda en la capacidad de compra de los medicamentos<\/strong>, fen\u00f3meno que se debe no solo al&nbsp;<a href=\"https:\/\/www.clarin.com\/economia\/derrumbe-salario-minimo-alcanza-comprar-87-kilos-pan-63-hace-ano_0_0ZK97SWXeM.html\">derrumbe del salario real&nbsp;<\/a>sino al alza en los precios de la industria farmac\u00e9utica.<\/p>\n\n\n\n<p>Al cierre de estas l\u00edneas, el&nbsp;<a href=\"http:\/\/observatorio.cofa.org.ar\/\">Observatorio de Salud, Medicamentos y Sociedad<\/a>&nbsp;de la Confederaci\u00f3n Farmac\u00e9utica Argentina (COFA) hab\u00eda actualizado sus cifras de 2023 incluyendo diciembre, mes que no rompi\u00f3 la tendencia del a\u00f1o pasado.&nbsp;<strong>La ca\u00edda anual en las ventas de medicamentos de venta libre y por receta fue del 4,6%, en comparaci\u00f3n a 2022<\/strong>.<\/p>\n\n\n\n<p>\u201cEsto quiere decir que se vendieron<strong>&nbsp;36,7 millones de unidades menos<\/strong>\u201d, inform\u00f3 Laura Raccagni, directora de ese organismo, quien provey\u00f3 un pertinente desglose por rubro farmacol\u00f3gico. Rubros que -vale remarcar- no existen por fuera de los miles de seres humanos que, por sus necesidades puntuales de salud, los encarnan.<\/p>\n\n\n\n<p>Una primera limitaci\u00f3n de este informe es que esas cifras incluyen todos los medicamentos que pasan por el mostrador de farmacia, tanto los que requieren receta del m\u00e9dico como los de venta libre.<\/p>\n\n\n\n<p>El \u00faltimo es un grupo variopinto. En \u00e9l conviven analg\u00e9sicos (centrales para un dolor de muelas o un postoperatorio), pero tambi\u00e9n otras propuestas&nbsp;<a href=\"https:\/\/www.clarin.com\/sociedad\/aseguran-popular-descongestivo-efecto_0_J2XXkBiq2r.html\">prometedoras con evidencia cient\u00edfica m\u00e1s endeble<\/a>. O sea que en la misma bolsa hay productos con un peso espec\u00edfico muy diverso.<\/p>\n\n\n\n<p>La segunda limitaci\u00f3n es que el an\u00e1lisis del Observatorio de la COFA se basa en datos de&nbsp;<a href=\"https:\/\/www.iqvia.com\/es-ar\/locations\/argentina\">IQVIA<\/a>&nbsp;(renombrada consultora multinacional que, entre otros, presta servicios a la industria farmac\u00e9utica), cuya informaci\u00f3n viene de&nbsp;<strong>ventas de droguer\u00edas a farmacias<\/strong>.<\/p>\n\n\n\n<p>O sea que son datos de reposici\u00f3n &#8220;y no de compras concretas de la gente, lo que puede generar algunas distorsiones&#8221;, comparti\u00f3 Juan Manuel Santa Mar\u00eda, gerente general de IQVIA Solutions Argentina.<\/p>\n\n\n\n<h2 class=\"wp-block-heading\">La demanda \u201cinel\u00e1stica\u201d de medicamentos<\/h2>\n\n\n\n<p>Es usual escuchar que los medicamentos tienen una venta casi &#8220;inel\u00e1stica\u201d, lo que significa que, como la comida,&nbsp;<strong>es uno de los \u00faltimos rubros que uno resigna comprar<\/strong>. Sin embargo, la crisis viene dando cachetazos a todos los sectores.<\/p>\n\n\n\n<p>Desde la propia C\u00e1mara Industrial de Laboratorios Farmac\u00e9uticos (CILFA) lo reconocieron. Aseguraron no tener informaci\u00f3n estad\u00edstica &#8220;confiable&#8221; que ratifique una baja en el consumo de remedios (por fuera de la baja estacional de enero), pero admitieron que &#8220;la l\u00f3gica indica que, en un contexto de fuerte ca\u00edda de los ingresos reales de la poblaci\u00f3n por la alta inflaci\u00f3n,&nbsp;<strong>la ineslaticidad de la demanda se reduzca<\/strong>&#8220;.<\/p>\n\n\n\n<p>Aunque son chicos, los porcentajes a continuaci\u00f3n no deber\u00edan subestimarse: hablan de millones de unidades de remedios que un n\u00famero incontable de personas no pudo adquirir.<\/p>\n\n\n\n<p>Santa Mar\u00eda explic\u00f3 que la baja general del 4,6% en las ventas para 2023&nbsp;<strong>tiene un mayor componente de remedios de venta libre que de los llamados \u201c\u00e9ticos&#8221;<\/strong>&nbsp;(los de venta por receta). Los primeros cayeron 8%, mientras que los segundos, 3,3%. Pero el a\u00f1o tuvo altibajos significativos: solo en diciembre, los remedios de venta libre se derrumbaron 18,4%.<img loading=\"lazy\" decoding=\"async\" alt=\"Una clienta en una farmacia completa sus datos para obtener el descuento en medicamentos.\nFoto: Mariana Villa \/ Los Andes\" src=\"https:\/\/www.clarin.com\/img\/2022\/12\/27\/LEG-bxAYN_720x0__1.jpg\" width=\"720\" height=\"480\">Una clienta en una farmacia completa sus datos para obtener el descuento en medicamentos. Foto: Mariana Villa \/ Los Andes<\/p>\n\n\n\n<p>En una farmacia del sur de la ciudad de Buenos Aires ratificaron la ca\u00edda. Mientras lo usual es que en enero -por las vacaciones- las ventas caigan del 10% al 15%,&nbsp;<strong>el desplome que observan ronda el 20% o 30%<\/strong>, se\u00f1alaron.<\/p>\n\n\n\n<p>Se suman las observaciones de una importante cadena de farmacias local. En la primera quincena de enero,&nbsp;<strong>la compra de medicamentos de venta libre cay\u00f3 11% y los que se dispensan con receta, 2,4%<\/strong>, en comparaci\u00f3n al mismo per\u00edodo del a\u00f1o anterior.<\/p>\n\n\n\n<p>Todo esto se al\u00ednea con los duros datos de un reporte de Unicef&nbsp;<a href=\"https:\/\/www.clarin.com\/sociedad\/crisis-20-familias-chicos-dejo-comprar-medicamentos_0_6By6E25TZw.html\">publicados por este medio en septiembre<\/a>. Med\u00eda cu\u00e1ntas familias con chicos y adolescentes ten\u00edan&nbsp;<strong>obst\u00e1culos para acceder a los remedios que precisaban<\/strong>.<\/p>\n\n\n\n<p>Unicef se\u00f1alaba que el 17% de esos hogares hab\u00eda debido dejar de comprar remedios, pero un a\u00f1o despu\u00e9s, el dato hab\u00eda subido dos puntos porcentuales. Mirando s\u00f3lo los hogares que percib\u00edan la AUH, las dificultades para acceder a los f\u00e1rmacos aquejaban al 27% de los consultados.<\/p>\n\n\n\n<h2 class=\"wp-block-heading\">Ventas de medicamentos: cu\u00e1les cayeron m\u00e1s<\/h2>\n\n\n\n<p>El desglose de Raccagni de los remedios que m\u00e1s cayeron interanualmente pone en primer lugar a los que cubren&nbsp;<strong>afecciones del sistema respiratorio<\/strong>. Bajaron casi el 15%, en comparaci\u00f3n a 2022. Traducido, son unas 10 millones de unidades menos.<\/p>\n\n\n\n<p>En segundo lugar est\u00e1n los muy importantes \u201cantiinfecciosos sist\u00e9micos\u201d, popularmente llamados&nbsp;<strong>antimicrobianos<\/strong>. Incluyen antibi\u00f3ticos y antimic\u00f3ticos no t\u00f3picos; o sea, no dermatol\u00f3gicos. La ca\u00edda anual en este caso fue de casi el 13%. Se vendieron 4 millones de unidades menos que en 2022.<img loading=\"lazy\" decoding=\"async\" alt=\"Estantes con medicamentos de venta libre en una farmacia de Barracas. Foto: Fernando de la Orden\" src=\"https:\/\/www.clarin.com\/img\/2024\/01\/23\/FiNU5fT-C_720x0__1.jpg\" width=\"720\" height=\"480\">Estantes con medicamentos de venta libre en una farmacia de Barracas. Foto: Fernando de la Orden<\/p>\n\n\n\n<p>Siguen los rubros&nbsp;<strong>\u201chormonas\u201d<\/strong>, con una baja del 8,13%; y despu\u00e9s, las drogas relacionadas al sistema nervioso, un grupo primordial, ya que abarca&nbsp;<strong>desde el paracetamol y medicamentos antimigra\u00f1osos hasta los psicof\u00e1rmacos<\/strong>&nbsp;y m\u00e1s productos para enfermedades como el Alzheimer.<\/p>\n\n\n\n<p>Los del sistema nervioso bajaron 7,21% en 2023. En los t\u00e9rminos de IQVIA, implica que las farmacias compraron 9,5 millones de unidades menos que el a\u00f1o anterior.&nbsp;<strong>Como se vendieron poco, no precisaron reponerlos.<\/strong><\/p>\n\n\n\n<p>Para completar este triste \u201ctop 5\u201d, hay que sumar la baja del 6,12% de otro grupo importante de remedios: los destinados al tratamiento de afecciones del sistema g\u00e9nito-urinario.<\/p>\n\n\n\n<h2 class=\"wp-block-heading\">Medicamentos y falta de adherencia a los tratamientos<\/h2>\n\n\n\n<p>\u00bfQu\u00e9 hacen las personas que no acceden a los medicamentos que necesitan? Raccagni explic\u00f3 que&nbsp;<strong>discontin\u00faan los tratamientos, los abandonan de lleno o separan las tomas<\/strong>, de modo de estirar la instancia de la compra.<\/p>\n\n\n\n<p>Dami\u00e1n Zopatti, director de Estad\u00edstica, Internaciones y Archivo M\u00e9dico del Hospital de Cl\u00ednicas \u201cJos\u00e9 de San Mart\u00edn\u201d, no se sorprendi\u00f3 con todo esto.<\/p>\n\n\n\n<p>Remarc\u00f3 la \u00e1spera realidad que viene observando hace 20 a\u00f1os en guardias de hospitales p\u00fablicos de CABA y Buenos Aires: &#8220;A la clase m\u00e1s baja, esto no le es novedoso. Siempre vimos personas que no pueden comprar sus medicamentos porque no les alcanza. Y siempre vimos, tambi\u00e9n, al equipo m\u00e9dico haciendo lo imposible por consegu\u00edrselos&#8221;.<\/p>\n\n\n\n<p>En tanto, Ramiro Heredia, m\u00e9dico cl\u00ednico y colega suyo en esa instituci\u00f3n, aludi\u00f3 a las consecuencias que enfrentan quienes abandonan los tratamientos.&nbsp;<strong>La famosa \u201cfalta de adherencia\u201d.<\/strong><\/p>\n\n\n\n<p>\u201cLa disminuci\u00f3n en la adherencia es&nbsp;<strong>uno de los determinantes centrales del fracaso de los tratamientos<\/strong>. Las consecuencias son claras: un mal control de las enfermedades y una menor calidad de vida&#8221;.<img loading=\"lazy\" decoding=\"async\" alt=\"Por los precios de los remedios, muchos pacientes interrumpen sus tratamientos m\u00e9dicos. Foto Shutterstock.\" src=\"https:\/\/www.clarin.com\/img\/2021\/12\/29\/iGNv6u-1C_720x0__1.jpg\" width=\"720\" height=\"480\">Por los precios de los remedios, muchos pacientes interrumpen sus tratamientos m\u00e9dicos. Foto Shutterstock.<\/p>\n\n\n\n<p>Record\u00f3 que cuando la falta de adherencia se genera en tratamientos antibi\u00f3ticos, &#8220;contribuye a la&nbsp;<a href=\"https:\/\/www.clarin.com\/sociedad\/drama-resistencia-antibioticos-minutos-muere-nino_0_aKk5V7iKMZ.html\">resistencia antimicrobiana<\/a>, problema que se cobra cientos de miles de vidas por a\u00f1o a nivel global\u201d.<\/p>\n\n\n\n<p>La buena adherencia depende del \u201cconocimiento del paciente sobre la importancia de seguir las indicaciones, pero tambi\u00e9n, de que tenga \u201cacceso al medicamento&#8221;. Es decir, que el f\u00e1rmaco &#8220;est\u00e9 disponible y se pueda afrontar econ\u00f3micamente\u201d.<\/p>\n\n\n\n<h2 class=\"wp-block-heading\">Medicamentos e inflaci\u00f3n<\/h2>\n\n\n\n<p>Solo en diciembre, la poblaci\u00f3n argentina convivi\u00f3 con un 25,5% de inflaci\u00f3n (IPC del Indec), pero, seg\u00fan la consultora PxQ,&nbsp;<strong>el alza en los \u201cproductos medicinales, artefactos y equipos para la salud\u201d fue del 42%<\/strong>.<\/p>\n\n\n\n<p>Datos de las propias farmacias se\u00f1alan que mientras la inflaci\u00f3n anual acumul\u00f3 211%, la variaci\u00f3n de precios promedio de los remedios lleg\u00f3 al 289,6%. PxQ estima m\u00e1s del 275%.<\/p>\n\n\n\n<p>Desde el sector farmac\u00e9utico, CILFA, la entidad que nuclea a los laboratorios nacionales, ve otra cosa: asegur\u00f3 que la industria farmac\u00e9utica increment\u00f3 los precios &#8220;un 191,7% en 2023, por debajo de la inflaci\u00f3n del a\u00f1o&#8221;.<\/p>\n\n\n\n<p>Hay, no obstante,&nbsp;<a href=\"https:\/\/www.farmascopionet.com\/single-post\/precio-de-los-medicamentos-an%C3%A1lisis-2023?utm_campaign=9ed0b722-9715-427c-8dba-a3ba1df1f1b1&amp;utm_source=so&amp;utm_medium=mail&amp;cid=4594be92-3922-4e9e-9d2d-85fd5fba0af9\">estimaciones m\u00e1s duras<\/a>, por ejemplo la del consultor Daniel Ricchione, publicada en el sitio Farmascopionet, donde se afirma que los medicamentos de dispensa con receta acumularon nada menos que un 299% en 2023.<\/p>\n\n\n\n<p>Como la mayor\u00eda de los f\u00e1rmacos lleva una cantidad significativa de&nbsp;<a href=\"https:\/\/www.clarin.com\/economia\/afip-elimina-trabas-restringian-importaciones_0_1uRrzw4NTq.html\">insumos importados<\/a>, es l\u00f3gico asumir que&nbsp;<strong>la devaluaci\u00f3n habr\u00e1 influenciado mucho en los precios<\/strong>. Sin embargo, no faltan voces que denuncian un alza desmedida el a\u00f1o pasado, como la de Ricchione, cuyoinforme se\u00f1ala que &#8220;no se justifica el aumento de los precios durante el 2023 por ninguna de las variables inflacionarias&#8221;.<\/p>\n\n\n\n<p>No es un contexto simple. Pesa especialmente la cuesti\u00f3n de los gen\u00e9ricos (copias de medicamentos con patente vencida, aprobadas por pruebas de bioequivalencia), que\u00a0<a href=\"https:\/\/www.clarin.com\/sociedad\/alto-precio-remedios-deuda-genericos-argentina_0_pgB00sNHos.html\">en otros mercados lograron bajar los precios pero que en Argentina nunca se desarrollaron<\/a>. Sin embargo, sin que el p\u00fablico lo sepa (porque el packaging nunca lo indica), el 90% de los remedios que se venden ac\u00e1 son\u00a0<strong>copias de originales con patente vencida<\/strong>\u00a0aprobados por la ANMAT pero sin prueba de bioequivalencia mediante. As\u00ed, lo que termina organizando los precios del sector es, finalmente, el peso de marca.<\/p>\n\n\n\n<p>Fuente: https:\/\/www.clarin.com\/sociedad\/dato-ventas-medicamentos-enciende-alarma_0_yw0iO57K7O.html<\/p>\n","protected":false},"excerpt":{"rendered":"<p>Seg\u00fan estad\u00edsticas de la Confederaci\u00f3n Farmac\u00e9utica Argentina (COFA), la ca\u00edda interanual fue del 4,6%.Especialistas advierten sobre el impacto en la salud de discontinuar o espaciar la toma de una medicaci\u00f3n. Por la crisis econ\u00f3mica, el consumo de medicamentos Muchos cruzan los dedos para que&nbsp;el freno del consumo&nbsp;desacelere la escalada de precios, confiando en el \u00e9xito [&hellip;]<\/p>\n","protected":false},"author":3,"featured_media":753,"comment_status":"open","ping_status":"open","sticky":false,"template":"","format":"standard","meta":{"footnotes":""},"categories":[13,3,12],"tags":[407,406],"class_list":["post-752","post","type-post","status-publish","format-standard","has-post-thumbnail","hentry","category-politica","category-principal","category-sociedad","tag-farmacias","tag-venta-de-medicamentos"],"_links":{"self":[{"href":"https:\/\/noticiassaludables.com.ar\/index.php?rest_route=\/wp\/v2\/posts\/752","targetHints":{"allow":["GET"]}}],"collection":[{"href":"https:\/\/noticiassaludables.com.ar\/index.php?rest_route=\/wp\/v2\/posts"}],"about":[{"href":"https:\/\/noticiassaludables.com.ar\/index.php?rest_route=\/wp\/v2\/types\/post"}],"author":[{"embeddable":true,"href":"https:\/\/noticiassaludables.com.ar\/index.php?rest_route=\/wp\/v2\/users\/3"}],"replies":[{"embeddable":true,"href":"https:\/\/noticiassaludables.com.ar\/index.php?rest_route=%2Fwp%2Fv2%2Fcomments&post=752"}],"version-history":[{"count":1,"href":"https:\/\/noticiassaludables.com.ar\/index.php?rest_route=\/wp\/v2\/posts\/752\/revisions"}],"predecessor-version":[{"id":754,"href":"https:\/\/noticiassaludables.com.ar\/index.php?rest_route=\/wp\/v2\/posts\/752\/revisions\/754"}],"wp:featuredmedia":[{"embeddable":true,"href":"https:\/\/noticiassaludables.com.ar\/index.php?rest_route=\/wp\/v2\/media\/753"}],"wp:attachment":[{"href":"https:\/\/noticiassaludables.com.ar\/index.php?rest_route=%2Fwp%2Fv2%2Fmedia&parent=752"}],"wp:term":[{"taxonomy":"category","embeddable":true,"href":"https:\/\/noticiassaludables.com.ar\/index.php?rest_route=%2Fwp%2Fv2%2Fcategories&post=752"},{"taxonomy":"post_tag","embeddable":true,"href":"https:\/\/noticiassaludables.com.ar\/index.php?rest_route=%2Fwp%2Fv2%2Ftags&post=752"}],"curies":[{"name":"wp","href":"https:\/\/api.w.org\/{rel}","templated":true}]}}