{"id":760,"date":"2024-01-31T10:58:58","date_gmt":"2024-01-31T13:58:58","guid":{"rendered":"https:\/\/noticiassaludables.com.ar\/?p=760"},"modified":"2024-01-31T10:58:59","modified_gmt":"2024-01-31T13:58:59","slug":"las-antiguas-migraciones-moldearon-el-riesgo-de-desarrollar-enfermedades","status":"publish","type":"post","link":"https:\/\/noticiassaludables.com.ar\/?p=760","title":{"rendered":"Las antiguas migraciones moldearon el riesgo de desarrollar enfermedades"},"content":{"rendered":"\n<p>Una investigaci\u00f3n encontr\u00f3 que los genes que aumentan significativamente el riesgo de este tipo de patolog\u00edas, fueron introducidos hace unos 5 mil a\u00f1os por pastores de ovejas que emigraron desde el noroeste de Europa. Los detalles publicados en la revista Nature<\/p>\n\n\n\n<p>Al secuenciar ADN humano antiguo y compararlo con muestras modernas, un equipo internacional de expertos traz\u00f3 un&nbsp;<strong>mapa de la propagaci\u00f3n hist\u00f3rica de genes<\/strong>&nbsp;(y enfermedades) a lo largo del tiempo a medida que las poblaciones migraban. Los sorprendentes resultados se han revelado en la&nbsp;<a rel=\"noreferrer noopener\" href=\"https:\/\/www.nature.com\/articles\/s41586-023-06618-z\" target=\"_blank\">revista Nature<\/a>&nbsp;y proporcionan una nueva&nbsp;<strong>comprensi\u00f3n biol\u00f3gica de los trastornos debilitantes<\/strong>. En el estudio particip\u00f3 un gran equipo internacional dirigido por&nbsp;<strong>Eske Willerslev<\/strong>&nbsp;de la universidades de Cambridge y Copenhague,&nbsp;<strong>Thomas Werge<\/strong>&nbsp;de la Universidad de Copenhague y&nbsp;<strong>Rasmus Nielsen<\/strong>&nbsp;de la Universidad de California, Berkeley.<\/p>\n\n\n\n<p>El equipo de trabajo encontr\u00f3 los<strong>&nbsp;or\u00edgenes de las enfermedades neurodegenerativas,&nbsp;<\/strong>incluida la&nbsp;<strong>esclerosis m\u00faltiple<\/strong>, la raz\u00f3n por la cual los \u00edndices de estas dolencias en&nbsp;<strong>europeos del norte<\/strong>&nbsp;<strong>son hoy m\u00e1s altos que los del sur de Europa<\/strong>. Tambi\u00e9n dieron cuenta de c\u00f3mo las grandes migraciones de hace unos 5.000 a\u00f1os introdujeron genes de riesgo en la poblaci\u00f3n del noroeste de Europa, dejando un legado de&nbsp;<strong>tasas m\u00e1s altas de esclerosis m\u00faltiple<\/strong>&nbsp;en la actualidad y por qu\u00e9 ser portador del gen era una ventaja en ese momento, ya que proteg\u00eda a los antiguos agricultores de contraer enfermedades infecciosas en sus ovejas y ganado.<\/p>\n\n\n\n<p>Los genes que se sabe que aumentan el riesgo de enfermedades como el&nbsp;<strong>Alzheimer&nbsp;<\/strong>y la&nbsp;<strong>diabetes tipo 2<\/strong>&nbsp;se remontan a los&nbsp;<strong>cazadores recolectores.<\/strong><\/p>\n\n\n\n<h2 class=\"wp-block-heading\">La mayor prevalencia de esclerosis m\u00faltiple del mundo<\/h2>\n\n\n\n<p><img loading=\"lazy\" decoding=\"async\" alt=\"Los hallazgos del estudio muestran un gradiente norte-sur en Europa, con aproximadamente el doble de casos de esclerosis m\u00faltiple en el norte que en el sur. Esto se atribuye a la influencia gen\u00e9tica del pueblo Yamnaya, antepasados de los habitantes actuales del noroeste de Europa, cuyas variantes gen\u00e9ticas aumentan el riesgo de desarrollar la enfermedad (Getty Images)\" height=\"1079\" width=\"1918\" src=\"https:\/\/www.infobae.com\/new-resizer\/VEUmR7wwW89CMEynA-Kdwkyt2nc=\/420x236\/filters:format(webp):quality(85)\/cloudfront-us-east-1.images.arcpublishing.com\/infobae\/FK2AO22C7NEUFII7NQNOYPDMAY.jpg%20420w\" srcset=\"https:\/\/www.infobae.com\/new-resizer\/VEUmR7wwW89CMEynA-Kdwkyt2nc=\/420x236\/filters:format(webp):quality(85)\/cloudfront-us-east-1.images.arcpublishing.com\/infobae\/FK2AO22C7NEUFII7NQNOYPDMAY.jpg 420w,https:\/\/www.infobae.com\/new-resizer\/oZL616rhCNWLHQBt6TnZFw6M_gs=\/768x432\/filters:format(webp):quality(85)\/cloudfront-us-east-1.images.arcpublishing.com\/infobae\/FK2AO22C7NEUFII7NQNOYPDMAY.jpg 768w,https:\/\/www.infobae.com\/new-resizer\/Vv9uy5nEhAmCvE32V4UsTAV8n6w=\/992x558\/filters:format(webp):quality(85)\/cloudfront-us-east-1.images.arcpublishing.com\/infobae\/FK2AO22C7NEUFII7NQNOYPDMAY.jpg 992w,https:\/\/www.infobae.com\/new-resizer\/KYt6pNIfLVROfNBwdhtN7Vd6HaY=\/1200x675\/filters:format(webp):quality(85)\/cloudfront-us-east-1.images.arcpublishing.com\/infobae\/FK2AO22C7NEUFII7NQNOYPDMAY.jpg 1200w,https:\/\/www.infobae.com\/new-resizer\/RfLVp5J1XlpvZGRcQZ4aI36c9Ns=\/1440x810\/filters:format(webp):quality(85)\/cloudfront-us-east-1.images.arcpublishing.com\/infobae\/FK2AO22C7NEUFII7NQNOYPDMAY.jpg 1440w\">Los hallazgos del estudio muestran un gradiente norte-sur en Europa, con aproximadamente el doble de casos de esclerosis m\u00faltiple en el norte que en el sur. Esto se atribuye a la influencia gen\u00e9tica del pueblo Yamnaya, antepasados de los habitantes actuales del noroeste de Europa, cuyas variantes gen\u00e9ticas aumentan el riesgo de desarrollar la enfermedad (Getty Images)<\/p>\n\n\n\n<p>El nuevo estudio determin\u00f3 que los genes que aumentan significativamente el riesgo de que una persona desarrolle esclerosis m\u00faltiple fueron introducidos en el noroeste de Europa hace unos\u00a0<strong>5.000 a\u00f1os por pastores de ovejas y ganado<\/strong>\u00a0que emigraron desde el este.<\/p>\n\n\n\n<p>Al analizar el ADN de huesos y dientes humanos antiguos, encontrados en lugares documentados de toda&nbsp;<strong>Eurasia<\/strong>, los investigadores rastrearon la propagaci\u00f3n geogr\u00e1fica de la enfermedad desde sus or\u00edgenes en la estepa p\u00f3ntica (una regi\u00f3n que abarca partes de lo que hoy son&nbsp;<strong>Ucrania<\/strong>, el suroeste de&nbsp;<strong>Rusia&nbsp;<\/strong>y el oeste de la regi\u00f3n de&nbsp;<strong>Kazajst\u00e1n<\/strong>).<\/p>\n\n\n\n<p>Descubrieron que las<strong>&nbsp;variantes gen\u00e9ticas&nbsp;<\/strong>asociadas con el riesgo de desarrollar esclerosis m\u00faltiple viajaban con el&nbsp;<strong>pueblo Yamnaya<\/strong>, pastores de ganado que emigraban a trav\u00e9s de la estepa p\u00f3ntica hacia el noroeste de Europa.<\/p>\n\n\n\n<p>Estas variantes gen\u00e9ticas proporcionaron una&nbsp;<strong>ventaja de supervivencia<\/strong>&nbsp;a este grupo, probablemente protegi\u00e9ndolos de contraer<strong>&nbsp;infecciones de sus ovejas y ganado<\/strong>. Pero tambi\u00e9n&nbsp;<strong>aumentaron el riesgo de desarrollar la enfermedad.<\/strong><\/p>\n\n\n\n<p><img loading=\"lazy\" decoding=\"async\" alt=\"La esclerosis m\u00faltiple es una enfermedad neurodegenerativa en la que el sistema inmunol\u00f3gico del cuerpo ataca por error el aislamiento que rodea las fibras nerviosas del cerebro y la m\u00e9dula espinal\" height=\"1080\" width=\"1920\" src=\"https:\/\/www.infobae.com\/new-resizer\/kQfhAK0o6g8ofZt0I7kpxwZLyzw=\/420x236\/filters:format(webp):quality(85)\/cloudfront-us-east-1.images.arcpublishing.com\/infobae\/ILFIUJEI6VCZRGRWMDI6A67H4Y.jpg%20420w\" srcset=\"https:\/\/www.infobae.com\/new-resizer\/kQfhAK0o6g8ofZt0I7kpxwZLyzw=\/420x236\/filters:format(webp):quality(85)\/cloudfront-us-east-1.images.arcpublishing.com\/infobae\/ILFIUJEI6VCZRGRWMDI6A67H4Y.jpg 420w,https:\/\/www.infobae.com\/new-resizer\/ldEOnfo6cpTrdYG5bau_RsaDLgc=\/768x432\/filters:format(webp):quality(85)\/cloudfront-us-east-1.images.arcpublishing.com\/infobae\/ILFIUJEI6VCZRGRWMDI6A67H4Y.jpg 768w,https:\/\/www.infobae.com\/new-resizer\/mYpYTpvu02EPKC0cuykNbKkCJ84=\/992x558\/filters:format(webp):quality(85)\/cloudfront-us-east-1.images.arcpublishing.com\/infobae\/ILFIUJEI6VCZRGRWMDI6A67H4Y.jpg 992w,https:\/\/www.infobae.com\/new-resizer\/HxvzTDq0Cl5px7tM1j867fVwEoA=\/1200x675\/filters:format(webp):quality(85)\/cloudfront-us-east-1.images.arcpublishing.com\/infobae\/ILFIUJEI6VCZRGRWMDI6A67H4Y.jpg 1200w,https:\/\/www.infobae.com\/new-resizer\/fe1slvWI_dH4AlRWw-hezdXhIQ8=\/1440x810\/filters:format(webp):quality(85)\/cloudfront-us-east-1.images.arcpublishing.com\/infobae\/ILFIUJEI6VCZRGRWMDI6A67H4Y.jpg 1440w\">La esclerosis m\u00faltiple es una enfermedad neurodegenerativa en la que el sistema inmunol\u00f3gico del cuerpo ataca por error el aislamiento que rodea las fibras nerviosas del cerebro y la m\u00e9dula espinal<\/p>\n\n\n\n<p>La edad de los ejemplares abarca desde el Mesol\u00edtico y el Neol\u00edtico hasta la Edad Media, pasando por las de Bronce e Hierro y el per\u00edodo vikingo. El\u00a0<strong>genoma m\u00e1s antiguo<\/strong>\u00a0del conjunto de datos pertenece a un individuo que vivi\u00f3 hace aproximadamente\u00a0<strong>34.000 a\u00f1os.<\/strong><\/p>\n\n\n\n<p>Los hallazgos proporcionan una explicaci\u00f3n para el gradiente norte-sur, en el que hay alrededor del doble de casos modernos de esclerosis m\u00faltiple en el norte de Europa que en el sur, lo que ha sido durante mucho tiempo un&nbsp;<strong>misterio para los investigadores.<\/strong><\/p>\n\n\n\n<p>Desde una perspectiva gen\u00e9tica, se cree que el pueblo Yamnaya es el antepasado de los habitantes actuales de gran parte del noroeste de Europa. Su influencia gen\u00e9tica en la poblaci\u00f3n actual del sur de Europa es mucho m\u00e1s d\u00e9bil.<\/p>\n\n\n\n<p>Estudios anteriores han identificado<strong>&nbsp;233 variantes gen\u00e9ticas&nbsp;<\/strong>que aumentan el riesgo de desarrollar esclerosis m\u00faltiple, tambi\u00e9n afectadas por factores ambientales y de estilo de vida. Su presencia aumenta el riesgo de enfermedad en alrededor de un&nbsp;<strong>30 por ciento.<\/strong>&nbsp;La nueva investigaci\u00f3n encontr\u00f3 que este perfil de riesgo gen\u00e9tico moderno para la esclerosis m\u00faltiple tambi\u00e9n est\u00e1&nbsp;<strong>presente en huesos y dientes<\/strong>&nbsp;que tienen miles de a\u00f1os.<\/p>\n\n\n\n<p><img loading=\"lazy\" decoding=\"async\" alt=\"Los investigadores planean expandir este estudio a otras enfermedades como el Parkinson y el Alzheimer\" height=\"1080\" width=\"1920\" src=\"https:\/\/www.infobae.com\/new-resizer\/USpocBVpTYCbaF4LOaRNN4j6VHw=\/420x236\/filters:format(webp):quality(85)\/cloudfront-us-east-1.images.arcpublishing.com\/infobae\/GW3QQSD6MFH4HELML3SHLUQXAM.jpg%20420w\" srcset=\"https:\/\/www.infobae.com\/new-resizer\/USpocBVpTYCbaF4LOaRNN4j6VHw=\/420x236\/filters:format(webp):quality(85)\/cloudfront-us-east-1.images.arcpublishing.com\/infobae\/GW3QQSD6MFH4HELML3SHLUQXAM.jpg 420w,https:\/\/www.infobae.com\/new-resizer\/AhQGyR5DBhiB39jsJrE4hHp5GHc=\/768x432\/filters:format(webp):quality(85)\/cloudfront-us-east-1.images.arcpublishing.com\/infobae\/GW3QQSD6MFH4HELML3SHLUQXAM.jpg 768w,https:\/\/www.infobae.com\/new-resizer\/2A_CW1mrhm6BaJ-xKz-9JOkIl-4=\/992x558\/filters:format(webp):quality(85)\/cloudfront-us-east-1.images.arcpublishing.com\/infobae\/GW3QQSD6MFH4HELML3SHLUQXAM.jpg 992w,https:\/\/www.infobae.com\/new-resizer\/bTaUthJ6k-WyQnhaGEdV3MuEy1c=\/1200x675\/filters:format(webp):quality(85)\/cloudfront-us-east-1.images.arcpublishing.com\/infobae\/GW3QQSD6MFH4HELML3SHLUQXAM.jpg 1200w,https:\/\/www.infobae.com\/new-resizer\/-_x3XIF8YzMoCF2RWP0RKMpavJE=\/1440x810\/filters:format(webp):quality(85)\/cloudfront-us-east-1.images.arcpublishing.com\/infobae\/GW3QQSD6MFH4HELML3SHLUQXAM.jpg 1440w\">Los investigadores planean expandir este estudio a otras enfermedades como el Parkinson y el Alzheimer<\/p>\n\n\n\n<p>La esclerosis m\u00faltiple es una&nbsp;<strong>enfermedad neurodegenerativa<\/strong>&nbsp;en la que el sistema inmunol\u00f3gico del cuerpo ataca por error el aislamiento que rodea las fibras nerviosas del&nbsp;<strong>cerebro y la m\u00e9dula espinal<\/strong>. Esto provoca brotes de s\u00edntomas conocidos como&nbsp;<strong>reca\u00eddas<\/strong>, as\u00ed como una&nbsp;<strong>degeneraci\u00f3n&nbsp;<\/strong>a largo plazo, conocida como&nbsp;<strong>progresi\u00f3n<\/strong>.<\/p>\n\n\n\n<p>Los nuevos hallazgos fueron posibles gracias al an\u00e1lisis de los datos contenidos en un&nbsp;<strong>banco de genes \u00fanico de ADN antiguo<\/strong>, creado por los investigadores durante los \u00faltimos cinco a\u00f1os con financiaci\u00f3n de la Fundaci\u00f3n Lundbeck.<\/p>\n\n\n\n<p>Este es el primer banco de genes de este tipo en el mundo y ya ha permitido obtener nuevos conocimientos fascinantes en \u00e1reas que van desde las antiguas migraciones humanas hasta los<strong>&nbsp;perfiles de riesgo<\/strong>&nbsp;determinados&nbsp;<strong>gen\u00e9ticamente&nbsp;<\/strong>para el desarrollo de&nbsp;<strong>trastornos cerebrales.<\/strong><\/p>\n\n\n\n<p>El equipo ahora planea investigar otras\u00a0<strong>afecciones neurol\u00f3gicas<\/strong>, incluidas las enfermedades de\u00a0<strong>Parkinson y Alzheimer, y trastornos psiqui\u00e1tricos<\/strong>, incluidos el\u00a0<strong>TDAH\u00a0<\/strong>y la\u00a0<strong>esquizofrenia<\/strong>. Han recibido solicitudes de investigadores de enfermedades de todo el mundo para acceder a los perfiles de ADN antiguos y, finalmente, pretenden que el banco de genes tenga acceso abierto.<\/p>\n\n\n\n<p>Fuente: https:\/\/www.infobae.com\/salud\/2024\/01\/31\/mapa-genetico-historico-como-antiguas-migraciones-moldearon-el-riesgo-de-las-enfermedades-neurodegenerativas\/<\/p>\n","protected":false},"excerpt":{"rendered":"<p>Una investigaci\u00f3n encontr\u00f3 que los genes que aumentan significativamente el riesgo de este tipo de patolog\u00edas, fueron introducidos hace unos 5 mil a\u00f1os por pastores de ovejas que emigraron desde el noroeste de Europa. Los detalles publicados en la revista Nature Al secuenciar ADN humano antiguo y compararlo con muestras modernas, un equipo internacional de [&hellip;]<\/p>\n","protected":false},"author":3,"featured_media":761,"comment_status":"open","ping_status":"open","sticky":false,"template":"","format":"standard","meta":{"footnotes":""},"categories":[7,12],"tags":[409,410],"class_list":["post-760","post","type-post","status-publish","format-standard","has-post-thumbnail","hentry","category-ciencia","category-sociedad","tag-antiguas-migraciones","tag-propagacion-genetica"],"_links":{"self":[{"href":"https:\/\/noticiassaludables.com.ar\/index.php?rest_route=\/wp\/v2\/posts\/760","targetHints":{"allow":["GET"]}}],"collection":[{"href":"https:\/\/noticiassaludables.com.ar\/index.php?rest_route=\/wp\/v2\/posts"}],"about":[{"href":"https:\/\/noticiassaludables.com.ar\/index.php?rest_route=\/wp\/v2\/types\/post"}],"author":[{"embeddable":true,"href":"https:\/\/noticiassaludables.com.ar\/index.php?rest_route=\/wp\/v2\/users\/3"}],"replies":[{"embeddable":true,"href":"https:\/\/noticiassaludables.com.ar\/index.php?rest_route=%2Fwp%2Fv2%2Fcomments&post=760"}],"version-history":[{"count":1,"href":"https:\/\/noticiassaludables.com.ar\/index.php?rest_route=\/wp\/v2\/posts\/760\/revisions"}],"predecessor-version":[{"id":762,"href":"https:\/\/noticiassaludables.com.ar\/index.php?rest_route=\/wp\/v2\/posts\/760\/revisions\/762"}],"wp:featuredmedia":[{"embeddable":true,"href":"https:\/\/noticiassaludables.com.ar\/index.php?rest_route=\/wp\/v2\/media\/761"}],"wp:attachment":[{"href":"https:\/\/noticiassaludables.com.ar\/index.php?rest_route=%2Fwp%2Fv2%2Fmedia&parent=760"}],"wp:term":[{"taxonomy":"category","embeddable":true,"href":"https:\/\/noticiassaludables.com.ar\/index.php?rest_route=%2Fwp%2Fv2%2Fcategories&post=760"},{"taxonomy":"post_tag","embeddable":true,"href":"https:\/\/noticiassaludables.com.ar\/index.php?rest_route=%2Fwp%2Fv2%2Ftags&post=760"}],"curies":[{"name":"wp","href":"https:\/\/api.w.org\/{rel}","templated":true}]}}