{"id":763,"date":"2024-01-31T11:16:09","date_gmt":"2024-01-31T14:16:09","guid":{"rendered":"https:\/\/noticiassaludables.com.ar\/?p=763"},"modified":"2024-01-31T11:16:10","modified_gmt":"2024-01-31T14:16:10","slug":"en-todo-el-pais-hubo-reclamos-por-los-despidos-del-conicet","status":"publish","type":"post","link":"https:\/\/noticiassaludables.com.ar\/?p=763","title":{"rendered":"En todo el pa\u00eds hubo reclamos por los despidos del Conicet"},"content":{"rendered":"\n<h2 class=\"wp-block-heading\">Tras una nueva tanda de 50 administrativos despedidos, denuncian una pol\u00edtica de vaciamiento impulsada por el gobierno nacional, ahogo presupuestario y falta de conducci\u00f3n.&nbsp;<\/h2>\n\n\n\n<p><a href=\"https:\/\/www.pagina12.com.ar\/autores\/5997-silvina-friera\"><\/a><\/p>\n\n\n\n<figure class=\"wp-block-image\"><img decoding=\"async\" src=\"https:\/\/images.pagina12.com.ar\/styles\/focal_3_2_960x640\/public\/2024-01\/811988-3-a.JPG?h=c6980913&amp;itok=4dNYB9My\" alt=\"Los actos y movilizaciones se repitieron en Caba, Rosario, Santa Fe, La Plata, Mar del Plata, C\u00f3rdoba.\"\/><figcaption class=\"wp-element-caption\">Los actos y movilizaciones se repitieron en Caba, Rosario, Santa Fe, La Plata, Mar del Plata, C\u00f3rdoba.<\/figcaption><\/figure>\n\n\n\n<p>La comunidad cient\u00edfica est\u00e1 movilizada por los&nbsp;<strong>despidos, que ya ascienden a 160 (con una flamante tanda de 50 administrativos)<\/strong>, y el \u201cbrutal ajuste\u201d del gobierno ultraderechista de Javier Milei. \u201c\u00a1En Conicet no sobra nadie!\u201d fue la consigna de la<strong>&nbsp;jornada nacional de lucha&nbsp;<\/strong>en defensa del organismo, reconocido como&nbsp;<strong>la mejor instituci\u00f3n cient\u00edfica de Latinoam\u00e9rica<\/strong>. En CABA hubo dos llamamientos: por la ma\u00f1ana hubo un acto en el Polo Cient\u00edfico, en Palermo, en el que habl\u00f3 un referente de la comunidad cient\u00edfica argentina, el bi\u00f3logo molecular&nbsp;<strong>Alberto Kornblihtt<\/strong>, quien reiter\u00f3 la defensa de la investigaci\u00f3n en ciencia y tecnolog\u00eda que hab\u00eda presentado en el Congreso. Por la tarde, en un masivo plenario de cient\u00edficos, se consensu\u00f3 un documento en el que se detalla la comprometid\u00edsima situaci\u00f3n de la ciencia y la tecnolog\u00eda en el pa\u00eds, a menos de dos meses de la asunci\u00f3n del nuevo gobierno.<\/p>\n\n\n\n<p>En C\u00f3rdoba, Bah\u00eda Blanca, Neuqu\u00e9n, Mendoza, Entre R\u00edos, Santa Fe, Rosario, Posadas, La Plata y Mar del Plata, entre otras ciudades, hubo banderas que condensan el retroceso que implica&nbsp;<strong>el despido de 50 trabajadoras y trabajadores administrativos y que se haya pospuesto la publicaci\u00f3n de los resultados de la convocatoria de Becas y Promociones&nbsp;<\/strong>hasta tanto se configure el presupuesto definitivo del organismo; una medida que puede&nbsp;<strong>marcar el comienzo de un nuevo \u00e9xodo de cient\u00edficos argentinos<\/strong>. \u201cEl a\u00f1o pasado ped\u00edamos aportes jubilatorios. Ahora luchamos para que nos aseguren cobrar el sueldo. Lo que no vemos es el progreso\u201d, se le\u00eda en una cartulina manuscrita. Desde Rosario,&nbsp;<strong>Marianela Scocco<\/strong>, becaria posdoctoral, licenciada y profesora de Historia por la Facultad de Humanidades y Artes (UNR) y delegada de ATE-Conicet, traz\u00f3 un futuro m\u00e1s incierto: \u201cPodemos funcionar, pagar gastos y salarios hasta junio de este a\u00f1o\u201d, afirm\u00f3 en di\u00e1logo con radio Nacional Rosario Roberto Fontanarrosa.<\/p>\n\n\n\n<p>&#8220;Los 50 trabajadores administrativos despedidos son una advertencia al resto de los empleados contratados.&nbsp;<strong>Hay otros 1.100 a los cuales ya les avisaron que sus contratos estar\u00e1n vigentes solo hasta marzo<\/strong>\u201d, plantea&nbsp;<strong>Roberto Salvarezza<\/strong>, exministro de Ciencia, Tecnolog\u00eda e Innovaci\u00f3n y expresidente del Conicet, a&nbsp;<strong>P\u00e1gina\/12<\/strong>. \u201cLos administrativos son fundamentales para el funcionamiento del Conicet;&nbsp;<strong>con una planta de 11.000 investigadores 12.000 becarios y 3.000 t\u00e9cnicos y m\u00e1s de 300 centros e institutos en todo el pa\u00eds tiene solo poco m\u00e1s de 2.600 administrativos.<\/strong>&nbsp;La burocracia m\u00e1s peque\u00f1a del Estado. Si se despide m\u00e1s personal administrativo dif\u00edcilmente se pueda funcionar; son parte fundamental del funcionamiento del Conicet\u201d, agrega Salvarezza.<\/p>\n\n\n\n<h2 class=\"wp-block-heading\">Ciencia p\u00fablica es soberan\u00eda<\/h2>\n\n\n\n<p>La Asamblea de trabajadoras y trabajadores de Conicet del Centro Cient\u00edfico Tecnol\u00f3gico (CCT) Rosario y ATE Rosario se concentraron en Ocampo y Esmeralda, en el predio conocido como La Siberia. Los cient\u00edficos rosarinos alzaron sus carteles para visibilizar los reclamos: \u201c<strong>El conocimiento no es una mercanc\u00eda<\/strong>\u201d. \u201cInvestigar es trabajar. \u00a1Queremos trabajar!\u201d. \u201cCiencia p\u00fablica es soberan\u00eda\u201d. \u201cM\u00e1s ciencia es m\u00e1s libertad\u201d. \u201cEl ajuste paraliza la ciencia\u201d. \u201cNo al desfinanciamiento de la ciencia y tecnolog\u00eda\u201d. La protesta consisti\u00f3 en una radio abierta y una conferencia de prensa en la que fundamentaron los motivos de la medida. El eje del reclamo est\u00e1 puesto en la reincorporaci\u00f3n inmediata del personal administrativo despedido, que ATE-Conicet considera parte de \u201cuna pol\u00edtica de paralizaci\u00f3n, vaciamiento y desguace del Estado y del Conicet en particular, impulsado por el gobierno nacional mediante un ahogo presupuestario\u201d. Otra cuesti\u00f3n es la&nbsp;<strong>paralizaci\u00f3n de las becas a investigadores<\/strong>: 1.300 internas doctorales, 300 internas de finalizaci\u00f3n de doctorado y m\u00e1s 800 postdoctorales.<\/p>\n\n\n\n<p>En el centro tecnol\u00f3gico de Rosario, 49 empleados se quedar\u00e1n sin trabajo este mi\u00e9rcoles por la resoluci\u00f3n del decreto 84 del gobierno nacional. \u201cEn Conicet no sobra nadie,<strong>&nbsp;no somos casta, no son cargos \u00f1oquis<\/strong>, es gente que labura y necesitamos que hagan los trabajos administrativos pertinentes para el funcionamiento del organismo.&nbsp;<strong>Dar de baja estos puestos responde a una pol\u00edtica de desfinanciamiento<\/strong>\u201d, explic\u00f3 Victoria Bona, becaria doctoral y licenciada en la Escuela de Historia de la Universidad Nacional de Rosario. Carlos Pi\u00f1a, director del Conicet Santa Fe, puntaliz\u00f3 que all\u00ed fueron despedidas cinco personas: cuatro en la ciudad capital y una m\u00e1s en Rosario. \u201cTodo sistema es colectivo y hay un engranaje.&nbsp;<strong>Un investigador puede ser muy bueno en un laboratorio, pero si no tiene una parte administrativa que pueda llevar adelante la ejecuci\u00f3n del proyecto, ir viendo fondos o el mantenimiento de los edificios, se complica much\u00edsimo<\/strong>. Los administrativos son piezas invaluables de este proceso\u201d, destac\u00f3 Pi\u00f1a.<\/p>\n\n\n\n<h2 class=\"wp-block-heading\">La continuidad del organismo en peligro<\/h2>\n\n\n\n<p>Sin un aumento del presupuesto que pueda compensar la estampida inflacionaria que se gener\u00f3 desde la asunci\u00f3n de Milei, la continuidad del organismo mantiene en vilo a la comunidad. \u201cHoy estamos muy complicados para poder garantizar el funcionamiento. El presupuesto 2023 se vot\u00f3 en noviembre de 2022. \u00bfD\u00f3nde consegu\u00eds a alguien que te venda a precios de 2022?&nbsp;<strong>Tendr\u00edamos que triplicar el presupuesto para mantener los mismos niveles solamente<\/strong>\u201d, reconoci\u00f3 el director del Conicet Santa Fe y admiti\u00f3 que hubo que recortar \u201csustancialmente en varias cosas\u201d para llegar a junio.<\/p>\n\n\n\n<p>En La Plata realizaron una \u201cMateada colectiva\u201d para protestar contra los despidos, que ascienden a m\u00e1s de 160 en todo el pa\u00eds, y por el desfinanciamiento de la instituci\u00f3n cient\u00edfica. La secretaria general de<strong>&nbsp;<\/strong>ATE-Conicet de La Plata, Agustina L\u00f3pez Villar,<strong>&nbsp;<\/strong>asegur\u00f3 en declaraciones a T\u00e9lam que \u201cllegaron notificaciones de la rescisi\u00f3n de 50 contratos de trabajadores administrativos de planta transitoria de renovaci\u00f3n anual, a los que se les vence el 31 de enero, pero tambi\u00e9n sabemos que est\u00e1n llegando algunas rescisiones de contrato de monotributistas&#8221;.&nbsp;<strong>El listado creci\u00f3 hasta alcanzar los 160 despidos<\/strong>, a lo que se suma la&nbsp;<strong>supresi\u00f3n de las horas extras<\/strong>, la&nbsp;<strong>discontinuidad en la publicaci\u00f3n de los resultados de becas doctorales<\/strong>&nbsp;y la&nbsp;<strong>falta de promoci\u00f3n de investigadores<\/strong>. Nicol\u00e1s Redtorff, secretario de Ciencia y T\u00e9cnica de la Universidad Nacional de la Plata, confirm\u00f3 que cuatro de los 160 trabajadores despedidos son de La Plata y precis\u00f3 que esto es provocado por una decisi\u00f3n del gobierno de Milei de recortar y desinvertir en el sector cient\u00edfico. El investigador platense exigi\u00f3 la reincorporaci\u00f3n de las personas despedidas y la restituci\u00f3n de las horas extras.&nbsp;<strong>\u201cHay una p\u00e9rdida de soberan\u00eda cuando se atenta contra el sistema cient\u00edfico y universitario\u201d<\/strong>, subray\u00f3 Redtorff.<\/p>\n\n\n\n<p>Desde Posadas, Sandra Nicosia, personal de apoyo del Conicet, revel\u00f3 detalles preocupantes. Dos de los 50 trabajadores administrativos despedidos son de Posadas. \u201cTenemos compa\u00f1eros que fueron aprobados para becas extraordinarias, con la promesa de un ingreso hasta que se efectivice su alta, pero de un d\u00eda para otro se les dio de baja\u201d, lament\u00f3 Nicosia y aclar\u00f3 que m\u00e1s de 100 personas se encuentran en esta situaci\u00f3n en la provincia de Misiones. En Mar del Plata se realiz\u00f3 un abrazo simb\u00f3lico a la sede del Instituto de Investigaciones en Ciencia y Tecnolog\u00eda de Materiales (Intema) y se denunci\u00f3 una virtual \u201cpar\u00e1lisis\u201d del instituto de ciencia y tecnolog\u00eda, donde fueron despedidas dos trabajadoras que garantizaban la limpieza de este instituto que tiene m\u00e1s de 500 trabajadores.&nbsp;<strong>\u201cNo hay ninguna certeza de c\u00f3mo va a funcionar el Conicet\u201d<\/strong>, ya que \u201ccon el mismo presupuesto sabemos que el organismo funciona hasta mitad de a\u00f1o, como mucho, por la devaluaci\u00f3n de la moneda&#8221;, expres\u00f3 Cintia Rodrigo, investigadora del Conicet, y detall\u00f3 que&nbsp;<strong>los aumentos paritarios deber\u00e1n ser afrontados con el mismo presupuesto que fue aprobado en 2022<\/strong>. \u201cHay una situaci\u00f3n casi de par\u00e1lisis de lo que es el Conicet en este momento\u201d, describi\u00f3 Rodrigo lo que vienen denunciando sus pares cient\u00edficos en todo el pa\u00eds. \u201cSin ciencia no hay futuro\u201d, a\u00f1adi\u00f3 la investigadora marplatense.<\/p>\n\n\n\n<h2 class=\"wp-block-heading\">Liberalismo neocolonial<\/h2>\n\n\n\n<p>En di\u00e1logo con este diario, la qu\u00edmica&nbsp;<strong>Ana Franchi<\/strong>, que presidi\u00f3 el Conicet hasta el 10 de diciembre de 2023, confirma que la situaci\u00f3n del Conicet es \u201cmuy grave\u201d porque el personal administrativo garantiza la continuidad de las pol\u00edticas cient\u00edficas. \u201cAl no haber una idea de pol\u00edtica cient\u00edfica atr\u00e1s, salvo el achique, la p\u00e9rdida de personal se va a sentir mucho m\u00e1s a mediano plazo\u201d, advierte Franchi y observa que&nbsp;<strong>hay una campa\u00f1a de desprestigio de la ciencia y la tecnolog\u00eda viralizada desde el sistema cloacal de las redes sociales<\/strong>. \u201cCada vez que tenemos un gobierno cuya idea es vivir de la explotaci\u00f3n de las materias primas, y no de todo lo que la Argentina puede producir, la ciencia y la tecnolog\u00eda est\u00e1n casi de m\u00e1s. El Conicet, las universidades p\u00fablicas, la construcci\u00f3n nacional de la energ\u00eda at\u00f3mica, el INTA y el INTI muestran el pa\u00eds que la Argentina puede ser. Un pa\u00eds que puede investigar, que puede formar excelentes recursos humanos, que puede tener una producci\u00f3n important\u00edsima en todas las \u00e1reas. No es el pa\u00eds que ellos desean. Entonces<strong>&nbsp;siempre que tenemos gobiernos neoliberales hay campa\u00f1as de desprestigio de nuestras instituciones<\/strong>\u201d.<\/p>\n\n\n\n<p>Salvarezza reflexiona sobre por qu\u00e9 los gobiernos neoliberales han atacado sistem\u00e1ticamente a la ciencia nacional. \u201c<strong>Los pa\u00edses que Milei llama pr\u00f3speros fortalecen sus sistemas de ciencia<\/strong>, invierten mucho m\u00e1s y nos triplican en n\u00famero de investigadores cada mil habitantes de poblaci\u00f3n econ\u00f3micamente activa porque<strong>\u00a0saben que el poder econ\u00f3mico est\u00e1 atado al dominio de la tecnolog\u00eda<\/strong>. La clase pol\u00edtica que se autotitula neoliberal en nuestro pa\u00eds es en realidad neocolonial porque impulsa un modelo de econom\u00eda primarizada, extractivista y con entrega de soberan\u00eda. Sin industria, sin agregado de valor, sin cuidado del ambiente, \u00bfpara qu\u00e9 quieren ciencia y tecnolog\u00eda?\u201d.<\/p>\n\n\n\n<p>Fuente: https:\/\/www.pagina12.com.ar\/708752-otra-vez-los-cientificos-a-lavar-los-platos<\/p>\n","protected":false},"excerpt":{"rendered":"<p>Tras una nueva tanda de 50 administrativos despedidos, denuncian una pol\u00edtica de vaciamiento impulsada por el gobierno nacional, ahogo presupuestario y falta de conducci\u00f3n.&nbsp; La comunidad cient\u00edfica est\u00e1 movilizada por los&nbsp;despidos, que ya ascienden a 160 (con una flamante tanda de 50 administrativos), y el \u201cbrutal ajuste\u201d del gobierno ultraderechista de Javier Milei. \u201c\u00a1En Conicet [&hellip;]<\/p>\n","protected":false},"author":3,"featured_media":764,"comment_status":"open","ping_status":"open","sticky":false,"template":"","format":"standard","meta":{"footnotes":""},"categories":[11,3,12],"tags":[377,411],"class_list":["post-763","post","type-post","status-publish","format-standard","has-post-thumbnail","hentry","category-agenda","category-principal","category-sociedad","tag-conicet","tag-presupuesto-en-ciencia"],"_links":{"self":[{"href":"https:\/\/noticiassaludables.com.ar\/index.php?rest_route=\/wp\/v2\/posts\/763","targetHints":{"allow":["GET"]}}],"collection":[{"href":"https:\/\/noticiassaludables.com.ar\/index.php?rest_route=\/wp\/v2\/posts"}],"about":[{"href":"https:\/\/noticiassaludables.com.ar\/index.php?rest_route=\/wp\/v2\/types\/post"}],"author":[{"embeddable":true,"href":"https:\/\/noticiassaludables.com.ar\/index.php?rest_route=\/wp\/v2\/users\/3"}],"replies":[{"embeddable":true,"href":"https:\/\/noticiassaludables.com.ar\/index.php?rest_route=%2Fwp%2Fv2%2Fcomments&post=763"}],"version-history":[{"count":1,"href":"https:\/\/noticiassaludables.com.ar\/index.php?rest_route=\/wp\/v2\/posts\/763\/revisions"}],"predecessor-version":[{"id":765,"href":"https:\/\/noticiassaludables.com.ar\/index.php?rest_route=\/wp\/v2\/posts\/763\/revisions\/765"}],"wp:featuredmedia":[{"embeddable":true,"href":"https:\/\/noticiassaludables.com.ar\/index.php?rest_route=\/wp\/v2\/media\/764"}],"wp:attachment":[{"href":"https:\/\/noticiassaludables.com.ar\/index.php?rest_route=%2Fwp%2Fv2%2Fmedia&parent=763"}],"wp:term":[{"taxonomy":"category","embeddable":true,"href":"https:\/\/noticiassaludables.com.ar\/index.php?rest_route=%2Fwp%2Fv2%2Fcategories&post=763"},{"taxonomy":"post_tag","embeddable":true,"href":"https:\/\/noticiassaludables.com.ar\/index.php?rest_route=%2Fwp%2Fv2%2Ftags&post=763"}],"curies":[{"name":"wp","href":"https:\/\/api.w.org\/{rel}","templated":true}]}}