{"id":779,"date":"2024-02-02T10:28:44","date_gmt":"2024-02-02T13:28:44","guid":{"rendered":"https:\/\/noticiassaludables.com.ar\/?p=779"},"modified":"2024-02-02T10:28:44","modified_gmt":"2024-02-02T13:28:44","slug":"prepagas-cuanto-pueden-subir-las-cuotas-en-marzo","status":"publish","type":"post","link":"https:\/\/noticiassaludables.com.ar\/?p=779","title":{"rendered":"Prepagas: cu\u00e1nto pueden subir las cuotas en marzo"},"content":{"rendered":"\n<ul class=\"wp-block-list\">\n<li>Las entidades est\u00e1n definiendo las subas, que tienen que comunicar con un mes de anticipaci\u00f3n a sus afiliados.<\/li>\n\n\n\n<li>En algunos casos las cuotas se ir\u00edan a m\u00e1s del doble que en diciembre.<\/li>\n<\/ul>\n\n\n\n<p>En los d\u00edas en que se escribe esta nota,<strong>&nbsp;las prepagas deber\u00edan tener definido el aumento que impondr\u00e1n en las cuotas de marzo<\/strong>, alza que deben notificar a sus afiliados con 30 d\u00edas de anticipaci\u00f3n. Sin embargo, de siete entidades consultadas, solo una contest\u00f3 y pidi\u00f3 no ser mencionada, con el argumento de que manejan&nbsp;<strong>definiciones poco precisas<\/strong>.<\/p>\n\n\n\n<p>El aumento que prev\u00e9n, si bien est\u00e1 lejos de poder generalizarse, servir\u00e1 como ejemplo del mal menor para el bolsillo de los&nbsp;<strong>m\u00e1s de 6 millones de afiliados a las prepagas<\/strong>, que en base a lo que pagaban en diciembre&nbsp;<a href=\"https:\/\/www.clarin.com\/sociedad\/prepagas-anuncian-fuerte-aumento-febrero_0_RMTsfbRPUQ.html\">ya tuvieron un alza del 75%<\/a>.<\/p>\n\n\n\n<p>Si enfatizamos que lo que sigue debajo no puede tomarse en forma general es por dos razones. La primera es que el decretazo de Javier Milei permiti\u00f3 que las entidades&nbsp;<a href=\"https:\/\/www.clarin.com\/sociedad\/dnu-milei-puede-pasar-afiliaciones-cuotas-prepagas_0_MiBrJB6dOV.html\">ajusten sus cuotas sin ninguna autorizaci\u00f3n oficial<\/a>, de modo que&nbsp;<strong>cada una puede imponer los porcentajes que le plazca<\/strong>.<\/p>\n\n\n\n<p>Hay que recordar que en los dos primeros meses del a\u00f1o, las empresas acordaron ajustes no id\u00e9nticos pero s\u00ed en un rango \u201cacompasado\u201d, lo que gener\u00f3&nbsp;<strong>denuncias de \u201ccartelizaci\u00f3n\u201d del sector<\/strong>. Desde la Coalici\u00f3n C\u00edvica, por ejemplo, apuntaron que no hab\u00eda realmente competencia entre los actores sino un \u201cabuso\u201d. Y todo se dio en un contexto de&nbsp;<a href=\"https:\/\/www.clarin.com\/sociedad\/primer-fallo-aumento-prepagas-dnu-javier-milei_0_4EVlk6xmIW.html\">varios amparos judiciales<\/a>.<\/p>\n\n\n\n<p>Es un tema muy dif\u00edcil porque coexisten dos realidades incompatibles. Quien se demore en ver las cuentas que informa cualquier empresa de salud chica (sin ambiciones ostentosas aparentes), ver\u00e1 que las subas de estos meses se pueden justificar en minutos, siempre en los t\u00e9rminos de conservar andando la rueda de un negocio, algo que no tiene por qu\u00e9 ser &#8220;malo&#8221;, desde ya. Pero el punto es que ese negocio se dedica a&nbsp;<strong>un tema demasiado sensible para la vida: la salud<\/strong>.<\/p>\n\n\n\n<p>A la vez, mirando la escala de posibilidades de una familia tipo de la (ahora) ex clase media argentina, los aumentos de enero y febrero fueron dolorosos, se sintieron como desmedidos y sin dudas est\u00e1n resultando expulsivos para muchas familias que confiaron su salud a estas compa\u00f1\u00edas. Esta realidad (en la que una empresa que uno aliment\u00f3 d\u00eda y noche por a\u00f1os, un d\u00eda simplemente te &#8220;descarta&#8221;) tampoco puede negarse.<\/p>\n\n\n\n<p>Volviendo al eje de estas l\u00edneas (el aumento de marzo), cada empresa hoy puede aumentar lo que le parezca, y por el revuelo del&nbsp;<a href=\"https:\/\/www.clarin.com\/sociedad\/denuncian-cartelizacion-prepagas-aumentar-coordinadamente-precios-usuarios-proveedores-competencia-abuso_0_KLJICbpUS1.html\">se\u00f1alamiento de cartelizaci\u00f3n<\/a>, varias de las seis que no dieron respuesta a&nbsp;<strong>Clar\u00edn<\/strong>&nbsp;destacaron que \u201cde todos modos, cada una decide lo suyo por separado\u201d. Una forma enf\u00e1tica de despegarse de cualquier r\u00f3tulo en la direcci\u00f3n de una cartelizaci\u00f3n.<\/p>\n\n\n\n<p>La segunda raz\u00f3n por la que no se puede generalizar una suba la explic\u00f3 la \u00fanica fuente que habl\u00f3 con este medio. Dijo que hoy imperan&nbsp;<strong>dos l\u00f3gicas de aumentos: una m\u00e1s dura y otra, podr\u00eda decirse, &#8220;light&#8221;.<\/strong><\/p>\n\n\n\n<h2 class=\"wp-block-heading\">Imprecisiones sobre las cuotas de las prepagas<\/h2>\n\n\n\n<p>\u201cNo hay definiciones. Estamos viendo y se va a terminar de definir esta semana. Es un tema que no conversamos entre nosotros\u201d, aclar\u00f3 quien respondi\u00f3 a este medio, y sum\u00f3: \u201cLo que te puedo decir es que hay dos l\u00f3gicas. Por un lado est\u00e1 el&nbsp;<strong>criterio econ\u00f3mico<\/strong>; por el otro, el&nbsp;<strong>criterio comercial<\/strong>\u201d.<\/p>\n\n\n\n<p>El criterio econ\u00f3mico es el que tienen las compa\u00f1\u00edas m\u00e1s grandes, que por fuera de la inflaci\u00f3n&nbsp;<strong>intentan recuperar los puntos perdidos en el \u00faltimo a\u00f1o<\/strong>, cuando durante algunos meses el Gobierno permiti\u00f3 aumentos en las cuotas bastante por debajo de las subas del sector, entre insumos,&nbsp;<a href=\"https:\/\/www.clarin.com\/sociedad\/dato-ventas-medicamentos-enciende-alarma_0_yw0iO57K7O.html\">medicamentos&nbsp;<\/a>y sueldos.<\/p>\n\n\n\n<p>El criterio comercial, dec\u00eda esta persona, se enfoca no solo en la responsabilidad social corporativa sino tambi\u00e9n en&nbsp;<strong>el miedo de las compa\u00f1\u00edas m\u00e1s chicas de perder cartera de clientes<\/strong>. Es un lujo que no se pueden dar, ya que no tienen la espalda de las grandes empresas.<\/p>\n\n\n\n<p>\u201c\u00bfRecuperar lo perdido? Se har\u00e1 de a poco. Nosotros en marzo&nbsp;<strong>vamos a emparejar la cuota con la inflaci\u00f3n<\/strong>, en base a nuestras proyecciones de febrero. En este momento tengo las de dos consultoras. Una dice que ser\u00e1 el 18%. La otra, el 22%.&nbsp;<strong>Estaremos dentro de ese rango<\/strong>\u201d, inform\u00f3.<\/p>\n\n\n\n<p>Esta tarde comenz\u00f3 a confirmarse esta idea. Los afiliados de Galeno comenzaron a recibir comunicaciones que dicen que las cuotas aumentar\u00e1n&nbsp;<strong>un 22,9% a partir de marzo<\/strong>. &#8220;Ser\u00e1 incorporado en la facturaci\u00f3n cuyo vencimiento opera a partir del mes de abril&#8221;, agrega la carta enviada por la entidad.<\/p>\n\n\n\n<h2 class=\"wp-block-heading\">Acumulaci\u00f3n de aumentos en las prepagas<\/h2>\n\n\n\n<p>No hace falta saber nada de econom\u00eda para hacer el c\u00e1lculo. Siendo un 20% para marzo el escenario m\u00e1s amable, y considerando el 40% que se aplic\u00f3 en enero, m\u00e1s el (seg\u00fan cada compa\u00f1\u00eda) aproximado 25% en febrero, enseguida se llega a&nbsp;<strong>un alza del<\/strong>&nbsp;<strong>110%<\/strong>&nbsp;con respecto a las cuotas de la medicina prepaga de diciembre pasado.<\/p>\n\n\n\n<p>Dicho de otro modo,&nbsp;<strong>las cuotas pasar\u00e1n a superar la duplicaci\u00f3n<\/strong>, algo que no sorprender\u00e1 a quienes hasta diciembre&nbsp;<a href=\"https:\/\/www.clarin.com\/sociedad\/prepagas-dnu-javier-milei-van-subir-cuotas-descuento-aumentos_0_AQi60ZlZHY.html\">tuvieron aumentos aplacados por su declaraci\u00f3n de ingresos<\/a>&nbsp;ante la (en estos d\u00edas,&nbsp;<a href=\"https:\/\/www.clarin.com\/sociedad\/cosas-dinamica-whatsapp-desplazaron-enrique-chiantore-ex-superintendente-salud_0_L2vOMkutJV.html\">ca\u00f3tica<\/a>) Superintendencia de Servicios de Salud. As\u00ed como ten\u00edan subas especiales, esos afiliados recibieron&nbsp;<strong>un cachetazo igualmente diferencial<\/strong>&nbsp;con el cambio de Gobierno.<\/p>\n\n\n\n<p>\u201cMi objetivo en esta crisis es&nbsp;<strong>pasar el pico de la tormenta, que va a ser en marzo y abril<\/strong>, cuando suban otra vez el transporte, las tarifas, el combustible y los colegios. Hay que contener la cartera de asociados y conservar el activo. Recuperar lo perdido va a ser a largo plazo\u201d, confes\u00f3 la fuente, no sin alguna preocupaci\u00f3n por los pedidos de baja.<\/p>\n\n\n\n<p>Por cierto, no son pocos. En el sector advierten que el aumento interanual de &#8220;exiliados&#8221; de las prepagas es, hoy, del 100%.<\/p>\n\n\n\n<p>\u201cTe doy un ejemplo. Si el a\u00f1o pasado, en enero se me fueron 7.000 c\u00e1pitas. Este a\u00f1o se me van 14.000. Se compensan con altas, s\u00ed. Pero este a\u00f1o tenemos un r\u00e9cord de ambas\u201d, revel\u00f3. La soluci\u00f3n de muchas compa\u00f1\u00edas, ratific\u00f3 la persona consultada, son los nuevos&nbsp;<a href=\"https:\/\/www.clarin.com\/sociedad\/prepagas-low-cost-planes-ofrecen-caer-sistema-privado_0_GjjiMiZcZX.html\">planes low cost<\/a>, &#8220;que muchos est\u00e1n solicitando&#8221;.<\/p>\n\n\n\n<p>En s\u00edntesis, si hay dos l\u00f3gicas de ajuste en las cuotas es porque \u201ca las grandes compa\u00f1\u00edas no les importa tanto perder un poco de clientela\u201d. Pero no todos viven ese \u00e9xodo del mismo modo: \u201cYo espero poder salir emparejado. Emparejado o s\u00f3lo un poquito m\u00e1s chico\u201d.<\/p>\n\n\n\n<p>Fuente: https:\/\/www.clarin.com\/sociedad\/prepagas-pueden-subir-cuotas-marzo-logicas-marcaran-ritmo-aumento_0_LUzb7cNtdT.html<\/p>\n","protected":false},"excerpt":{"rendered":"<p>En los d\u00edas en que se escribe esta nota,&nbsp;las prepagas deber\u00edan tener definido el aumento que impondr\u00e1n en las cuotas de marzo, alza que deben notificar a sus afiliados con 30 d\u00edas de anticipaci\u00f3n. Sin embargo, de siete entidades consultadas, solo una contest\u00f3 y pidi\u00f3 no ser mencionada, con el argumento de que manejan&nbsp;definiciones poco [&hellip;]<\/p>\n","protected":false},"author":3,"featured_media":780,"comment_status":"open","ping_status":"open","sticky":false,"template":"","format":"standard","meta":{"footnotes":""},"categories":[13,3,5,12],"tags":[419],"class_list":["post-779","post","type-post","status-publish","format-standard","has-post-thumbnail","hentry","category-politica","category-principal","category-salud","category-sociedad","tag-aumento-de-obras-sociales"],"_links":{"self":[{"href":"https:\/\/noticiassaludables.com.ar\/index.php?rest_route=\/wp\/v2\/posts\/779","targetHints":{"allow":["GET"]}}],"collection":[{"href":"https:\/\/noticiassaludables.com.ar\/index.php?rest_route=\/wp\/v2\/posts"}],"about":[{"href":"https:\/\/noticiassaludables.com.ar\/index.php?rest_route=\/wp\/v2\/types\/post"}],"author":[{"embeddable":true,"href":"https:\/\/noticiassaludables.com.ar\/index.php?rest_route=\/wp\/v2\/users\/3"}],"replies":[{"embeddable":true,"href":"https:\/\/noticiassaludables.com.ar\/index.php?rest_route=%2Fwp%2Fv2%2Fcomments&post=779"}],"version-history":[{"count":1,"href":"https:\/\/noticiassaludables.com.ar\/index.php?rest_route=\/wp\/v2\/posts\/779\/revisions"}],"predecessor-version":[{"id":781,"href":"https:\/\/noticiassaludables.com.ar\/index.php?rest_route=\/wp\/v2\/posts\/779\/revisions\/781"}],"wp:featuredmedia":[{"embeddable":true,"href":"https:\/\/noticiassaludables.com.ar\/index.php?rest_route=\/wp\/v2\/media\/780"}],"wp:attachment":[{"href":"https:\/\/noticiassaludables.com.ar\/index.php?rest_route=%2Fwp%2Fv2%2Fmedia&parent=779"}],"wp:term":[{"taxonomy":"category","embeddable":true,"href":"https:\/\/noticiassaludables.com.ar\/index.php?rest_route=%2Fwp%2Fv2%2Fcategories&post=779"},{"taxonomy":"post_tag","embeddable":true,"href":"https:\/\/noticiassaludables.com.ar\/index.php?rest_route=%2Fwp%2Fv2%2Ftags&post=779"}],"curies":[{"name":"wp","href":"https:\/\/api.w.org\/{rel}","templated":true}]}}