{"id":789,"date":"2024-02-05T10:17:15","date_gmt":"2024-02-05T13:17:15","guid":{"rendered":"https:\/\/noticiassaludables.com.ar\/?p=789"},"modified":"2024-02-05T10:17:16","modified_gmt":"2024-02-05T13:17:16","slug":"los-antiguos-griegos-rara-vez-se-veian-afectados-por-la-demencia","status":"publish","type":"post","link":"https:\/\/noticiassaludables.com.ar\/?p=789","title":{"rendered":"Los antiguos griegos rara vez se ve\u00edan afectados por la demencia"},"content":{"rendered":"\n<p>As\u00ed lo consignaron investigadores de la Universidad del Sur de California en EEUU. Textos m\u00e9dicos griegos y romanos sugieren que la enfermedad era extremadamente rara hace 2.000 a 2.500 a\u00f1os<\/p>\n\n\n\n<p>La&nbsp;<strong>demencia&nbsp;<\/strong>parece un trastorno que siempre ha perseguido a la raza humana. Pero esta forma de&nbsp;<strong>p\u00e9rdida severa de la memoria<\/strong>&nbsp;es en realidad una enfermedad moderna, si hemos de creer a los m\u00e9dicos cl\u00e1sicos griegos y romanos.<\/p>\n\n\n\n<p>Un nuevo an\u00e1lisis de antiguos&nbsp;<strong>textos m\u00e9dicos griegos y romanos sugiere que la demencia era extremadamente rara hace 2.000 a 2.500 a\u00f1os,<\/strong>&nbsp;en la \u00e9poca de Arist\u00f3teles, Galeno y Plinio el Viejo.<\/p>\n\n\n\n<p>El nuevo estudio refuerza la idea de que&nbsp;<strong>la enfermedad de Alzheimer y las demencias relacionadas son enfermedades promovidas por los ambientes y estilos de vida modernos<\/strong>, se\u00f1alaron los investigadores.<\/p>\n\n\n\n<p><img loading=\"lazy\" decoding=\"async\" alt=\"La conducta sedentaria y a la exposici\u00f3n a la contaminaci\u00f3n atmosf\u00e9rica ser\u00edan los principales impulsores de las demencias (Freepik)\" height=\"3500\" width=\"6200\" src=\"https:\/\/www.infobae.com\/new-resizer\/ZkzkS2sLKTUR8c36aYUYLka3zEI=\/80x45\/filters:format(webp):quality(85)\/cloudfront-us-east-1.images.arcpublishing.com\/infobae\/WJZZM7OOXZDFBGBVCUDIOENINM.jpg%2080w\" srcset=\"https:\/\/www.infobae.com\/new-resizer\/ZkzkS2sLKTUR8c36aYUYLka3zEI=\/80x45\/filters:format(webp):quality(85)\/cloudfront-us-east-1.images.arcpublishing.com\/infobae\/WJZZM7OOXZDFBGBVCUDIOENINM.jpg 80w,https:\/\/www.infobae.com\/new-resizer\/QYOMBVkTU3PAfcptQxyWpnDjQq0=\/265x149\/filters:format(webp):quality(85)\/cloudfront-us-east-1.images.arcpublishing.com\/infobae\/WJZZM7OOXZDFBGBVCUDIOENINM.jpg 265w,https:\/\/www.infobae.com\/new-resizer\/H3UlaOwSeX5_f2KLZTi2yOWvCxA=\/350x197\/filters:format(webp):quality(85)\/cloudfront-us-east-1.images.arcpublishing.com\/infobae\/WJZZM7OOXZDFBGBVCUDIOENINM.jpg 350w,https:\/\/www.infobae.com\/new-resizer\/yxC52_yywDUpjTlaNRAuHTbgy1s=\/420x236\/filters:format(webp):quality(85)\/cloudfront-us-east-1.images.arcpublishing.com\/infobae\/WJZZM7OOXZDFBGBVCUDIOENINM.jpg 420w,https:\/\/www.infobae.com\/new-resizer\/muXFkffHiWKqhCQPiRQoBHaVTN4=\/577x325\/filters:format(webp):quality(85)\/cloudfront-us-east-1.images.arcpublishing.com\/infobae\/WJZZM7OOXZDFBGBVCUDIOENINM.jpg 577w,https:\/\/www.infobae.com\/new-resizer\/GV_Qse1yLRb73a9HDsVMCiFI_-Y=\/768x432\/filters:format(webp):quality(85)\/cloudfront-us-east-1.images.arcpublishing.com\/infobae\/WJZZM7OOXZDFBGBVCUDIOENINM.jpg 768w,https:\/\/www.infobae.com\/new-resizer\/0awIxvlX0NkGVEdBtr3asinQ93U=\/992x558\/filters:format(webp):quality(85)\/cloudfront-us-east-1.images.arcpublishing.com\/infobae\/WJZZM7OOXZDFBGBVCUDIOENINM.jpg 992w,https:\/\/www.infobae.com\/new-resizer\/OT_vD8gPlPY54AXJVEb6tS67q58=\/1200x675\/filters:format(webp):quality(85)\/cloudfront-us-east-1.images.arcpublishing.com\/infobae\/WJZZM7OOXZDFBGBVCUDIOENINM.jpg 1200w,https:\/\/www.infobae.com\/new-resizer\/RuVpTnifxe5XBk0Skvr7icEYEcY=\/1440x810\/filters:format(webp):quality(85)\/cloudfront-us-east-1.images.arcpublishing.com\/infobae\/WJZZM7OOXZDFBGBVCUDIOENINM.jpg 1440w\">La conducta sedentaria y a la exposici\u00f3n a la contaminaci\u00f3n atmosf\u00e9rica ser\u00edan los principales impulsores de las demencias (Freepik)Freepik<\/p>\n\n\n\n<p>\u201cLos antiguos griegos ten\u00edan muy, muy pocas, pero las encontramos, menciones de algo que ser\u00eda como un deterioro cognitivo leve\u201d, dijo el investigador principal, Caleb Finch, profesor de la Facultad de Gerontolog\u00eda Leonard Davis de la\u00a0<strong>Universidad del Sur de California.<\/strong><\/p>\n\n\n\n<p>\u201cCuando llegamos a los romanos y descubrimos al menos&nbsp;<strong>cuatro afirmaciones que sugieren casos raros de demencia avanzada<\/strong>, no podemos decir si es Alzheimer. Por lo tanto, hubo una progresi\u00f3n que pas\u00f3 de los antiguos griegos a los romanos\u201d.<\/p>\n\n\n\n<p>Los antiguos griegos notaron algunos problemas de memoria relacionados con la edad que hoy en d\u00eda se clasificar\u00edan como deterioro cognitivo leve. Sin embargo, l<strong>os griegos nunca observaron nada que se acercara a la gran p\u00e9rdida de memoria, habla y razonamiento&nbsp;<\/strong>provocada por el Alzheimer y otras demencias, se\u00f1alaron los investigadores.<\/p>\n\n\n\n<p><img loading=\"lazy\" decoding=\"async\" alt=\"Los textos m\u00e9dicos griegos y romanos sugieren que la demencia era extremadamente rara hace 2.000 a 2.500 a\u00f1os\" height=\"1080\" width=\"1920\" src=\"https:\/\/www.infobae.com\/new-resizer\/UkyDBnY_q7U77-NttWlAmJChx0I=\/80x45\/filters:format(webp):quality(85)\/cloudfront-us-east-1.images.arcpublishing.com\/infobae\/A7HKXNPSNNDFZOXRLOB32DYT6A.jpg%2080w\" srcset=\"https:\/\/www.infobae.com\/new-resizer\/UkyDBnY_q7U77-NttWlAmJChx0I=\/80x45\/filters:format(webp):quality(85)\/cloudfront-us-east-1.images.arcpublishing.com\/infobae\/A7HKXNPSNNDFZOXRLOB32DYT6A.jpg 80w,https:\/\/www.infobae.com\/new-resizer\/6nv0g_KyvkT_fxCUmI2lo8morYI=\/265x149\/filters:format(webp):quality(85)\/cloudfront-us-east-1.images.arcpublishing.com\/infobae\/A7HKXNPSNNDFZOXRLOB32DYT6A.jpg 265w,https:\/\/www.infobae.com\/new-resizer\/jC2W0wmx5IOulyCc-WdlAc8nOx0=\/350x197\/filters:format(webp):quality(85)\/cloudfront-us-east-1.images.arcpublishing.com\/infobae\/A7HKXNPSNNDFZOXRLOB32DYT6A.jpg 350w,https:\/\/www.infobae.com\/new-resizer\/Ufd0F4T_aBsU_a2Yos_mXBo1upk=\/420x236\/filters:format(webp):quality(85)\/cloudfront-us-east-1.images.arcpublishing.com\/infobae\/A7HKXNPSNNDFZOXRLOB32DYT6A.jpg 420w,https:\/\/www.infobae.com\/new-resizer\/hqxdy_CI3q3chXfUwt8IME4SCWY=\/577x325\/filters:format(webp):quality(85)\/cloudfront-us-east-1.images.arcpublishing.com\/infobae\/A7HKXNPSNNDFZOXRLOB32DYT6A.jpg 577w,https:\/\/www.infobae.com\/new-resizer\/lAjfVqETZSFrzdBZXqp5lDRM6Rk=\/768x432\/filters:format(webp):quality(85)\/cloudfront-us-east-1.images.arcpublishing.com\/infobae\/A7HKXNPSNNDFZOXRLOB32DYT6A.jpg 768w,https:\/\/www.infobae.com\/new-resizer\/aCDYBCxdQT1DeOAUrTWcX2_175Q=\/992x558\/filters:format(webp):quality(85)\/cloudfront-us-east-1.images.arcpublishing.com\/infobae\/A7HKXNPSNNDFZOXRLOB32DYT6A.jpg 992w,https:\/\/www.infobae.com\/new-resizer\/7UQtovD5EKYtNYwyzWlWh1sh5dY=\/1200x675\/filters:format(webp):quality(85)\/cloudfront-us-east-1.images.arcpublishing.com\/infobae\/A7HKXNPSNNDFZOXRLOB32DYT6A.jpg 1200w,https:\/\/www.infobae.com\/new-resizer\/x8E9UysFyqzJ8ODT_sK0gCmp_Q8=\/1440x810\/filters:format(webp):quality(85)\/cloudfront-us-east-1.images.arcpublishing.com\/infobae\/A7HKXNPSNNDFZOXRLOB32DYT6A.jpg 1440w\">Los textos m\u00e9dicos griegos y romanos sugieren que la demencia era extremadamente rara hace 2.000 a 2.500 a\u00f1os<\/p>\n\n\n\n<p>Siglos m\u00e1s tarde, en la antigua Roma, comienzan a aparecer algunas menciones de problemas cerebrales similares a la demencia: Un famoso m\u00e9dico del Imperio Romano,&nbsp;<strong>Galeno, observ\u00f3 que a la edad de 80 a\u00f1os algunas personas mayores comienzan a tener problemas para aprender cosas nuevas.<\/strong><\/p>\n\n\n\n<p>El naturalista Plinio el Viejo not\u00f3 que un senador y orador famoso, Valerio Mesala Corvino, olvid\u00f3 su propio nombre.\u00a0<strong>El erudito romano Cicer\u00f3n\u00a0<\/strong>escribi\u00f3 que \u201cla tonter\u00eda de los ancianos&#8230; es caracter\u00edstico de los ancianos irresponsables, pero no de todos los viejos\u201d.<\/p>\n\n\n\n<p>Finch especula que la&nbsp;<strong>contaminaci\u00f3n en las ciudades romanas aument\u00f3&nbsp;<\/strong>a medida que crec\u00edan, lo que provoc\u00f3 casos de disminuci\u00f3n del pensamiento. Los romanos tambi\u00e9n se expusieron involuntariamente al plomo neurot\u00f3xico al usar recipientes de plomo para cocinar y tuber\u00edas de agua de plomo, a\u00f1adi\u00f3 Finch. Incluso a\u00f1ad\u00edan acetato de plomo a su vino para endulzarlo.<\/p>\n\n\n\n<p><img loading=\"lazy\" decoding=\"async\" alt=\"Hoy se estudia el cerebro como nunca antes se ha hecho (Cr\u00e9dito: Getty)\" height=\"1440\" width=\"1920\" src=\"https:\/\/www.infobae.com\/new-resizer\/RMnJ0PCLe9SK5QbXWo8JGyEnk5w=\/80x60\/filters:format(webp):quality(85)\/cloudfront-us-east-1.images.arcpublishing.com\/infobae\/GDJVO5WXKJBBXP3RG4NVP2ISDA.jpg%2080w\" srcset=\"https:\/\/www.infobae.com\/new-resizer\/RMnJ0PCLe9SK5QbXWo8JGyEnk5w=\/80x60\/filters:format(webp):quality(85)\/cloudfront-us-east-1.images.arcpublishing.com\/infobae\/GDJVO5WXKJBBXP3RG4NVP2ISDA.jpg 80w,https:\/\/www.infobae.com\/new-resizer\/tP6WSqR-cdg_Tx_bOR-EvnuRZY4=\/265x199\/filters:format(webp):quality(85)\/cloudfront-us-east-1.images.arcpublishing.com\/infobae\/GDJVO5WXKJBBXP3RG4NVP2ISDA.jpg 265w,https:\/\/www.infobae.com\/new-resizer\/bzOSsgzDzPDa7YmyqZtGZYVWVfQ=\/350x263\/filters:format(webp):quality(85)\/cloudfront-us-east-1.images.arcpublishing.com\/infobae\/GDJVO5WXKJBBXP3RG4NVP2ISDA.jpg 350w,https:\/\/www.infobae.com\/new-resizer\/OOTxC7OdT5osC9l8AR2Hj6b5asA=\/420x315\/filters:format(webp):quality(85)\/cloudfront-us-east-1.images.arcpublishing.com\/infobae\/GDJVO5WXKJBBXP3RG4NVP2ISDA.jpg 420w,https:\/\/www.infobae.com\/new-resizer\/uCHGThwUQ-ZLxneMWhl_s9ObblU=\/577x433\/filters:format(webp):quality(85)\/cloudfront-us-east-1.images.arcpublishing.com\/infobae\/GDJVO5WXKJBBXP3RG4NVP2ISDA.jpg 577w,https:\/\/www.infobae.com\/new-resizer\/BeNkX5HSCw33dpgPmor9f6OIXdE=\/768x576\/filters:format(webp):quality(85)\/cloudfront-us-east-1.images.arcpublishing.com\/infobae\/GDJVO5WXKJBBXP3RG4NVP2ISDA.jpg 768w,https:\/\/www.infobae.com\/new-resizer\/zgwqtj30W3viLih6XvcJnhMzX-4=\/992x744\/filters:format(webp):quality(85)\/cloudfront-us-east-1.images.arcpublishing.com\/infobae\/GDJVO5WXKJBBXP3RG4NVP2ISDA.jpg 992w,https:\/\/www.infobae.com\/new-resizer\/S-VOdt3orqyBardRqmjKvUSPI5w=\/1200x900\/filters:format(webp):quality(85)\/cloudfront-us-east-1.images.arcpublishing.com\/infobae\/GDJVO5WXKJBBXP3RG4NVP2ISDA.jpg 1200w,https:\/\/www.infobae.com\/new-resizer\/pnY7ixoM4Mf5buQTS1qDKdkbYdo=\/1440x1080\/filters:format(webp):quality(85)\/cloudfront-us-east-1.images.arcpublishing.com\/infobae\/GDJVO5WXKJBBXP3RG4NVP2ISDA.jpg 1440w\">Hoy se estudia el cerebro como nunca antes se ha hecho (Cr\u00e9dito: Getty)Monty Rakusen | Getty Images<\/p>\n\n\n\n<p>El nuevo estudio aparece en una edici\u00f3n reciente de la revista&nbsp;<a rel=\"noreferrer noopener\" href=\"https:\/\/content.iospress.com\/articles\/journal-of-alzheimers-disease\/jad230993\" target=\"_blank\">Journal of Alzheimer\u2019s Disease<\/a>. Estas tendencias concuerdan con las teor\u00edas actuales que culpan en gran medida a la&nbsp;<strong>conducta sedentaria y a la exposici\u00f3n a la contaminaci\u00f3n atmosf\u00e9rica&nbsp;<\/strong>como los principales impulsores de las demencias, dijo Finch.<\/p>\n\n\n\n<p>Para verificar estas observaciones con respecto al mundo antiguo, Finch recurri\u00f3 a los estudios modernos de los&nbsp;<strong>amerindios tsimane<\/strong>, un pueblo ind\u00edgena de la Amazon\u00eda boliviana. Los tsimane son un reflejo de los antiguos griegos y romanos, en el sentido de que tienen un estilo de vida preindustrial que es muy activo, dijeron los investigadores. Tambi\u00e9n tienen tasas extremadamente bajas de demencia, alrededor del 1%, en comparaci\u00f3n con el 11% de los estadounidenses de 65 a\u00f1os o m\u00e1s.<\/p>\n\n\n\n<p>&#8220;Los datos tsimane, que son bastante profundos, son muy valiosos&#8221;, dijo Finch. &#8220;Esta es la poblaci\u00f3n grande mejor documentada de personas mayores que tienen una demencia m\u00ednima, todo lo cual indica que el entorno es un gran determinante en el riesgo de demencia. Nos dan una plantilla para hacer estas preguntas&#8221;.<\/p>\n\n\n\n<p>Fuente: https:\/\/www.infobae.com\/salud\/2024\/02\/02\/los-antiguos-griegos-rara-vez-se-veian-afectados-por-la-demencia-lo-que-sugiere-que-es-una-enfermedad-moderna\/<\/p>\n","protected":false},"excerpt":{"rendered":"<p>As\u00ed lo consignaron investigadores de la Universidad del Sur de California en EEUU. Textos m\u00e9dicos griegos y romanos sugieren que la enfermedad era extremadamente rara hace 2.000 a 2.500 a\u00f1os La&nbsp;demencia&nbsp;parece un trastorno que siempre ha perseguido a la raza humana. Pero esta forma de&nbsp;p\u00e9rdida severa de la memoria&nbsp;es en realidad una enfermedad moderna, si [&hellip;]<\/p>\n","protected":false},"author":3,"featured_media":790,"comment_status":"open","ping_status":"open","sticky":false,"template":"","format":"standard","meta":{"footnotes":""},"categories":[7,5,12],"tags":[424,423],"class_list":["post-789","post","type-post","status-publish","format-standard","has-post-thumbnail","hentry","category-ciencia","category-salud","category-sociedad","tag-antiguos-griegos","tag-demencia"],"_links":{"self":[{"href":"https:\/\/noticiassaludables.com.ar\/index.php?rest_route=\/wp\/v2\/posts\/789","targetHints":{"allow":["GET"]}}],"collection":[{"href":"https:\/\/noticiassaludables.com.ar\/index.php?rest_route=\/wp\/v2\/posts"}],"about":[{"href":"https:\/\/noticiassaludables.com.ar\/index.php?rest_route=\/wp\/v2\/types\/post"}],"author":[{"embeddable":true,"href":"https:\/\/noticiassaludables.com.ar\/index.php?rest_route=\/wp\/v2\/users\/3"}],"replies":[{"embeddable":true,"href":"https:\/\/noticiassaludables.com.ar\/index.php?rest_route=%2Fwp%2Fv2%2Fcomments&post=789"}],"version-history":[{"count":1,"href":"https:\/\/noticiassaludables.com.ar\/index.php?rest_route=\/wp\/v2\/posts\/789\/revisions"}],"predecessor-version":[{"id":791,"href":"https:\/\/noticiassaludables.com.ar\/index.php?rest_route=\/wp\/v2\/posts\/789\/revisions\/791"}],"wp:featuredmedia":[{"embeddable":true,"href":"https:\/\/noticiassaludables.com.ar\/index.php?rest_route=\/wp\/v2\/media\/790"}],"wp:attachment":[{"href":"https:\/\/noticiassaludables.com.ar\/index.php?rest_route=%2Fwp%2Fv2%2Fmedia&parent=789"}],"wp:term":[{"taxonomy":"category","embeddable":true,"href":"https:\/\/noticiassaludables.com.ar\/index.php?rest_route=%2Fwp%2Fv2%2Fcategories&post=789"},{"taxonomy":"post_tag","embeddable":true,"href":"https:\/\/noticiassaludables.com.ar\/index.php?rest_route=%2Fwp%2Fv2%2Ftags&post=789"}],"curies":[{"name":"wp","href":"https:\/\/api.w.org\/{rel}","templated":true}]}}