{"id":792,"date":"2024-02-05T10:23:39","date_gmt":"2024-02-05T13:23:39","guid":{"rendered":"https:\/\/noticiassaludables.com.ar\/?p=792"},"modified":"2024-02-05T10:23:40","modified_gmt":"2024-02-05T13:23:40","slug":"por-que-algunas-personas-siempre-contraen-covid-19-y-otras-nunca","status":"publish","type":"post","link":"https:\/\/noticiassaludables.com.ar\/?p=792","title":{"rendered":"\u00bfPor qu\u00e9 algunas personas siempre contraen COVID-19 y otras nunca?"},"content":{"rendered":"\n<p>Un estudio se\u00f1ala que la gen\u00e9tica podr\u00eda ser la clave para entender por qu\u00e9 hay quienes jam\u00e1s se infectan con el coronavirus, lo que marca un nuevo enfoque en la prevenci\u00f3n<\/p>\n\n\n\n<p>Todo el mundo conoce a alguien que contrajo COVID-19 en repetidas ocasiones, y probablemente tambi\u00e9n tenga ese amigo molesto que nunca ha tenido la enfermedad. \u00bfPor qu\u00e9 sucede esto?<\/p>\n\n\n\n<p>Seg\u00fan una nueva investigaci\u00f3n, a largo plazo es probablemente la&nbsp;<strong>gen\u00e9tica&nbsp;<\/strong>la que impulsa el nivel de&nbsp;<strong>susceptibilidad&nbsp;<\/strong>de un individuo al&nbsp;<strong>SARS-Cov-2.<\/strong><\/p>\n\n\n\n<p>\u201cNuestros resultados sugieren que, inicialmente, las diferencias en el ambiente familiar compartido influyeron en qui\u00e9n se infect\u00f3 con COVID-19 m\u00e1s que las diferencias gen\u00e9ticas\u201d, explic\u00f3 la autora principal del estudio,&nbsp;<strong>Katie LaRow Brown<\/strong>, candidata a doctorado de la Universidad de Columbia, en la ciudad de Nueva York.<\/p>\n\n\n\n<p>\u201cSin embargo, con el tiempo, la importancia de estas diferencias en el ambiente dom\u00e9stico compartido se redujo, y el factor gen\u00e9tico aument\u00f3\u201d, dijo. Brown habl\u00f3 en un comunicado de prensa de Cedars-Sinai en Los \u00c1ngeles, que tambi\u00e9n particip\u00f3 en la investigaci\u00f3n.<\/p>\n\n\n\n<p><img loading=\"lazy\" decoding=\"async\" alt=\"Los hallazgos del estudio fueron publicados en la revista Nature Communications, destacando la importancia de la gen\u00e9tica en la susceptibilidad y gravedad del COVID-19 a lo largo del tiempo (Imagen Ilustrativa Infobae)\" height=\"816\" width=\"1456\" src=\"https:\/\/www.infobae.com\/new-resizer\/CuIIeZAjcjc-AUZgwViq0uNE7ME=\/80x45\/filters:format(webp):quality(85)\/cloudfront-us-east-1.images.arcpublishing.com\/infobae\/LIYTEPEMDZAGLAV6QBALWA6XBY.jpg%2080w\" srcset=\"https:\/\/www.infobae.com\/new-resizer\/CuIIeZAjcjc-AUZgwViq0uNE7ME=\/80x45\/filters:format(webp):quality(85)\/cloudfront-us-east-1.images.arcpublishing.com\/infobae\/LIYTEPEMDZAGLAV6QBALWA6XBY.jpg 80w,https:\/\/www.infobae.com\/new-resizer\/CHpTGJjAYVqTIU5nrK27DUSe8xg=\/265x149\/filters:format(webp):quality(85)\/cloudfront-us-east-1.images.arcpublishing.com\/infobae\/LIYTEPEMDZAGLAV6QBALWA6XBY.jpg 265w,https:\/\/www.infobae.com\/new-resizer\/RDSsKsizwm0tMxLka1B7EFIXr2A=\/350x197\/filters:format(webp):quality(85)\/cloudfront-us-east-1.images.arcpublishing.com\/infobae\/LIYTEPEMDZAGLAV6QBALWA6XBY.jpg 350w,https:\/\/www.infobae.com\/new-resizer\/qgzHbZpgJLvT571U4MwBlFTotFY=\/420x236\/filters:format(webp):quality(85)\/cloudfront-us-east-1.images.arcpublishing.com\/infobae\/LIYTEPEMDZAGLAV6QBALWA6XBY.jpg 420w,https:\/\/www.infobae.com\/new-resizer\/Wlgm04bBawtmxiHrrAUV_fW5GUY=\/577x325\/filters:format(webp):quality(85)\/cloudfront-us-east-1.images.arcpublishing.com\/infobae\/LIYTEPEMDZAGLAV6QBALWA6XBY.jpg 577w,https:\/\/www.infobae.com\/new-resizer\/fUBuUsAGwHBPO8fy1Fh_1xZsv04=\/768x432\/filters:format(webp):quality(85)\/cloudfront-us-east-1.images.arcpublishing.com\/infobae\/LIYTEPEMDZAGLAV6QBALWA6XBY.jpg 768w,https:\/\/www.infobae.com\/new-resizer\/uIfX-CjofRG4-lOC7ClyppTZaYU=\/992x558\/filters:format(webp):quality(85)\/cloudfront-us-east-1.images.arcpublishing.com\/infobae\/LIYTEPEMDZAGLAV6QBALWA6XBY.jpg 992w,https:\/\/www.infobae.com\/new-resizer\/wRSiq3bAAYKuzPkFd_PlMXzkTmY=\/1200x675\/filters:format(webp):quality(85)\/cloudfront-us-east-1.images.arcpublishing.com\/infobae\/LIYTEPEMDZAGLAV6QBALWA6XBY.jpg 1200w,https:\/\/www.infobae.com\/new-resizer\/5pZcus1OuFfXdy8oRwTCEszVwQg=\/1440x810\/filters:format(webp):quality(85)\/cloudfront-us-east-1.images.arcpublishing.com\/infobae\/LIYTEPEMDZAGLAV6QBALWA6XBY.jpg 1440w\">Los hallazgos del estudio fueron publicados en la revista Nature Communications, destacando la importancia de la gen\u00e9tica en la susceptibilidad y gravedad del COVID-19 a lo largo del tiempo (Imagen Ilustrativa Infobae)<\/p>\n\n\n\n<p>Seg\u00fan la informaci\u00f3n de fondo, desde que comenz\u00f3 la&nbsp;<strong>pandemia<\/strong>, m\u00e1s de&nbsp;<strong>340 millones de estadounidenses han sido infectados por el coronavirus SARS-Cov-2.<\/strong><\/p>\n\n\n\n<p>Sin embargo, el papel que el medio ambiente y la gen\u00e9tica pueden desempe\u00f1ar en qui\u00e9n se infecta a\u00fan no se comprende bien.<\/p>\n\n\n\n<p>En el nuevo estudio, Brown y sus colaboradores observaron los datos de los expedientes electr\u00f3nicos de salud de los pacientes del&nbsp;<strong>Centro M\u00e9dico Irving de la Universidad de Nueva York-Presbyterian\/Columbia.<\/strong><\/p>\n\n\n\n<p>Casi 13.000 de los pacientes recibieron resultados concluyentes en las pruebas PCR de COVID-19 realizadas entre finales de febrero de 2021 y finales de octubre de 2022.<\/p>\n\n\n\n<p>Por lo general, los pacientes proven\u00edan de familias en las que un promedio de&nbsp;<strong>2.5 miembros hab\u00edan contra\u00eddo COVID-19.<\/strong><\/p>\n\n\n\n<p>Al analizar la gen\u00e9tica frente a los factores ambientales, los investigadores encontraron que la relaci\u00f3n cambiaba con el tiempo.<\/p>\n\n\n\n<p><img loading=\"lazy\" decoding=\"async\" alt=\"Inicialmente, el entorno familiar compartido ten\u00eda m\u00e1s influencia en la infecci\u00f3n por COVID-19 que la gen\u00e9tica, aunque con el tiempo la importancia de esta \u00faltima aument\u00f3 significativamente (Imagen ilustrativa Infobae)\" height=\"816\" width=\"1456\" src=\"https:\/\/www.infobae.com\/new-resizer\/S1HR62nmPVxambJ7nvfcdcGbXls=\/80x45\/filters:format(webp):quality(85)\/cloudfront-us-east-1.images.arcpublishing.com\/infobae\/YKYX66O7V5H6THFEAK2H4CE5EI.jpg%2080w\" srcset=\"https:\/\/www.infobae.com\/new-resizer\/S1HR62nmPVxambJ7nvfcdcGbXls=\/80x45\/filters:format(webp):quality(85)\/cloudfront-us-east-1.images.arcpublishing.com\/infobae\/YKYX66O7V5H6THFEAK2H4CE5EI.jpg 80w,https:\/\/www.infobae.com\/new-resizer\/H5owzSl0fwf_FDiOTCU8LwsqbV4=\/265x149\/filters:format(webp):quality(85)\/cloudfront-us-east-1.images.arcpublishing.com\/infobae\/YKYX66O7V5H6THFEAK2H4CE5EI.jpg 265w,https:\/\/www.infobae.com\/new-resizer\/3-iT0g6n5TFJ3779mX4qbmLbVms=\/350x197\/filters:format(webp):quality(85)\/cloudfront-us-east-1.images.arcpublishing.com\/infobae\/YKYX66O7V5H6THFEAK2H4CE5EI.jpg 350w,https:\/\/www.infobae.com\/new-resizer\/l06yl4hd1XkmqaQne0htX9cUgHI=\/420x236\/filters:format(webp):quality(85)\/cloudfront-us-east-1.images.arcpublishing.com\/infobae\/YKYX66O7V5H6THFEAK2H4CE5EI.jpg 420w,https:\/\/www.infobae.com\/new-resizer\/xNe5rkaL2lz9C5GlOGlwb0_NNAE=\/577x325\/filters:format(webp):quality(85)\/cloudfront-us-east-1.images.arcpublishing.com\/infobae\/YKYX66O7V5H6THFEAK2H4CE5EI.jpg 577w,https:\/\/www.infobae.com\/new-resizer\/yjb5RnEw7XmQcIKOGfJ3-0aisks=\/768x432\/filters:format(webp):quality(85)\/cloudfront-us-east-1.images.arcpublishing.com\/infobae\/YKYX66O7V5H6THFEAK2H4CE5EI.jpg 768w,https:\/\/www.infobae.com\/new-resizer\/NRzgZNKlgbO2yj3P2VJ-IItJg_c=\/992x558\/filters:format(webp):quality(85)\/cloudfront-us-east-1.images.arcpublishing.com\/infobae\/YKYX66O7V5H6THFEAK2H4CE5EI.jpg 992w,https:\/\/www.infobae.com\/new-resizer\/2eXOhGCwSMOA3Py5C_5nXgYI33E=\/1200x675\/filters:format(webp):quality(85)\/cloudfront-us-east-1.images.arcpublishing.com\/infobae\/YKYX66O7V5H6THFEAK2H4CE5EI.jpg 1200w,https:\/\/www.infobae.com\/new-resizer\/Ygryx0sSR3HImh-SgdFTc3-lVXI=\/1440x810\/filters:format(webp):quality(85)\/cloudfront-us-east-1.images.arcpublishing.com\/infobae\/YKYX66O7V5H6THFEAK2H4CE5EI.jpg 1440w\">Inicialmente, el entorno familiar compartido ten\u00eda m\u00e1s influencia en la infecci\u00f3n por COVID-19 que la gen\u00e9tica, aunque con el tiempo la importancia de esta \u00faltima aument\u00f3 significativamente (Imagen ilustrativa Infobae)<\/p>\n\n\n\n<p>Al principio de la pandemia, la gen\u00e9tica de una persona representaba alrededor del 33 por ciento de la variaci\u00f3n en su susceptibilidad a la COVID-19, pero en la segunda mitad del estudio, el papel de la gen\u00e9tica en la susceptibilidad aument\u00f3 al 70 por ciento.<\/p>\n\n\n\n<p>Al observar la gravedad de la enfermedad por COVID (seg\u00fan los d\u00edas pasados en el hospital), la&nbsp;<strong>gen\u00e9tica&nbsp;<\/strong>volvi\u00f3 a superar a los entornos dom\u00e9sticos. El estudio encontr\u00f3 que la gen\u00e9tica explicaba el&nbsp;<strong>41% de las variaciones en la gravedad de los casos<\/strong>, mientras que&nbsp;<strong>el entorno compartido explicaba el 33%.<\/strong><\/p>\n\n\n\n<p>\u201cNos sorprendieron especialmente los porcentajes de&nbsp;<strong>susceptibilidad<\/strong>\u201d, dijo el autor principal del estudio,&nbsp;<strong>Nicholas Tatonetti.<\/strong><\/p>\n\n\n\n<p>Los hallazgos se publicaron en una edici\u00f3n reciente de la&nbsp;<strong>revista Nature Communications.<\/strong><\/p>\n\n\n\n<p><img loading=\"lazy\" decoding=\"async\" alt=\"A\u00fan no est\u00e1 claro qu\u00e9 aspectos espec\u00edficos del ADN afectan la susceptibilidad y gravedad de la COVID-19, y determinar esto es crucial para dirigir recursos y definir objetivos de futuras investigaciones (Imagen Ilustrativa Infobae)\" height=\"816\" width=\"1456\" src=\"https:\/\/www.infobae.com\/new-resizer\/EGzT8xH8mgmPdPVtxoBUrCnayeU=\/80x45\/filters:format(webp):quality(85)\/cloudfront-us-east-1.images.arcpublishing.com\/infobae\/J2FLVADKRBDKVJEWT2TYY7KWX4.png%2080w\" srcset=\"https:\/\/www.infobae.com\/new-resizer\/EGzT8xH8mgmPdPVtxoBUrCnayeU=\/80x45\/filters:format(webp):quality(85)\/cloudfront-us-east-1.images.arcpublishing.com\/infobae\/J2FLVADKRBDKVJEWT2TYY7KWX4.png 80w,https:\/\/www.infobae.com\/new-resizer\/MB-J47RhMx3eD4NeHeHY_FeI2L8=\/265x149\/filters:format(webp):quality(85)\/cloudfront-us-east-1.images.arcpublishing.com\/infobae\/J2FLVADKRBDKVJEWT2TYY7KWX4.png 265w,https:\/\/www.infobae.com\/new-resizer\/8aZ4zdvWoMY6KLYZ4VSh_hCXfvE=\/350x197\/filters:format(webp):quality(85)\/cloudfront-us-east-1.images.arcpublishing.com\/infobae\/J2FLVADKRBDKVJEWT2TYY7KWX4.png 350w,https:\/\/www.infobae.com\/new-resizer\/3lMA3Vv3moY7aDTBitH49WNRd64=\/420x236\/filters:format(webp):quality(85)\/cloudfront-us-east-1.images.arcpublishing.com\/infobae\/J2FLVADKRBDKVJEWT2TYY7KWX4.png 420w,https:\/\/www.infobae.com\/new-resizer\/XhEhbuKxxToYf1vejQcx5EHcjMc=\/577x325\/filters:format(webp):quality(85)\/cloudfront-us-east-1.images.arcpublishing.com\/infobae\/J2FLVADKRBDKVJEWT2TYY7KWX4.png 577w,https:\/\/www.infobae.com\/new-resizer\/3AHMu-g2zQHaNj862A7_CY9zNCA=\/768x432\/filters:format(webp):quality(85)\/cloudfront-us-east-1.images.arcpublishing.com\/infobae\/J2FLVADKRBDKVJEWT2TYY7KWX4.png 768w,https:\/\/www.infobae.com\/new-resizer\/xhr4x7U7YY8pTbSEwoaPAsLZBRs=\/992x558\/filters:format(webp):quality(85)\/cloudfront-us-east-1.images.arcpublishing.com\/infobae\/J2FLVADKRBDKVJEWT2TYY7KWX4.png 992w,https:\/\/www.infobae.com\/new-resizer\/nf93DLfnkb8KPdaN_jaU6nsxR2o=\/1200x675\/filters:format(webp):quality(85)\/cloudfront-us-east-1.images.arcpublishing.com\/infobae\/J2FLVADKRBDKVJEWT2TYY7KWX4.png 1200w,https:\/\/www.infobae.com\/new-resizer\/tRaSD8Aj-TiWa1kJP_khJizRF2I=\/1440x810\/filters:format(webp):quality(85)\/cloudfront-us-east-1.images.arcpublishing.com\/infobae\/J2FLVADKRBDKVJEWT2TYY7KWX4.png 1440w\">A\u00fan no est\u00e1 claro qu\u00e9 aspectos espec\u00edficos del ADN afectan la susceptibilidad y gravedad de la COVID-19, y determinar esto es crucial para dirigir recursos y definir objetivos de futuras investigaciones (Imagen Ilustrativa Infobae)<\/p>\n\n\n\n<p>&#8220;Dado que se trata de una enfermedad infecciosa, asumimos que las diferencias en el ambiente del hogar explicar\u00edan la mayor parte de la variaci\u00f3n durante todo el estudio&#8221;, dijo Tatonetti, vicepresidente de operaciones del departamento de biomedicina computacional y director asociado de oncolog\u00eda computacional en Cedars-Sinai Cancer.<\/p>\n\n\n\n<p>Todav\u00eda no est\u00e1 claro qu\u00e9 ADN est\u00e1 impulsando la brecha entre qui\u00e9n contrae COVID-19 y qui\u00e9n no. Averiguarlo &#8220;es muy importante en t\u00e9rminos de dirigir los recursos y definir los objetivos futuros de la investigaci\u00f3n&#8221;, dijo Tatonetti.<\/p>\n\n\n\n<p>M\u00e1s informaci\u00f3n sobre c\u00f3mo protegerse de la COVID en los Centros para el Control y la Prevenci\u00f3n de Enfermedades (CDC) de EE. UU.<\/p>\n\n\n\n<p>Fuente: https:\/\/www.infobae.com\/salud\/2024\/02\/02\/por-que-algunas-personas-contraen-covid-y-otras-nunca\/<\/p>\n","protected":false},"excerpt":{"rendered":"<p>Un estudio se\u00f1ala que la gen\u00e9tica podr\u00eda ser la clave para entender por qu\u00e9 hay quienes jam\u00e1s se infectan con el coronavirus, lo que marca un nuevo enfoque en la prevenci\u00f3n Todo el mundo conoce a alguien que contrajo COVID-19 en repetidas ocasiones, y probablemente tambi\u00e9n tenga ese amigo molesto que nunca ha tenido la [&hellip;]<\/p>\n","protected":false},"author":3,"featured_media":793,"comment_status":"open","ping_status":"open","sticky":false,"template":"","format":"standard","meta":{"footnotes":""},"categories":[11,3,5],"tags":[345,325],"class_list":["post-792","post","type-post","status-publish","format-standard","has-post-thumbnail","hentry","category-agenda","category-principal","category-salud","tag-contagios","tag-covid"],"_links":{"self":[{"href":"https:\/\/noticiassaludables.com.ar\/index.php?rest_route=\/wp\/v2\/posts\/792","targetHints":{"allow":["GET"]}}],"collection":[{"href":"https:\/\/noticiassaludables.com.ar\/index.php?rest_route=\/wp\/v2\/posts"}],"about":[{"href":"https:\/\/noticiassaludables.com.ar\/index.php?rest_route=\/wp\/v2\/types\/post"}],"author":[{"embeddable":true,"href":"https:\/\/noticiassaludables.com.ar\/index.php?rest_route=\/wp\/v2\/users\/3"}],"replies":[{"embeddable":true,"href":"https:\/\/noticiassaludables.com.ar\/index.php?rest_route=%2Fwp%2Fv2%2Fcomments&post=792"}],"version-history":[{"count":1,"href":"https:\/\/noticiassaludables.com.ar\/index.php?rest_route=\/wp\/v2\/posts\/792\/revisions"}],"predecessor-version":[{"id":794,"href":"https:\/\/noticiassaludables.com.ar\/index.php?rest_route=\/wp\/v2\/posts\/792\/revisions\/794"}],"wp:featuredmedia":[{"embeddable":true,"href":"https:\/\/noticiassaludables.com.ar\/index.php?rest_route=\/wp\/v2\/media\/793"}],"wp:attachment":[{"href":"https:\/\/noticiassaludables.com.ar\/index.php?rest_route=%2Fwp%2Fv2%2Fmedia&parent=792"}],"wp:term":[{"taxonomy":"category","embeddable":true,"href":"https:\/\/noticiassaludables.com.ar\/index.php?rest_route=%2Fwp%2Fv2%2Fcategories&post=792"},{"taxonomy":"post_tag","embeddable":true,"href":"https:\/\/noticiassaludables.com.ar\/index.php?rest_route=%2Fwp%2Fv2%2Ftags&post=792"}],"curies":[{"name":"wp","href":"https:\/\/api.w.org\/{rel}","templated":true}]}}