{"id":814,"date":"2024-02-08T10:57:07","date_gmt":"2024-02-08T13:57:07","guid":{"rendered":"https:\/\/noticiassaludables.com.ar\/?p=814"},"modified":"2024-02-08T10:57:08","modified_gmt":"2024-02-08T13:57:08","slug":"mama-antula-la-primera-santa-argentina","status":"publish","type":"post","link":"https:\/\/noticiassaludables.com.ar\/?p=814","title":{"rendered":"Mama Antula, la primera santa argentina"},"content":{"rendered":"\n<p>Hoy se conoci\u00f3 el cuadro con el rostro de la beata que el pr\u00f3ximo 11 de febrero ser\u00e1 proclamada santa en una celebraci\u00f3n que se realizar\u00e1 en el interior de la bas\u00edlica papal<\/p>\n\n\n\n<p>El papa Francisco encabezar\u00e1 la\u00a0<strong>ceremonia de canonizaci\u00f3n<\/strong>\u00a0de la beata argentina Mar\u00eda Antonia de Paz y Figueroa, conocida popularmente como<strong>\u00a0Mama Antula<\/strong>, el pr\u00f3ximo domingo 11 de febrero a las 9 de Roma (4 de la ma\u00f1ana en Argentina).<\/p>\n\n\n\n<p><a href=\"https:\/\/www.infobae.com\/sociedad\/2023\/10\/24\/madre-de-la-patria-y-mujer-empoderada-en-tiempos-coloniales-la-historia-de-mama-antula-la-primera-santa-argentina\/\" target=\"_blank\" rel=\"noreferrer noopener\"><\/a><\/p>\n\n\n\n<figure class=\"wp-block-image\"><a href=\"https:\/\/www.infobae.com\/sociedad\/2023\/10\/24\/madre-de-la-patria-y-mujer-empoderada-en-tiempos-coloniales-la-historia-de-mama-antula-la-primera-santa-argentina\/\" target=\"_blank\" rel=\"noreferrer noopener\"><img decoding=\"async\" src=\"https:\/\/www.infobae.com\/new-resizer\/cBNbMiWR3_LbBZMTrx1feJy5TQk=\/1200x900\/filters:format(webp):quality(85)\/cloudfront-us-east-1.images.arcpublishing.com\/infobae\/EUBTYDXTOJF55GNH7O2FAU32RQ.jpg\" alt=\"\u201cMadre de la patria\u201d y mujer empoderada en tiempos coloniales: la historia de Mama Antula, la primera santa argentina\"\/><\/a><\/figure>\n\n\n\n<p><a href=\"https:\/\/www.infobae.com\/sociedad\/2023\/10\/24\/madre-de-la-patria-y-mujer-empoderada-en-tiempos-coloniales-la-historia-de-mama-antula-la-primera-santa-argentina\/\" target=\"_blank\" rel=\"noreferrer noopener\"><\/a><\/p>\n\n\n\n<p>En las \u00faltimas horas, el Vaticano descubri\u00f3 por primera vez&nbsp;<strong>la imagen oficial de la primera santa argentina junto al altar mayor de la Bas\u00edlica de San Pedro en Roma<\/strong>, donde se celebrar\u00e1 la Santa Misa en la que ser\u00e1 canonizada. All\u00ed quedar\u00e1 el cuadro con su rostro, cuando sea proclamada Santa, y, adem\u00e1s, se escribir\u00e1 su nombre en el libro de los Santos y Santas de la Iglesia Cat\u00f3lica.<\/p>\n\n\n\n<p>La canonizaci\u00f3n de Mama Antula por parte del<strong>&nbsp;Papa Francisco<\/strong>&nbsp;ser\u00e1 la primera ceremonia de este estilo que se celebre en el interior de la<strong>&nbsp;Bas\u00edlica de San Pedro,<\/strong>&nbsp;ya que la tradici\u00f3n marca que se realice en la Plaza San Pedro. Asimismo, compartir\u00e1 con la Madre Teresa de Calcuta el hecho de ser los \u00fanicos santos en estar elevados a los altares en soledad.<\/p>\n\n\n\n<p>El&nbsp;<strong>papa Francisco es fiel devoto de Antula<\/strong>. En sus a\u00f1os de arzobispo de la Ciudad sol\u00eda nombrarla y tener presentes sus ense\u00f1anzas en las homil\u00edas y desde que asumi\u00f3 la titularidad de la Iglesia Cat\u00f3lica pregon\u00f3 para declararla beata, lo que sucedi\u00f3 el&nbsp;<strong>27 de agosto de 2016,&nbsp;<\/strong>en Santiago del Estero.<\/p>\n\n\n\n<p><img loading=\"lazy\" decoding=\"async\" alt=\"La imagen oficial de Mar\u00eda Antonia de Paz y Figueroa, conocida popularmente como Mama Antula\" height=\"1156\" width=\"651\" src=\"https:\/\/www.infobae.com\/new-resizer\/5QTFGEhuJ-V2g4NWxBBsChgd_KI=\/420x747\/filters:format(webp):quality(85)\/cloudfront-us-east-1.images.arcpublishing.com\/infobae\/33ASSJW6YFAUBHEFV3HJ5XNUXI.jpeg%20420w\" srcset=\"https:\/\/www.infobae.com\/new-resizer\/5QTFGEhuJ-V2g4NWxBBsChgd_KI=\/420x747\/filters:format(webp):quality(85)\/cloudfront-us-east-1.images.arcpublishing.com\/infobae\/33ASSJW6YFAUBHEFV3HJ5XNUXI.jpeg 420w,https:\/\/www.infobae.com\/new-resizer\/4XDEB7upTyRCBzh0wRelFsHcV9U=\/768x1365\/filters:format(webp):quality(85)\/cloudfront-us-east-1.images.arcpublishing.com\/infobae\/33ASSJW6YFAUBHEFV3HJ5XNUXI.jpeg 768w,https:\/\/www.infobae.com\/new-resizer\/pVPRdBAZp7DKB9ZypPOyoA7zN-g=\/1200x2133\/filters:format(webp):quality(85)\/cloudfront-us-east-1.images.arcpublishing.com\/infobae\/33ASSJW6YFAUBHEFV3HJ5XNUXI.jpeg 1200w\">La imagen oficial de Mar\u00eda Antonia de Paz y Figueroa, conocida popularmente como Mama Antula<\/p>\n\n\n\n<p>El<strong>\u00a0Arzobispo de Buenos Aires, Jorge Ignacio Garc\u00eda Cuerva,\u00a0<\/strong>se encuentra en Roma para participar de la celebraci\u00f3n, y desde la sala Stampa Vaticana, comparti\u00f3 sus impresiones sobre el hecho hist\u00f3rico para los argentinos. \u201c<strong>En el contexto del S\u00ednodo de la Sinodalidad es, por un lado, el protagonismo de la mujer laica, porque Mama Antula no era una monja, una religiosa, era laica.<\/strong>\u00a0Lo que pasa es que por la ropa o las im\u00e1genes que tenemos, podemos confundirnos. Esto nos habla del protagonismo de los laicos, del protagonismo de la mujer, de la audacia y creatividad apost\u00f3lica que tuvo en momentos dif\u00edciles de la Argentina, porque<strong>\u00a0la Argentina vive en una eterna crisis<\/strong>\u201d, asegur\u00f3 el religioso.<\/p>\n\n\n\n<p>\u201cY al mismo tiempo<strong>, nos est\u00e1 animando a nosotros a vivir esas notas de santidad en el mundo de hoy.&nbsp;<\/strong>Lo interesante es no quedarnos en la cuesti\u00f3n hist\u00f3rica del pasado, sino vivirlo en el hoy. Y eso me parece fundamental y es el mensaje que nos deja el Papa Francisco\u201d, agreg\u00f3.<\/p>\n\n\n\n<p>Por su parte, Garc\u00eda Cuerva destac\u00f3 la confirmaci\u00f3n de la presencia del presidente de la Argentina,&nbsp;<strong>Javier Milei<\/strong>, para el pr\u00f3ximo s\u00e1bado. \u201c<strong>Se valora la presencia del presidente de la Naci\u00f3n. Tenemos que mirar esto con ojos institucionales,<\/strong>&nbsp;hoy el presidente es el se\u00f1or Javier Milei, y, por lo tanto, su presencia, como los otros representantes del gobierno nacional, es importante. Porque&nbsp;<strong>es hecho importante para la Argentina y para todos<\/strong>\u201d, dijo, y destac\u00f3: \u201cLa presencia institucional del presidente, es valiosa\u201d.<\/p>\n\n\n\n<h2 class=\"wp-block-heading\">El reconocimiento de la Iglesia a Mama Antula<\/h2>\n\n\n\n<p><strong>Gerardo Di Fazio, vicepostulador de Causas de canonizaci\u00f3n del Vaticano,<\/strong>\u00a0cont\u00f3 su historia sobre la canonizaci\u00f3n de Mar\u00eda Antonia de Paz y Figueroa, conocida popularmente como<strong>\u00a0Mama Antula. \u201c<\/strong>Form\u00e9 parte de este muy peque\u00f1o n\u00facleo de entusiastas que ve\u00edan en la figura de Mar\u00eda Antonia una gran santa, la cual\u00a0<strong>deber\u00eda ser reconocida por la Iglesia y ser incorporado su nombre al canon de los santos.\u00a0<\/strong>En aquellos primeros tiempos, nadie nos daba esperanza para que causa de canonizaci\u00f3n prospere\u201d, sostuvo.<\/p>\n\n\n\n<p>Adem\u00e1s, revel\u00f3: \u201c<strong>La figura de la pr\u00f3xima Santa era conocida solo por unos pocos historiadores eclesi\u00e1sticos y nada m\u00e1s.<\/strong>&nbsp;Y as\u00ed, junto a la Madre Hilda Rosa Ledesma, compaginamos una hojita llamada: \u2018<em>compa\u00f1era del camino\u2019<\/em>, esta se distribu\u00eda una vez al mes por las iglesias cercanas de la santa casa\u201d.<\/p>\n\n\n\n<p>\u201c<strong>Poder contemplar hoy que aquella semilla que despertamos de un letargo de m\u00e1s de un siglo, se ha trasformado en un bosque inmenso<\/strong>, no hace otra cosa que darnos cuenta de que&nbsp;<strong>fue el mismo Se\u00f1or<\/strong>&nbsp;que, tomando nuestra fragilidad, nos llev\u00f3 a luchar con gran audacia y denuedopara<strong>&nbsp;rescatar la olvidada figura de la futura santa. Obra de Dios, sin duda<\/strong>\u201d, a\u00f1adi\u00f3 Di Fazio.<\/p>\n\n\n\n<p>Y concluy\u00f3: \u201cMar\u00eda Antonia ha significado y significa para m\u00ed, que conozco muy fielmente su historia, casi como si ella me la hubiese contado, que<strong>&nbsp;cuando creemos fehacientemente en algo, con la ayuda de Dios, lo podemos llevar a cabo&nbsp;<\/strong>y no hay obst\u00e1culos que no puedan ser vencidos\u201d.<\/p>\n\n\n\n<p><img loading=\"lazy\" decoding=\"async\" alt=\"Mar\u00eda Antonia Paz y Figueroa, Mama Antula, naci\u00f3 en 1730 en Santiago del Estero. \" height=\"1280\" width=\"720\" src=\"https:\/\/www.infobae.com\/new-resizer\/IBXrZhyiKYo1y9FFd7yUmxq8jNs=\/420x747\/filters:format(webp):quality(85)\/cloudfront-us-east-1.images.arcpublishing.com\/infobae\/IBVLLYY5OBDKXNEI6ACMFLHWE4.jpeg%20420w\" srcset=\"https:\/\/www.infobae.com\/new-resizer\/IBXrZhyiKYo1y9FFd7yUmxq8jNs=\/420x747\/filters:format(webp):quality(85)\/cloudfront-us-east-1.images.arcpublishing.com\/infobae\/IBVLLYY5OBDKXNEI6ACMFLHWE4.jpeg 420w,https:\/\/www.infobae.com\/new-resizer\/fFVU2hH84uwzggQDBx50eNQJBOA=\/768x1365\/filters:format(webp):quality(85)\/cloudfront-us-east-1.images.arcpublishing.com\/infobae\/IBVLLYY5OBDKXNEI6ACMFLHWE4.jpeg 768w,https:\/\/www.infobae.com\/new-resizer\/kMzsjz2CeCBZl92NfZpdsdEynJ0=\/1200x2133\/filters:format(webp):quality(85)\/cloudfront-us-east-1.images.arcpublishing.com\/infobae\/IBVLLYY5OBDKXNEI6ACMFLHWE4.jpeg 1200w\">Mar\u00eda Antonia Paz y Figueroa, Mama Antula, naci\u00f3 en 1730 en Santiago del Estero.<\/p>\n\n\n\n<h2 class=\"wp-block-heading\">La historia de la imagen oficial de Mama Antula<\/h2>\n\n\n\n<p>La imagen utilizada en la misa de canonizaci\u00f3n es&nbsp;<strong>una representaci\u00f3n de la copia del cuadro pintado por Jos\u00e9 de Salas<\/strong>, quien naci\u00f3 en Madrid en 1735 y muri\u00f3 en Buenos Aires en 1809. Se educ\u00f3 en la Academia de San Fernando de Madrid y arrib\u00f3 al pa\u00eds en 1772. Era un artista de caballete academicista y hab\u00eda retratado a varios funcionarios del virreinato como los virreyes Nicol\u00e1s del Campo y Pedro Melo.<\/p>\n\n\n\n<p>Cuando Mar\u00eda Antonia de Paz y Figueroa falleci\u00f3 el 7 de marzo de 1799, descubren que jam\u00e1s ella hab\u00eda permitido que le realizaran un retrato. Ante el inminente sepelio, que se realiz\u00f3 la madrugada siguiente en el camposanto de la Piedad, fueron a buscar a Jos\u00e9 Salas. \u201cLa casa de ejercicios estaba ubicada muy lejos del casco c\u00e9ntrico: hab\u00eda que atravesar tres arroyos para llegar a la plaza de la Victoria (actual plaza de Mayo), los cuales, cuando llov\u00eda, eran imposibles de atravesar\u201d, remarca Di Fazio.<\/p>\n\n\n\n<p>Cuando lleg\u00f3 Jos\u00e9 de Salas, apenas pudo realizar unos esbozos del rostro. Se retir\u00f3, luego, a pintar el cuadro. La descripci\u00f3n la hace el integrante de la comisi\u00f3n hist\u00f3rica de la causa de Mama Antula: \u201c<strong>\u00c9l la ubica de pie, frente a la casa de ejercicios, envuelta en su manto negro el cual utiliza en forma de velo y vestida con un h\u00e1bito negro y al cuello un velo blanco que lo cubre<\/strong>. El cuadro es un \u00f3leo cuyas dimensiones son 125 cent\u00edmetros de alto por 90 cent\u00edmetros de ancho, incluido el marco de madera. La paleta de colores aplicada se limita al ocre, rojo y negro. El cuerpo de la beata ocupa la mayor parte de la superficie pict\u00f3rica. Su rostro destaca por la forma angular y por la mirada ensimismada mirando hacia la derecha. En su mano derecha sostiene una cruz alta y en la izquierda un libro abierto, detr\u00e1s de ella se observa la puerta de ingreso a la casa de ejercicios\u201d. Debajo del cuadro, Salas escribi\u00f3: \u201cDo\u00f1a Mar\u00eda Antonia de la Paz. Fundadora de esta Santa Casa. Naci\u00f3 en la ciudad de Santiago del Estero el a\u00f1o de 1730 y muri\u00f3 en esta Capital el d\u00eda 7 de marzo de 1799. Este retrato es obra de Don Jos\u00e9 Salas, quien, por afecto a esta Se\u00f1ora, lo coloc\u00f3 graciosamente para perpetuar su memoria\u201d.<\/p>\n\n\n\n<p>El retrato fue colgado en la habitaci\u00f3n donde falleci\u00f3 la santa. Siglos despu\u00e9s ser\u00e1 la imagen destacada de una misa presidida por el papa Francisco.\u00a0<strong>\u201cDudo que en su vida don Jos\u00e9 de Salas habr\u00e1 so\u00f1ado que, basado en una obra suya, un lienzo fuera desplegado en la bas\u00edlica de San Pedro del Vaticano<\/strong>\u201d, considera Di Fazio.<\/p>\n\n\n\n<p>Fuente: https:\/\/www.infobae.com\/sociedad\/2024\/02\/08\/se-conocio-la-imagen-oficial-de-mama-antula-la-primera-santa-argentina-en-la-basilica-de-san-pedro\/<\/p>\n","protected":false},"excerpt":{"rendered":"<p>Hoy se conoci\u00f3 el cuadro con el rostro de la beata que el pr\u00f3ximo 11 de febrero ser\u00e1 proclamada santa en una celebraci\u00f3n que se realizar\u00e1 en el interior de la bas\u00edlica papal El papa Francisco encabezar\u00e1 la\u00a0ceremonia de canonizaci\u00f3n\u00a0de la beata argentina Mar\u00eda Antonia de Paz y Figueroa, conocida popularmente como\u00a0Mama Antula, el pr\u00f3ximo [&hellip;]<\/p>\n","protected":false},"author":3,"featured_media":815,"comment_status":"open","ping_status":"open","sticky":false,"template":"","format":"standard","meta":{"footnotes":""},"categories":[12,10],"tags":[433],"class_list":["post-814","post","type-post","status-publish","format-standard","has-post-thumbnail","hentry","category-sociedad","category-tendencia","tag-mama-antula"],"_links":{"self":[{"href":"https:\/\/noticiassaludables.com.ar\/index.php?rest_route=\/wp\/v2\/posts\/814","targetHints":{"allow":["GET"]}}],"collection":[{"href":"https:\/\/noticiassaludables.com.ar\/index.php?rest_route=\/wp\/v2\/posts"}],"about":[{"href":"https:\/\/noticiassaludables.com.ar\/index.php?rest_route=\/wp\/v2\/types\/post"}],"author":[{"embeddable":true,"href":"https:\/\/noticiassaludables.com.ar\/index.php?rest_route=\/wp\/v2\/users\/3"}],"replies":[{"embeddable":true,"href":"https:\/\/noticiassaludables.com.ar\/index.php?rest_route=%2Fwp%2Fv2%2Fcomments&post=814"}],"version-history":[{"count":1,"href":"https:\/\/noticiassaludables.com.ar\/index.php?rest_route=\/wp\/v2\/posts\/814\/revisions"}],"predecessor-version":[{"id":816,"href":"https:\/\/noticiassaludables.com.ar\/index.php?rest_route=\/wp\/v2\/posts\/814\/revisions\/816"}],"wp:featuredmedia":[{"embeddable":true,"href":"https:\/\/noticiassaludables.com.ar\/index.php?rest_route=\/wp\/v2\/media\/815"}],"wp:attachment":[{"href":"https:\/\/noticiassaludables.com.ar\/index.php?rest_route=%2Fwp%2Fv2%2Fmedia&parent=814"}],"wp:term":[{"taxonomy":"category","embeddable":true,"href":"https:\/\/noticiassaludables.com.ar\/index.php?rest_route=%2Fwp%2Fv2%2Fcategories&post=814"},{"taxonomy":"post_tag","embeddable":true,"href":"https:\/\/noticiassaludables.com.ar\/index.php?rest_route=%2Fwp%2Fv2%2Ftags&post=814"}],"curies":[{"name":"wp","href":"https:\/\/api.w.org\/{rel}","templated":true}]}}