{"id":827,"date":"2024-02-09T11:00:33","date_gmt":"2024-02-09T14:00:33","guid":{"rendered":"https:\/\/noticiassaludables.com.ar\/?p=827"},"modified":"2024-02-09T11:00:34","modified_gmt":"2024-02-09T14:00:34","slug":"la-iglesia-pidio-alimentos-para-los-comedores-populares-y-advirtio-la-pobreza-sigue-creciendo","status":"publish","type":"post","link":"https:\/\/noticiassaludables.com.ar\/?p=827","title":{"rendered":"La Iglesia pidi\u00f3 alimentos para los comedores populares y advirti\u00f3: \u201cLa pobreza sigue creciendo\u201d"},"content":{"rendered":"\n<p>En un comunicado de C\u00e1ritas solicitaron que se normalice el abastecimiento para los movimientos sociales, asociaciones, centros vecinales y sindicatos. Es la segunda advertencia que dieron los obispos en la semana<\/p>\n\n\n\n<p>La Comisi\u00f3n Episcopal de C\u00e1ritas Argentina volvi\u00f3 hoy a pedirle al Gobierno mediante un comunicado que se les proporcione\u00a0<strong>\u201cla ayuda necesaria\u201d\u00a0<\/strong>en materia de alimentosa los comedores populares para que puedan seguir funcionando.<a href=\"https:\/\/www.infobae.com\/politica\/2024\/02\/09\/sigue-sin-definirse-la-salida-de-guillermo-ferraro-del-gobierno-los-recelos-con-caputo-y-el-incierto-destino-del-super-ministerio\/\" target=\"_blank\" rel=\"noreferrer noopener\"><\/a><\/p>\n\n\n\n<p>M\u00e1s all\u00e1 del acuerdo que se alcanz\u00f3 el mi\u00e9rcoles entre C\u00e1ritas y el Ministerio de Capital Humano que encabeza Sandra Pettovello, remarcan: \u201cHoy nadie puede asumir la cantidad y complejidad del trabajo social de manera individual, y es por eso que insistimos en integrar a todos aquellos que con enorme sensibilidad atienden a los m\u00e1s pobres y en que tambi\u00e9n se les d\u00e9 la ayuda necesaria para que puedan seguir haci\u00e9ndolo\u201d.<\/p>\n\n\n\n<p>Se trata de la segunda declaraci\u00f3n que dio esta semana la c\u00fapula de Iglesia a pocas horas de la reuni\u00f3n que est\u00e1 previsto que se d\u00e9 el lunes en Roma entre el presidente Javier Milei y el sumo pont\u00edfice papa Francisco.<\/p>\n\n\n\n<p><a href=\"https:\/\/www.infobae.com\/politica\/2024\/02\/09\/javier-milei-decidio-profundizar-su-ofensiva-contra-los-gobernadores-y-le-pondra-un-freno-al-pacto-fiscal\/\" target=\"_blank\" rel=\"noreferrer noopener\"><\/a><\/p>\n\n\n\n<figure class=\"wp-block-image\"><a href=\"https:\/\/www.infobae.com\/politica\/2024\/02\/09\/javier-milei-decidio-profundizar-su-ofensiva-contra-los-gobernadores-y-le-pondra-un-freno-al-pacto-fiscal\/\" target=\"_blank\" rel=\"noreferrer noopener\"><img decoding=\"async\" src=\"https:\/\/www.infobae.com\/new-resizer\/5PJ05XIb9sGj2DELY0Xh-3Yd3Vs=\/1200x900\/filters:format(webp):quality(85)\/cloudfront-us-east-1.images.arcpublishing.com\/infobae\/4PQDTHUX6RAYHA3YMSX7LIZLSQ.jpg\" alt=\"Javier Milei decidi\u00f3 profundizar su ofensiva contra los gobernadores y le pondr\u00e1 un freno al pacto fiscal\"\/><\/a><\/figure>\n\n\n\n<p><\/p>\n\n\n\n<p>Por eso pidieron que tanto los movimientos sociales, asociaciones, centros vecinales y sindicatos, entre otras instituciones que colaboran conjuntamente con la Iglesia, puedan normalizar su funcionamiento lo m\u00e1s pronto posible porque los niveles de pobreza en los \u00faltimos tiempos crecieron. \u201c<strong>En un pa\u00eds cuya pobreza sigue creciendo y que no admite miradas sesgadas, prejuicios ideol\u00f3gicos y peleas sectoriales<\/strong>, somos testigos de que muchos hermanos viven la angustia de no saber con qu\u00e9 alimentar\u00e1n ma\u00f1ana a sus hijos\u201d, expresaron.<\/p>\n\n\n\n<p>Apoyan el m\u00e9todo de las auditor\u00edas que implement\u00f3 el ministerio de Pettovello cuyo objetivo fue terminar con las irregularidades en el manejo de los fondos asignados a cada organizaci\u00f3n pero aclararon que el acuerdo de C\u00e1ritas con el Estado Nacional \u201cvinculado a la renovaci\u00f3n de un convenio de meriendas, se ha malinterpretado dicho compromiso entendi\u00e9ndolo como un acuerdo exclusivo entre la Iglesia y el Estado para ser los interlocutores \u00fanicos o principales validados en la ayuda a los sectores m\u00e1s vulnerables\u201d.<a href=\"https:\/\/www.infobae.com\/politica\/2024\/02\/09\/prefectura-podra-volver-a-utilizar-armas-largas-frente-a-delitos-graves\/\" target=\"_blank\" rel=\"noreferrer noopener\"><\/a><a href=\"https:\/\/www.infobae.com\/politica\/2024\/02\/09\/prefectura-podra-volver-a-utilizar-armas-largas-frente-a-delitos-graves\/\" target=\"_blank\" rel=\"noreferrer noopener\"><\/a><\/p>\n\n\n\n<p>El jueves de esta semana en medio del conflicto con los piqueteros de izquierda y organizaciones sociales por la falta de comida en los comedores y merenderos comunitarios Pettovello firm\u00f3 un convenio por\u00a0<strong>20 mil millones de pesos para la compra de 5 millones de unidades de alimentos<\/strong>\u00a0con el Programa de las Naciones Unidas para el Desarrollo (PNUD) y la Organizaci\u00f3n de Estados Iberoamericanos para la Educaci\u00f3n, la Ciencia y la Cultura (OEI); en el marco de la ampliaci\u00f3n del Programa de Abordaje Comunitario.<\/p>\n\n\n\n<p>Seg\u00fan se hab\u00eda anunciado los acuerdos firmados por el Estado Nacional en las \u00faltimas horas \u201casegurar\u00e1n que los procesos de compra se realicen&nbsp;<strong>bajo est\u00e1ndares de transparencia y rendici\u00f3n de cuentas<\/strong>, mejorando significativamente la eficacia y la integridad en la distribuci\u00f3n de alimentos a los sectores m\u00e1s vulnerables de la sociedad\u201d.<\/p>\n\n\n\n<h2 class=\"wp-block-heading\">Una semana tensa<\/h2>\n\n\n\n<p>Pettovello estuvo en el centro de la pol\u00e9mica esta semana por una movilizaci\u00f3n de grupos piqueteros que tienen buena relaci\u00f3n con la Iglesia para reclamar alimentos. La movilizaci\u00f3n la hicieron la UTEP de Juan Grabois -con llegada directa al Papa- y otras organizaciones aliadas, que tuvieron durante el gobierno de Alberto Fern\u00e1ndez cargos y accesos a recursos constantes para brindar asistencia.<\/p>\n\n\n\n<p>La se\u00f1alizaci\u00f3n contra los \u201cprejuicios ideol\u00f3gicos y peleas sectoriales\u201d tienen que ver con que en la Iglesia cuestionan la decisi\u00f3n pol\u00edtica que tom\u00f3 el gobierno de desplazar y desconocer a la mediaci\u00f3n de las organizaciones sociales y piqueteras para llevar al territorio la asistencia, una tarea de la que el Estado los \u00faltimos a\u00f1os se retir\u00f3.<\/p>\n\n\n\n<p>Casi al mismo tiempo en que se realizaba la protesta en Carlos Pellegrini al 1200 donde funciona el ministerio y que convoc\u00f3 a miles de asistentes a los comedores, la ministra tambi\u00e9n hab\u00eda firmado un convenio con representantes de iglesias evang\u00e9licas en la localidad bonaerense de Jos\u00e9 C. Paz. El acuerdo suscripto ese d\u00eda con la Alianza Cristiana de Iglesias Evang\u00e9licas de la Argentina (ACIERA) fue \u201cpara que reciban la\u00a0<strong>ayuda directa y sin intermediarios\u201d<\/strong>.<\/p>\n\n\n\n<p>Fuente: https:\/\/www.infobae.com\/politica\/2024\/02\/09\/la-iglesia-volvio-a-pedir-alimentos-para-los-comedores-populares-y-advirtio-la-pobreza-sigue-creciendo\/<\/p>\n","protected":false},"excerpt":{"rendered":"<p>En un comunicado de C\u00e1ritas solicitaron que se normalice el abastecimiento para los movimientos sociales, asociaciones, centros vecinales y sindicatos. Es la segunda advertencia que dieron los obispos en la semana La Comisi\u00f3n Episcopal de C\u00e1ritas Argentina volvi\u00f3 hoy a pedirle al Gobierno mediante un comunicado que se les proporcione\u00a0\u201cla ayuda necesaria\u201d\u00a0en materia de alimentosa [&hellip;]<\/p>\n","protected":false},"author":3,"featured_media":828,"comment_status":"open","ping_status":"open","sticky":false,"template":"","format":"standard","meta":{"footnotes":""},"categories":[11,13,12],"tags":[440,438,439],"class_list":["post-827","post","type-post","status-publish","format-standard","has-post-thumbnail","hentry","category-agenda","category-politica","category-sociedad","tag-comedores-populares","tag-iglesia","tag-pobreza"],"_links":{"self":[{"href":"https:\/\/noticiassaludables.com.ar\/index.php?rest_route=\/wp\/v2\/posts\/827","targetHints":{"allow":["GET"]}}],"collection":[{"href":"https:\/\/noticiassaludables.com.ar\/index.php?rest_route=\/wp\/v2\/posts"}],"about":[{"href":"https:\/\/noticiassaludables.com.ar\/index.php?rest_route=\/wp\/v2\/types\/post"}],"author":[{"embeddable":true,"href":"https:\/\/noticiassaludables.com.ar\/index.php?rest_route=\/wp\/v2\/users\/3"}],"replies":[{"embeddable":true,"href":"https:\/\/noticiassaludables.com.ar\/index.php?rest_route=%2Fwp%2Fv2%2Fcomments&post=827"}],"version-history":[{"count":1,"href":"https:\/\/noticiassaludables.com.ar\/index.php?rest_route=\/wp\/v2\/posts\/827\/revisions"}],"predecessor-version":[{"id":829,"href":"https:\/\/noticiassaludables.com.ar\/index.php?rest_route=\/wp\/v2\/posts\/827\/revisions\/829"}],"wp:featuredmedia":[{"embeddable":true,"href":"https:\/\/noticiassaludables.com.ar\/index.php?rest_route=\/wp\/v2\/media\/828"}],"wp:attachment":[{"href":"https:\/\/noticiassaludables.com.ar\/index.php?rest_route=%2Fwp%2Fv2%2Fmedia&parent=827"}],"wp:term":[{"taxonomy":"category","embeddable":true,"href":"https:\/\/noticiassaludables.com.ar\/index.php?rest_route=%2Fwp%2Fv2%2Fcategories&post=827"},{"taxonomy":"post_tag","embeddable":true,"href":"https:\/\/noticiassaludables.com.ar\/index.php?rest_route=%2Fwp%2Fv2%2Ftags&post=827"}],"curies":[{"name":"wp","href":"https:\/\/api.w.org\/{rel}","templated":true}]}}