{"id":842,"date":"2024-02-15T11:11:13","date_gmt":"2024-02-15T14:11:13","guid":{"rendered":"https:\/\/noticiassaludables.com.ar\/?p=842"},"modified":"2024-02-15T11:11:14","modified_gmt":"2024-02-15T14:11:14","slug":"dia-internacional-del-cancer-infantil","status":"publish","type":"post","link":"https:\/\/noticiassaludables.com.ar\/?p=842","title":{"rendered":"D\u00eda Internacional del C\u00e1ncer Infantil"},"content":{"rendered":"\n<p>Es una de las principales causas de muerte en ni\u00f1os y adolescentes a nivel mundial, pero tambi\u00e9n una de las m\u00e1s curables bajo ciertas condiciones. En Argentina m\u00e1s de 1.300 chicos son diagnosticados con c\u00e1ncer cada a\u00f1o<\/p>\n\n\n\n<p>El c\u00e1ncer es la segunda causa de&nbsp;<strong>mortalidad en ni\u00f1os y adolescentes&nbsp;<\/strong>a nivel global, luego de los accidentes, ya que afecta anualmente a cerca de&nbsp;<strong>274.000 j\u00f3venes<\/strong>&nbsp;de&nbsp;<strong>entre 0 y 19 a\u00f1os.<\/strong>&nbsp;En las regiones de Am\u00e9rica Latina y el Caribe, se estima que aproximadamente<strong>&nbsp;30.000 menores de 19 a\u00f1os<\/strong>&nbsp;son diagnosticados con esta enfermedad cada a\u00f1o y casi 10.000 pierden la vida, de acuerdo con datos de la Organizaci\u00f3n Panamericana de la Salud (OPS).<\/p>\n\n\n\n<p>En el \u00e1mbito del c\u00e1ncer pedi\u00e1trico, se han observado&nbsp;<strong>avances significativos&nbsp;<\/strong>en los \u00faltimos a\u00f1os, particularmente en el tratamiento de la&nbsp;<strong>leucemia aguda<\/strong>, que ha incrementado la tasa de sobrevida a 5 a\u00f1os por encima del 70%, de forma tal que la mayor\u00eda de los pacientes logran una cura completa. Del mismo modo, se han registrado&nbsp;<strong>mejoras en el abordaje de tumores s\u00f3lidos<\/strong>&nbsp;mediante la aplicaci\u00f3n combinada de radioterapia, cirug\u00eda y quimioterapia, lo que ha generado un aumento de las&nbsp;<strong>posibilidades de supervivencia&nbsp;<\/strong>a largo plazo.<\/p>\n\n\n\n<p>El espectro del&nbsp;<strong>c\u00e1ncer infantil&nbsp;<\/strong>abarca una variedad de tipos. Los m\u00e1s habituales son la leucemia, el c\u00e1ncer cerebral, el linfoma, el neuroblastoma y el tumor de Wilms, dijo la OPS. A pesar de los progresos, es crucial la&nbsp;<strong>detecci\u00f3n temprana&nbsp;<\/strong>para mejorar los pron\u00f3sticos de los pacientes, lo cual puede ser logrado mediante un examen m\u00e9dico meticuloso y la escucha activa a las preocupaciones de los padres, seg\u00fan recomend\u00f3 la OPS.<\/p>\n\n\n\n<p>Siguiendo con la misma informaci\u00f3n oficial, existe una&nbsp;<strong>notable disparidad<\/strong>&nbsp;en las tasas de curaci\u00f3n entre pa\u00edses de ingresos altos, donde m\u00e1s del 80% de los ni\u00f1os con c\u00e1ncer logran curarse, en comparaci\u00f3n con los pa\u00edses de ingresos medianos y bajos, en los cuales la tasa de curaci\u00f3n ronda aproximadamente el 20%. En estos \u00faltimos, la mortalidad infantil por c\u00e1ncer es atribuida frecuentemente a<strong>&nbsp;fallos en el diagn\u00f3stico, errores o tardanzas en el mismo, dificultades de acceso a la atenci\u00f3n sanitaria, abandono del tratamiento, muerte por toxicidad y altas tasas de reca\u00eddas.<\/strong><\/p>\n\n\n\n<p><img loading=\"lazy\" decoding=\"async\" alt=\"En el mundo el 80% de los c\u00e1nceres infantiles se curan. En la Argentina las cifras son similares (Gettyimages)\" height=\"1080\" width=\"1920\" src=\"https:\/\/www.infobae.com\/new-resizer\/ZcT_6UCxi-ERNMZau4t52IVW22o=\/420x236\/filters:format(webp):quality(85)\/cloudfront-us-east-1.images.arcpublishing.com\/infobae\/L4DESQR4FBE3FBT4VF2PUWWDXU.jpg%20420w\" srcset=\"https:\/\/www.infobae.com\/new-resizer\/ZcT_6UCxi-ERNMZau4t52IVW22o=\/420x236\/filters:format(webp):quality(85)\/cloudfront-us-east-1.images.arcpublishing.com\/infobae\/L4DESQR4FBE3FBT4VF2PUWWDXU.jpg 420w,https:\/\/www.infobae.com\/new-resizer\/eWM7iO2Godes1BtSXqQ6xVsiwe0=\/768x432\/filters:format(webp):quality(85)\/cloudfront-us-east-1.images.arcpublishing.com\/infobae\/L4DESQR4FBE3FBT4VF2PUWWDXU.jpg 768w,https:\/\/www.infobae.com\/new-resizer\/QBbZzCBXuOPna61Ar-h0q4k1EO8=\/1200x675\/filters:format(webp):quality(85)\/cloudfront-us-east-1.images.arcpublishing.com\/infobae\/L4DESQR4FBE3FBT4VF2PUWWDXU.jpg 1200w,https:\/\/www.infobae.com\/new-resizer\/Iaa5BjZoCglSPXd84QkOWIXRnsA=\/1440x810\/filters:format(webp):quality(85)\/cloudfront-us-east-1.images.arcpublishing.com\/infobae\/L4DESQR4FBE3FBT4VF2PUWWDXU.jpg 1440w\">En el mundo el 80% de los c\u00e1nceres infantiles se curan. En la Argentina las cifras son similares (Gettyimages)<\/p>\n\n\n\n<p>Los datos globales de la OPS\/OMS coinciden con los de Argentina en cuanto a que en el pa\u00eds, con diagn\u00f3stico precoz y tratamiento oportuno,&nbsp;<strong>el 80% de los c\u00e1nceres en la infancia se curan,&nbsp;<\/strong>seg\u00fan un informe difundido por el&nbsp;<strong>Hospital Juan Garrahan<\/strong>&nbsp;de la Ciudad de Buenos Aires.<\/p>\n\n\n\n<p>Seg\u00fan expertos de ese centro de salud, el c\u00e1ncer infantil es una enfermedad poco frecuente. \u201cEn Argentina, el 80 por ciento de los ni\u00f1os y ni\u00f1as con c\u00e1ncer se atienden en el sistema p\u00fablico y el 40 por ciento lo hace en el Garrahan\u201d. El \u201cacceso a la atenci\u00f3n cl\u00ednica y el seguimiento\u201d son la clave \u201cpara mejorar los \u00edndices de sobrevida\u201d.<\/p>\n\n\n\n<p>\u201cEn&nbsp;<strong>Argentina, el c\u00e1ncer afecta a 1.340 ni\u00f1as y ni\u00f1os por a\u00f1o<\/strong>. De esa cifra, el&nbsp;<strong>80% se atiende en hospitales p\u00fablicos y cerca del 40% lo hace en el Hospital Garrahan<\/strong>. As\u00ed, el Centro de Atenci\u00f3n Integral del Paciente Hemato-Oncol\u00f3gico (CAIPHO) diagnostica y lleva el seguimiento de unos&nbsp;<strong>520 pacientes al a\u00f1o<\/strong>\u201d, indic\u00f3 el centro de salud. Por otra parte, dijo que la clave para mejorar las tasas de sobrevida del c\u00e1ncer, es \u201cla&nbsp;<strong>detecci\u00f3n temprana y el tratamiento oportuno<\/strong>&nbsp;son fundamentales\u201d.<\/p>\n\n\n\n<p>\u201cEl porcentaje de sobrevida es alto siempre y cuando se realice un diagn\u00f3stico oportuno, es decir,&nbsp;<strong>precoz, preciso y que se administre un tratamiento en tiempo y forma,&nbsp;<\/strong>ofreciendo un cuidado cl\u00ednico pedi\u00e1trico que acompa\u00f1e el tratamiento y su seguimiento\u201d, asegur\u00f3<strong>&nbsp;Pedro Zubizarreta, jefe de Hemato-Oncolog\u00eda<\/strong>.<\/p>\n\n\n\n<p>Un ejemplo de esto es el caso de&nbsp;<strong>Camelia<\/strong>, de 9 a\u00f1os, residente en Longchamps, provincia de Buenos Aires. La ni\u00f1a fue diagnosticada en el Garrahan a los 7 a\u00f1os con&nbsp;<strong>rabdomiosarcoma&nbsp;<\/strong>\u2014un tipo de sarcoma que afecta los tejidos blandos\u2014, tras un cuadro de gripe y diez d\u00edas de antibi\u00f3ticos sin resultados. \u201cFueron meses dif\u00edciles, de mucho sacrificio y paciencia, pero contamos con todo el apoyo del equipo de salud, la familia, amigos y la comunidad\u201d, cont\u00f3 Sergio, su pap\u00e1.<\/p>\n\n\n\n<p><img loading=\"lazy\" decoding=\"async\" alt=\"Camelia, de 9 a\u00f1os, se recuper\u00f3 del c\u00e1ncer en el Hospital Garrahan\" height=\"3000\" width=\"4000\" src=\"https:\/\/www.infobae.com\/new-resizer\/Gghy02k158JwxSgu6lBGf5EmHKs=\/420x315\/filters:format(webp):quality(85)\/cloudfront-us-east-1.images.arcpublishing.com\/infobae\/HJDBAJOR7VEIBIJGQWGBJM2U4U.jpg%20420w\" srcset=\"https:\/\/www.infobae.com\/new-resizer\/Gghy02k158JwxSgu6lBGf5EmHKs=\/420x315\/filters:format(webp):quality(85)\/cloudfront-us-east-1.images.arcpublishing.com\/infobae\/HJDBAJOR7VEIBIJGQWGBJM2U4U.jpg 420w,https:\/\/www.infobae.com\/new-resizer\/CjY-MxXPNOe2g9ayzlcLnsIcWw0=\/768x576\/filters:format(webp):quality(85)\/cloudfront-us-east-1.images.arcpublishing.com\/infobae\/HJDBAJOR7VEIBIJGQWGBJM2U4U.jpg 768w,https:\/\/www.infobae.com\/new-resizer\/87wA0QNmtp3DnnSTYPulHB5UBF8=\/1200x900\/filters:format(webp):quality(85)\/cloudfront-us-east-1.images.arcpublishing.com\/infobae\/HJDBAJOR7VEIBIJGQWGBJM2U4U.jpg 1200w,https:\/\/www.infobae.com\/new-resizer\/QWHVv4olaswfd3sOD0i7UNYyYSw=\/1440x1080\/filters:format(webp):quality(85)\/cloudfront-us-east-1.images.arcpublishing.com\/infobae\/HJDBAJOR7VEIBIJGQWGBJM2U4U.jpg 1440w\">Camelia, de 9 a\u00f1os, se recuper\u00f3 del c\u00e1ncer en el Hospital Garrahan<\/p>\n\n\n\n<p>Camelia termin\u00f3 su tratamiento en diciembre pasado y hoy lleva adelante<strong>&nbsp;controles de rutina.<\/strong>&nbsp;Sus m\u00e9dicos cuentan que tiene mucha energ\u00eda: pinta, toca el piano y est\u00e1 ansiosa por comenzar su cuarto grado luego de dos a\u00f1os de cuidados especiales. Ver\u00f3nica, su mam\u00e1, dijo que \u201ctanto los m\u00e9dicos como enfermeras y profesionales de salud mental estuvieron y est\u00e1n para cada duda o inquietud que tenemos. Estamos muy agradecidos\u201d.<\/p>\n\n\n\n<p>El abordaje de estas enfermedades requiere de un trabajo interdisciplinario y en red con los centros del pa\u00eds. \u201cLa presencia del Estado fue indispensable para llevar adelante un trabajo que reflej\u00f3 su \u00e9xito disminuyendo la mortalidad en los \u00faltimos 20 a\u00f1os\u201d, destac\u00f3&nbsp;<strong>Zubizarreta&nbsp;<\/strong>al respecto. \u201cEste Hospital ha sido evidentemente&nbsp;<strong>un motor en el desarrollo de la especialidad&nbsp;<\/strong>en cada regi\u00f3n de la Argentina y en el logro mencionado\u201d, afirm\u00f3 el onc\u00f3logo.<\/p>\n\n\n\n<p>Tras la reglamentaci\u00f3n de la&nbsp;<strong>Ley de Oncopediatr\u00eda,&nbsp;<\/strong>el Hospital pas\u00f3 a cumplir un rol fundamental en la articulaci\u00f3n con los centros de salud de todo el pa\u00eds con el objetivo de<strong>&nbsp;disminuir la morbimortalidad&nbsp;<\/strong>por c\u00e1ncer de la poblaci\u00f3n pedi\u00e1trica. El trabajo en red surgi\u00f3 como necesidad para ofrecer una&nbsp;<strong>atenci\u00f3n de calidad para todos los pacientes del pa\u00eds&nbsp;<\/strong>con estas enfermedades. \u201cEsto lo venimos realizando hace varios a\u00f1os desde el Hospital, potenciando este trabajo en el presente por la promulgaci\u00f3n de la Ley de Oncopediatr\u00eda en 2022, que&nbsp;<strong>fue votada en forma un\u00e1nime<\/strong>&nbsp;por el Congreso de la Naci\u00f3n y reglamentada por el Poder Ejecutivo en 2023\u2033, concluy\u00f3 Zubizarreta.<\/p>\n\n\n\n<p>La normativa busca&nbsp;<strong>garantizar la equidad y el acceso gratuito, adecuado y oportuno<\/strong>&nbsp;de la cobertura sanitaria, con un enfoque integral y de derechos en todas las fases de la enfermedad. Desde los aspectos m\u00e9dicos del diagn\u00f3stico, el tratamiento, el seguimiento hasta el acompa\u00f1amiento de las familias de los pacientes otorg\u00e1ndoles una licencia laboral, un apoyo econ\u00f3mico, transporte y vivienda.<\/p>\n\n\n\n<h2 class=\"wp-block-heading\">Una campa\u00f1a en favor de los ni\u00f1os con c\u00e1ncer<\/h2>\n\n\n\n<p><img loading=\"lazy\" decoding=\"async\" alt=\"En el D\u00eda Internacional del C\u00e1ncer Infantil se llevar\u00e1 a cabo la campa\u00f1a de la Fundaci\u00f3n Natal\u00ed Dafne Flexer\" height=\"1080\" width=\"1920\" src=\"https:\/\/www.infobae.com\/new-resizer\/WQI8036tev8qpXdsibpWOUnTdfk=\/420x236\/filters:format(webp):quality(85)\/cloudfront-us-east-1.images.arcpublishing.com\/infobae\/UFOQXQSASRAI3ISDSFRFGGJTTM.jpg%20420w\" srcset=\"https:\/\/www.infobae.com\/new-resizer\/WQI8036tev8qpXdsibpWOUnTdfk=\/420x236\/filters:format(webp):quality(85)\/cloudfront-us-east-1.images.arcpublishing.com\/infobae\/UFOQXQSASRAI3ISDSFRFGGJTTM.jpg 420w,https:\/\/www.infobae.com\/new-resizer\/-EZ5AiIEEJwTvpsqKUp3FmSNPNI=\/768x432\/filters:format(webp):quality(85)\/cloudfront-us-east-1.images.arcpublishing.com\/infobae\/UFOQXQSASRAI3ISDSFRFGGJTTM.jpg 768w,https:\/\/www.infobae.com\/new-resizer\/gllS4exXxyHldQEWO0anFPFvYlM=\/1200x675\/filters:format(webp):quality(85)\/cloudfront-us-east-1.images.arcpublishing.com\/infobae\/UFOQXQSASRAI3ISDSFRFGGJTTM.jpg 1200w,https:\/\/www.infobae.com\/new-resizer\/Ae_CCfiRA0nRPaS0CZA2SryBW9c=\/1440x810\/filters:format(webp):quality(85)\/cloudfront-us-east-1.images.arcpublishing.com\/infobae\/UFOQXQSASRAI3ISDSFRFGGJTTM.jpg 1440w\">En el D\u00eda Internacional del C\u00e1ncer Infantil se llevar\u00e1 a cabo la campa\u00f1a de la Fundaci\u00f3n Natal\u00ed Dafne Flexer<\/p>\n\n\n\n<p>La&nbsp;<strong>Fundaci\u00f3n Natal\u00ed Dafne Flexer<\/strong>, una organizaci\u00f3n sin \ufb01nes de lucro que promueve el acceso al tratamiento a los ni\u00f1os, adolescentes y j\u00f3venes, lleva adelante una serie de iniciativas centradas en la sensibilizaci\u00f3n y la recaudaci\u00f3n de fondos para ayudar a los pacientes oncol\u00f3gicos.<\/p>\n\n\n\n<p>La campa\u00f1a&nbsp;<strong>Ponete La Camiseta\u00ae<\/strong>, creada por la fundaci\u00f3n hace 22 a\u00f1os, convoca a vestir una&nbsp;<strong>camiseta blanca o la oficial de la campa\u00f1a este 15 de febrero<\/strong>, en el marco<strong>&nbsp;D\u00eda Internacional del C\u00e1ncer Infantil<\/strong>. Este gesto simb\u00f3lico de llevar sobre el pecho las caritas de los nenes que luchan contra las enfermedades oncol\u00f3gicas busca crear conciencia sobre la lucha contra el c\u00e1ncer en menores y respaldar las actividades de la fundaci\u00f3n para mejorar las condiciones de tratamiento y soporte para los pacientes y sus familias.<\/p>\n\n\n\n<p>Lo recaudado por la&nbsp;<a href=\"https:\/\/www.ponetelacamiseta.org\/\">campa\u00f1a&nbsp;<\/a>ser\u00e1 destinado \u00edntegramente a la construcci\u00f3n del \u00e1rea de atenci\u00f3n para adolescentes con c\u00e1ncer en el&nbsp;<strong>Hospital Posadas<\/strong><em><strong>, que tendr\u00e1&nbsp;<\/strong><\/em><strong>600 metros cuadrados&nbsp;<\/strong>divididos en un sector de<strong>&nbsp;Hospital de D\u00eda y otro de Internaci\u00f3n.<\/strong><\/p>\n\n\n\n<p>\u201cSe trata de un proyecto innovador que permitir\u00e1 que los adolescentes y j\u00f3venes reciban, en un espacio acorde a sus necesidades, la atenci\u00f3n conjunta de onc\u00f3logos pedi\u00e1tricos y de adultos, logrando una importante mejora en la calidad de vida y un incremento en sus posibilidades de sobrevida y curaci\u00f3n\u201d, resalt\u00f3&nbsp;<strong>Leticia Garc\u00eda, directora ejecutiva de Fundaci\u00f3n Natal\u00ed Dafne Flexer.<\/strong><\/p>\n\n\n\n<p>Fuente: https:\/\/www.infobae.com\/salud\/2024\/02\/15\/dia-internacional-del-cancer-infantil-el-80-de-los-ninos-se-curan-con-diagnostico-precoz-y-tratamiento-adecuado\/<\/p>\n","protected":false},"excerpt":{"rendered":"<p>Es una de las principales causas de muerte en ni\u00f1os y adolescentes a nivel mundial, pero tambi\u00e9n una de las m\u00e1s curables bajo ciertas condiciones. En Argentina m\u00e1s de 1.300 chicos son diagnosticados con c\u00e1ncer cada a\u00f1o El c\u00e1ncer es la segunda causa de&nbsp;mortalidad en ni\u00f1os y adolescentes&nbsp;a nivel global, luego de los accidentes, ya [&hellip;]<\/p>\n","protected":false},"author":3,"featured_media":843,"comment_status":"open","ping_status":"open","sticky":false,"template":"","format":"standard","meta":{"footnotes":""},"categories":[3,5],"tags":[447],"class_list":["post-842","post","type-post","status-publish","format-standard","has-post-thumbnail","hentry","category-principal","category-salud","tag-dia-internacional-del-cancer-infantil"],"_links":{"self":[{"href":"https:\/\/noticiassaludables.com.ar\/index.php?rest_route=\/wp\/v2\/posts\/842","targetHints":{"allow":["GET"]}}],"collection":[{"href":"https:\/\/noticiassaludables.com.ar\/index.php?rest_route=\/wp\/v2\/posts"}],"about":[{"href":"https:\/\/noticiassaludables.com.ar\/index.php?rest_route=\/wp\/v2\/types\/post"}],"author":[{"embeddable":true,"href":"https:\/\/noticiassaludables.com.ar\/index.php?rest_route=\/wp\/v2\/users\/3"}],"replies":[{"embeddable":true,"href":"https:\/\/noticiassaludables.com.ar\/index.php?rest_route=%2Fwp%2Fv2%2Fcomments&post=842"}],"version-history":[{"count":1,"href":"https:\/\/noticiassaludables.com.ar\/index.php?rest_route=\/wp\/v2\/posts\/842\/revisions"}],"predecessor-version":[{"id":844,"href":"https:\/\/noticiassaludables.com.ar\/index.php?rest_route=\/wp\/v2\/posts\/842\/revisions\/844"}],"wp:featuredmedia":[{"embeddable":true,"href":"https:\/\/noticiassaludables.com.ar\/index.php?rest_route=\/wp\/v2\/media\/843"}],"wp:attachment":[{"href":"https:\/\/noticiassaludables.com.ar\/index.php?rest_route=%2Fwp%2Fv2%2Fmedia&parent=842"}],"wp:term":[{"taxonomy":"category","embeddable":true,"href":"https:\/\/noticiassaludables.com.ar\/index.php?rest_route=%2Fwp%2Fv2%2Fcategories&post=842"},{"taxonomy":"post_tag","embeddable":true,"href":"https:\/\/noticiassaludables.com.ar\/index.php?rest_route=%2Fwp%2Fv2%2Ftags&post=842"}],"curies":[{"name":"wp","href":"https:\/\/api.w.org\/{rel}","templated":true}]}}