{"id":853,"date":"2024-02-16T10:42:42","date_gmt":"2024-02-16T13:42:42","guid":{"rendered":"https:\/\/noticiassaludables.com.ar\/?p=853"},"modified":"2024-02-16T10:42:42","modified_gmt":"2024-02-16T13:42:42","slug":"dia-mundial-de-la-almendra","status":"publish","type":"post","link":"https:\/\/noticiassaludables.com.ar\/?p=853","title":{"rendered":"D\u00eda Mundial de la Almendra"},"content":{"rendered":"\n<p>Cada 16 de febrero se celebra a este fruto seco para difundir sus beneficios nutricionales. Cu\u00e1les son sus aportes m\u00e1s importantes. 3 recetas dulces y saladas para celebrarlo en cualquier momento<\/p>\n\n\n\n<p>La<strong>&nbsp;almendra<\/strong>&nbsp;es un fruto seco de origen mediterr\u00e1neo con una historia que se remonta a tiempos antiguos. Los almendros, inicialmente creciendo de forma salvaje en la regi\u00f3n, fueron cultivados ya en el a\u00f1o 3000 a.C. Incluso se encuentran menciones de las almendras en el libro del&nbsp;<strong>G\u00e9nesis<\/strong>, el primer libro de la Biblia, como un manjar digno de obsequiar.<\/p>\n\n\n\n<p>Cada 16 de febrero se celebra el&nbsp;<strong>D\u00eda Mundial de la Almendra<\/strong>&nbsp;como una forma de destacar sus beneficios nutricionales y tambi\u00e9n los econ\u00f3micos.<\/p>\n\n\n\n<h2 class=\"wp-block-heading\">Cu\u00e1les son los aportes nutricionales de la almendra<\/h2>\n\n\n\n<p>La nutricionista y coach de salud<strong>&nbsp;Guadalupe Benav\u00eddez&nbsp;<\/strong>destac\u00f3 algunas de sus m\u00faltiples propiedades: \u201cLas almendras son una variante de frutos secos con propiedades nutricionales destacables, ya que aportan una alta densidad de energ\u00eda por su alto contenido en grasas saludables, en especial \u00e1cidos grasos monoinstaruados del tipo omega 9.<\/p>\n\n\n\n<p>Te puede interesar:<strong>M\u00e1s de dos bebidas azucaradas a la semana aumentan el riesgo de enfermedades del coraz\u00f3n<\/strong><\/p>\n\n\n\n<p>De esta forma, los nutricionistas lo recomiendan como una forma de aportar al organismo<\/p>\n\n\n\n<p>-Vitamina E<\/p>\n\n\n\n<p>Te puede interesar:<strong>Esta es la fruta peruana que tiene 50 veces m\u00e1s vitamina C que la naranja y es una aliada contra el c\u00e1ncer<\/strong><\/p>\n\n\n\n<p>-Grasas monoinsaturadas<\/p>\n\n\n\n<p>-Fibra<\/p>\n\n\n\n<p>-Biotina<\/p>\n\n\n\n<p>-Minerales: calcio , f\u00f3sforo, magnesio<\/p>\n\n\n\n<p>-Minerales traza: cobre<\/p>\n\n\n\n<p>-Fitonutrientes: flavonoides, esteroles vegetales, \u00e1cidos fen\u00f3licos.<\/p>\n\n\n\n<p>Seg\u00fan la&nbsp;<strong>Escuela de Salud P\u00fablica T.H. Chan de la Universidad de Harvard&nbsp;<\/strong>una porci\u00f3n de almendras equivale a 28 gramos, aproximadamente 23 almendras o \u00bc de taza, proporciona alrededor de 165 calor\u00edas, 6 gramos de prote\u00edna, 14 gramos de grasa (80% monoinsaturada, 15% poliinsaturada y 5% saturada), 6 gramos de carbohidratos y 3 gramos de fibra. \u201cEs un alimento&nbsp;<strong>rico en calor\u00edas pero tambi\u00e9n rico en nutrientes<\/strong>, ya que la mayor\u00eda de sus grasas son monoinsaturadas\u201d, destaca en su p\u00e1gina web.<\/p>\n\n\n\n<p><img loading=\"lazy\" decoding=\"async\" alt=\"Se estima que las almendras comenzaron a utilizarse hacia el a\u00f1o 3000 AC (Freepik)\" height=\"920\" width=\"1380\" src=\"https:\/\/www.infobae.com\/new-resizer\/IlzRBze74ODd8wcs4-YfjQMSHoE=\/420x280\/filters:format(webp):quality(85)\/cloudfront-us-east-1.images.arcpublishing.com\/infobae\/W74RIQRG2ZDNLOD4TM2FB4674E.jpg%20420w\" srcset=\"https:\/\/www.infobae.com\/new-resizer\/IlzRBze74ODd8wcs4-YfjQMSHoE=\/420x280\/filters:format(webp):quality(85)\/cloudfront-us-east-1.images.arcpublishing.com\/infobae\/W74RIQRG2ZDNLOD4TM2FB4674E.jpg 420w,https:\/\/www.infobae.com\/new-resizer\/Bxt_F_1p2eaqCHcoQfr2CbHKeAo=\/768x512\/filters:format(webp):quality(85)\/cloudfront-us-east-1.images.arcpublishing.com\/infobae\/W74RIQRG2ZDNLOD4TM2FB4674E.jpg 768w,https:\/\/www.infobae.com\/new-resizer\/q1GSdF7f-pBLTLjRjkMcmAGMxwM=\/1200x800\/filters:format(webp):quality(85)\/cloudfront-us-east-1.images.arcpublishing.com\/infobae\/W74RIQRG2ZDNLOD4TM2FB4674E.jpg 1200w,https:\/\/www.infobae.com\/new-resizer\/6dEFQYs9Vj39IwrbgXd62aZNAXQ=\/1440x960\/filters:format(webp):quality(85)\/cloudfront-us-east-1.images.arcpublishing.com\/infobae\/W74RIQRG2ZDNLOD4TM2FB4674E.jpg 1440w\">Se estima que las almendras comenzaron a utilizarse hacia el a\u00f1o 3000 AC (Freepik)<\/p>\n\n\n\n<p>Las almendras pueden&nbsp;<strong>disminuir el riesgo de padecer enfermedades card\u00edacas&nbsp;<\/strong>al reducir tanto el colesterol total como el LDL (conocido como colesterol \u201cmalo\u201d), al mismo tiempo que ejercen&nbsp;<strong>efectos antioxidantes y antiinflamatorios.&nbsp;<\/strong>Adem\u00e1s, las almendras contienen&nbsp;<strong>fitonutrientes&nbsp;<\/strong>que estimulan el crecimiento de&nbsp;<strong>microorganismos intestinales<\/strong>&nbsp;beneficiosos. Estudios controlados han revelado que el consumo regular de frutos secos puede reducir la inflamaci\u00f3n, mejorar la salud vascular y disminuir la resistencia a la insulina.<\/p>\n\n\n\n<p>Adem\u00e1s, seg\u00fan los mismos especialistas de Harvard, a\u00fan cuando los frutos secos en general tienen abundantes calor\u00edas \u201clas investigaciones<strong>&nbsp;no respaldan un v\u00ednculo entre el consumo de frutos secos y el aumento de peso.<\/strong>&nbsp;De hecho, se han asociado con un&nbsp;<strong>menor aumento de peso<\/strong>&nbsp;y un menor riesgo de obesidad, posiblemente porque el contenido de grasas y fibra ayuda a mejorar la sensaci\u00f3n de satisfacci\u00f3n y saciedad\u201d.<\/p>\n\n\n\n<p>Asimismo, cit\u00f3 un extenso estudio epidemiol\u00f3gico de profesionales de la salud que analiz\u00f3 el consumo general de nueces y \u201cencontr\u00f3 que los frutos secos, incluidas las almendras, consumidos dos o m\u00e1s veces por semana se asociaban con un riesgo&nbsp;<strong>13 % menor de enfermedad cardiovascular total y un riesgo 15 % menor de enfermedad coronaria<\/strong>\u201d.<\/p>\n\n\n\n<p>Las almendras crudas son nutricionalmente comparables a las tostadas en seco. Lo mejor es almacenarlas en un lugar fresco, oscuro y seco. Si se mantienen a temperaturas inferiores a 4\u00b0C, se pueden almacenar durante aproximadamente dos a\u00f1os.<\/p>\n\n\n\n<p><img loading=\"lazy\" decoding=\"async\" alt=\"El consumo de almendras creci\u00f3 notablemente en los \u00faltimos cinco a\u00f1os\" height=\"183\" width=\"275\" src=\"https:\/\/www.infobae.com\/new-resizer\/2DEXuCbrpPrCy6GE78Mu8gANP4M=\/420x280\/filters:format(webp):quality(85)\/cloudfront-us-east-1.images.arcpublishing.com\/infobae\/USGRU7QLX5HJTOYKVLDZ7CTGWM.jpg%20420w\" srcset=\"https:\/\/www.infobae.com\/new-resizer\/2DEXuCbrpPrCy6GE78Mu8gANP4M=\/420x280\/filters:format(webp):quality(85)\/cloudfront-us-east-1.images.arcpublishing.com\/infobae\/USGRU7QLX5HJTOYKVLDZ7CTGWM.jpg 420w,https:\/\/www.infobae.com\/new-resizer\/cWc2qlr4mj15NETj4jyuYJRHw94=\/768x512\/filters:format(webp):quality(85)\/cloudfront-us-east-1.images.arcpublishing.com\/infobae\/USGRU7QLX5HJTOYKVLDZ7CTGWM.jpg 768w,https:\/\/www.infobae.com\/new-resizer\/UBlu0XB6NMgOLmivGAf7n8IkrbY=\/1200x800\/filters:format(webp):quality(85)\/cloudfront-us-east-1.images.arcpublishing.com\/infobae\/USGRU7QLX5HJTOYKVLDZ7CTGWM.jpg 1200w,https:\/\/www.infobae.com\/new-resizer\/yIu3tpU1gW7E0kfVyUzZMXGsSXE=\/1440x960\/filters:format(webp):quality(85)\/cloudfront-us-east-1.images.arcpublishing.com\/infobae\/USGRU7QLX5HJTOYKVLDZ7CTGWM.jpg 1440w\">El consumo de almendras creci\u00f3 notablemente en los \u00faltimos cinco a\u00f1os<\/p>\n\n\n\n<p>La empresa argentina&nbsp;<strong>Melar<\/strong>, una de las principales proveedoras de almendras de Argentina, inform\u00f3 que el consumo de este fruto seco ha crecido notablemente en los \u00faltimos a\u00f1os&nbsp;<strong>\u201cpromediando un 500% desde 2018\u2033&nbsp;<\/strong>hasta la actualidad \u201clo cual se traduce en un asombroso 100% anual\u201d, destac\u00f3 Jorge Scoufalos, CEO de la empresa.<\/p>\n\n\n\n<p>Tal vez uno de los grandes \u201csecretos\u201d que explican el \u00e9xito de las almendras, consider\u00f3, sea que&nbsp;<strong>pueden comerse solas como snack, como agregado de desayunos y meriendas,<\/strong>&nbsp;para dar un toque crocante a ensaladas o bien en harina de almendras para panificados o diferentes preparaciones en reemplazo de la harina tradicional de trigo. Tambi\u00e9n puede obtenerse de ellas, bebida de almendras, para quienes no consumen l\u00e1cteos.<\/p>\n\n\n\n<p>\u201cBrindan muy&nbsp;<strong>buena saciedad y son muy f\u00e1ciles de transportar y conservar<\/strong>&nbsp;lo que las convierte en una colaci\u00f3n ideal y pr\u00e1ctica para llevar a cualquier lado\u201d, destac\u00f3 Benav\u00eddez, aunque tambi\u00e9n afirm\u00f3 que \u201ces conveniente tener moderaci\u00f3n en su consumo debido a su aporte cal\u00f3rico\u201d.<\/p>\n\n\n\n<h2 class=\"wp-block-heading\">3 recetas dulces y saladas para preparar con almendras<\/h2>\n\n\n\n<p><img loading=\"lazy\" decoding=\"async\" alt=\"Consom\u00e9 de almendras un plato nutritivo\" height=\"370\" width=\"659\" src=\"https:\/\/www.infobae.com\/new-resizer\/AC47Ds4tU7ykSUPa1Wd058KZ3JM=\/420x236\/filters:format(webp):quality(85)\/cloudfront-us-east-1.images.arcpublishing.com\/infobae\/SGGO5PP5ZZFFRI4LFSOUSQWBKE.jpg%20420w\" srcset=\"https:\/\/www.infobae.com\/new-resizer\/AC47Ds4tU7ykSUPa1Wd058KZ3JM=\/420x236\/filters:format(webp):quality(85)\/cloudfront-us-east-1.images.arcpublishing.com\/infobae\/SGGO5PP5ZZFFRI4LFSOUSQWBKE.jpg 420w,https:\/\/www.infobae.com\/new-resizer\/9tVq6Cuo-MhumvgfK_Fnl7wNtm4=\/768x432\/filters:format(webp):quality(85)\/cloudfront-us-east-1.images.arcpublishing.com\/infobae\/SGGO5PP5ZZFFRI4LFSOUSQWBKE.jpg 768w,https:\/\/www.infobae.com\/new-resizer\/OYuOXVLy79gffxbpKw7cMBoHB08=\/1200x675\/filters:format(webp):quality(85)\/cloudfront-us-east-1.images.arcpublishing.com\/infobae\/SGGO5PP5ZZFFRI4LFSOUSQWBKE.jpg 1200w,https:\/\/www.infobae.com\/new-resizer\/yDNnpKPZhqZMDfq2ZXs6UpHIlDw=\/1440x810\/filters:format(webp):quality(85)\/cloudfront-us-east-1.images.arcpublishing.com\/infobae\/SGGO5PP5ZZFFRI4LFSOUSQWBKE.jpg 1440w\">Consom\u00e9 de almendras un plato nutritivo<\/p>\n\n\n\n<p><strong>Consom\u00e9 de almendras (por el chef Julio Lunghi de A Fuego Fuerte)<\/strong><\/p>\n\n\n\n<p><strong>Ingredientes<\/strong><\/p>\n\n\n\n<p>-1 Lata Leche de coco o en su defecto 250 ml de leche de vaca<\/p>\n\n\n\n<p>-150 grs de crema de leche<\/p>\n\n\n\n<p>-2 Tazas Agua<\/p>\n\n\n\n<p>-Queso crema (190 g)<\/p>\n\n\n\n<p>-100 grs de manteca<\/p>\n\n\n\n<p>-1\/2 Taza Almendra sin c\u00e1scara<\/p>\n\n\n\n<p>-1 1\/2 Cucharada Consom\u00e9 de pollo en polvo o en su defecto 250 ml de caldo de pollo<\/p>\n\n\n\n<p>-1\/2 Cebolla. Tambi\u00e9n se puede reemplazar por 2 varas de puerro medianas.<\/p>\n\n\n\n<p><strong>Preparaci\u00f3n:<\/strong>&nbsp;Picar en brunoise la cebolla o en su defecto el puerro, poner en una cacerola y cubrir con la manteca, a temperatura media. Revolver hasta que est\u00e9 bien blanqueada\/o, luego incorporar la leche, el queso crema y el consom\u00e9 de caldo o el caldo en s\u00ed.<\/p>\n\n\n\n<p>Si se pone consom\u00e9 en polvo, agregar una taza de agua, revolver y cocinar por 10 minutos. Si es el consom\u00e9 l\u00edquido, integrar la mitad de la medida indicada, cocinar 5 minutos a fuego medio y dejar reposar. Poner las almendras peladas en un recipiente o vaso de mixer, agregar el resto del caldo de pollo l\u00edquido o una taza de agua y mixear hasta que quede una pasta. Volcar la pasta en la preparaci\u00f3n l\u00edquida e integrar. Si queda muy espesa al gusto, agregar unos mil\u00edmetros de agua.<\/p>\n\n\n\n<p>Salpimentar al gusto y llevar a fuego medio con tapa de la cacerola en 3\/4 hasta que comience a espumar. Retirar y servir en la temperatura al gusto (puede ser caliente, tibia o fr\u00eda) . Una vez distribuido en los cuencos o tazones, esparcir por arriba una cucharada de crema en c\u00edrculo, y sobre ello una cucharadita de almendras picadas gruesas.<\/p>\n\n\n\n<p><strong>Pollo con almendras<\/strong><\/p>\n\n\n\n<p><img loading=\"lazy\" decoding=\"async\" alt=\"El pollo con almendras es una preparaci\u00f3n de tradici\u00f3n china\" height=\"4944\" width=\"3955\" src=\"https:\/\/www.infobae.com\/new-resizer\/cRPKkKmixxEU2iDx_ezx6Uf7vQ0=\/420x560\/filters:format(webp):quality(85)\/cloudfront-us-east-1.images.arcpublishing.com\/infobae\/JCVCOM776RDEDDSEK562B3C7VQ.jpg%20420w\" srcset=\"https:\/\/www.infobae.com\/new-resizer\/cRPKkKmixxEU2iDx_ezx6Uf7vQ0=\/420x560\/filters:format(webp):quality(85)\/cloudfront-us-east-1.images.arcpublishing.com\/infobae\/JCVCOM776RDEDDSEK562B3C7VQ.jpg 420w,https:\/\/www.infobae.com\/new-resizer\/F1Na9RcmGoy70veM7vQ-Z0E20oI=\/768x1024\/filters:format(webp):quality(85)\/cloudfront-us-east-1.images.arcpublishing.com\/infobae\/JCVCOM776RDEDDSEK562B3C7VQ.jpg 768w,https:\/\/www.infobae.com\/new-resizer\/nL-QfQ71IiRFp0nfQx3RqR7RkZs=\/1200x1600\/filters:format(webp):quality(85)\/cloudfront-us-east-1.images.arcpublishing.com\/infobae\/JCVCOM776RDEDDSEK562B3C7VQ.jpg 1200w\">El pollo con almendras es una preparaci\u00f3n de tradici\u00f3n china<\/p>\n\n\n\n<p>-2 pechugas de pollo cortadas en dados<\/p>\n\n\n\n<p>-1 zanahoria<\/p>\n\n\n\n<p>-1 cebolla<\/p>\n\n\n\n<p>-150 g almendras crudas<\/p>\n\n\n\n<p>-200 g caldo de pollo<\/p>\n\n\n\n<p>-100 g salsa de soja<\/p>\n\n\n\n<p>-1 cucharadita de az\u00facar<\/p>\n\n\n\n<p>-3 cucharadas de agua<\/p>\n\n\n\n<p>-Harina de almid\u00f3n de ma\u00edz (maicena)<\/p>\n\n\n\n<p><strong>Preparaci\u00f3n<\/strong><\/p>\n\n\n\n<p><em>Marinar el pollo<\/em><\/p>\n\n\n\n<p>-Cortar las pechugas en dados y disponer en un recipiente<\/p>\n\n\n\n<p>-Cubrir con salsa de soja y una cucharadita de az\u00facar<\/p>\n\n\n\n<p>-Tapar el recipiente y llevar a la heladera durante 3 horas<\/p>\n\n\n\n<p>-Tostar las almendras<\/p>\n\n\n\n<p>-Cuando falten 15 minutos para que transcurra el tiempo de maceraci\u00f3n, se tuestan las almendras en una cazuela con un poquito de aceite y se reserva<\/p>\n\n\n\n<p>-Pelar la zanahoria y la cebolla, cortar en trozos peque\u00f1os y saltear en una sart\u00e9n con unas gotas de aceite de oliva virgen extra y reservar.<\/p>\n\n\n\n<p><em>Fre\u00edr<\/em><\/p>\n\n\n\n<p>-Retirar parte de la salsa de soja y fre\u00edr el pollo, a\u00f1adir las verduras y las almendras, cubrir todo con caldo de pollo y dejar cocinar durante 15 minutos.<\/p>\n\n\n\n<p><em>Hacer la salsa<\/em><\/p>\n\n\n\n<p>-En un vaso poner 2 cucharaditas de harina de almid\u00f3n de ma\u00edz y agua.<\/p>\n\n\n\n<p>-Mezclar bien y verter en la cazuela, dejar cocinar durante 10 minutos hasta que la salsa espese.<\/p>\n\n\n\n<p><strong>Almendras garrapi\u00f1adas<\/strong><\/p>\n\n\n\n<p><img loading=\"lazy\" decoding=\"async\" alt=\"Las almendras saltadas es un snack que se puede hacer en el hogar\" height=\"3317\" width=\"2369\" src=\"https:\/\/www.infobae.com\/new-resizer\/jm5gCsbbEytmNly4zoLinky_xyE=\/420x560\/filters:format(webp):quality(85)\/cloudfront-us-east-1.images.arcpublishing.com\/infobae\/K2SMZIS5VNBPHNGI5CM7AY4KSI.jpg%20420w\" srcset=\"https:\/\/www.infobae.com\/new-resizer\/jm5gCsbbEytmNly4zoLinky_xyE=\/420x560\/filters:format(webp):quality(85)\/cloudfront-us-east-1.images.arcpublishing.com\/infobae\/K2SMZIS5VNBPHNGI5CM7AY4KSI.jpg 420w,https:\/\/www.infobae.com\/new-resizer\/yljRlgjIBOWaNlVl7ijZv4L3T7Y=\/768x1024\/filters:format(webp):quality(85)\/cloudfront-us-east-1.images.arcpublishing.com\/infobae\/K2SMZIS5VNBPHNGI5CM7AY4KSI.jpg 768w,https:\/\/www.infobae.com\/new-resizer\/oCvC7t8WtzEPoA4Hd95nY35Bedg=\/1200x1600\/filters:format(webp):quality(85)\/cloudfront-us-east-1.images.arcpublishing.com\/infobae\/K2SMZIS5VNBPHNGI5CM7AY4KSI.jpg 1200w\">Las almendras saltadas es un snack que se puede hacer en el hogar<\/p>\n\n\n\n<p><strong>Ingredientes<\/strong><\/p>\n\n\n\n<p>-200 g de almendras crudas<\/p>\n\n\n\n<p>-150 g de az\u00facar<\/p>\n\n\n\n<p>-100 ml de agua<\/p>\n\n\n\n<p><strong>Preparaci\u00f3n<\/strong><\/p>\n\n\n\n<p>-Colocar en una sart\u00e9n las almendras y el az\u00facar<\/p>\n\n\n\n<p>-Verter el agua<\/p>\n\n\n\n<p>-Calentar hasta que se forme un jarabe ligero<\/p>\n\n\n\n<p>-Remover hasta que el az\u00facar cristalice<\/p>\n\n\n\n<p>-Seguir removiendo hasta formar el caramelo<\/p>\n\n\n\n<p>-Volcar las almendras cubiertas con caramelo sobre papel de horno y separar con un tenedor<\/p>\n\n\n\n<p>Fuente: https:\/\/www.infobae.com\/salud\/2024\/02\/16\/dia-mundial-de-la-almendra-el-superalimento-que-protege-la-salud-del-corazon\/<\/p>\n","protected":false},"excerpt":{"rendered":"<p>Cada 16 de febrero se celebra a este fruto seco para difundir sus beneficios nutricionales. Cu\u00e1les son sus aportes m\u00e1s importantes. 3 recetas dulces y saladas para celebrarlo en cualquier momento La&nbsp;almendra&nbsp;es un fruto seco de origen mediterr\u00e1neo con una historia que se remonta a tiempos antiguos. Los almendros, inicialmente creciendo de forma salvaje en [&hellip;]<\/p>\n","protected":false},"author":3,"featured_media":854,"comment_status":"open","ping_status":"open","sticky":false,"template":"","format":"standard","meta":{"footnotes":""},"categories":[6,4],"tags":[451],"class_list":["post-853","post","type-post","status-publish","format-standard","has-post-thumbnail","hentry","category-alimentacion","category-bienestar","tag-dia-de-la-almendra"],"_links":{"self":[{"href":"https:\/\/noticiassaludables.com.ar\/index.php?rest_route=\/wp\/v2\/posts\/853","targetHints":{"allow":["GET"]}}],"collection":[{"href":"https:\/\/noticiassaludables.com.ar\/index.php?rest_route=\/wp\/v2\/posts"}],"about":[{"href":"https:\/\/noticiassaludables.com.ar\/index.php?rest_route=\/wp\/v2\/types\/post"}],"author":[{"embeddable":true,"href":"https:\/\/noticiassaludables.com.ar\/index.php?rest_route=\/wp\/v2\/users\/3"}],"replies":[{"embeddable":true,"href":"https:\/\/noticiassaludables.com.ar\/index.php?rest_route=%2Fwp%2Fv2%2Fcomments&post=853"}],"version-history":[{"count":1,"href":"https:\/\/noticiassaludables.com.ar\/index.php?rest_route=\/wp\/v2\/posts\/853\/revisions"}],"predecessor-version":[{"id":855,"href":"https:\/\/noticiassaludables.com.ar\/index.php?rest_route=\/wp\/v2\/posts\/853\/revisions\/855"}],"wp:featuredmedia":[{"embeddable":true,"href":"https:\/\/noticiassaludables.com.ar\/index.php?rest_route=\/wp\/v2\/media\/854"}],"wp:attachment":[{"href":"https:\/\/noticiassaludables.com.ar\/index.php?rest_route=%2Fwp%2Fv2%2Fmedia&parent=853"}],"wp:term":[{"taxonomy":"category","embeddable":true,"href":"https:\/\/noticiassaludables.com.ar\/index.php?rest_route=%2Fwp%2Fv2%2Fcategories&post=853"},{"taxonomy":"post_tag","embeddable":true,"href":"https:\/\/noticiassaludables.com.ar\/index.php?rest_route=%2Fwp%2Fv2%2Ftags&post=853"}],"curies":[{"name":"wp","href":"https:\/\/api.w.org\/{rel}","templated":true}]}}