{"id":864,"date":"2024-02-19T11:00:50","date_gmt":"2024-02-19T14:00:50","guid":{"rendered":"https:\/\/noticiassaludables.com.ar\/?p=864"},"modified":"2024-02-19T11:00:50","modified_gmt":"2024-02-19T14:00:50","slug":"elena-roger-papa-es-mi-gran-maestro-de-vida","status":"publish","type":"post","link":"https:\/\/noticiassaludables.com.ar\/?p=864","title":{"rendered":"Elena Roger: \u201cPap\u00e1 es mi gran maestro de vida\u201d"},"content":{"rendered":"\n<p>Una abuela hija de condes italianos. Una madre sagaz. Una padre que prefiri\u00f3 callar. Un hombre que trajo otro modo de amar. Y dos hijos educados para hacer lo que les venga en gana. Las miradas que la motivaron a ser la m\u00e1s ovacionada, una antidiva que supo dejar Londres y New York, pero jam\u00e1s su patio de Barracas.<\/p>\n\n\n\n<p>Dice que la \u00fanica verdad en este plano es la ausencia de certezas. Que prefiere, entusiasmada, empu\u00f1ar&nbsp;<strong>\u201calgunas magias\u201d<\/strong>&nbsp;y creer en que antes de habitar el mundo de la materia, somos&nbsp;<strong>\u201cluces\u201d<\/strong>&nbsp;capaces de elegir&nbsp;<strong>\u201cla familia que nos abraza, las emociones que transitamos y las lecciones que aprendemos\u201d<\/strong>. Y&nbsp;<strong>viene a cuento en tanto hablamos del destino<\/strong>. De si ya viene trazado. De si nacemos con el designio de tal o cual misi\u00f3n.&nbsp;<strong>Inexcusable interrogante<\/strong>&nbsp;que se dispara al verla hacerse m\u00e1s y m\u00e1s gigante en cada uno de sus escenarios. La&nbsp;<strong>m\u00fasica<\/strong>&nbsp;(omnipresente en las memorias que tejar\u00e1n este relato) y con la que asegura haber sentido siempre&nbsp;<strong>\u201cuna conexi\u00f3n \u00edntima e insondable, con una expansi\u00f3n, con otro mundo\u201d<\/strong>&nbsp;(como se\u00f1ala), podr\u00eda ser parte de la teor\u00eda. Y esa supuesta elecci\u00f3n de los entornos, y sus circunstancias, tambi\u00e9n. Es as\u00ed que, y&nbsp;<strong>m\u00e1s all\u00e1 de sus dones<\/strong>, en este encuentro,&nbsp;<strong>Elena Silvia Roger<\/strong>&nbsp;(49) \u2013en el marco de la despedida definitiva de&nbsp;<strong>Piaf<\/strong>&nbsp;(de&nbsp;<strong>Jamie Lloyd<\/strong>&nbsp;y producci\u00f3n de&nbsp;<strong>Adri\u00e1n Suar<\/strong>&nbsp;y&nbsp;<strong>Preludio<\/strong>, en el&nbsp;<strong>Teatro Liceo<\/strong>), el pr\u00f3ximo 3 de marzo y despu\u00e9s de m\u00e1s de 260.000 ovaciones\u2013 revisar\u00e1 miradas.&nbsp;<strong>Esas que supieron advertirlos mucho antes que el p\u00fablico de dos continentes<\/strong>.<\/p>\n\n\n\n<p><img loading=\"lazy\" decoding=\"async\" alt=\"Gast\u00f3n Tylor\" height=\"1280\" width=\"1920\" src=\"https:\/\/www.infobae.com\/new-resizer\/KMFDZZsI0Bp1ld4Y1IjdCTYD91Q=\/420x280\/filters:format(webp):quality(85)\/cloudfront-us-east-1.images.arcpublishing.com\/infobae\/TFZJTQSDGJFXPCPVRQU64J74DU.jpg%20420w\" srcset=\"https:\/\/www.infobae.com\/new-resizer\/KMFDZZsI0Bp1ld4Y1IjdCTYD91Q=\/420x280\/filters:format(webp):quality(85)\/cloudfront-us-east-1.images.arcpublishing.com\/infobae\/TFZJTQSDGJFXPCPVRQU64J74DU.jpg 420w,https:\/\/www.infobae.com\/new-resizer\/irDy00fJv527FO81wQv6xiJAibE=\/768x512\/filters:format(webp):quality(85)\/cloudfront-us-east-1.images.arcpublishing.com\/infobae\/TFZJTQSDGJFXPCPVRQU64J74DU.jpg 768w,https:\/\/www.infobae.com\/new-resizer\/nS-WpIkuC8hVJztBAUMptuivRJ8=\/992x661\/filters:format(webp):quality(85)\/cloudfront-us-east-1.images.arcpublishing.com\/infobae\/TFZJTQSDGJFXPCPVRQU64J74DU.jpg 992w,https:\/\/www.infobae.com\/new-resizer\/B2zECYrdVDfZae5IlcQ_8qWm1f8=\/1200x800\/filters:format(webp):quality(85)\/cloudfront-us-east-1.images.arcpublishing.com\/infobae\/TFZJTQSDGJFXPCPVRQU64J74DU.jpg 1200w,https:\/\/www.infobae.com\/new-resizer\/pMeP00gOsOFNBlY5kv2C9OX9lFs=\/1440x960\/filters:format(webp):quality(85)\/cloudfront-us-east-1.images.arcpublishing.com\/infobae\/TFZJTQSDGJFXPCPVRQU64J74DU.jpg 1440w\">Gast\u00f3n Tylor<\/p>\n\n\n\n<p><strong>Amalia Castellani<\/strong>&nbsp;era hija de los condes de Urbisaglia, una comuna italiana de la provincia de&nbsp;<strong>Macerata<\/strong>, en la regi\u00f3n de las Marcas. Suerte que dur\u00f3 hasta que su padre lud\u00f3pata \u201cse jug\u00f3 todo lo que ten\u00eda\u201d, cuenta Roger. Entonces fue empleada por una familia rica de su rama materna, como portera en su papelera, al tiempo que se enamor\u00f3 de un insurrecto del Fascismo que ser\u00eda deportado a&nbsp;<em>las Am\u00e9ricas<\/em>&nbsp;por no querer quitarse el sombrero al escuchar la Giovinezza. A sus 25 y ya casada, se radic\u00f3 en&nbsp;<strong>Barracas<\/strong>&nbsp;con m\u00e1s de un pesar. \u201cAl dolor que insum\u00eda el desarraigo de una tierra a la que amaba, se sumaba una familia pol\u00edtica para nada alegre, como el comentario recurrente de su suegro durante los 8 a\u00f1os que tard\u00f3 en quedar embarazada: \u2018Al \u00e1rbol que no da frutos, hay que talarlo\u2019\u2026\u00a1Mal\u00edsimo!\u201d, relata. A\u00fan as\u00ed, Amalia nunca dej\u00f3 de cantar. \u201cS\u00ed, mi nona ha sido un gran ejemplo para m\u00ed. Ella supo mirarme, es verdad. Pero creo yo la mir\u00e9 mucho m\u00e1s\u201d, asegura.<\/p>\n\n\n\n<p><img loading=\"lazy\" decoding=\"async\" alt=\"Elena Roger en brazos de su nona Amalia, juntoa su hermana Amalia (hoy 54).\" height=\"1314\" width=\"1920\" src=\"https:\/\/www.infobae.com\/new-resizer\/duH44QLFzAgYrycdbXs24xlYk-o=\/420x280\/filters:format(webp):quality(85)\/cloudfront-us-east-1.images.arcpublishing.com\/infobae\/6ZC3CKVUGJAG7DRVOCQLUIEPZA.jpeg%20420w\" srcset=\"https:\/\/www.infobae.com\/new-resizer\/duH44QLFzAgYrycdbXs24xlYk-o=\/420x280\/filters:format(webp):quality(85)\/cloudfront-us-east-1.images.arcpublishing.com\/infobae\/6ZC3CKVUGJAG7DRVOCQLUIEPZA.jpeg 420w,https:\/\/www.infobae.com\/new-resizer\/0U_M92EFMah_07PutybtCwGZvFo=\/768x512\/filters:format(webp):quality(85)\/cloudfront-us-east-1.images.arcpublishing.com\/infobae\/6ZC3CKVUGJAG7DRVOCQLUIEPZA.jpeg 768w,https:\/\/www.infobae.com\/new-resizer\/6diYcZuyfGb5E_EwKIay1Q_khBI=\/992x661\/filters:format(webp):quality(85)\/cloudfront-us-east-1.images.arcpublishing.com\/infobae\/6ZC3CKVUGJAG7DRVOCQLUIEPZA.jpeg 992w,https:\/\/www.infobae.com\/new-resizer\/DwU_rIevULrFQXbyxQSmFn0chE8=\/1200x800\/filters:format(webp):quality(85)\/cloudfront-us-east-1.images.arcpublishing.com\/infobae\/6ZC3CKVUGJAG7DRVOCQLUIEPZA.jpeg 1200w,https:\/\/www.infobae.com\/new-resizer\/fWRSB_JRB-WebIm-0qlwlrcIuTM=\/1440x960\/filters:format(webp):quality(85)\/cloudfront-us-east-1.images.arcpublishing.com\/infobae\/6ZC3CKVUGJAG7DRVOCQLUIEPZA.jpeg 1440w\">Elena Roger en brazos de su nona Amalia, juntoa su hermana Amalia (hoy 54).<\/p>\n\n\n\n<p><img loading=\"lazy\" decoding=\"async\" alt=\"Elena Roger junto a sus hermanos, Amalia (hoy 54, profesora de Italiano) y Sergio (hoy 57, m\u00fasico y cantante).\" height=\"1203\" width=\"1080\" src=\"https:\/\/www.infobae.com\/new-resizer\/SZGvuCRCN7YNH2sC6yAaUTnGDjA=\/420x560\/filters:format(webp):quality(85)\/cloudfront-us-east-1.images.arcpublishing.com\/infobae\/2F7TWDS6LJCTZOMFYPQ2KO3QTU.jpeg%20420w\" srcset=\"https:\/\/www.infobae.com\/new-resizer\/SZGvuCRCN7YNH2sC6yAaUTnGDjA=\/420x560\/filters:format(webp):quality(85)\/cloudfront-us-east-1.images.arcpublishing.com\/infobae\/2F7TWDS6LJCTZOMFYPQ2KO3QTU.jpeg 420w,https:\/\/www.infobae.com\/new-resizer\/bfC8iFMzf2tS6JpeUkbIoR0WGT0=\/768x1024\/filters:format(webp):quality(85)\/cloudfront-us-east-1.images.arcpublishing.com\/infobae\/2F7TWDS6LJCTZOMFYPQ2KO3QTU.jpeg 768w,https:\/\/www.infobae.com\/new-resizer\/lZhgwP3jPBhIOqecyRE7p_zW0Cc=\/992x1323\/filters:format(webp):quality(85)\/cloudfront-us-east-1.images.arcpublishing.com\/infobae\/2F7TWDS6LJCTZOMFYPQ2KO3QTU.jpeg 992w,https:\/\/www.infobae.com\/new-resizer\/XF1xZB1JjFGDjdjbQQt4NiEKyCA=\/1200x1600\/filters:format(webp):quality(85)\/cloudfront-us-east-1.images.arcpublishing.com\/infobae\/2F7TWDS6LJCTZOMFYPQ2KO3QTU.jpeg 1200w\">Elena Roger junto a sus hermanos, Amalia (hoy 54, profesora de Italiano) y Sergio (hoy 57, m\u00fasico y cantante).<\/p>\n\n\n\n<p>Dorm\u00edan juntas, \u201cen aquella casa de&nbsp;<strong>Barracas<\/strong>&nbsp;y en la misma cama en la que nacieron&nbsp;<strong>mi madre<\/strong>&nbsp;y mis dos t\u00edos\u201d, detalla&nbsp;<strong>Elena<\/strong>&nbsp;en un viaje a esos ambientes de tantas revelaciones. \u201c<strong>Crec\u00ed escuchando sus poes\u00edas en italiano<\/strong>&nbsp;y esas canciones que&nbsp;<strong>ella<\/strong>&nbsp;hab\u00eda aprendido de todos esos artistas itinerantes, desde titiriteros a l\u00edricos, que visitaban su pueblo. Era genial o\u00edrla, pero tambi\u00e9n verla. Porque todo le quedaba lindo, como leer cada noche con luz de velador o escribir eternas cartas de a\u00f1oranza a sus paisanos\u201d, destaca entre otras tantas im\u00e1genes que atesora. Es as\u00ed que, abriendo puertas, se descubre ese \u201ccuartito\u201d, peque\u00f1o, pero rico en libros y, por sobre todo, en discos de amplio espectro musical (que iban desde los \u00e9xitos de&nbsp;<strong>Palito Ortega<\/strong>&nbsp;a los hitos del&nbsp;<strong>Festival de San Remo<\/strong>), donde sonaba por ah\u00ed el bandone\u00f3n del t\u00edo abuelo&nbsp;<strong>Fasto<\/strong>, se estudiaba guitarra y en el que, alguna vez, se instal\u00f3 un piano.&nbsp;<strong>Amalia<\/strong>, adem\u00e1s, ten\u00eda afici\u00f3n por la \u00f3pera, un g\u00e9nero que germin\u00f3 fuerte entre los&nbsp;<strong>Roger<\/strong>. \u201cAl d\u00eda de hoy, si nos enteramos de que est\u00e1n dando&nbsp;<strong>Madame Butterfly<\/strong>&nbsp;en alg\u00fan lugar,&nbsp;<strong>mi hermana<\/strong>&nbsp;y yo vamos solo para escuchar el aria&nbsp;<em>Un bel d\u00ec vedremo<\/em>&nbsp;(<strong>Giacomo Puccini<\/strong>), tomarnos de las manos y llorar un rato mientras&nbsp;<strong>recordamos nuestra infancia<\/strong>\u201d, comparte.<\/p>\n\n\n\n<p><img loading=\"lazy\" decoding=\"async\" alt=\"Elena Roger y sus hermanos, Amalia (hoy 54, profesora de Italiano) y Sergio (hoy 57, m\u00fasico y cantante)\" height=\"1678\" width=\"1080\" src=\"https:\/\/www.infobae.com\/new-resizer\/XpHdOM-w3iQVcyRoizS_Kx-q9Xw=\/420x630\/filters:format(webp):quality(85)\/cloudfront-us-east-1.images.arcpublishing.com\/infobae\/N7AZ3CVGVBCVTFORXRTLROJMNU.jpeg%20420w\" srcset=\"https:\/\/www.infobae.com\/new-resizer\/XpHdOM-w3iQVcyRoizS_Kx-q9Xw=\/420x630\/filters:format(webp):quality(85)\/cloudfront-us-east-1.images.arcpublishing.com\/infobae\/N7AZ3CVGVBCVTFORXRTLROJMNU.jpeg 420w,https:\/\/www.infobae.com\/new-resizer\/K4IAX4O1o3ZmPdDBU7FjT9UXyuw=\/768x1152\/filters:format(webp):quality(85)\/cloudfront-us-east-1.images.arcpublishing.com\/infobae\/N7AZ3CVGVBCVTFORXRTLROJMNU.jpeg 768w,https:\/\/www.infobae.com\/new-resizer\/rNnkzU5FY1YxzhOxBPuu5wS1zMg=\/992x1488\/filters:format(webp):quality(85)\/cloudfront-us-east-1.images.arcpublishing.com\/infobae\/N7AZ3CVGVBCVTFORXRTLROJMNU.jpeg 992w,https:\/\/www.infobae.com\/new-resizer\/t9VLLErEXEeOU38ql7cAApFoqO8=\/1200x1800\/filters:format(webp):quality(85)\/cloudfront-us-east-1.images.arcpublishing.com\/infobae\/N7AZ3CVGVBCVTFORXRTLROJMNU.jpeg 1200w\">Elena Roger y sus hermanos, Amalia (hoy 54, profesora de Italiano) y Sergio (hoy 57, m\u00fasico y cantante)<\/p>\n\n\n\n<p><img loading=\"lazy\" decoding=\"async\" alt=\"Elena Roger rodeada por su familia. Su pap\u00e1 Ricardo, su mam\u00e1 Romilda (Mim\u00ed) y sus hermanos, Sergio y Amalia\" height=\"1605\" width=\"1080\" src=\"https:\/\/www.infobae.com\/new-resizer\/HOhHmimRM7jYBPvMtO0w7wtdcQo=\/420x630\/filters:format(webp):quality(85)\/cloudfront-us-east-1.images.arcpublishing.com\/infobae\/2QD4BJY5OVALHEWF4AIQTJQGSI.jpeg%20420w\" srcset=\"https:\/\/www.infobae.com\/new-resizer\/HOhHmimRM7jYBPvMtO0w7wtdcQo=\/420x630\/filters:format(webp):quality(85)\/cloudfront-us-east-1.images.arcpublishing.com\/infobae\/2QD4BJY5OVALHEWF4AIQTJQGSI.jpeg 420w,https:\/\/www.infobae.com\/new-resizer\/uFX2NsQrDBAQ-cnKTRvJHPGSz3o=\/768x1152\/filters:format(webp):quality(85)\/cloudfront-us-east-1.images.arcpublishing.com\/infobae\/2QD4BJY5OVALHEWF4AIQTJQGSI.jpeg 768w,https:\/\/www.infobae.com\/new-resizer\/n0ZyCP3RZ9DTTezuy-KZ_5Kac_E=\/992x1488\/filters:format(webp):quality(85)\/cloudfront-us-east-1.images.arcpublishing.com\/infobae\/2QD4BJY5OVALHEWF4AIQTJQGSI.jpeg 992w,https:\/\/www.infobae.com\/new-resizer\/962Ov91wlnqv1gJY_m_i_PKSJMk=\/1200x1800\/filters:format(webp):quality(85)\/cloudfront-us-east-1.images.arcpublishing.com\/infobae\/2QD4BJY5OVALHEWF4AIQTJQGSI.jpeg 1200w\">Elena Roger rodeada por su familia. Su pap\u00e1 Ricardo, su mam\u00e1 Romilda (Mim\u00ed) y sus hermanos, Sergio y Amalia<\/p>\n\n\n\n<p>En1984 lleg\u00f3 con&nbsp;<strong>Amadeus<\/strong>&nbsp;(de&nbsp;<strong>Milo\u0161 Forman<\/strong>), \u201cy no dej\u00e1bamos de alquilarla\u201d, cuenta&nbsp;<strong>Elena<\/strong>&nbsp;respecto de ese \u201cmomento familiar\u201d en el que se reun\u00edan para alabar a&nbsp;<strong>Mozart<\/strong>. Claro, por entonces, su hermana&nbsp;<strong>Amalia<\/strong>&nbsp;(54), hasta convertirse luego en profesora de&nbsp;<strong>Italiano<\/strong>, intentaba un camino con el piano. Y&nbsp;<strong>Sergio<\/strong>&nbsp;(57), m\u00fasico y \u201cdue\u00f1o de una voz maravillosa\u201d, tocaba la guitarra en bandas de rock. \u201cYo lo admiraba tanto que el mejor plan era sentarme a escucharlo. Entonces \u00e9l, para divertirse, me cantaba&nbsp;<strong>El oso<\/strong>&nbsp;(<strong>Moris<\/strong>), porque sab\u00eda que esa canci\u00f3n me hac\u00eda llorar\u201d. En definitiva, el film la inspir\u00f3 al punto de pasar horas emulando las vocalizaciones del personaje que, en la trama, hac\u00eda las coloraturas de las \u00f3peras. Fue as\u00ed que, en esos \u201c<strong>agud\u00edsimos intentos<\/strong>\u201d, el t\u00edo&nbsp;<strong>Corrado Castellani<\/strong>, con la percepci\u00f3n de avezado artista pl\u00e1stico, sugiri\u00f3:&nbsp;<strong>\u201c\u2018Atentos que esta chica tiene condiciones, eh\u2019\u201d<\/strong>.<\/p>\n\n\n\n<p><img loading=\"lazy\" decoding=\"async\" alt=\"Elena Roger y Jorge Formento el d\u00eda en que, tras participar del _Yo s\u00e9_ cantando \u00f3pera, lleg\u00f3 al _Cofre de la felicidad_ y gan\u00f3 el viaje a Bariloche (1991)\" height=\"1486\" width=\"1920\" src=\"https:\/\/www.infobae.com\/new-resizer\/mKBP-V2IrX3LkN0ObT8ew-w7hKs=\/420x315\/filters:format(webp):quality(85)\/cloudfront-us-east-1.images.arcpublishing.com\/infobae\/YFPGJD723RFNHPNEM2QNV75ULU.jpeg%20420w\" srcset=\"https:\/\/www.infobae.com\/new-resizer\/mKBP-V2IrX3LkN0ObT8ew-w7hKs=\/420x315\/filters:format(webp):quality(85)\/cloudfront-us-east-1.images.arcpublishing.com\/infobae\/YFPGJD723RFNHPNEM2QNV75ULU.jpeg 420w,https:\/\/www.infobae.com\/new-resizer\/1LTE2C-leXpVrn63bNpl4uCMm7Y=\/768x576\/filters:format(webp):quality(85)\/cloudfront-us-east-1.images.arcpublishing.com\/infobae\/YFPGJD723RFNHPNEM2QNV75ULU.jpeg 768w,https:\/\/www.infobae.com\/new-resizer\/lV8ASheSvigI5p9k6QV3NsPMUMQ=\/992x744\/filters:format(webp):quality(85)\/cloudfront-us-east-1.images.arcpublishing.com\/infobae\/YFPGJD723RFNHPNEM2QNV75ULU.jpeg 992w,https:\/\/www.infobae.com\/new-resizer\/NJCbPGwu4fv2Ewb7IxkVczZ4MjQ=\/1200x900\/filters:format(webp):quality(85)\/cloudfront-us-east-1.images.arcpublishing.com\/infobae\/YFPGJD723RFNHPNEM2QNV75ULU.jpeg 1200w,https:\/\/www.infobae.com\/new-resizer\/2PndC9UWbDUeBnfqO57LCt2305E=\/1440x1080\/filters:format(webp):quality(85)\/cloudfront-us-east-1.images.arcpublishing.com\/infobae\/YFPGJD723RFNHPNEM2QNV75ULU.jpeg 1440w\">Elena Roger y Jorge Formento el d\u00eda en que, tras participar del _Yo s\u00e9_ cantando \u00f3pera, lleg\u00f3 al _Cofre de la felicidad_ y gan\u00f3 el viaje a Bariloche (1991)<\/p>\n\n\n\n<p><img loading=\"lazy\" decoding=\"async\" alt=\"Elena Roger, escoltada por Silvio Sold\u00e1n, en 1991, cuando abri\u00f3 _el cofre de la felicidad_ tras ganar en el _Yo s\u00e9_ cantando \u00f3pera\" height=\"1416\" width=\"1920\" src=\"https:\/\/www.infobae.com\/new-resizer\/Hex9NLSn1uQbeM0qM_lmEAZgKno=\/420x315\/filters:format(webp):quality(85)\/cloudfront-us-east-1.images.arcpublishing.com\/infobae\/BB2XRICEUJHFDKFNO4AI66UJZI.jpeg%20420w\" srcset=\"https:\/\/www.infobae.com\/new-resizer\/Hex9NLSn1uQbeM0qM_lmEAZgKno=\/420x315\/filters:format(webp):quality(85)\/cloudfront-us-east-1.images.arcpublishing.com\/infobae\/BB2XRICEUJHFDKFNO4AI66UJZI.jpeg 420w,https:\/\/www.infobae.com\/new-resizer\/C5993AciAaHsqoq9k-f62bPjMgE=\/768x576\/filters:format(webp):quality(85)\/cloudfront-us-east-1.images.arcpublishing.com\/infobae\/BB2XRICEUJHFDKFNO4AI66UJZI.jpeg 768w,https:\/\/www.infobae.com\/new-resizer\/_zBKrkI74MIjgjF_rb3ZfK_1OZg=\/992x744\/filters:format(webp):quality(85)\/cloudfront-us-east-1.images.arcpublishing.com\/infobae\/BB2XRICEUJHFDKFNO4AI66UJZI.jpeg 992w,https:\/\/www.infobae.com\/new-resizer\/AoilL0EAAlhd2q6HQE8WrBfbIm0=\/1200x900\/filters:format(webp):quality(85)\/cloudfront-us-east-1.images.arcpublishing.com\/infobae\/BB2XRICEUJHFDKFNO4AI66UJZI.jpeg 1200w,https:\/\/www.infobae.com\/new-resizer\/d74Nr1DK6LNjdGTbpdeIx17eT5c=\/1440x1080\/filters:format(webp):quality(85)\/cloudfront-us-east-1.images.arcpublishing.com\/infobae\/BB2XRICEUJHFDKFNO4AI66UJZI.jpeg 1440w\">Elena Roger, escoltada por Silvio Sold\u00e1n, en 1991, cuando abri\u00f3 _el cofre de la felicidad_ tras ganar en el _Yo s\u00e9_ cantando \u00f3pera<\/p>\n\n\n\n<p><img loading=\"lazy\" decoding=\"async\" alt=\"Elena Roger y Silvio Sold\u00e1n en 2017, 25 a\u00f1os despu\u00e9s de que ella ganara el viaje a Bariloche en Feliz Domingo (Canal 9), tras cantar una \u00f3pera en el _Yo s\u00e9_\" height=\"1515\" width=\"1284\" src=\"https:\/\/www.infobae.com\/new-resizer\/XRmKuXyB5QwW2OoUk9m_TFjR6pw=\/420x560\/filters:format(webp):quality(85)\/cloudfront-us-east-1.images.arcpublishing.com\/infobae\/J6ZWEZNFVVGLTARHNMBWYN4EBA.jpeg%20420w\" srcset=\"https:\/\/www.infobae.com\/new-resizer\/XRmKuXyB5QwW2OoUk9m_TFjR6pw=\/420x560\/filters:format(webp):quality(85)\/cloudfront-us-east-1.images.arcpublishing.com\/infobae\/J6ZWEZNFVVGLTARHNMBWYN4EBA.jpeg 420w,https:\/\/www.infobae.com\/new-resizer\/qr6Rsc0Tg_JLUoIuprouZLRa5I4=\/768x1024\/filters:format(webp):quality(85)\/cloudfront-us-east-1.images.arcpublishing.com\/infobae\/J6ZWEZNFVVGLTARHNMBWYN4EBA.jpeg 768w,https:\/\/www.infobae.com\/new-resizer\/T8nLoc7UFtEOTpt4vJBdNg-wYqo=\/992x1323\/filters:format(webp):quality(85)\/cloudfront-us-east-1.images.arcpublishing.com\/infobae\/J6ZWEZNFVVGLTARHNMBWYN4EBA.jpeg 992w,https:\/\/www.infobae.com\/new-resizer\/AlKnpNMuOXnFv0nNUN3Olq0frqI=\/1200x1600\/filters:format(webp):quality(85)\/cloudfront-us-east-1.images.arcpublishing.com\/infobae\/J6ZWEZNFVVGLTARHNMBWYN4EBA.jpeg 1200w\">Elena Roger y Silvio Sold\u00e1n en 2017, 25 a\u00f1os despu\u00e9s de que ella ganara el viaje a Bariloche en Feliz Domingo (Canal 9), tras cantar una \u00f3pera en el _Yo s\u00e9_<\/p>\n\n\n\n<p>Despu\u00e9s de inscribirse en un&nbsp;<strong>conservatorio de Barracas<\/strong>, no pasar\u00eda mucho tiempo hasta participar del&nbsp;<strong>Yo s\u00e9&nbsp;<\/strong>de<em>Feliz domingo&nbsp;<\/em>(<strong>Canal 9<\/strong>) que le vali\u00f3 luego un viaje de egresados para toda su divisi\u00f3n del&nbsp;<strong>Instituto Zaccar\u00eda<\/strong>. Fue por insistencia de sus compa\u00f1eros y a semanas de comenzar quinto a\u00f1o. \u201cPens\u00e9: Una \u00f3pera siempre ser\u00e1 m\u00e1s prodigiosa que un bolero. Y pas\u00e9 d\u00edas escuchando el aria Ah, non giunge de&nbsp;<strong>La sonnambula<\/strong>&nbsp;(de Vincenzo Bellini) en un cassette de&nbsp;<strong>Lily Pons<\/strong>&nbsp;(1898-1976). Pero, tan chica de barrio, jam\u00e1s se me ocurri\u00f3 llamar a un pianista para que acompa\u00f1ase&#8230; No, \u00a1a capella! As\u00ed que frente al micr\u00f3fono, en remera, con el pelo hecho un desastre, y enfundada en una guirnalda de&nbsp;<strong>Boca<\/strong>, escuch\u00e9 el tono, me descolgu\u00e9 los auriculares del walkman y empec\u00e9 a cantar\u201d. Claro que nadie notar\u00eda la cintura de una soprano ligera para ese tipo de piezas, y mucho menos entre las risas de una tribuna de pares. Despu\u00e9s de todo:&nbsp;<strong>\u00bfQu\u00e9 adolescente elegir\u00eda tal g\u00e9nero?<\/strong>&nbsp;Pero&nbsp;<strong>Silvio Sold\u00e1n<\/strong>&nbsp;(\u201cEl primero en pronosticar y alentar mi profesi\u00f3n\u201d), por dem\u00e1s impactado, tuvo otra mirada. \u201cCuando abr\u00ed el cofre, en medio de esa euforia, \u00e9l me pregunt\u00f3: \u2018<strong>Pero nena, \u00bfVos vas a ser cantante? \u00bfEsta es tu vocaci\u00f3n?<\/strong>\u2019 \u2018No, no lo s\u00e9\u2026 \u00a1Qu\u00e9 se yo!\u2019, le respond\u00ed. Nos \u00edbamos a&nbsp;<strong>Bariloche<\/strong>, \u201c\u00bfqui\u00e9n pod\u00eda pensar en un futuro?\u201d<\/p>\n\n\n\n<p><img loading=\"lazy\" decoding=\"async\" alt=\"Elena Roger y su mam\u00e1, Romilda (Mim\u00ed), en la casa familia de Barracas\" height=\"1421\" width=\"1920\" src=\"https:\/\/www.infobae.com\/new-resizer\/xdCWuCP6iYlwKnBSQIBmRl2F1Wk=\/420x315\/filters:format(webp):quality(85)\/cloudfront-us-east-1.images.arcpublishing.com\/infobae\/53CLM2WIQJC6LLE45F6UAIPX2Q.jpeg%20420w\" srcset=\"https:\/\/www.infobae.com\/new-resizer\/xdCWuCP6iYlwKnBSQIBmRl2F1Wk=\/420x315\/filters:format(webp):quality(85)\/cloudfront-us-east-1.images.arcpublishing.com\/infobae\/53CLM2WIQJC6LLE45F6UAIPX2Q.jpeg 420w,https:\/\/www.infobae.com\/new-resizer\/xusbeFxePepgoQPhLEiXFiRyyM0=\/768x576\/filters:format(webp):quality(85)\/cloudfront-us-east-1.images.arcpublishing.com\/infobae\/53CLM2WIQJC6LLE45F6UAIPX2Q.jpeg 768w,https:\/\/www.infobae.com\/new-resizer\/49G1QcXho18P8P1FymQMkgga_ok=\/992x744\/filters:format(webp):quality(85)\/cloudfront-us-east-1.images.arcpublishing.com\/infobae\/53CLM2WIQJC6LLE45F6UAIPX2Q.jpeg 992w,https:\/\/www.infobae.com\/new-resizer\/IxMjtJPDretzQfINsn0o_wsVOt4=\/1200x900\/filters:format(webp):quality(85)\/cloudfront-us-east-1.images.arcpublishing.com\/infobae\/53CLM2WIQJC6LLE45F6UAIPX2Q.jpeg 1200w,https:\/\/www.infobae.com\/new-resizer\/bGB6StJA32TAi68Z05htRSVXMTk=\/1440x1080\/filters:format(webp):quality(85)\/cloudfront-us-east-1.images.arcpublishing.com\/infobae\/53CLM2WIQJC6LLE45F6UAIPX2Q.jpeg 1440w\">Elena Roger y su mam\u00e1, Romilda (Mim\u00ed), en la casa familia de Barracas<\/p>\n\n\n\n<p><img loading=\"lazy\" decoding=\"async\" alt=\"Romilda (Mim\u00ed), madre de Elena Roger\" height=\"1138\" width=\"1920\" src=\"https:\/\/www.infobae.com\/new-resizer\/4LslDqzJNNfmtpkJp_xUHw1syAg=\/992x606\/filters:format(webp):quality(85)\/cloudfront-us-east-1.images.arcpublishing.com\/infobae\/VMCB4Z7W25DRNICGMUEKNPNUTY.jpeg%20992w\" srcset=\"https:\/\/www.infobae.com\/new-resizer\/4LslDqzJNNfmtpkJp_xUHw1syAg=\/992x606\/filters:format(webp):quality(85)\/cloudfront-us-east-1.images.arcpublishing.com\/infobae\/VMCB4Z7W25DRNICGMUEKNPNUTY.jpeg 992w\">Romilda (Mim\u00ed), madre de Elena Roger<\/p>\n\n\n\n<p><strong>Romilda<\/strong>, su madre (a quien apodaban&nbsp;<strong>Mim\u00ed<\/strong>), fue algo as\u00ed como la ejecutora de su formaci\u00f3n inicial.&nbsp;<strong>Elena<\/strong>, \u201cvaronera de las del f\u00fatbol callejero\u201d y emuladora de&nbsp;<strong>Gene Kelly<\/strong>, no recuerda c\u00f3mo, pero no llegaba a 10 cuando se vio en clases de danza en aquel comedor de un club barrial en el que los fines de semana los vecinos se reun\u00edan para comer asados, \u201cy en el piso pod\u00eda sentirse la grasitud de la carne\u201d. Un a\u00f1o despu\u00e9s, y tras ese primer intento, vio a&nbsp;<strong>Julio Bocca<\/strong>&nbsp;(56) bailar en televisi\u00f3n en el marco de un galard\u00f3n, quiz\u00e1s, el Oro en el&nbsp;<strong>V Concurso Internacional de Danza de Mosc\u00fa<\/strong>.&nbsp;<strong>\u201cEse d\u00eda sal\u00ed al patio e imit\u00e9 sus movimientos durante horas. Al terminar toda mi expresi\u00f3n f\u00edsica, entr\u00e9 a decirle a mam\u00e1: \u2018Yo quiero hacer eso, ten\u00e9s que encontrarme otro lugar\u2019\u201d<\/strong>. As\u00ed fue. Y, en definitiva, m\u00e1s all\u00e1 del espa\u00f1ol, el jazz y el&nbsp;<strong>zapateo americano<\/strong>, ese ser\u00eda el inicio de su idilio con la&nbsp;<strong>m\u00fasica cl\u00e1sica<\/strong>.&nbsp;<strong>Mim\u00ed<\/strong>&nbsp;no solo supo \u201calimentar mis inquietudes\u201d, como se\u00f1ala. Ella siempre estaba ah\u00ed \u2013\u201dcon la palabra justa\u201d\u2013 en los momentos de dudas, como en el de su&nbsp;<strong>\u201cprimera gran decepci\u00f3n\u201d<\/strong>.<\/p>\n\n\n\n<p><img loading=\"lazy\" decoding=\"async\" alt=\"Elena Roger junto a su madre Romilda _Mim\u00ed_ (fallecida en 2023) y su hermana Amalia (54), profesora de Italiano\" height=\"1440\" width=\"1920\" src=\"https:\/\/www.infobae.com\/new-resizer\/OSOO8QKlQHYFtD-nWIjs8de203k=\/420x315\/filters:format(webp):quality(85)\/cloudfront-us-east-1.images.arcpublishing.com\/infobae\/4MJSNX4O5NCNRGKVGGLSI2DSKU.jpeg%20420w\" srcset=\"https:\/\/www.infobae.com\/new-resizer\/OSOO8QKlQHYFtD-nWIjs8de203k=\/420x315\/filters:format(webp):quality(85)\/cloudfront-us-east-1.images.arcpublishing.com\/infobae\/4MJSNX4O5NCNRGKVGGLSI2DSKU.jpeg 420w,https:\/\/www.infobae.com\/new-resizer\/uCG1KH9ddF3jM_7dCSQS8h_Nq5Q=\/768x576\/filters:format(webp):quality(85)\/cloudfront-us-east-1.images.arcpublishing.com\/infobae\/4MJSNX4O5NCNRGKVGGLSI2DSKU.jpeg 768w,https:\/\/www.infobae.com\/new-resizer\/-lSSGnyERbvFQVahVkEgHYGO7Zk=\/992x744\/filters:format(webp):quality(85)\/cloudfront-us-east-1.images.arcpublishing.com\/infobae\/4MJSNX4O5NCNRGKVGGLSI2DSKU.jpeg 992w,https:\/\/www.infobae.com\/new-resizer\/MIhb45lGRoohFTYhjxEKS1O615A=\/1200x900\/filters:format(webp):quality(85)\/cloudfront-us-east-1.images.arcpublishing.com\/infobae\/4MJSNX4O5NCNRGKVGGLSI2DSKU.jpeg 1200w,https:\/\/www.infobae.com\/new-resizer\/KwLRYpzgIQNJUVe2nWFPEhWEmhE=\/1440x1080\/filters:format(webp):quality(85)\/cloudfront-us-east-1.images.arcpublishing.com\/infobae\/4MJSNX4O5NCNRGKVGGLSI2DSKU.jpeg 1440w\">Elena Roger junto a su madre Romilda _Mim\u00ed_ (fallecida en 2023) y su hermana Amalia (54), profesora de Italiano<\/p>\n\n\n\n<p><img loading=\"lazy\" decoding=\"async\" alt=\"Elena Roger en la piel de Eva Per\u00f3n para el musical _Evita_, por el que fue ovacionada en Londres, New York y Madrid\" height=\"1429\" width=\"1920\" src=\"https:\/\/www.infobae.com\/new-resizer\/YeNT9u5VbXuyX5fM62NtYVQyk2w=\/420x315\/filters:format(webp):quality(85)\/cloudfront-us-east-1.images.arcpublishing.com\/infobae\/72L2UCHA6ZDHLFTEBJH2FJYYQE.jpg%20420w\" srcset=\"https:\/\/www.infobae.com\/new-resizer\/YeNT9u5VbXuyX5fM62NtYVQyk2w=\/420x315\/filters:format(webp):quality(85)\/cloudfront-us-east-1.images.arcpublishing.com\/infobae\/72L2UCHA6ZDHLFTEBJH2FJYYQE.jpg 420w,https:\/\/www.infobae.com\/new-resizer\/nozPKJn-wpJEpDo_IVCAuTsskug=\/768x576\/filters:format(webp):quality(85)\/cloudfront-us-east-1.images.arcpublishing.com\/infobae\/72L2UCHA6ZDHLFTEBJH2FJYYQE.jpg 768w,https:\/\/www.infobae.com\/new-resizer\/sc97rE5tTD7QF3E7K_cLUBI90cM=\/992x744\/filters:format(webp):quality(85)\/cloudfront-us-east-1.images.arcpublishing.com\/infobae\/72L2UCHA6ZDHLFTEBJH2FJYYQE.jpg 992w,https:\/\/www.infobae.com\/new-resizer\/1JKLFxDa_DpdziqzYWrKCr_AV4w=\/1200x900\/filters:format(webp):quality(85)\/cloudfront-us-east-1.images.arcpublishing.com\/infobae\/72L2UCHA6ZDHLFTEBJH2FJYYQE.jpg 1200w,https:\/\/www.infobae.com\/new-resizer\/6RZjJ0-PC_342Ny45h91X939ZZg=\/1440x1080\/filters:format(webp):quality(85)\/cloudfront-us-east-1.images.arcpublishing.com\/infobae\/72L2UCHA6ZDHLFTEBJH2FJYYQE.jpg 1440w\">Elena Roger en la piel de Eva Per\u00f3n para el musical _Evita_, por el que fue ovacionada en Londres, New York y Madrid<\/p>\n\n\n\n<p>Decidida a descartar de cuajo las&nbsp;<strong>Ciencias Econ\u00f3micas<\/strong>&nbsp;como posibilidad de estudio y a encontrar su camino laboral, tal vez, como docente de canto,&nbsp;<strong>Roger<\/strong>&nbsp;se alist\u00f3 en las audiciones de admisi\u00f3n en el&nbsp;<strong>Instituto Superior de Arte<\/strong>&nbsp;del&nbsp;<strong>Teatro Col\u00f3n<\/strong>. \u201cLas instancias eran: canto, educaci\u00f3n audioperceptiva y fon\u00e9tica italiana, alemana y portuguesa. Yo pens\u00e9: \u2018Bueno, ya me eliminar\u00e1n en alguna etapa\u2019. Pero jam\u00e1s imagin\u00e9 que me bochar\u00edan en canto\u201d, dice. Con el tiempo, y desde este lado de la profesi\u00f3n, pudo entender el criterio de los responsables: La inmadurez de una voz \u201csin graves\u201d y hasta la prioridad que merec\u00edan los estudiantes m\u00e1s grandes por el l\u00edmite de admisi\u00f3n de 25 a\u00f1os. \u201cRecuerdo que mi hermano coreaba:&nbsp;<strong>\u2018Al Col\u00f3n, al Col\u00f3n, a pasar el papel\u00f3n\u2019<\/strong>. Fue catastr\u00f3fico para m\u00ed. Llegu\u00e9 a pensar: \u2018Entonces no soy tan buena como me dec\u00edan en todos lados\u2019. Y me angusti\u00e9 tanto que no cant\u00e9 m\u00e1s\u201d, reconoce. Pero ah\u00ed estuvo&nbsp;<strong>Mim\u00ed<\/strong>, sugiriendo el&nbsp;<strong>Conservatorio Superior de M\u00fasica Manuel de Falla<\/strong>. Como cuando estuvo para advertirle, tan amorosamente, ante el capricho (\u201co la curiosidad\u201d) de castinear en el&nbsp;<strong>Maipo<\/strong>:&nbsp;<strong>\u2018Pero Elena, las vedettes son altas\u2019<\/strong>, le dec\u00eda. O como cuando la contuvo del otro lado de la l\u00ednea y a m\u00e1s de 11 mil kil\u00f3metros. \u201cYo estaba en&nbsp;<strong>Londres<\/strong>, audicionando para&nbsp;<strong>Evita<\/strong>. La llam\u00e9:&nbsp;<strong>\u2018Che, m\u00e1. Pas\u00e9 esta prueba, pas\u00e9 esta otra\u2026 Pero ahora tengo que cantar frente a Andrew Lloyd Webber<\/strong>&nbsp;(75) y a&nbsp;<strong>Tim Rice<\/strong>&nbsp;(79)\u2026&#8217;. Estaba muy nerviosa. Y ella, as\u00ed de sabia y de tranquila, me dijo: \u2018Mir\u00e1, vos siempre pens\u00e1 que todos vamos al ba\u00f1o\u2019. Nunca olvido esa frase. \u00a1Mi&nbsp;<strong>vieja<\/strong>&nbsp;era hermosa!\u201d.<\/p>\n\n\n\n<p><img loading=\"lazy\" decoding=\"async\" alt=\"Elena Roger, al natural, decidida a no maquillarse nunca m\u00e1s\" height=\"2191\" width=\"1920\" src=\"https:\/\/www.infobae.com\/new-resizer\/GYNfhiBzB8y3ttj1NBlQE5cfE00=\/420x560\/filters:format(webp):quality(85)\/cloudfront-us-east-1.images.arcpublishing.com\/infobae\/PBM2OPAMYFCW7HNHF35CYWTYYU.jpeg%20420w\" srcset=\"https:\/\/www.infobae.com\/new-resizer\/GYNfhiBzB8y3ttj1NBlQE5cfE00=\/420x560\/filters:format(webp):quality(85)\/cloudfront-us-east-1.images.arcpublishing.com\/infobae\/PBM2OPAMYFCW7HNHF35CYWTYYU.jpeg 420w,https:\/\/www.infobae.com\/new-resizer\/xmGJALA1NBYstN1YIy56drbS0Ug=\/768x1024\/filters:format(webp):quality(85)\/cloudfront-us-east-1.images.arcpublishing.com\/infobae\/PBM2OPAMYFCW7HNHF35CYWTYYU.jpeg 768w,https:\/\/www.infobae.com\/new-resizer\/D3EcnSq56PoZxX1jLudantm__HY=\/992x1323\/filters:format(webp):quality(85)\/cloudfront-us-east-1.images.arcpublishing.com\/infobae\/PBM2OPAMYFCW7HNHF35CYWTYYU.jpeg 992w,https:\/\/www.infobae.com\/new-resizer\/-nWW3l0LPTShI1FAOecveeOO_iU=\/1200x1600\/filters:format(webp):quality(85)\/cloudfront-us-east-1.images.arcpublishing.com\/infobae\/PBM2OPAMYFCW7HNHF35CYWTYYU.jpeg 1200w\">Elena Roger, al natural, decidida a no maquillarse nunca m\u00e1s<\/p>\n\n\n\n<p>Su intento en el<strong>&nbsp;Maipo<\/strong>, y el comentario de&nbsp;<strong>Mim\u00ed<\/strong>, amerita un break en esta charla.&nbsp;<strong>Elena<\/strong>&nbsp;revela haber enfrentado ciertos prejuicios por su metro 53. \u201cHubo directores, a los que no mencionar\u00e9, que fueron capaces de decirme:&nbsp;<strong>\u2018Con esa altura jam\u00e1s vas a protagonizar\u2019\u201d<\/strong>, cuenta. Tampoco faltaron los comentarios de los parientes: \u2018Mmm, tu nariz, para el cine\u2026 Por ah\u00ed deber\u00edas operarte\u2019. \u201cPero en casa se sol\u00eda destacar y alentar las diferencias. Porque en realidad, lo m\u00e1s importante del artista es que no seamos todos iguales\u201d, argumenta. \u201cRecuerdo que, una vez, pap\u00e1 me dijo:&nbsp;<strong>\u2018Nunca te atrevas a tocarte la nariz, ah\u00ed tambi\u00e9n est\u00e1 tu personalidad.\u2019<\/strong>&nbsp;Yo tendr\u00eda 13 o 14 a\u00f1os y para m\u00ed fue palabra santa: \u2018Ah, lo dice mi viejo\u2019. Y entend\u00ed que&nbsp;<strong>estaba bien querer lo que soy<\/strong>\u201d.<\/p>\n\n\n\n<p>Hace a\u00f1os que&nbsp;<strong>Roger<\/strong>&nbsp;no se maquilla. Considera que \u201cla cara de una mujer es mucho&nbsp;<strong>m\u00e1s linda al natural<\/strong>\u201d. Le gustan sus pesta\u00f1as que \u201cno se ven\u201d. Y asegura haber \u201cencontrado mi belleza\u201d. Pero hay otras cuestiones que acompa\u00f1an esta l\u00ednea. \u201c\u00bfPor qu\u00e9 me maquillo? \u00bfPor qu\u00e9 los hombres no lo hacen? Entonces entran a jugar los pactos que se hacen con uno mismo\u201d, explica. Y la conciencia de la&nbsp;<strong>sustentabilidad<\/strong>&nbsp;que adquiri\u00f3 durante su vida en&nbsp;<strong>Europa<\/strong>, remat\u00f3 la postura.&nbsp;<strong>\u201c\u00bfTiene sentido usar un r\u00edmel y descartar una cosa as\u00ed de pl\u00e1stico que no se recicla?<\/strong>&nbsp;Empec\u00e9 a estar muy atenta de la huella que dejamos en este mundo\u201d.<\/p>\n\n\n\n<p><img loading=\"lazy\" decoding=\"async\" alt=\"Elena Roger rodeada por su familia. Su pap\u00e1 Ricardo, su mam\u00e1 Romilda (Mim\u00ed) y sus hermanos, Sergio y Amalia\" height=\"1605\" width=\"1080\" src=\"https:\/\/www.infobae.com\/new-resizer\/HOhHmimRM7jYBPvMtO0w7wtdcQo=\/420x630\/filters:format(webp):quality(85)\/cloudfront-us-east-1.images.arcpublishing.com\/infobae\/2QD4BJY5OVALHEWF4AIQTJQGSI.jpeg%20420w\" srcset=\"https:\/\/www.infobae.com\/new-resizer\/HOhHmimRM7jYBPvMtO0w7wtdcQo=\/420x630\/filters:format(webp):quality(85)\/cloudfront-us-east-1.images.arcpublishing.com\/infobae\/2QD4BJY5OVALHEWF4AIQTJQGSI.jpeg 420w,https:\/\/www.infobae.com\/new-resizer\/uFX2NsQrDBAQ-cnKTRvJHPGSz3o=\/768x1152\/filters:format(webp):quality(85)\/cloudfront-us-east-1.images.arcpublishing.com\/infobae\/2QD4BJY5OVALHEWF4AIQTJQGSI.jpeg 768w,https:\/\/www.infobae.com\/new-resizer\/n0ZyCP3RZ9DTTezuy-KZ_5Kac_E=\/992x1488\/filters:format(webp):quality(85)\/cloudfront-us-east-1.images.arcpublishing.com\/infobae\/2QD4BJY5OVALHEWF4AIQTJQGSI.jpeg 992w,https:\/\/www.infobae.com\/new-resizer\/962Ov91wlnqv1gJY_m_i_PKSJMk=\/1200x1800\/filters:format(webp):quality(85)\/cloudfront-us-east-1.images.arcpublishing.com\/infobae\/2QD4BJY5OVALHEWF4AIQTJQGSI.jpeg 1200w\">Elena Roger rodeada por su familia. Su pap\u00e1 Ricardo, su mam\u00e1 Romilda (Mim\u00ed) y sus hermanos, Sergio y Amalia<\/p>\n\n\n\n<p><strong>Mim\u00ed<\/strong>&nbsp;falleci\u00f3 en 2023, tres semanas despu\u00e9s de que los m\u00e9dicos lo anticiparan, debido a una falla cardiaca producida por la obstrucci\u00f3n de sus arterias \u201cy con los brazos en alto como si alguien hubiese venido a buscarla\u201d, relata Elena. \u201cTen\u00eda 83 a\u00f1os y varios golpes de la vida. Haber cuidado a mi pap\u00e1, v\u00edctima de un ACV y por consecuencia hemipl\u00e9jico, durante 22 a\u00f1os, la devast\u00f3\u201d.&nbsp;<strong>\u00c9dith Piaf<\/strong>&nbsp;(1915-1963) sol\u00eda decir que la muerte es s\u00f3lo el comienzo de algo. Roger est\u00e1 de acuerdo y habla de \u201cnacimiento a otra vida\u201d. Sostiene que recibirla como tragedia o como \u201clo peor que puede pasarnos\u201d, no es m\u00e1s que un capricho social, \u201cuna elecci\u00f3n\u201d. Es entonces que revela un \u201cejercicio\u201d \u00edntimo y personal. \u201cYo trabajo mucho el hecho de las p\u00e9rdidas para aceptar que esa persona ha sido parte de mi vida, estuvimos juntos y ahora est\u00e1 bien, con el camino que deb\u00eda encarar, bien transitado. Y eso me nos da cierta calma\u201d. Esa postura es otra arista del cultivo o conexi\u00f3n espiritual que comenz\u00f3 \u201cal dejar la religi\u00f3n (cat\u00f3lica), ya hace varios a\u00f1os\u201d, se\u00f1ala.<\/p>\n\n\n\n<p><img loading=\"lazy\" decoding=\"async\" alt=\"Elena Roger como Edith Piaf en el musical _Piaf_, de Jamie Lloyd y producci\u00f3n de Adri\u00e1n Suar y Preludio, estrenado en 2009, restreenado en Buenos Aires en julio de 2022 y ovacionado ya por\" height=\"1614\" width=\"1080\" src=\"https:\/\/www.infobae.com\/new-resizer\/QhHF98fnYLhTtmiQ9BWpGpDmc1c=\/420x630\/filters:format(webp):quality(85)\/cloudfront-us-east-1.images.arcpublishing.com\/infobae\/5AEW365OCJB3DB5QW4XWFRG474.jpg%20420w\" srcset=\"https:\/\/www.infobae.com\/new-resizer\/QhHF98fnYLhTtmiQ9BWpGpDmc1c=\/420x630\/filters:format(webp):quality(85)\/cloudfront-us-east-1.images.arcpublishing.com\/infobae\/5AEW365OCJB3DB5QW4XWFRG474.jpg 420w,https:\/\/www.infobae.com\/new-resizer\/vs9uappKpN7hIf0Ri3naxEwDn9s=\/768x1152\/filters:format(webp):quality(85)\/cloudfront-us-east-1.images.arcpublishing.com\/infobae\/5AEW365OCJB3DB5QW4XWFRG474.jpg 768w,https:\/\/www.infobae.com\/new-resizer\/p69va8uWT2NqvbXDrLsoVsO1xUg=\/992x1488\/filters:format(webp):quality(85)\/cloudfront-us-east-1.images.arcpublishing.com\/infobae\/5AEW365OCJB3DB5QW4XWFRG474.jpg 992w,https:\/\/www.infobae.com\/new-resizer\/1M9DJaa1nWGh_p7_3_HYCLfKUg0=\/1200x1800\/filters:format(webp):quality(85)\/cloudfront-us-east-1.images.arcpublishing.com\/infobae\/5AEW365OCJB3DB5QW4XWFRG474.jpg 1200w\">Elena Roger como Edith Piaf en el musical _Piaf_, de Jamie Lloyd y producci\u00f3n de Adri\u00e1n Suar y Preludio, estrenado en 2009, restreenado en Buenos Aires en julio de 2022 y ovacionado ya por<\/p>\n\n\n\n<p>\u201cCambi\u00e9 el m\u00e9todo. En vez de adjudicarle el poder&nbsp;<strong>a lo externo<\/strong>, como puede ser una&nbsp;<strong>medalla<\/strong>, una&nbsp;<strong>cruz<\/strong>&nbsp;o un&nbsp;<strong>Dios<\/strong>, lo hago en mi capacidad de producir algo en esta&nbsp;<strong>compa\u00f1\u00eda de luces<\/strong>&nbsp;que somos, sinti\u00e9ndome parte del&nbsp;<strong>Universo<\/strong>. Pongo el foco en lo que depende de m\u00ed: \u00bfQu\u00e9 tengo para dar? \u00bfCon qu\u00e9 magias cuento para generar mi vida? \u00bfQu\u00e9 hago para construir mis d\u00edas? \u00bfQu\u00e9 cosas sue\u00f1o y se realizan? O, tal vez, \u00bfpor qu\u00e9 no sucede? Ejercito esto de explorarme y no echar culpas al exterior\u201d, relata&nbsp;<strong>Roger<\/strong>. Entre tanto suelta el dato de otra habilidad. Durante las presentaciones de&nbsp;<strong>Piaf<\/strong>&nbsp;en&nbsp;<strong>Madrid<\/strong>,&nbsp;<strong>Elena<\/strong>&nbsp;complet\u00f3 el segundo nivel de&nbsp;<strong>Reiki<\/strong>. Pero, al mismo, dice limitar esa&nbsp;<strong>pr\u00e1ctica de energ\u00eda japonesa<\/strong>&nbsp;al \u00e1mbito m\u00e1s \u00edntimo, con sus hijos y eventualmente, con un motor. As\u00ed se cuela la graciosa an\u00e9cdota de un paseo por&nbsp;<strong>El Tigre<\/strong>, en el que la falta de&nbsp;<strong>nafta<\/strong>&nbsp;detuvo los planes sobre el mism\u00edsimo&nbsp;<strong>Delta<\/strong>. \u201cEntonces dije: \u2018Voy a poner mis poderes\u2019. Y la lancha encendi\u00f3\u2026 \u00bfQu\u00e9 m\u00e1s puedo decir?\u201d, bromea. En fin, y regresando a las lecciones de las&nbsp;<strong>p\u00e9rdidas<\/strong>,&nbsp;<strong>Elena<\/strong>&nbsp;habla de los enlaces de&nbsp;<strong>planos<\/strong>. \u201cCreo en las&nbsp;<strong>presencias<\/strong>. Siento las&nbsp;<strong>presencias<\/strong>\u201d, comienza. \u201cRecuerdo la \u00faltima visita a&nbsp;<strong>pap\u00e1<\/strong>. Fue antes de&nbsp;<strong>Navidad<\/strong>, porque me iba de vacaciones. Pas\u00e9 a saludar a&nbsp;<strong>mam\u00e1<\/strong>, porque sus cenizas a\u00fan est\u00e1n en casa, y al momento de salir de la habitaci\u00f3n\u2026 \u00a1Pong! Son\u00f3 el reloj\u201d, cuenta. \u201cEst\u00e1 bien, pod\u00e9s decir: \u2018Ten\u00eda que sonar\u2019 S\u00ed. Pero a m\u00ed me gusta pensar que fue ella dici\u00e9ndome \u2018chau\u2019\u201d.<\/p>\n\n\n\n<p><img loading=\"lazy\" decoding=\"async\" alt=\"Ricardo Roger, padre de Elena Roger\" height=\"1441\" width=\"1080\" src=\"https:\/\/www.infobae.com\/new-resizer\/XFKwyi9IXsaNOKUT-8cwsXTw-u0=\/420x560\/filters:format(webp):quality(85)\/cloudfront-us-east-1.images.arcpublishing.com\/infobae\/NKSLDHKYDZFPHMKET54LHAHU7U.jpeg%20420w\" srcset=\"https:\/\/www.infobae.com\/new-resizer\/XFKwyi9IXsaNOKUT-8cwsXTw-u0=\/420x560\/filters:format(webp):quality(85)\/cloudfront-us-east-1.images.arcpublishing.com\/infobae\/NKSLDHKYDZFPHMKET54LHAHU7U.jpeg 420w,https:\/\/www.infobae.com\/new-resizer\/dGpZ8MoLR-yv4tIror0wUZatlkc=\/768x1024\/filters:format(webp):quality(85)\/cloudfront-us-east-1.images.arcpublishing.com\/infobae\/NKSLDHKYDZFPHMKET54LHAHU7U.jpeg 768w,https:\/\/www.infobae.com\/new-resizer\/t_5jlQabzc4CMATiKeONa7siTpI=\/992x1323\/filters:format(webp):quality(85)\/cloudfront-us-east-1.images.arcpublishing.com\/infobae\/NKSLDHKYDZFPHMKET54LHAHU7U.jpeg 992w,https:\/\/www.infobae.com\/new-resizer\/23539ENz55cVFAGwnfmxfhaNevU=\/1200x1600\/filters:format(webp):quality(85)\/cloudfront-us-east-1.images.arcpublishing.com\/infobae\/NKSLDHKYDZFPHMKET54LHAHU7U.jpeg 1200w\">Ricardo Roger, padre de Elena Roger<\/p>\n\n\n\n<p>Ser\u00eda&nbsp;<strong>Sally Bowles<\/strong>&nbsp;en la puesta de&nbsp;<strong>Cabaret<\/strong>&nbsp;con la que el director&nbsp;<strong>Sam Mendes<\/strong>&nbsp;(58) hab\u00eda descollado en&nbsp;<strong>Broadway<\/strong>&nbsp;del \u201898. Pero a esa gran noticia, del hecho art\u00edstico que la llevar\u00eda al escenario del&nbsp;<strong>\u00d3pera<\/strong>&nbsp;en mayo de 2002, se sumar\u00eda otra que cambiar\u00eda, para siempre, la din\u00e1mica familiar.&nbsp;<strong>Ricardo Roger<\/strong>&nbsp;(79) hab\u00eda sufrido un&nbsp;<strong>ACV<\/strong>&nbsp;(<strong>Accidente Cerebrovascular<\/strong>). \u201cFue demasiada la angustia, la ansiedad, la tristeza, que sufri\u00f3 por la crisis econ\u00f3mica de 2001. Y no resisti\u00f3\u201d, recuerda&nbsp;<strong>Elena<\/strong>. El tiempo transcurrido entre que lo encontraron ca\u00eddo en el ba\u00f1o y su traslado al&nbsp;<strong>Hospital Brit\u00e1nico<\/strong>, con escala previa sin \u00e9xito en el&nbsp;<strong>Argerich<\/strong>&nbsp;por la falta de un tom\u00f3grafo, result\u00f3 definitorio para el deterioro. \u201c<strong>Pudo haber muerto si el cirujano que lo trat\u00f3 no se impon\u00eda diciendo: \u2018Yo lo opero\u2019\u201d<\/strong>. Estuvo 45 d\u00edas en coma. En un momento le sacaron parte del cr\u00e1neo, la que luego se infect\u00f3 por lo que debieron retirarlo por completo. Todo eso fue terrible para todos. \u201c<strong>Se nos hab\u00eda desplomado la columna vertebral de la familia<\/strong>\u201d, define. Ten\u00eda 57 a\u00f1os. \u201cFumaba, com\u00eda mucho, se preocupaba demasiado\u2026 Y, despu\u00e9s de todo, deb\u00eda pasar\u201d, suma convencida del destino. \u201cSi algo aprend\u00ed, de todo eso que atravesamos, es a ponerle l\u00edmite a la mala sangre\u201d.<\/p>\n\n\n\n<p><img loading=\"lazy\" decoding=\"async\" alt=\"Ricardo y Mim\u00ed, padres de Elena Roger\" height=\"1923\" width=\"1080\" src=\"https:\/\/www.infobae.com\/new-resizer\/DmS_zRPg5RfIvvjUbfib__dxGd4=\/420x747\/filters:format(webp):quality(85)\/cloudfront-us-east-1.images.arcpublishing.com\/infobae\/N64ZMPW7PFBYRL2AQNO32HAGVQ.jpeg%20420w\" srcset=\"https:\/\/www.infobae.com\/new-resizer\/DmS_zRPg5RfIvvjUbfib__dxGd4=\/420x747\/filters:format(webp):quality(85)\/cloudfront-us-east-1.images.arcpublishing.com\/infobae\/N64ZMPW7PFBYRL2AQNO32HAGVQ.jpeg 420w,https:\/\/www.infobae.com\/new-resizer\/On_cNVD2bbQYPB0uJuoEyn0gCaM=\/768x1365\/filters:format(webp):quality(85)\/cloudfront-us-east-1.images.arcpublishing.com\/infobae\/N64ZMPW7PFBYRL2AQNO32HAGVQ.jpeg 768w,https:\/\/www.infobae.com\/new-resizer\/NSTwyTCjJq7xEUVh5jbJbXrduMc=\/992x1764\/filters:format(webp):quality(85)\/cloudfront-us-east-1.images.arcpublishing.com\/infobae\/N64ZMPW7PFBYRL2AQNO32HAGVQ.jpeg 992w,https:\/\/www.infobae.com\/new-resizer\/Ey4C7uh0YWUqQomuRmxk2ptRvHY=\/1200x2133\/filters:format(webp):quality(85)\/cloudfront-us-east-1.images.arcpublishing.com\/infobae\/N64ZMPW7PFBYRL2AQNO32HAGVQ.jpeg 1200w\">Ricardo y Mim\u00ed, padres de Elena Roger<\/p>\n\n\n\n<p>A lo largo de 22 a\u00f1os, Elena (\u201ccomo todos\u201d) supo acomodar la suerte en un sitio \u201cdivertido\u201d. Porque, seg\u00fan dice, \u201c\u00e9l mismo recibi\u00f3 lo que le toca con tranquilidad\u201d.&nbsp;<strong>Ricardo<\/strong>, a quien suelen apodar&nbsp;<strong>Marcel Marceau<\/strong>&nbsp;(mimo franc\u00e9s, 1923-2007) por las se\u00f1as que hace en el intento de expresar palabras o emociones, jam\u00e1s dej\u00f3 de ser part\u00edcipe de su carrera. \u201cCuando hice&nbsp;<strong>Evita<\/strong>&nbsp;me los llev\u00e9 a&nbsp;<strong>Londres<\/strong>. Y fue una aventura desde que subimos al avi\u00f3n. Alquilamos para pap\u00e1 una silla de ruedas el\u00e9ctrica y paseamos por&nbsp;<strong>Par\u00eds<\/strong>&nbsp;y por&nbsp;<strong>Gales<\/strong>, de donde es su familia\u201d, relata. Lo extra\u00f1a. \u201c<strong>Extra\u00f1o qui\u00e9n era pap\u00e1 antes del accidente.<\/strong>&nbsp;Y en un momento de mi vida extra\u00f1\u00e9 mucho esa figura masculina con quien charlar. Aunque \u00e9l no era muy hablador\u201d, admite&nbsp;<strong>Roger<\/strong>&nbsp;al tiempo de desempolvar un pasaje familiar con los tintes de comedia negra. \u201c<strong>El chiste de mam\u00e1 siempre fue: \u2018\u00a1\u00bfJusto ahora se te da por hablar, Ricardo?!\u2019\u201d<\/strong>, suelta con gracia. Entonces recuerda aquella que una telemarketer de cierta compa\u00f1\u00eda de telefon\u00eda celular, de esas que insisten hasta la desesperaci\u00f3n de aquel que atienda, se ensa\u00f1\u00f3 con&nbsp;<strong>Mim\u00ed<\/strong>. \u201c\u2018Ah\u2026 \u00bfQuer\u00e9s hablar con el titular de la l\u00ednea?\u2019, pregunt\u00f3 mam\u00e1. \u2018\u00a1Ah\u00ed te lo paso!\u2019. Y le encaj\u00f3 el tel\u00e9fono a pap\u00e1. Claro, cuando \u00e9l empez\u00f3 con el \u2018me, me, me\u2026\u2019, la chica cort\u00f3. Eso sirvi\u00f3 para que nunca m\u00e1s volviera a llamar\u201d, cuenta Elena entre carcajadas.<\/p>\n\n\n\n<p><img loading=\"lazy\" decoding=\"async\" alt=\"Elena Roger junto a su familia. Sus padres, Romilda (Mim\u00ed) y Ricardo, sus hermanos, Sergio y Amalia, y sus sobrinos\" height=\"1440\" width=\"1920\" src=\"https:\/\/www.infobae.com\/new-resizer\/Oay792f7Li-c-rEYIvYyAJTlqOo=\/420x315\/filters:format(webp):quality(85)\/cloudfront-us-east-1.images.arcpublishing.com\/infobae\/BL5IBDTEJBBVBKDBYLALVSOQ4E.jpeg%20420w\" srcset=\"https:\/\/www.infobae.com\/new-resizer\/Oay792f7Li-c-rEYIvYyAJTlqOo=\/420x315\/filters:format(webp):quality(85)\/cloudfront-us-east-1.images.arcpublishing.com\/infobae\/BL5IBDTEJBBVBKDBYLALVSOQ4E.jpeg 420w,https:\/\/www.infobae.com\/new-resizer\/2R3DiH7zDezU4u4ShigwYyBuPQU=\/768x576\/filters:format(webp):quality(85)\/cloudfront-us-east-1.images.arcpublishing.com\/infobae\/BL5IBDTEJBBVBKDBYLALVSOQ4E.jpeg 768w,https:\/\/www.infobae.com\/new-resizer\/CBG4sn6PipOUPof8ncTcnANBGCk=\/992x744\/filters:format(webp):quality(85)\/cloudfront-us-east-1.images.arcpublishing.com\/infobae\/BL5IBDTEJBBVBKDBYLALVSOQ4E.jpeg 992w,https:\/\/www.infobae.com\/new-resizer\/cMFiW5WxWCOl5Fo1jAIuD2VivaU=\/1200x900\/filters:format(webp):quality(85)\/cloudfront-us-east-1.images.arcpublishing.com\/infobae\/BL5IBDTEJBBVBKDBYLALVSOQ4E.jpeg 1200w,https:\/\/www.infobae.com\/new-resizer\/9r7HqA1bX2-GnApQskRbrQLw4wQ=\/1440x1080\/filters:format(webp):quality(85)\/cloudfront-us-east-1.images.arcpublishing.com\/infobae\/BL5IBDTEJBBVBKDBYLALVSOQ4E.jpeg 1440w\">Elena Roger junto a su familia. Sus padres, Romilda (Mim\u00ed) y Ricardo, sus hermanos, Sergio y Amalia, y sus sobrinos<\/p>\n\n\n\n<p>Y en su silencio tambi\u00e9n hab\u00eda amor.&nbsp;<strong>Elena<\/strong>&nbsp;recuerda la noche en la que un compa\u00f1ero de&nbsp;<strong>Ricardo<\/strong>, en la empresa de venta de caucho en la que trabajaba, fue a verla en&nbsp;<strong>Mina, che cosa sei<\/strong>&nbsp;(<strong>El Nacional<\/strong>, 2003). \u201c\u00c9l, muy conmovido por la funci\u00f3n, me esper\u00f3 para contarme: \u2018Y pensar que tu pap\u00e1, una ma\u00f1ana lleg\u00f3 a la oficina muy preocupado, diciendo: \u2018Tengo miedo, mi hija quiere ser actriz. \u00bfC\u00f3mo va a vivir?\u2019 Y al escuchar a este hombre, pens\u00e9: \u2018<strong>Wow\u2026\u00a1Qu\u00e9 genio mi viejo! Fue capaz de callarse frente a mi gran pasi\u00f3n.<\/strong>\u2019 As\u00ed de amorosamente me han criado. Algo que sigo agradeciendo\u201d, asegura. \u201cPap\u00e1 es hoy, un gran ejemplo para m\u00ed. Qued\u00f3 viudo a los 21 a\u00f1os y con un hijo (Su hermano mayor es el del primer matrimonio de su padre). Sobrevivi\u00f3 a su tragedia y a la muerte de mi madre. Nunca se cay\u00f3. Jam\u00e1s lo vi derrotado. Me ense\u00f1\u00f3 a decir: \u2018Ac\u00e1 estoy vida\u2026 \u00bf\u00a1Qu\u00e9 sigue!?\u2019\u201d, reflexiona. \u201cEl otro d\u00eda estaba viendo&nbsp;<strong>Iosi, el esp\u00eda arrepentido<\/strong>&nbsp;(<strong>Daniel Burman<\/strong>, 2022). Hay una escena en la que&nbsp;<strong>Alejandro Awada<\/strong>&nbsp;(62, protagonista) entra a la casa en la que creci\u00f3 y dice: \u2018<strong>Qu\u00e9 linda esa etapa en la que uno no ten\u00eda nada que perder<\/strong>\u2019. Y es as\u00ed. La infancia es as\u00ed. Yo recuerdo mis 11 a\u00f1os como los m\u00e1s felices de mi vida: Me sent\u00eda casi mujer, no hab\u00eda preocupaciones, veraneaba en&nbsp;<strong>Mar del Plata<\/strong>&nbsp;con mis t\u00edos, mi abuela me cantaba, mam\u00e1 me acompa\u00f1aba y pap\u00e1 era pap\u00e1. Pero con el paso del tiempo logr\u00e9 entender que todo lo que nos pasa, finalmente, nos enriquece\u201d, concluye&nbsp;<strong>Elena<\/strong>&nbsp;en el intento de raspar una moraleja al dolor.<\/p>\n\n\n\n<p><img loading=\"lazy\" decoding=\"async\" alt=\"Elena Roger (49) y el actor Mariano Torre (46), juntos desde 2009 y padres de dos hijos, Bah\u00eda Vida (10) y Risco Flori\u00e1n (5) \" height=\"1080\" width=\"1920\" src=\"https:\/\/www.infobae.com\/new-resizer\/ozErZxDhZLAAtxNzJCT4irytgfM=\/420x236\/filters:format(webp):quality(85)\/cloudfront-us-east-1.images.arcpublishing.com\/infobae\/YB7XGQRSEJFDBGDESWMN4UJMBY.jpg%20420w\" srcset=\"https:\/\/www.infobae.com\/new-resizer\/ozErZxDhZLAAtxNzJCT4irytgfM=\/420x236\/filters:format(webp):quality(85)\/cloudfront-us-east-1.images.arcpublishing.com\/infobae\/YB7XGQRSEJFDBGDESWMN4UJMBY.jpg 420w,https:\/\/www.infobae.com\/new-resizer\/C1Zdo5Oo8RLIgDoBfWOisQBm1BI=\/768x432\/filters:format(webp):quality(85)\/cloudfront-us-east-1.images.arcpublishing.com\/infobae\/YB7XGQRSEJFDBGDESWMN4UJMBY.jpg 768w,https:\/\/www.infobae.com\/new-resizer\/-iZLk76YRgR1l2U_uKDRddWs2qY=\/992x558\/filters:format(webp):quality(85)\/cloudfront-us-east-1.images.arcpublishing.com\/infobae\/YB7XGQRSEJFDBGDESWMN4UJMBY.jpg 992w,https:\/\/www.infobae.com\/new-resizer\/yJUcIDAnh2EvrjetvBKe0eR_7Ww=\/1200x675\/filters:format(webp):quality(85)\/cloudfront-us-east-1.images.arcpublishing.com\/infobae\/YB7XGQRSEJFDBGDESWMN4UJMBY.jpg 1200w,https:\/\/www.infobae.com\/new-resizer\/n-1AidOx2M0U_kUWr_BHgWh2TXc=\/1440x810\/filters:format(webp):quality(85)\/cloudfront-us-east-1.images.arcpublishing.com\/infobae\/YB7XGQRSEJFDBGDESWMN4UJMBY.jpg 1440w\">Elena Roger (49) y el actor Mariano Torre (46), juntos desde 2009 y padres de dos hijos, Bah\u00eda Vida (10) y Risco Flori\u00e1n (5)<\/p>\n\n\n\n<p>Dej\u00f3 el&nbsp;<strong>West End<\/strong>, en&nbsp;<strong>Londres<\/strong>. Dej\u00f3&nbsp;<strong>Broadway<\/strong>, en&nbsp;<strong>New York<\/strong>. Pero nunca pudo irse de&nbsp;<strong>Barracas<\/strong>. \u201cEsta ciudad est\u00e1 embrujada, sin saber\u2026\u201d, canta de&nbsp;<strong>Siempre se vuelve a Buenos Aires<\/strong>&nbsp;(<strong>Eladia Bl\u00e1zquez<\/strong>) en rapto exquisito. Un cari\u00f1o tejido, m\u00e1s all\u00e1 de su historia en esas calles, por la elecci\u00f3n de \u201cvivir simple\u201d, define. \u201cLos&nbsp;<strong>Roger<\/strong>&nbsp;mantenemos el cord\u00f3n umbilical bien tirante. Todos estamos a no m\u00e1s de cinco cuadras a la redonda\u201d. S\u00ed, claro que es lindo radicarse afuera. \u201cYo me ocupaba de lo m\u00edo. Si hab\u00eda problemas en casa de mis padres, no me enteraba. Y si no lo hac\u00eda: \u00bfQu\u00e9 podr\u00eda resolver? Y, por otro lado, si la situaci\u00f3n en&nbsp;<strong>Londres<\/strong>&nbsp;no estaba bien, tampoco era mi pa\u00eds. Todo ese per\u00edodo fue permanecer en una muy reconfortante burbuja protectora\u201d, explica. \u201cPero cuando los proyectos que me hab\u00edan puesto en esas ciudades terminaban y deb\u00eda salir a buscar trabajo\u2026 Ah\u00ed s\u00ed, no dejaba de extra\u00f1ar los almuerzos familiares de domingo, las charlas con mam\u00e1 y hasta estar rodeada de mis colegas. Y,&nbsp;<strong>entre tanto, apareci\u00f3 Mariano<\/strong>\u201d, cuenta.&nbsp;<strong>Elena<\/strong>&nbsp;habla del actor&nbsp;<strong>Mariano Torre (46)<\/strong>, \u201cel hombre con el que, evidentemente, yo deb\u00eda transitar gran parte de mi vida\u201d, rotula. Y, adem\u00e1s, quien le ense\u00f1ar\u00eda otra mirada sobre el amor y mucho m\u00e1s que eso.<\/p>\n\n\n\n<p><img loading=\"lazy\" decoding=\"async\" alt=\"Elena Roger frente al Teatro Liceo, sobre el escenario del cual se despide definitivamente de Piaf el pr\u00f3ximo 3 de marzo\" height=\"1316\" width=\"1080\" src=\"https:\/\/www.infobae.com\/new-resizer\/vDKDpDYZe5uqvJESuHCM6YdJQfQ=\/420x560\/filters:format(webp):quality(85)\/cloudfront-us-east-1.images.arcpublishing.com\/infobae\/5MIKI2BJRNHIRBJ52BYJD5EOMI.jpeg%20420w\" srcset=\"https:\/\/www.infobae.com\/new-resizer\/vDKDpDYZe5uqvJESuHCM6YdJQfQ=\/420x560\/filters:format(webp):quality(85)\/cloudfront-us-east-1.images.arcpublishing.com\/infobae\/5MIKI2BJRNHIRBJ52BYJD5EOMI.jpeg 420w,https:\/\/www.infobae.com\/new-resizer\/cMVcGwGpMdb4NIGB7DG1a2E28ds=\/768x1024\/filters:format(webp):quality(85)\/cloudfront-us-east-1.images.arcpublishing.com\/infobae\/5MIKI2BJRNHIRBJ52BYJD5EOMI.jpeg 768w,https:\/\/www.infobae.com\/new-resizer\/YjwlgDEN6ViwXf_THE8K36hD3UI=\/992x1323\/filters:format(webp):quality(85)\/cloudfront-us-east-1.images.arcpublishing.com\/infobae\/5MIKI2BJRNHIRBJ52BYJD5EOMI.jpeg 992w,https:\/\/www.infobae.com\/new-resizer\/oi9DYAb754w3Br9yuKpkw-bKVEQ=\/1200x1600\/filters:format(webp):quality(85)\/cloudfront-us-east-1.images.arcpublishing.com\/infobae\/5MIKI2BJRNHIRBJ52BYJD5EOMI.jpeg 1200w\">Elena Roger frente al Teatro Liceo, sobre el escenario del cual se despide definitivamente de Piaf el pr\u00f3ximo 3 de marzo<\/p>\n\n\n\n<p>\u201cMariano y yo somos muy trabajadores del ser humano\u201d, relata&nbsp;<strong>Roger<\/strong>. \u201cEstamos todo el tiempo cultivando el di\u00e1logo por lo que&nbsp;<strong>nos peleamos, ni nos mentimos<\/strong>. Frente al desacuerdo, siempre, hay escucha. Entonces se da eso de: \u2018Che, \u00bfviste que vos habl\u00e1s de todo esto? Pero est\u00e1s haciendo lo otro y eso no est\u00e1 bueno\u2019\u201d, dice. \u201cConf\u00edo plenamente en su mirada, porque \u00e9l sabe bien cu\u00e1l es mi b\u00fasqueda. Como yo s\u00e9 cu\u00e1l es la suya. Llevamos juntos 15 a\u00f1os y hasta el momento no hubo nada que no sepamos del otro ni cosa que no hayamos logrado entender. As\u00ed, en el marco de este&nbsp;<strong>\u2018ser pareja\u2019 que hemos creado<\/strong>, el ego se equilibra bastante bien\u201d, asegura. Se conocieron en 2009, en el&nbsp;<strong>Liceo<\/strong>, donde se da este encuentro.&nbsp;<strong>Teatro<\/strong>&nbsp;reconocido por el gobierno porte\u00f1o como el m\u00e1s antiguo de la ciudad (1872), y precisamente mientras ella presentaba&nbsp;<strong>Piaf<\/strong>, dicho sea de paso, espect\u00e1culo al que asegura hoy estar \u201cduelando\u201d en su despedida final. Y no solo por haber resultado \u201cun personaje muy cercano\u201d, sino tambi\u00e9n \u201cporque a esta altura, ya soy yo\u201d. En fin. Retomando el hilo,&nbsp;<strong>Torre<\/strong>&nbsp;(vegetariano, yogui y con ideolog\u00eda ambiental, tal cual ella), \u201cestaba soltero\u201d.&nbsp;<strong>Elena<\/strong>, \u201cen una relaci\u00f3n medio amorosa\u201d que, a priori, no estaba funcionando. Es as\u00ed que, durante alg\u00fan tiempo, en ese v\u00ednculo han sido tres.<\/p>\n\n\n\n<p><img loading=\"lazy\" decoding=\"async\" alt=\"Elena Roger junto a su pareja, el actor Mariano Torre, y Ricky Martin, su compa\u00f1ero en escena de Evita, el musical que ilumin\u00f3 Broadway\" height=\"1401\" width=\"1920\" src=\"https:\/\/www.infobae.com\/new-resizer\/pPyQ35K8jhfueIfBmjOxPs_IP14=\/420x315\/filters:format(webp):quality(85)\/cloudfront-us-east-1.images.arcpublishing.com\/infobae\/HWVALCEH2NAQ5GYJFA5XEDLZ2E.jpeg%20420w\" srcset=\"https:\/\/www.infobae.com\/new-resizer\/pPyQ35K8jhfueIfBmjOxPs_IP14=\/420x315\/filters:format(webp):quality(85)\/cloudfront-us-east-1.images.arcpublishing.com\/infobae\/HWVALCEH2NAQ5GYJFA5XEDLZ2E.jpeg 420w,https:\/\/www.infobae.com\/new-resizer\/UFfJThymBg0Gdhf8buVupXtSg6U=\/768x576\/filters:format(webp):quality(85)\/cloudfront-us-east-1.images.arcpublishing.com\/infobae\/HWVALCEH2NAQ5GYJFA5XEDLZ2E.jpeg 768w,https:\/\/www.infobae.com\/new-resizer\/q-Lg_AK3ZxpwwQbIiXQWYuQmozA=\/992x744\/filters:format(webp):quality(85)\/cloudfront-us-east-1.images.arcpublishing.com\/infobae\/HWVALCEH2NAQ5GYJFA5XEDLZ2E.jpeg 992w,https:\/\/www.infobae.com\/new-resizer\/0Zl_5JX3743VjLgfEBUI_QoAVOs=\/1200x900\/filters:format(webp):quality(85)\/cloudfront-us-east-1.images.arcpublishing.com\/infobae\/HWVALCEH2NAQ5GYJFA5XEDLZ2E.jpeg 1200w,https:\/\/www.infobae.com\/new-resizer\/kCuTSaLqZwPKhWXE4ClREl-iVBU=\/1440x1080\/filters:format(webp):quality(85)\/cloudfront-us-east-1.images.arcpublishing.com\/infobae\/HWVALCEH2NAQ5GYJFA5XEDLZ2E.jpeg 1440w\">Elena Roger junto a su pareja, el actor Mariano Torre, y Ricky Martin, su compa\u00f1ero en escena de Evita, el musical que ilumin\u00f3 Broadway<\/p>\n\n\n\n<p>\u201cMientras mi cabeza se acomodara, y sin plantear plazos ni condiciones, a&nbsp;<strong>Mariano<\/strong>&nbsp;nunca le import\u00f3 que yo estuviese tambi\u00e9n con este amante\u201d, explica&nbsp;<strong>Roger<\/strong>. \u201c\u00c9l solo quer\u00eda estar conmigo y mientras a m\u00ed me pasara lo mismo, todo ser\u00eda genial.&nbsp;<strong>\u2018La verdad es que siempre tuve en mente la pareja abierta. Y estoy dispuesto a intentarlo\u2019<\/strong>, me dijo alguna vez. Perfecto. todo sigui\u00f3 su curso hasta que, claro, la pelota estuvo del otro lado\u201d, revela con gracia.&nbsp;<strong>Elena<\/strong>,&nbsp;<strong>\u201cya desprendida de aquel v\u00ednculo\u201d<\/strong>, y en relaci\u00f3n \u201cm\u00e1s o menos formal\u201d con&nbsp;<strong>Torre<\/strong>, se instal\u00f3 en&nbsp;<strong>Espa\u00f1a<\/strong>&nbsp;con plan laboral. \u201cAl reencontrarnos me sali\u00f3 preguntarle si, durante esa distancia, \u00e9l hab\u00eda estado con alguien m\u00e1s. Y muy suelto me respondi\u00f3 que s\u00ed. Yo me qued\u00e9 p\u00e1lida\u201d, relata. \u201cPero record\u00e9 lo que, de un modo u otro,&nbsp;<strong>yo misma hab\u00eda propuesto<\/strong>, el modo en que se hab\u00eda dado todo hasta ah\u00ed\u2026 Y cuando vi que nuestra relaci\u00f3n no se hab\u00eda modificado en absoluto, valor\u00e9 su honestidad. Porque m\u00e1s que abierta, nosotros tenemos una&nbsp;<strong>pareja honesta<\/strong>\u201d, define tal y cual lo hicieran el compositor alem\u00e1n&nbsp;<strong>Kurt Weill<\/strong>&nbsp;y la actriz y cantante&nbsp;<strong>Lotte Lenya<\/strong>, en cuyo amor bas\u00f3 el musical&nbsp;<strong>Lovemusik<\/strong>&nbsp;que protagoniz\u00f3 en 2016. \u201cUna pareja que no registra ataduras ni posesiones. Algo que nos sirvi\u00f3 para caminar nuestras vidas profesionales e, inclusive, desarrollarnos personalmente. En definitiva, nos hace bien sabernos libres. Y todas las experiencias que hemos tenido hicieron que hoy estemos juntos\u201d, explica.&nbsp;<strong>\u201cMariano<\/strong>&nbsp;(que alguna vez dijo no imaginar la vida sin&nbsp;<strong>Elena<\/strong>) es un ser de luz. Un maestro. Un pibe que vino a iluminar mi vida, a ser mi compa\u00f1ero y copiloto de crianza.&nbsp;<strong>\u00a1Me encanta el padre que es!<\/strong>\u201d, califica a su socio en la creaci\u00f3n de la&nbsp;<strong>Fundaci\u00f3n NAT<\/strong>&nbsp;(<strong>Naturaleza Aplicada a la Tecnolog\u00eda<\/strong>) y con quien (inspirados en&nbsp;<strong>El guerrero de la basura<\/strong>, de&nbsp;<strong>Michael Reynolds<\/strong>), se adentr\u00f3 en la construcci\u00f3n una casa autosustentable en&nbsp;<strong>Ushuaia<\/strong>, terru\u00f1o del actor, llamada&nbsp;<strong>Nave Tierra<\/strong>. Tarea, de 26 d\u00edas y 70 voluntarios, registrada en el documental que presentaron en el&nbsp;<strong>Green Film Fest<\/strong>.<\/p>\n\n\n\n<p><img loading=\"lazy\" decoding=\"async\" alt=\"Elena Roger en 2014, embarazada de Risco Flori\u00e1n, su segundo hijo junto a Mariano Torre\" height=\"1449\" width=\"1920\" src=\"https:\/\/www.infobae.com\/new-resizer\/0psz5X5ya1kwwuOM0goY2XOj3dU=\/420x315\/filters:format(webp):quality(85)\/cloudfront-us-east-1.images.arcpublishing.com\/infobae\/6QKDZK5TP5CUHDX2BZSJRWSUCA.jpeg%20420w\" srcset=\"https:\/\/www.infobae.com\/new-resizer\/0psz5X5ya1kwwuOM0goY2XOj3dU=\/420x315\/filters:format(webp):quality(85)\/cloudfront-us-east-1.images.arcpublishing.com\/infobae\/6QKDZK5TP5CUHDX2BZSJRWSUCA.jpeg 420w,https:\/\/www.infobae.com\/new-resizer\/J9CS4ZWdMnTi1VbYAabJxiAecfY=\/768x576\/filters:format(webp):quality(85)\/cloudfront-us-east-1.images.arcpublishing.com\/infobae\/6QKDZK5TP5CUHDX2BZSJRWSUCA.jpeg 768w,https:\/\/www.infobae.com\/new-resizer\/UwX4cTRxjQzjnp1Aj7KMXAZ_CLU=\/992x744\/filters:format(webp):quality(85)\/cloudfront-us-east-1.images.arcpublishing.com\/infobae\/6QKDZK5TP5CUHDX2BZSJRWSUCA.jpeg 992w,https:\/\/www.infobae.com\/new-resizer\/oTs-LgR186dNKCxHBAZGeQjdijw=\/1200x900\/filters:format(webp):quality(85)\/cloudfront-us-east-1.images.arcpublishing.com\/infobae\/6QKDZK5TP5CUHDX2BZSJRWSUCA.jpeg 1200w,https:\/\/www.infobae.com\/new-resizer\/T4azPjGU7dFKVem7AVi9CjgZNmA=\/1440x1080\/filters:format(webp):quality(85)\/cloudfront-us-east-1.images.arcpublishing.com\/infobae\/6QKDZK5TP5CUHDX2BZSJRWSUCA.jpeg 1440w\">Elena Roger en 2014, embarazada de Risco Flori\u00e1n, su segundo hijo junto a Mariano Torre<\/p>\n\n\n\n<p><img loading=\"lazy\" decoding=\"async\" alt=\"Elena Roger en juegos con sus hijos, Bah\u00eda Vida Torre (hoy de 10 a\u00f1os) y Risco Flori\u00e1n Torre (hoy de 5)\" height=\"1279\" width=\"1920\" src=\"https:\/\/www.infobae.com\/new-resizer\/NgNeIBuEN-M58-HV5s1mEDmkVcU=\/420x280\/filters:format(webp):quality(85)\/cloudfront-us-east-1.images.arcpublishing.com\/infobae\/YVUBAIFUHBB33L5ECILRSIUJ5M.jpg%20420w\" srcset=\"https:\/\/www.infobae.com\/new-resizer\/NgNeIBuEN-M58-HV5s1mEDmkVcU=\/420x280\/filters:format(webp):quality(85)\/cloudfront-us-east-1.images.arcpublishing.com\/infobae\/YVUBAIFUHBB33L5ECILRSIUJ5M.jpg 420w,https:\/\/www.infobae.com\/new-resizer\/bz5jgaYV2gbwrBrG1V-xxvzpkB4=\/768x512\/filters:format(webp):quality(85)\/cloudfront-us-east-1.images.arcpublishing.com\/infobae\/YVUBAIFUHBB33L5ECILRSIUJ5M.jpg 768w,https:\/\/www.infobae.com\/new-resizer\/lJO4YTPfp-r692xzGClkw4SKxfA=\/992x661\/filters:format(webp):quality(85)\/cloudfront-us-east-1.images.arcpublishing.com\/infobae\/YVUBAIFUHBB33L5ECILRSIUJ5M.jpg 992w,https:\/\/www.infobae.com\/new-resizer\/71r8LckG0LucS6mOrGTafJkWGnM=\/1200x800\/filters:format(webp):quality(85)\/cloudfront-us-east-1.images.arcpublishing.com\/infobae\/YVUBAIFUHBB33L5ECILRSIUJ5M.jpg 1200w,https:\/\/www.infobae.com\/new-resizer\/YtEAKNG4sE3AAvTMMA6bWF8jilA=\/1440x960\/filters:format(webp):quality(85)\/cloudfront-us-east-1.images.arcpublishing.com\/infobae\/YVUBAIFUHBB33L5ECILRSIUJ5M.jpg 1440w\">Elena Roger en juegos con sus hijos, Bah\u00eda Vida Torre (hoy de 10 a\u00f1os) y Risco Flori\u00e1n Torre (hoy de 5)<\/p>\n\n\n\n<p>Hab\u00eda sido ya nominada a un&nbsp;<strong>Evening Standard<\/strong>&nbsp;y alzado un premio&nbsp;<strong>Oliver<\/strong>&nbsp;sin desmerecer, claro, los 5 reconocimientos nacionales, incluyendo el&nbsp;<strong>Hugo de Oro<\/strong>&nbsp;al&nbsp;<strong>Teatro Musical<\/strong>&nbsp;por su trayectoria y la piel de&nbsp;<strong>Piaf<\/strong>&nbsp;que hoy tanto cuesta desprender. Pero para&nbsp;<strong>Elena<\/strong>, la aut\u00e9ntica cima era \u201cuna familia\u201d, subraya. \u201cTodav\u00eda trabajaba en&nbsp;<strong>Broadway<\/strong>&nbsp;cuando un periodista me pregunt\u00f3:&nbsp;<strong>\u2018Pudiendo estar a un paso de Hollywood\u2026 \u00bfJusto ahora quer\u00e9s tener un hijo?\u2019<\/strong>&nbsp;Pero eso era parte del imaginario de la gente. Yo necesitaba otra cosa. Ya hab\u00eda hecho demasiado y era tiempo de dar alimento a otra parte de mi vida, a otra arista de experiencias que deb\u00eda vivir en este tr\u00e1nsito\u201d, cuenta. As\u00ed fue.&nbsp;<strong>Bah\u00eda<\/strong>&nbsp;(<strong>10<\/strong>) y&nbsp;<strong>Risco Torre<\/strong>&nbsp;(<strong>5<\/strong>) hoy imprimen esa mirada m\u00e1s sustancial. S\u00ed, la elecci\u00f3n de sus nombres tambi\u00e9n es prueba de eso que los dos se propusieron: \u201cJam\u00e1s quisimos ni queremos ser iguales a otros\u201d. Entre par\u00e9ntesis, bautizaron a sus hijos con intenci\u00f3n de ligarlos a la naturaleza. \u201cY fueron&nbsp;<strong>totalmente acertados para cada una de sus personalidades<\/strong>. \u00c9l es&nbsp;<strong>Risco Flori\u00e1n<\/strong>, \u201cpara complementar, con algo de dulzura\u201d, el risco que suele ser. Ese riesgo permanente\u201d, bromea. Ella es&nbsp;<strong>Bah\u00eda Vida<\/strong>, \u201ccalma, contenedora y amorosa con quien sea\u201d. Adem\u00e1s, claro, de ser fan de&nbsp;<strong>Roger<\/strong>&nbsp;al punto de pedirle:&nbsp;<strong>\u2018M\u00e1, dale, contame cosas de tu vida\u2019<\/strong>.<\/p>\n\n\n\n<p><img loading=\"lazy\" decoding=\"async\" alt=\"Gast\u00f3n Tylor\" height=\"1280\" width=\"1920\" src=\"https:\/\/www.infobae.com\/new-resizer\/97rCh2aB0fzJph5tTK-036K9Itg=\/420x280\/filters:format(webp):quality(85)\/cloudfront-us-east-1.images.arcpublishing.com\/infobae\/INZUWEXETBHH3BOZK5CE25DFIQ.jpg%20420w\" srcset=\"https:\/\/www.infobae.com\/new-resizer\/97rCh2aB0fzJph5tTK-036K9Itg=\/420x280\/filters:format(webp):quality(85)\/cloudfront-us-east-1.images.arcpublishing.com\/infobae\/INZUWEXETBHH3BOZK5CE25DFIQ.jpg 420w,https:\/\/www.infobae.com\/new-resizer\/PiFCT1DbTY1RznM7LTyAPHubEig=\/768x512\/filters:format(webp):quality(85)\/cloudfront-us-east-1.images.arcpublishing.com\/infobae\/INZUWEXETBHH3BOZK5CE25DFIQ.jpg 768w,https:\/\/www.infobae.com\/new-resizer\/OCeTjegWSscmQPw9IS4sbwMqrJU=\/992x661\/filters:format(webp):quality(85)\/cloudfront-us-east-1.images.arcpublishing.com\/infobae\/INZUWEXETBHH3BOZK5CE25DFIQ.jpg 992w,https:\/\/www.infobae.com\/new-resizer\/-8eMgp7YCcp_zBS_Eu6s3uWV4n8=\/1200x800\/filters:format(webp):quality(85)\/cloudfront-us-east-1.images.arcpublishing.com\/infobae\/INZUWEXETBHH3BOZK5CE25DFIQ.jpg 1200w,https:\/\/www.infobae.com\/new-resizer\/w9e8JJK8Tl4b7td4gMdsf5aQEAQ=\/1440x960\/filters:format(webp):quality(85)\/cloudfront-us-east-1.images.arcpublishing.com\/infobae\/INZUWEXETBHH3BOZK5CE25DFIQ.jpg 1440w\">Gast\u00f3n Tylor<\/p>\n\n\n\n<p>Bah\u00eda \u2013seguidora de\u00a0<strong>Wos<\/strong>\u00a0(26)\u2013 canta, baila, act\u00faa y dibuja, con \u201cel est\u00edmulo\u201d de dos padres observadores. Y acompa\u00f1arla, para\u00a0<strong>Elena<\/strong>, es volver a ese patio de\u00a0<strong>Barracas<\/strong>\u00a0y, por supuesto,\u00a0<strong>\u201cacordarme de mi relaci\u00f3n con mam\u00e1\u201d<\/strong>, sugiere. Jugar. Sin dudas se trata de eso que, en alg\u00fan punto a\u00f1ora.\u00a0<strong>\u201cAlgo que dej\u00e9 de hacer, al menos asiduamente, desde que logr\u00e9 cierto espacio o un nombre en esta profesi\u00f3n. Quiz\u00e1s por recelos t\u00edpicos del \u2018qu\u00e9 dir\u00e1n\u2019 o de \u2018lo que se pretende de m\u00ed\u2019. Aunque intuyo que pronto dar\u00e9 vuelta la situaci\u00f3n para volver a travesear pero hoy m\u00e1s sabida, m\u00e1s vivida\u201d<\/strong>, marca tal cual lo hiciera cuando entre\u00a0<strong>\u2018Evitas\u2019<\/strong>\u00a0grab\u00f3\u00a0<strong>Vientos del sur<\/strong>, uno de sus cinco discos propios. \u201cNo es f\u00e1cil criar. Requiere de una alerta permanente, con la experiencia que no es todo. Porque a\u00fan uno tiene mucho que aprender. Pero ah\u00ed voy, pisando con cuidado, tratando de ser consciente de todo eso que a mis hijos les transmito de la vida y de la profesi\u00f3n. Ojal\u00e1 les hagamos el menor da\u00f1o posible\u201d, destaca. Y en t\u00e9rminos teatrales, la figura de\u00a0<strong>Entrelazados<\/strong>\u00a0(<strong>Disney<\/strong>), pone el seguidor \u201cen la escucha y el respeto\u201d, seg\u00fan se\u00f1ala. Y podr\u00eda darse un fuerte aplauso por eso.\u00a0<strong>\u201cAmarlos. Darle todo el tiempo posible en abrazos y mimos. Muchos mimos y muchos cuentos\u201d<\/strong>, dice, como los de la nona\u00a0<strong>Amelia<\/strong>.\u00a0<strong>\u201cSe los he le\u00eddo todos y fue hermoso. En pandemia, por ejemplo, nos acost\u00e1bamos juntos a leer o acurrucarnos en la hamaca que armamos en casa para escuchar m\u00fasica de Mar\u00eda Elena Walsh<\/strong>, del disco\u00a0<strong>El mundo del rev\u00e9s<\/strong>\u00a0(que ella misma grab\u00f3 en 2020 junto a\u00a0<strong>Escalandrum<\/strong>)\u201d, comparte.\u00a0<strong>\u201cLa otra prioridad es invitarlos a que sean personas respetuosas de lo que le pasa al otro y, principalmente, a ellos mismos. Que se vean<\/strong>.<strong>\u00a0Que no hagan aquello de lo que no tienen ganas, incluso si es lo que sus padres quieren. Y que nunca, pero nunca, olviden la \u00fanica obligaci\u00f3n en esta vida: ser felices\u201d<\/strong>.<\/p>\n\n\n\n<p>Fuente: https:\/\/www.infobae.com\/teleshow\/2024\/02\/19\/elena-roger-hace-22-anos-que-papa-hemiplejico-y-sin-habla-es-mi-gran-maestro-de-vida\/<\/p>\n","protected":false},"excerpt":{"rendered":"<p>Una abuela hija de condes italianos. Una madre sagaz. Una padre que prefiri\u00f3 callar. Un hombre que trajo otro modo de amar. Y dos hijos educados para hacer lo que les venga en gana. Las miradas que la motivaron a ser la m\u00e1s ovacionada, una antidiva que supo dejar Londres y New York, pero jam\u00e1s [&hellip;]<\/p>\n","protected":false},"author":3,"featured_media":865,"comment_status":"open","ping_status":"open","sticky":false,"template":"","format":"standard","meta":{"footnotes":""},"categories":[15,3],"tags":[456],"class_list":["post-864","post","type-post","status-publish","format-standard","has-post-thumbnail","hentry","category-entrevistas","category-principal","tag-elena-roger"],"_links":{"self":[{"href":"https:\/\/noticiassaludables.com.ar\/index.php?rest_route=\/wp\/v2\/posts\/864","targetHints":{"allow":["GET"]}}],"collection":[{"href":"https:\/\/noticiassaludables.com.ar\/index.php?rest_route=\/wp\/v2\/posts"}],"about":[{"href":"https:\/\/noticiassaludables.com.ar\/index.php?rest_route=\/wp\/v2\/types\/post"}],"author":[{"embeddable":true,"href":"https:\/\/noticiassaludables.com.ar\/index.php?rest_route=\/wp\/v2\/users\/3"}],"replies":[{"embeddable":true,"href":"https:\/\/noticiassaludables.com.ar\/index.php?rest_route=%2Fwp%2Fv2%2Fcomments&post=864"}],"version-history":[{"count":1,"href":"https:\/\/noticiassaludables.com.ar\/index.php?rest_route=\/wp\/v2\/posts\/864\/revisions"}],"predecessor-version":[{"id":866,"href":"https:\/\/noticiassaludables.com.ar\/index.php?rest_route=\/wp\/v2\/posts\/864\/revisions\/866"}],"wp:featuredmedia":[{"embeddable":true,"href":"https:\/\/noticiassaludables.com.ar\/index.php?rest_route=\/wp\/v2\/media\/865"}],"wp:attachment":[{"href":"https:\/\/noticiassaludables.com.ar\/index.php?rest_route=%2Fwp%2Fv2%2Fmedia&parent=864"}],"wp:term":[{"taxonomy":"category","embeddable":true,"href":"https:\/\/noticiassaludables.com.ar\/index.php?rest_route=%2Fwp%2Fv2%2Fcategories&post=864"},{"taxonomy":"post_tag","embeddable":true,"href":"https:\/\/noticiassaludables.com.ar\/index.php?rest_route=%2Fwp%2Fv2%2Ftags&post=864"}],"curies":[{"name":"wp","href":"https:\/\/api.w.org\/{rel}","templated":true}]}}