{"id":870,"date":"2024-02-20T10:32:22","date_gmt":"2024-02-20T13:32:22","guid":{"rendered":"https:\/\/noticiassaludables.com.ar\/?p=870"},"modified":"2024-02-21T15:46:55","modified_gmt":"2024-02-21T18:46:55","slug":"pasteleria-saludable","status":"publish","type":"post","link":"https:\/\/noticiassaludables.com.ar\/?p=870","title":{"rendered":"Mercado gastron\u00f3nico saludable Matilde"},"content":{"rendered":"\n<p>Este jueves se incorpor\u00f3 al mercado gastron\u00f3nico saludable Matilde, una pasteler\u00eda integral que fusiona el arte culinario y la ciencia m\u00e9dica para alcanzar la excelencia de productos aptos para personas con celiaqu\u00eda, diab\u00e9ticos, intolerantes a la lactosa entre otras patologias que afectan la salud.<br>La marca busca mezclar el sabor con cuidado de nuestro organismo desde una mirada nutrigen\u00e9tica.<\/p>\n\n\n\n<figure class=\"wp-block-image size-large\"><img loading=\"lazy\" decoding=\"async\" width=\"576\" height=\"1024\" src=\"https:\/\/noticiassaludables.com.ar\/wp-content\/uploads\/2024\/02\/WhatsApp-Image-2024-02-19-at-14.05.34-576x1024.jpeg\" alt=\"\" class=\"wp-image-871\" srcset=\"https:\/\/noticiassaludables.com.ar\/wp-content\/uploads\/2024\/02\/WhatsApp-Image-2024-02-19-at-14.05.34-576x1024.jpeg 576w, https:\/\/noticiassaludables.com.ar\/wp-content\/uploads\/2024\/02\/WhatsApp-Image-2024-02-19-at-14.05.34-169x300.jpeg 169w, https:\/\/noticiassaludables.com.ar\/wp-content\/uploads\/2024\/02\/WhatsApp-Image-2024-02-19-at-14.05.34-768x1365.jpeg 768w, https:\/\/noticiassaludables.com.ar\/wp-content\/uploads\/2024\/02\/WhatsApp-Image-2024-02-19-at-14.05.34-864x1536.jpeg 864w, https:\/\/noticiassaludables.com.ar\/wp-content\/uploads\/2024\/02\/WhatsApp-Image-2024-02-19-at-14.05.34.jpeg 900w\" sizes=\"auto, (max-width: 576px) 100vw, 576px\" \/><\/figure>\n\n\n\n<p>Este proyecto naci\u00f3 a partir de 3 mujeres emprendedoras , entre ellas una experta en nutrici\u00f3n y gen\u00e9tica, que sentieron la necesidad de imponerse frente a una cultura alimentaria con excesos de az\u00facares, aditivos y conservantes que, de a poco van da\u00f1ando nuestros intestinos y nuestra salud en general.<\/p>\n\n\n\n<figure class=\"wp-block-image size-large\"><img loading=\"lazy\" decoding=\"async\" width=\"576\" height=\"1024\" src=\"https:\/\/noticiassaludables.com.ar\/wp-content\/uploads\/2024\/02\/WhatsApp-Image-2024-02-19-at-14.05.34-2-576x1024.jpeg\" alt=\"\" class=\"wp-image-872\" srcset=\"https:\/\/noticiassaludables.com.ar\/wp-content\/uploads\/2024\/02\/WhatsApp-Image-2024-02-19-at-14.05.34-2-576x1024.jpeg 576w, https:\/\/noticiassaludables.com.ar\/wp-content\/uploads\/2024\/02\/WhatsApp-Image-2024-02-19-at-14.05.34-2-169x300.jpeg 169w, https:\/\/noticiassaludables.com.ar\/wp-content\/uploads\/2024\/02\/WhatsApp-Image-2024-02-19-at-14.05.34-2.jpeg 720w\" sizes=\"auto, (max-width: 576px) 100vw, 576px\" \/><\/figure>\n\n\n\n<p>Por ese motivo, desde Matilde quieren volver a conectar con las ra\u00edces de la naturaleza para que las personas consuman productos de la forma m\u00e1s org\u00e1nica posible, con el menor procesamiento qu\u00edmico, y realizar preparaciones ricas, naturales, y por, sobre todo, que no tenga un impacto negativo sobre el organismo.<\/p>\n\n\n\n<p>Para mas informaci\u00f3n pueden visitar el instagram @matildepasteleriaderaiz<\/p>\n","protected":false},"excerpt":{"rendered":"<p>Este jueves se incorpor\u00f3 al mercado gastron\u00f3nico saludable Matilde, una pasteler\u00eda integral que fusiona el arte culinario y la ciencia m\u00e9dica para alcanzar la excelencia de productos aptos para personas con celiaqu\u00eda, diab\u00e9ticos, intolerantes a la lactosa entre otras patologias que afectan la salud.La marca busca mezclar el sabor con cuidado de nuestro organismo desde [&hellip;]<\/p>\n","protected":false},"author":3,"featured_media":873,"comment_status":"open","ping_status":"open","sticky":false,"template":"","format":"standard","meta":{"footnotes":""},"categories":[6,4,5],"tags":[457],"class_list":["post-870","post","type-post","status-publish","format-standard","has-post-thumbnail","hentry","category-alimentacion","category-bienestar","category-salud","tag-pastelria-saludable"],"_links":{"self":[{"href":"https:\/\/noticiassaludables.com.ar\/index.php?rest_route=\/wp\/v2\/posts\/870","targetHints":{"allow":["GET"]}}],"collection":[{"href":"https:\/\/noticiassaludables.com.ar\/index.php?rest_route=\/wp\/v2\/posts"}],"about":[{"href":"https:\/\/noticiassaludables.com.ar\/index.php?rest_route=\/wp\/v2\/types\/post"}],"author":[{"embeddable":true,"href":"https:\/\/noticiassaludables.com.ar\/index.php?rest_route=\/wp\/v2\/users\/3"}],"replies":[{"embeddable":true,"href":"https:\/\/noticiassaludables.com.ar\/index.php?rest_route=%2Fwp%2Fv2%2Fcomments&post=870"}],"version-history":[{"count":2,"href":"https:\/\/noticiassaludables.com.ar\/index.php?rest_route=\/wp\/v2\/posts\/870\/revisions"}],"predecessor-version":[{"id":890,"href":"https:\/\/noticiassaludables.com.ar\/index.php?rest_route=\/wp\/v2\/posts\/870\/revisions\/890"}],"wp:featuredmedia":[{"embeddable":true,"href":"https:\/\/noticiassaludables.com.ar\/index.php?rest_route=\/wp\/v2\/media\/873"}],"wp:attachment":[{"href":"https:\/\/noticiassaludables.com.ar\/index.php?rest_route=%2Fwp%2Fv2%2Fmedia&parent=870"}],"wp:term":[{"taxonomy":"category","embeddable":true,"href":"https:\/\/noticiassaludables.com.ar\/index.php?rest_route=%2Fwp%2Fv2%2Fcategories&post=870"},{"taxonomy":"post_tag","embeddable":true,"href":"https:\/\/noticiassaludables.com.ar\/index.php?rest_route=%2Fwp%2Fv2%2Ftags&post=870"}],"curies":[{"name":"wp","href":"https:\/\/api.w.org\/{rel}","templated":true}]}}