{"id":875,"date":"2024-02-20T10:41:43","date_gmt":"2024-02-20T13:41:43","guid":{"rendered":"https:\/\/noticiassaludables.com.ar\/?p=875"},"modified":"2024-02-20T10:41:44","modified_gmt":"2024-02-20T13:41:44","slug":"controles-medicos-en-los-ninos-antes-del-inicio-de-las-clases","status":"publish","type":"post","link":"https:\/\/noticiassaludables.com.ar\/?p=875","title":{"rendered":"Controles m\u00e9dicos en los ni\u00f1os antes del inicio de las clases"},"content":{"rendered":"\n<p>Desde la Sociedad Argentina de Pediatr\u00eda se detall\u00f3 que se deber\u00eda acompa\u00f1ar a los chicos al examen cl\u00ednico y a recibir las vacunas correspondientes a cada grupo etario. Qu\u00e9 debe tenerse en cuenta sobre la vista, el coraz\u00f3n y la audici\u00f3n<\/p>\n\n\n\n<p>Cuando las&nbsp;<strong>ni\u00f1as<\/strong>&nbsp;y los<strong>&nbsp;ni\u00f1os<\/strong>&nbsp;van a la&nbsp;<strong>escuela<\/strong>, suelen tener una menor frecuencia de patolog\u00edas agudas, y por eso se los tiende a percibir como poco susceptibles de tener alg\u00fan problema de salud.<\/p>\n\n\n\n<p>Sin embargo, las&nbsp;<strong>familias&nbsp;<\/strong>deber\u00edan estar atentas y&nbsp;<strong>acompa\u00f1ar<\/strong>&nbsp;a&nbsp;<a rel=\"noreferrer noopener\" href=\"https:\/\/www.infobae.com\/salud\/2024\/02\/15\/ciclo-lectivo-2024-cuales-son-las-vacunas-obligatorias-para-los-ninos-antes-de-empezar-las-clases\/\" target=\"_blank\">ni\u00f1as<\/a>&nbsp;y ni\u00f1os a los&nbsp;<strong>controles m\u00e9dicos<\/strong>&nbsp;que deben hacerse&nbsp;<strong>antes del ingreso escolar.<\/strong><\/p>\n\n\n\n<p>Desde la<strong>&nbsp;Sociedad Argentina de Pediatr\u00eda (SAP)<\/strong>, el m\u00e9dico&nbsp;<strong>Fernando Burgos<\/strong>, presidente de la subcomisi\u00f3n de medios y comunicaci\u00f3n, coment\u00f3 a&nbsp;<strong>Infobae<\/strong>&nbsp;queantes del ingreso escolar, primero se debe&nbsp;<strong>chequear<\/strong>&nbsp;si los&nbsp;<a rel=\"noreferrer noopener\" href=\"https:\/\/www.infobae.com\/salud\/2023\/11\/17\/nuevos-datos-preocupantes-sobre-las-infancias-en-la-argentina-un-estudio-revelo-que-los-bebes-menores-de-un-ano-estan-mal-alimentados\/\" target=\"_blank\">chicos<\/a>&nbsp;tienen&nbsp;<strong>el carnet de vacunas al d\u00eda<\/strong>. \u201cDeben tener los esquemas completos\u201d, resalt\u00f3. Adem\u00e1s, inform\u00f3 que los ni\u00f1os deber\u00edan acceder a un&nbsp;<strong>examen cl\u00ednico<\/strong>&nbsp;a cargo de un profesional de la pediatr\u00eda.<\/p>\n\n\n\n<h2 class=\"wp-block-heading\">Por qu\u00e9 se hace el examen cl\u00ednico en los ni\u00f1os<\/h2>\n\n\n\n<p><img loading=\"lazy\" decoding=\"async\" alt=\"El examen cl\u00ednico en los ni\u00f1os se hace para detectar tempranamente situaciones que puedan afectar el completo bienestar f\u00edsico, ps\u00edquico y social\/Archivo Getty\" height=\"1080\" width=\"1920\" src=\"https:\/\/www.infobae.com\/new-resizer\/3cLgBA0N1sFni8WYOehatvTTZyU=\/420x236\/filters:format(webp):quality(85)\/cloudfront-us-east-1.images.arcpublishing.com\/infobae\/INMQX3BTBBH6PJF7BOCHWXWUWI.jpg%20420w\" srcset=\"https:\/\/www.infobae.com\/new-resizer\/3cLgBA0N1sFni8WYOehatvTTZyU=\/420x236\/filters:format(webp):quality(85)\/cloudfront-us-east-1.images.arcpublishing.com\/infobae\/INMQX3BTBBH6PJF7BOCHWXWUWI.jpg 420w,https:\/\/www.infobae.com\/new-resizer\/CosCyk66QhNf4PvgxCHW5qc9aaQ=\/768x432\/filters:format(webp):quality(85)\/cloudfront-us-east-1.images.arcpublishing.com\/infobae\/INMQX3BTBBH6PJF7BOCHWXWUWI.jpg 768w,https:\/\/www.infobae.com\/new-resizer\/AH6PZMrbmG5dfo5W7hb7-KGij-A=\/992x558\/filters:format(webp):quality(85)\/cloudfront-us-east-1.images.arcpublishing.com\/infobae\/INMQX3BTBBH6PJF7BOCHWXWUWI.jpg 992w,https:\/\/www.infobae.com\/new-resizer\/LLF98Yq_982cBGk5S5SnzEj66e8=\/1200x675\/filters:format(webp):quality(85)\/cloudfront-us-east-1.images.arcpublishing.com\/infobae\/INMQX3BTBBH6PJF7BOCHWXWUWI.jpg 1200w,https:\/\/www.infobae.com\/new-resizer\/f9XB72UZr23mZuuFac0Y8wSl2-g=\/1440x810\/filters:format(webp):quality(85)\/cloudfront-us-east-1.images.arcpublishing.com\/infobae\/INMQX3BTBBH6PJF7BOCHWXWUWI.jpg 1440w\">El examen cl\u00ednico en los ni\u00f1os se hace para detectar tempranamente situaciones que puedan afectar el completo bienestar f\u00edsico, ps\u00edquico y social\/Archivo Getty<\/p>\n\n\n\n<p>\u201cEl pedido del&nbsp;<strong>apto f\u00edsico escolar<\/strong>&nbsp;es una excelente oportunidad para acercarse al sistema de salud y promover la realizaci\u00f3n de los controles de salud durante la ni\u00f1ez y adolescencia. Se hace para<strong>&nbsp;detectar tempranamente<\/strong>&nbsp;situaciones que puedan afectar el completo bienestar f\u00edsico, ps\u00edquico y social, y para poder as\u00ed abordarlas en forma oportuna\u201d, afirm\u00f3.<\/p>\n\n\n\n<p>Los profesionales de la salud tienen que llevar a cabo \u201cuna evaluaci\u00f3n de la salud integral de ese ni\u00f1o, ni\u00f1a o adolescente. En esta evaluaci\u00f3n, se entiende a la salud integral como el bienestar f\u00edsico, mental y social que incluye aspectos relacionados con el desarrollo educativo y la adecuada participaci\u00f3n en las actividades de la comunidad\u201d, dijo.<\/p>\n\n\n\n<p>Adem\u00e1s, los chicos deber\u00edan acceder a un examen auditivo y fonoaudiol\u00f3gico al comenzar el primer grado, a un examen visual y a un examen cardiol\u00f3gico con un electrocardiograma, detall\u00f3 Burgos. \u201cDurante el control de salud los pediatras evaluamos los datos antropom\u00e9tricos compuestos por altura y peso -aclar\u00f3- Un crecimiento adecuado es espejo de un buen estado de salud f\u00edsica, y la mejor forma de objetivarlo es mediante las curvas de crecimiento brindadas por la&nbsp;<strong>OMS<\/strong>\u201d.<\/p>\n\n\n\n<h2 class=\"wp-block-heading\">Cu\u00e1les son las recomendaciones alimentarias<\/h2>\n\n\n\n<p><img loading=\"lazy\" decoding=\"async\" alt=\"Adem\u00e1s de los chequeos, hay que prestar atenci\u00f3n a la buena alimentaci\u00f3n de los ni\u00f1os. Se deber\u00eda reducir el consumo de ultraprocesados, porque contribuyen al sobrepeso y otras patolog\u00edas (Imagen Ilustrativa Infobae)\" height=\"816\" width=\"1456\" src=\"https:\/\/www.infobae.com\/new-resizer\/vx7w1zMRMBRafpx5kpA0bDihKZU=\/420x236\/filters:format(webp):quality(85)\/cloudfront-us-east-1.images.arcpublishing.com\/infobae\/WPIL32LWBVG5RFSNEA3OZFCRMQ.png%20420w\" srcset=\"https:\/\/www.infobae.com\/new-resizer\/vx7w1zMRMBRafpx5kpA0bDihKZU=\/420x236\/filters:format(webp):quality(85)\/cloudfront-us-east-1.images.arcpublishing.com\/infobae\/WPIL32LWBVG5RFSNEA3OZFCRMQ.png 420w,https:\/\/www.infobae.com\/new-resizer\/kp3wSNMMoiymINeLSYtxGeyEamI=\/768x432\/filters:format(webp):quality(85)\/cloudfront-us-east-1.images.arcpublishing.com\/infobae\/WPIL32LWBVG5RFSNEA3OZFCRMQ.png 768w,https:\/\/www.infobae.com\/new-resizer\/NmF5MSlzrcH2IpLwDBfHhs3bPho=\/992x558\/filters:format(webp):quality(85)\/cloudfront-us-east-1.images.arcpublishing.com\/infobae\/WPIL32LWBVG5RFSNEA3OZFCRMQ.png 992w,https:\/\/www.infobae.com\/new-resizer\/UpiYw9pk5yCDdBayxFPmUj3a4EI=\/1200x675\/filters:format(webp):quality(85)\/cloudfront-us-east-1.images.arcpublishing.com\/infobae\/WPIL32LWBVG5RFSNEA3OZFCRMQ.png 1200w,https:\/\/www.infobae.com\/new-resizer\/3safKARvUEU3IR_FscN7KGGHh9I=\/1440x810\/filters:format(webp):quality(85)\/cloudfront-us-east-1.images.arcpublishing.com\/infobae\/WPIL32LWBVG5RFSNEA3OZFCRMQ.png 1440w\">Adem\u00e1s de los chequeos, hay que prestar atenci\u00f3n a la buena alimentaci\u00f3n de los ni\u00f1os. Se deber\u00eda reducir el consumo de ultraprocesados, porque contribuyen al sobrepeso y otras patolog\u00edas (Imagen Ilustrativa Infobae)<\/p>\n\n\n\n<p>El experto de la SAP tambi\u00e9n record\u00f3 la importancia de una buena nutrici\u00f3n. \u201cLa alimentaci\u00f3n es un \u00edtem fundamental en la consulta pedi\u00e1trica. Una alimentaci\u00f3n saludable y variada previene muchas de las enfermedades que impactar\u00e1n en la vida adulta\u201d, afirm\u00f3.<\/p>\n\n\n\n<p>\u201cLos alimentos ultra-procesados, las bebidas artificiales, los panificados y embutidos deben ser incorporados como excepci\u00f3n en la dieta de nuestros ni\u00f1os. Finalmente, en la evaluaci\u00f3n cl\u00ednica y previo a la extensi\u00f3n de la constancia, indagamos sobre los lazos familiares y sociales para acompa\u00f1ar en una mejor contenci\u00f3n afectiva de los ni\u00f1os, ni\u00f1as y adolescentes\u201d, coment\u00f3.<\/p>\n\n\n\n<h2 class=\"wp-block-heading\">Cu\u00e1les son las vacunas que se deben recibir antes del inicio de las clases<\/h2>\n\n\n\n<p><img loading=\"lazy\" decoding=\"async\" alt=\"A los 5 o 6 a\u00f1os, se deben recibir dosis de las vacunas contra Polio, Triple viral (contra el sarampi\u00f3n, la rub\u00e9ola y las paperas), Triple bacteriana celular (contra la difteria, el t\u00e9tanos y la tos convulsa)y contra la Varicela \n(Getty Images)\" height=\"1080\" width=\"1920\" src=\"https:\/\/www.infobae.com\/new-resizer\/QoLSsFPDsVDsukZ2dmW7zC7LVaw=\/420x236\/filters:format(webp):quality(85)\/cloudfront-us-east-1.images.arcpublishing.com\/infobae\/4TG6WKCVLRCFDIZSX33HVTWKBQ.jpg%20420w\" srcset=\"https:\/\/www.infobae.com\/new-resizer\/QoLSsFPDsVDsukZ2dmW7zC7LVaw=\/420x236\/filters:format(webp):quality(85)\/cloudfront-us-east-1.images.arcpublishing.com\/infobae\/4TG6WKCVLRCFDIZSX33HVTWKBQ.jpg 420w,https:\/\/www.infobae.com\/new-resizer\/MBC3VzLcprUtYk_pNVIk1Q0eFzA=\/768x432\/filters:format(webp):quality(85)\/cloudfront-us-east-1.images.arcpublishing.com\/infobae\/4TG6WKCVLRCFDIZSX33HVTWKBQ.jpg 768w,https:\/\/www.infobae.com\/new-resizer\/CcbwHhsu0NKMnaP4ohIHXB_qX1w=\/992x558\/filters:format(webp):quality(85)\/cloudfront-us-east-1.images.arcpublishing.com\/infobae\/4TG6WKCVLRCFDIZSX33HVTWKBQ.jpg 992w,https:\/\/www.infobae.com\/new-resizer\/_0V_FF0rex1rqdeFdEvJgOTJZ5c=\/1200x675\/filters:format(webp):quality(85)\/cloudfront-us-east-1.images.arcpublishing.com\/infobae\/4TG6WKCVLRCFDIZSX33HVTWKBQ.jpg 1200w,https:\/\/www.infobae.com\/new-resizer\/gW_-nBExZeoJAs1GMI2C1BSx0PM=\/1440x810\/filters:format(webp):quality(85)\/cloudfront-us-east-1.images.arcpublishing.com\/infobae\/4TG6WKCVLRCFDIZSX33HVTWKBQ.jpg 1440w\">A los 5 o 6 a\u00f1os, se deben recibir dosis de las vacunas contra Polio, Triple viral (contra el sarampi\u00f3n, la rub\u00e9ola y las paperas), Triple bacteriana celular (contra la difteria, el t\u00e9tanos y la tos convulsa)y contra la Varicela (Getty Images)<\/p>\n\n\n\n<p>Adem\u00e1s, el experto insisti\u00f3 con garantizar los beneficios que brindan las vacunas en la infancia. \u201cLas inmunizaciones de acuerdo con el&nbsp;<strong>Calendario Nacional de Vacunaci\u00f3n<\/strong>&nbsp;son un requisito que los profesionales de la salud exigimos para extender la constancia de salud. Desde el sistema sanitario entendemos que las enfermedades inmunoprevenibles no pueden ser hoy un factor de riesgo para ning\u00fan ni\u00f1o o ni\u00f1a, por lo que vacunar a nuestra poblaci\u00f3n es una obligaci\u00f3n individual y comunitaria\u201d, sostuvo Burgos.<\/p>\n\n\n\n<p>Las vacunas obligatorias para el comienzo del ciclo lectivo 2024, a los 5 o 6 a\u00f1os son:<\/p>\n\n\n\n<ul class=\"wp-block-list\">\n<li>Polio<\/li>\n\n\n\n<li>Triple viral (contra el sarampi\u00f3n, la rub\u00e9ola y las paperas)<\/li>\n\n\n\n<li>Triple bacteriana celular (contra la difteria, el t\u00e9tanos y la tos convulsa)<\/li>\n\n\n\n<li>Varicela<\/li>\n<\/ul>\n\n\n\n<p>A los 11 a\u00f1os, se deben recibir:<\/p>\n\n\n\n<ul class=\"wp-block-list\">\n<li>Hepatitis B (en algunos casos)<\/li>\n\n\n\n<li>Triple viral (si no fue aplicada en la primera infancia)<\/li>\n\n\n\n<li>Triple bacteriana acelular (si no fue aplicada en la primera infancia))<\/li>\n\n\n\n<li>Vacuna contra el VPH: para ni\u00f1os y ni\u00f1as.<\/li>\n\n\n\n<li>Vacuna anti-meningococo tetravalente: refuerzo.<\/li>\n\n\n\n<li>Fiebre amarilla (en las zonas denominadas de riesgo)<\/li>\n<\/ul>\n\n\n\n<p>En la&nbsp;<strong>Argentina<\/strong>, las vacunas que est\u00e1n dentro del&nbsp;<strong>Calendario oficial del Ministerio de Salud de la Naci\u00f3n<\/strong>, son obligatorias y gratuitas.<\/p>\n\n\n\n<p><img loading=\"lazy\" decoding=\"async\" alt=\"Recientemente se advirti\u00f3 que pueden producirse brotes de sarampi\u00f3n en Am\u00e9rica. Por eso, los chicos deben tener la vacuna contra esa enfermedad al d\u00eda. Es para protegerlos\/\nWikipedia \/CDC\/Dr. Heinz F. Eichenwald\" height=\"1080\" width=\"1920\" src=\"https:\/\/www.infobae.com\/new-resizer\/DKb3Tq2JydCiyUv32tlCUWepTZo=\/420x236\/filters:format(webp):quality(85)\/cloudfront-us-east-1.images.arcpublishing.com\/infobae\/7JAA35RGTRGXFB6IFRHBO3OJ7U.jpg%20420w\" srcset=\"https:\/\/www.infobae.com\/new-resizer\/DKb3Tq2JydCiyUv32tlCUWepTZo=\/420x236\/filters:format(webp):quality(85)\/cloudfront-us-east-1.images.arcpublishing.com\/infobae\/7JAA35RGTRGXFB6IFRHBO3OJ7U.jpg 420w,https:\/\/www.infobae.com\/new-resizer\/voS7CulMuNj0XDWXOVuWVx6R9Mg=\/768x432\/filters:format(webp):quality(85)\/cloudfront-us-east-1.images.arcpublishing.com\/infobae\/7JAA35RGTRGXFB6IFRHBO3OJ7U.jpg 768w,https:\/\/www.infobae.com\/new-resizer\/2jZBN3205WkbHkU7js8qq6zimJs=\/992x558\/filters:format(webp):quality(85)\/cloudfront-us-east-1.images.arcpublishing.com\/infobae\/7JAA35RGTRGXFB6IFRHBO3OJ7U.jpg 992w,https:\/\/www.infobae.com\/new-resizer\/LSHvuauokOG2yA9J-_QGi3byw0A=\/1200x675\/filters:format(webp):quality(85)\/cloudfront-us-east-1.images.arcpublishing.com\/infobae\/7JAA35RGTRGXFB6IFRHBO3OJ7U.jpg 1200w,https:\/\/www.infobae.com\/new-resizer\/C1ikc-HgLU6ij5_KVkPjQCuLAIc=\/1440x810\/filters:format(webp):quality(85)\/cloudfront-us-east-1.images.arcpublishing.com\/infobae\/7JAA35RGTRGXFB6IFRHBO3OJ7U.jpg 1440w\">Recientemente se advirti\u00f3 que pueden producirse brotes de sarampi\u00f3n en Am\u00e9rica. Por eso, los chicos deben tener la vacuna contra esa enfermedad al d\u00eda. Es para protegerlos\/ Wikipedia \/CDC\/Dr. Heinz F. Eichenwald<\/p>\n\n\n\n<p>El objetivo es que los chicos tengan una protecci\u00f3n completa y a largo plazo contra ocho enfermedades que pueden ser graves:&nbsp;<strong>difteria, t\u00e9tanos,&nbsp;<\/strong><em><strong>pertussis<\/strong><\/em><strong>&nbsp;o tos convulsa, poliomielitis, sarampi\u00f3n, rub\u00e9ola, paperas y varicela.&nbsp;<\/strong>Por eso, es importante que se acompa\u00f1e a ni\u00f1as y ni\u00f1os para su aplicaci\u00f3n, con el fin de evitar que desarrollen diversas enfermedades infecciosas que pueden ser sumamente graves.<\/p>\n\n\n\n<p>\u201cActualmente, recomendamos fuertemente la vacunaci\u00f3n contra el&nbsp;<strong>COVID<\/strong>&nbsp;en las infancias\u201d, a\u00f1adi\u00f3 el doctor Burgos. \u201cLos padres y los cuidadores deber\u00edan tener en cuenta el Calendario Nacional de Vacunaci\u00f3n. Tambi\u00e9n deber\u00edan considerar la dosis recomendada por el COVID-19\u2033, dijo a&nbsp;<strong>Infobae Silvia Gonz\u00e1lez Ayala, presidenta de la Sociedad Argentina de Infectolog\u00eda Pedi\u00e1trica<\/strong>.<\/p>\n\n\n\n<p>\u201cAdem\u00e1s de la inmunizaci\u00f3n, se debe tener en cuenta que las ni\u00f1as y los ni\u00f1os deben lavarse las manos frecuentemente, no deben compartir utensilios ni alimentos y deben acceder a una alimentaci\u00f3n saludable, para prevenir diferentes enfermedades\u201d, agreg\u00f3 al ser consultada recientemente<\/p>\n\n\n\n<p>Fuente: https:\/\/www.infobae.com\/salud\/2024\/02\/20\/que-controles-medicos-son-necesarios-en-los-ninos-antes-del-inicio-de-las-clases\/<\/p>\n","protected":false},"excerpt":{"rendered":"<p>Desde la Sociedad Argentina de Pediatr\u00eda se detall\u00f3 que se deber\u00eda acompa\u00f1ar a los chicos al examen cl\u00ednico y a recibir las vacunas correspondientes a cada grupo etario. Qu\u00e9 debe tenerse en cuenta sobre la vista, el coraz\u00f3n y la audici\u00f3n Cuando las&nbsp;ni\u00f1as&nbsp;y los&nbsp;ni\u00f1os&nbsp;van a la&nbsp;escuela, suelen tener una menor frecuencia de patolog\u00edas agudas, y [&hellip;]<\/p>\n","protected":false},"author":3,"featured_media":876,"comment_status":"open","ping_status":"open","sticky":false,"template":"","format":"standard","meta":{"footnotes":""},"categories":[3,5],"tags":[459,458],"class_list":["post-875","post","type-post","status-publish","format-standard","has-post-thumbnail","hentry","category-principal","category-salud","tag-comienzo-de-clases","tag-controles-medicos"],"_links":{"self":[{"href":"https:\/\/noticiassaludables.com.ar\/index.php?rest_route=\/wp\/v2\/posts\/875","targetHints":{"allow":["GET"]}}],"collection":[{"href":"https:\/\/noticiassaludables.com.ar\/index.php?rest_route=\/wp\/v2\/posts"}],"about":[{"href":"https:\/\/noticiassaludables.com.ar\/index.php?rest_route=\/wp\/v2\/types\/post"}],"author":[{"embeddable":true,"href":"https:\/\/noticiassaludables.com.ar\/index.php?rest_route=\/wp\/v2\/users\/3"}],"replies":[{"embeddable":true,"href":"https:\/\/noticiassaludables.com.ar\/index.php?rest_route=%2Fwp%2Fv2%2Fcomments&post=875"}],"version-history":[{"count":1,"href":"https:\/\/noticiassaludables.com.ar\/index.php?rest_route=\/wp\/v2\/posts\/875\/revisions"}],"predecessor-version":[{"id":877,"href":"https:\/\/noticiassaludables.com.ar\/index.php?rest_route=\/wp\/v2\/posts\/875\/revisions\/877"}],"wp:featuredmedia":[{"embeddable":true,"href":"https:\/\/noticiassaludables.com.ar\/index.php?rest_route=\/wp\/v2\/media\/876"}],"wp:attachment":[{"href":"https:\/\/noticiassaludables.com.ar\/index.php?rest_route=%2Fwp%2Fv2%2Fmedia&parent=875"}],"wp:term":[{"taxonomy":"category","embeddable":true,"href":"https:\/\/noticiassaludables.com.ar\/index.php?rest_route=%2Fwp%2Fv2%2Fcategories&post=875"},{"taxonomy":"post_tag","embeddable":true,"href":"https:\/\/noticiassaludables.com.ar\/index.php?rest_route=%2Fwp%2Fv2%2Ftags&post=875"}],"curies":[{"name":"wp","href":"https:\/\/api.w.org\/{rel}","templated":true}]}}