{"id":882,"date":"2024-02-21T11:26:27","date_gmt":"2024-02-21T14:26:27","guid":{"rendered":"https:\/\/noticiassaludables.com.ar\/?p=882"},"modified":"2024-02-21T11:27:02","modified_gmt":"2024-02-21T14:27:02","slug":"obras-sociales-y-prepagas-como-sera-la-desregulacion","status":"publish","type":"post","link":"https:\/\/noticiassaludables.com.ar\/?p=882","title":{"rendered":"Obras sociales y prepagas: c\u00f3mo ser\u00e1 la desregulaci\u00f3n"},"content":{"rendered":"\n<p>El decreto 170\/24 publicado hoy establece que cada beneficiario puede elegir libremente el prestador del servicio de salud. Los detalles de c\u00f3mo se aplicar\u00e1 la nueva normativa<\/p>\n\n\n\n<p>El Gobierno nacional oficializ\u00f3 hoy el<a href=\"https:\/\/www.infobae.com\/politica\/2024\/02\/21\/el-gobierno-publico-el-decreto-que-desregula-las-obras-sociales\/\" target=\"_blank\" rel=\"noreferrer noopener\">\u00a0decreto 170\/24\u00a0<\/a>con el objetivo de\u00a0<strong>dar libertad de elecci\u00f3n a los beneficiarios e impulsar la libre competencia entre obras sociales y prepagas.<\/strong><\/p>\n\n\n\n<p>La iniciativa cambia una antigua norma que reg\u00eda en el sistema de cobertura de salud en Argentina, la que obligaba a los trabajadores a permanecer obligatoriamente un a\u00f1o en la\u00a0<strong>obra social de su actividad\u00a0<\/strong>al ingresar a un nuevo empleo.<\/p>\n\n\n\n<p>En el texto preliminar de la normativa, estaba previsto que la desregulaci\u00f3n se hiciera efectiva desde&nbsp;<strong>abril<\/strong>, para brindar un&nbsp;<strong>tiempo de adecuaci\u00f3n<\/strong>&nbsp;a todos los actores del sector. Sin embargo,el texto publicado hoy se\u00f1ala en su&nbsp;<strong>art\u00edculo 5\u00b0<\/strong>&nbsp;que \u201cel presente decreto comenzar\u00e1 a regir el primer d\u00eda del mes siguiente al de su publicaci\u00f3n en el Bolet\u00edn Oficial\u201d, esto significa que<strong>&nbsp;entrar\u00e1 en vigencia en marzo<\/strong>.<\/p>\n\n\n\n<p>Ante la consulta de&nbsp;<strong>Infobae<\/strong>, fuentes de la cartera sanitaria nacional confirmaron que el gobierno busca que los cambios en las obras sociales y prepagas empiecen a implementarse el pr\u00f3ximo mes.<\/p>\n\n\n\n<h2 class=\"wp-block-heading\">Los aspectos centrales del decreto<\/h2>\n\n\n\n<p><img loading=\"lazy\" decoding=\"async\" alt=\"Una doctora inmersa en el diagn\u00f3stico m\u00e9dico a trav\u00e9s de su laptop, utilizando la tecnolog\u00eda para mejorar la atenci\u00f3n m\u00e9dica. La medicina y la salud se fusionan con la era digital. (Imagen Ilustrativa Infobae)\" height=\"816\" width=\"1456\" src=\"https:\/\/www.infobae.com\/new-resizer\/hyFsLsbwKhLg2yJlUxYJzLJpmpE=\/420x236\/filters:format(webp):quality(85)\/cloudfront-us-east-1.images.arcpublishing.com\/infobae\/FYJPKNGWNVAMDGQMVOZAQH3HFI.jpg%20420w\" srcset=\"https:\/\/www.infobae.com\/new-resizer\/hyFsLsbwKhLg2yJlUxYJzLJpmpE=\/420x236\/filters:format(webp):quality(85)\/cloudfront-us-east-1.images.arcpublishing.com\/infobae\/FYJPKNGWNVAMDGQMVOZAQH3HFI.jpg 420w,https:\/\/www.infobae.com\/new-resizer\/WWTPX0YI4qhIioZvwVAVoEc6ul4=\/768x432\/filters:format(webp):quality(85)\/cloudfront-us-east-1.images.arcpublishing.com\/infobae\/FYJPKNGWNVAMDGQMVOZAQH3HFI.jpg 768w,https:\/\/www.infobae.com\/new-resizer\/SKDNpACg3_ncxal_u7W-uZJAaAw=\/992x558\/filters:format(webp):quality(85)\/cloudfront-us-east-1.images.arcpublishing.com\/infobae\/FYJPKNGWNVAMDGQMVOZAQH3HFI.jpg 992w,https:\/\/www.infobae.com\/new-resizer\/4sf7BFjJ-lHrR0-GXTj5nocFhmw=\/1200x675\/filters:format(webp):quality(85)\/cloudfront-us-east-1.images.arcpublishing.com\/infobae\/FYJPKNGWNVAMDGQMVOZAQH3HFI.jpg 1200w,https:\/\/www.infobae.com\/new-resizer\/OdNpOcntmorEQc9OTqU8UmCi33k=\/1440x810\/filters:format(webp):quality(85)\/cloudfront-us-east-1.images.arcpublishing.com\/infobae\/FYJPKNGWNVAMDGQMVOZAQH3HFI.jpg 1440w\">Una doctora inmersa en el diagn\u00f3stico m\u00e9dico a trav\u00e9s de su laptop, utilizando la tecnolog\u00eda para mejorar la atenci\u00f3n m\u00e9dica. La medicina y la salud se fusionan con la era digital. (Imagen Ilustrativa Infobae)<\/p>\n\n\n\n<h2 class=\"wp-block-heading\">1- \u00bfQu\u00e9 es la desregulaci\u00f3n de las obras sociales?<\/h2>\n\n\n\n<p>Los beneficiarios podr\u00e1n<strong>&nbsp;elegir libremente la obra social o prepaga que consideren conveniente para su cobertura de salud<\/strong>&nbsp;y no tendr\u00e1n la obligaci\u00f3n de permanecer un a\u00f1o en la obra social de su actividad al ingresar a un nuevo empleo.<\/p>\n\n\n\n<p>El Gobierno busca que el dinero que hoy reciben<strong>&nbsp;obras sociales sindicales que act\u00faan de \u201cintermediarias\u201d&nbsp;<\/strong>pase a \u201cpertenecer a los aportantes\u201d en beneficio de la cuota que pagan. Seg\u00fan pudo confirmar&nbsp;<strong>Infobae<\/strong>, el objetivo no es desarmar aportes y contribuciones que hasta ahora ejecuta la Superintendencia de Servicios de Salud (<strong>SSS<\/strong>) sino&nbsp;<strong>optimizar la circulaci\u00f3n del dinero entre las prepagas, obras sociales y beneficiarios del sistema de seguridad socia<\/strong>l.<\/p>\n\n\n\n<p>La&nbsp;<strong>SSS ser\u00e1 el organismo de aplicaci\u00f3n<\/strong>&nbsp;de la desregulaci\u00f3n y, adem\u00e1s de motorizar los cambios, supervisar\u00e1&nbsp;<strong>los aportes y contribuciones a las obras sociales y prepagas.<\/strong><\/p>\n\n\n\n<h2 class=\"wp-block-heading\">2 &#8211; \u00bfQui\u00e9nes podr\u00e1n elegir cambiar de obra social o prepaga?<\/h2>\n\n\n\n<p>Los cambios en el sistema de atenci\u00f3n de salud afectan a\u00a0<strong>14 millones de trabajadores.\u00a0<\/strong>Abarcan a los que est\u00e1n en\u00a0<strong>relaci\u00f3n de dependencia en el sector p\u00fablico y privado<\/strong>, los\u00a0<strong>sindicalizados, los monotributistas, las empleadas dom\u00e9sticas<\/strong>\u00a0y los m\u00e1s de<strong>\u00a05 millones de personas que pertenecen al llamado sistema general<\/strong>.<\/p>\n\n\n\n<p>Quienes est\u00e9n en el sistema de medicina prepaga y no quieran realizar modificaciones a su situaci\u00f3n actual, seguir\u00e1n recibiendo sus prestaciones de salud de acuerdo a los contratos privados vigentes entre las entidades y los beneficiarios.<a href=\"https:\/\/www.infobae.com\/salud\/2024\/02\/19\/diez-preguntas-sobre-la-desregulacion-de-las-obras-sociales-en-argentina\/\"><\/a><\/p>\n\n\n\n<p><img loading=\"lazy\" decoding=\"async\" alt=\"La decisi\u00f3n del Gobierno de avanzar con la desregulaci\u00f3n busca ofrecer a los trabajadores la libertad de elegir su obra social o prepaga desde el inicio de su contrataci\u00f3n (Getty)\" height=\"1280\" width=\"1920\" src=\"https:\/\/www.infobae.com\/new-resizer\/0rUtYA25gQnguT4DidNlzvewXMo=\/420x280\/filters:format(webp):quality(85)\/cloudfront-us-east-1.images.arcpublishing.com\/infobae\/O7IVB3ZAQBE3NFU5GBWQRVHM6A.jpg%20420w\" srcset=\"https:\/\/www.infobae.com\/new-resizer\/0rUtYA25gQnguT4DidNlzvewXMo=\/420x280\/filters:format(webp):quality(85)\/cloudfront-us-east-1.images.arcpublishing.com\/infobae\/O7IVB3ZAQBE3NFU5GBWQRVHM6A.jpg 420w,https:\/\/www.infobae.com\/new-resizer\/3KYcE_J2dV6jJ5XK8_hdRLUOSbk=\/768x512\/filters:format(webp):quality(85)\/cloudfront-us-east-1.images.arcpublishing.com\/infobae\/O7IVB3ZAQBE3NFU5GBWQRVHM6A.jpg 768w,https:\/\/www.infobae.com\/new-resizer\/3MLWkrt5c0IqJ0MQ9-QnRtSOKDM=\/992x661\/filters:format(webp):quality(85)\/cloudfront-us-east-1.images.arcpublishing.com\/infobae\/O7IVB3ZAQBE3NFU5GBWQRVHM6A.jpg 992w,https:\/\/www.infobae.com\/new-resizer\/m4otgtqWzYsYWmob4TXZ-4kVf-8=\/1200x800\/filters:format(webp):quality(85)\/cloudfront-us-east-1.images.arcpublishing.com\/infobae\/O7IVB3ZAQBE3NFU5GBWQRVHM6A.jpg 1200w,https:\/\/www.infobae.com\/new-resizer\/QHfgKvzYE6QL56f8pSDTtBOT2mY=\/1440x960\/filters:format(webp):quality(85)\/cloudfront-us-east-1.images.arcpublishing.com\/infobae\/O7IVB3ZAQBE3NFU5GBWQRVHM6A.jpg 1440w\">La decisi\u00f3n del Gobierno de avanzar con la desregulaci\u00f3n busca ofrecer a los trabajadores la libertad de elegir su obra social o prepaga desde el inicio de su contrataci\u00f3n (Getty)<\/p>\n\n\n\n<p>El art\u00edculo 1\u00b0 del decreto establece que \u201cel derecho a la libre elecci\u00f3n podr\u00e1 ser ejercido por los afiliados titulares de los Agentes del Seguro de Salud comprendidos en el art\u00edculo 1\u00b0 de la&nbsp;<strong>Ley N\u00b0 23.660<\/strong>, entre cualquiera de las entidades incluidas en dicha norma, con la excepci\u00f3n prevista en el art\u00edculo 9\u00b0\u201d. As\u00ed, los organismos cuyos<strong>&nbsp;afiliados quedan alcanzados por la normativa&nbsp;<\/strong>y podr\u00e1n desregular el servicio de atenci\u00f3n de salud son:<\/p>\n\n\n\n<ul class=\"wp-block-list\">\n<li>Obras sociales sindicales.<\/li>\n\n\n\n<li>Los institutos de administraci\u00f3n mixta, las obras sociales, las reparticiones u organismos que hayan sido creados por leyes de la Naci\u00f3n.<\/li>\n\n\n\n<li>Las obras sociales de la administraci\u00f3n central del Estado Nacional y sus organismos aut\u00e1rquicos y descentralizados.<\/li>\n\n\n\n<li>Las obras sociales de las empresas y sociedades del Estado.<\/li>\n\n\n\n<li>Las obras sociales del personal de direcci\u00f3n y de las asociaciones profesionales de empresarios.<\/li>\n\n\n\n<li>Las obras sociales constituidas por convenio con empresas privadas o p\u00fablicas.<\/li>\n\n\n\n<li>Las obras sociales del personal civil y militar de las Fuerzas Armadas, de seguridad, Polic\u00eda Federal Argentina, Servicio Penitenciario Federal y los retirados, jubilados y pensionados del mismo \u00e1mbito.<\/li>\n<\/ul>\n\n\n\n<h2 class=\"wp-block-heading\">3 &#8211; \u00bfCu\u00e1ndo empieza a regir la desregulaci\u00f3n de obras sociales?<\/h2>\n\n\n\n<p>\u201cEl presente decreto<strong>\u00a0comenzar\u00e1 a regir el primer d\u00eda del mes siguiente al de su publicaci\u00f3n\u00a0<\/strong>en el Bolet\u00edn Oficial\u201d, indica el art\u00edculo 5\u00b0 de la norma, esto implica que la desregulaci\u00f3n se iniciar\u00e1 desde\u00a0<strong>el primer d\u00eda de marzo.<\/strong><\/p>\n\n\n\n<p>Una vez que la medida entre en vigencia, se podr\u00e1 optar libremente entre una obra social o prepaga en la Argentina, dentro del marco que establece esta reglamentaci\u00f3n.<\/p>\n\n\n\n<h2 class=\"wp-block-heading\">4- \u00bfCon qu\u00e9 frecuencia se podr\u00e1 cambiar de obra social o prepaga?<\/h2>\n\n\n\n<p><img loading=\"lazy\" decoding=\"async\" alt=\"A pesar de la desregulaci\u00f3n, la ley no permitir\u00e1 a la Superintendencia fijar precios de las cuotas, manteniendo la autonom\u00eda de las prepagas y obras sociales (Getty)\" height=\"1080\" width=\"1920\" src=\"https:\/\/www.infobae.com\/new-resizer\/U2ZSjmCuB7wiPGCfb7MRazBpN94=\/420x236\/filters:format(webp):quality(85)\/cloudfront-us-east-1.images.arcpublishing.com\/infobae\/DVNWS4K4LVBI5LOBNSREVPEHOU.jpg%20420w\" srcset=\"https:\/\/www.infobae.com\/new-resizer\/U2ZSjmCuB7wiPGCfb7MRazBpN94=\/420x236\/filters:format(webp):quality(85)\/cloudfront-us-east-1.images.arcpublishing.com\/infobae\/DVNWS4K4LVBI5LOBNSREVPEHOU.jpg 420w,https:\/\/www.infobae.com\/new-resizer\/zyvr5wqwt6oczbCsH91exg1KONQ=\/768x432\/filters:format(webp):quality(85)\/cloudfront-us-east-1.images.arcpublishing.com\/infobae\/DVNWS4K4LVBI5LOBNSREVPEHOU.jpg 768w,https:\/\/www.infobae.com\/new-resizer\/vL51bJtrAwS-ji_2qagmrVDiIcg=\/992x558\/filters:format(webp):quality(85)\/cloudfront-us-east-1.images.arcpublishing.com\/infobae\/DVNWS4K4LVBI5LOBNSREVPEHOU.jpg 992w,https:\/\/www.infobae.com\/new-resizer\/HstjP9vB--dqCCWxhBtKu4AwrnU=\/1200x675\/filters:format(webp):quality(85)\/cloudfront-us-east-1.images.arcpublishing.com\/infobae\/DVNWS4K4LVBI5LOBNSREVPEHOU.jpg 1200w,https:\/\/www.infobae.com\/new-resizer\/WYne9kM0_0O67rvYRLEPN8LE99o=\/1440x810\/filters:format(webp):quality(85)\/cloudfront-us-east-1.images.arcpublishing.com\/infobae\/DVNWS4K4LVBI5LOBNSREVPEHOU.jpg 1440w\">A pesar de la desregulaci\u00f3n, la ley no permitir\u00e1 a la Superintendencia fijar precios de las cuotas, manteniendo la autonom\u00eda de las prepagas y obras sociales (Getty)<\/p>\n\n\n\n<p>Las personas que inician una relaci\u00f3n laboral podr\u00e1n&nbsp;<strong>optar entre la cobertura de obra social o el servicio de medicina prepaga, desde el primer d\u00eda de empleo<\/strong>. Los beneficiarios podr\u00e1n cambiar de agente de salud&nbsp;<strong>una vez al a\u00f1o<\/strong>, en cualquier momento del a\u00f1o calendario desde que comienza el contrato.<\/p>\n\n\n\n<p>El&nbsp;<strong>art\u00edculo 2\u00b0&nbsp;<\/strong>del decreto indica que \u201cel mencionado&nbsp;<strong>derecho a la libre elecci\u00f3n&nbsp;<\/strong>podr\u00e1 ejercerse por el plazo y de acuerdo con el procedimiento que determine la Autoridad de Aplicaci\u00f3n &#8211; en los t\u00e9rminos del art\u00edculo 14 del presente &#8211; y<strong>&nbsp;se har\u00e1 efectivo a partir del primer d\u00eda del mes siguiente a la formalizaci\u00f3n de la solicitud<\/strong>\u201d.<\/p>\n\n\n\n<h2 class=\"wp-block-heading\">5 &#8211; \u00bfC\u00f3mo se organizar\u00e1n los aportes de salud?<\/h2>\n\n\n\n<p>Para garantizar la transparencia, la Superintendencia de Servicios de Salud (SSS) llevar\u00e1 un&nbsp;<strong>Registro Nacional de Agentes del Seguro (RENA)<\/strong>&nbsp;en el que se inscribir\u00e1n las entidades comprendidas en la Ley 23.660. Las obras sociales y prepagas inscriptas en el RENA deber\u00e1n garantizar a sus beneficiarios la prestaci\u00f3n del Programa M\u00e9dico Obligatorio (P.M.O).<\/p>\n\n\n\n<p>Entre los integrantes del RENA<strong>&nbsp;cambiar\u00e1n algunos aportes al Fondo Solidario de Redistribuci\u00f3n<\/strong>, cuyo objetivo principal es el&nbsp;<strong>reintegro&nbsp;<\/strong>para tratamientos complejos y costosos de los afiliados.<\/p>\n\n\n\n<p>Las&nbsp;<strong>obras sociales sindicales mantendr\u00e1n en un 15%&nbsp;<\/strong>sus aportes a este fondo y los&nbsp;<strong>monotributistas, el 10%<\/strong>. En el caso de las entidades de&nbsp;<strong>medicina&nbsp;<\/strong>prepagas desde ahora&nbsp;<strong>deber\u00e1n contribuir con un 20%.<\/strong><\/p>\n\n\n\n<p>Aquellas entidades que decidan no inscribirse en el RENA, pero sigan operando bajo la Ley 26682 (marco regulatorio de la Medicina Prepaga), tendr\u00e1n igualmente que&nbsp;<strong>aportar el 20% de la cuota adicional al aporte y la contribuci\u00f3n.<\/strong><\/p>\n\n\n\n<p>El decreto plantea que este cambio no interfiere con la autonom\u00eda de los contratos entre usuarios y prestadoras de salud, y se establece que<strong>&nbsp;el gobierno no intervendr\u00e1 en la fijaci\u00f3n de los valores mensuales<\/strong>&nbsp;que pagan los afiliados, ni en los porcentajes de aumentos de las cuotas, si los hubiera.<\/p>\n\n\n\n<h2 class=\"wp-block-heading\">6 &#8211; \u00bfQu\u00e9 pasar\u00e1 con los valores de las cuotas?<\/h2>\n\n\n\n<p><img loading=\"lazy\" decoding=\"async\" alt=\"Los jubilados tambi\u00e9n se beneficiar\u00e1n de esta medida, teniendo la posibilidad de elegir entre obra social y prepaga para su cobertura de salud (Imagen Ilustrativa Infobae)\" height=\"928\" width=\"1650\" src=\"https:\/\/www.infobae.com\/new-resizer\/JyYb9gkUWYICFC4LnmOn09MtYZE=\/420x236\/filters:format(webp):quality(85)\/cloudfront-us-east-1.images.arcpublishing.com\/infobae\/53GANJGGJNE7VOMXBEFTXPFV3U.jpg%20420w\" srcset=\"https:\/\/www.infobae.com\/new-resizer\/JyYb9gkUWYICFC4LnmOn09MtYZE=\/420x236\/filters:format(webp):quality(85)\/cloudfront-us-east-1.images.arcpublishing.com\/infobae\/53GANJGGJNE7VOMXBEFTXPFV3U.jpg 420w,https:\/\/www.infobae.com\/new-resizer\/KAv0IZ5kbX800aMgeTu9HtkGQaw=\/768x432\/filters:format(webp):quality(85)\/cloudfront-us-east-1.images.arcpublishing.com\/infobae\/53GANJGGJNE7VOMXBEFTXPFV3U.jpg 768w,https:\/\/www.infobae.com\/new-resizer\/JpMMxvOWvVANIXN_Rpz_nBfBrng=\/992x558\/filters:format(webp):quality(85)\/cloudfront-us-east-1.images.arcpublishing.com\/infobae\/53GANJGGJNE7VOMXBEFTXPFV3U.jpg 992w,https:\/\/www.infobae.com\/new-resizer\/SsQBeROPsIzCuUJheqAKVWitiiU=\/1200x675\/filters:format(webp):quality(85)\/cloudfront-us-east-1.images.arcpublishing.com\/infobae\/53GANJGGJNE7VOMXBEFTXPFV3U.jpg 1200w,https:\/\/www.infobae.com\/new-resizer\/n4TWr1yDuwnzqjElOeiexKVHk7c=\/1440x810\/filters:format(webp):quality(85)\/cloudfront-us-east-1.images.arcpublishing.com\/infobae\/53GANJGGJNE7VOMXBEFTXPFV3U.jpg 1440w\">Los jubilados tambi\u00e9n se beneficiar\u00e1n de esta medida, teniendo la posibilidad de elegir entre obra social y prepaga para su cobertura de salud (Imagen Ilustrativa Infobae)<\/p>\n\n\n\n<p><strong>La Superintendencia de Servicios de Salud no tendr\u00e1 competencia para establecer los precios de las cuotas<\/strong>. Si una compa\u00f1\u00eda de medicina prepaga llegase a declararse en quiebra, suspender sus operaciones o cerrar, la autoridad de aplicaci\u00f3n no transferir\u00e1 la cobertura de salud con sus afiliados a otros prestadores.<\/p>\n\n\n\n<p>Asimismo,&nbsp;<strong>no se establecer\u00e1n tarifas m\u00ednimas obligatorias<\/strong>&nbsp;para los servicios ofrecidos por instituciones sanitarias p\u00fablicas y privadas, y no habr\u00e1 intervenci\u00f3n en los acuerdos contractuales entre las empresas de medicina prepaga y sus proveedores de servicios.<\/p>\n\n\n\n<p>Tampoco se fijar\u00e1n&nbsp;<strong>aranceles m\u00ednimos<\/strong>&nbsp;<strong>obligatorios<\/strong>&nbsp;a los prestadores p\u00fablicos y privados. Y no se intervendr\u00e1 en<strong>&nbsp;los modelos de contrato entre las empresas y los prestadores.<\/strong><\/p>\n\n\n\n<p>Respecto a si el nuevo aporte del 20% de las prepagas al Fondo Solidario de Redistribuci\u00f3n<strong>&nbsp;podr\u00eda impactar en el valor las cuotas<\/strong>,&nbsp;<strong>Infobae&nbsp;<\/strong>consult\u00f3 a las tres empresas m\u00e1s relevantes de sector y a\u00fan&nbsp;<strong>no anticiparon si este cambio incidir\u00e1 en las tarifas de los pr\u00f3ximos meses.<\/strong><\/p>\n\n\n\n<h2 class=\"wp-block-heading\">7- \u00bfLos jubilados podr\u00e1n optar entre obra social y prepaga?<\/h2>\n\n\n\n<p>Los jubilados tendr\u00e1n la&nbsp;<strong>posibilidad de elegir entre obra sociales y prepagas<\/strong>, ya que se establece como beneficiarios a los trabajadores que presten servicios en relaci\u00f3n de dependencia, sea en el \u00e1mbito privado o en el sector p\u00fablico, y a los jubilados y pensionados nacionales.<\/p>\n\n\n\n<h2 class=\"wp-block-heading\">8- \u00bfC\u00f3mo afecta a las obras sociales?<\/h2>\n\n\n\n<p>A partir del decreto, las obras sociales administradas por gremios y sindicatos deber\u00e1n competir con las prepagas por la afiliaci\u00f3n del beneficiario desde el inicio de una relaci\u00f3n laboral, ya no tendr\u00e1n la exclusividad en el primer a\u00f1o de contrataci\u00f3n.<\/p>\n\n\n\n<h2 class=\"wp-block-heading\">9 &#8211; \u00bf C\u00f3mo afecta a las prepagas?<\/h2>\n\n\n\n<p>En la libre competencia con las obras sociales, el decreto establece que las empresas de&nbsp;<strong>medicina prepaga se encuentran obligadas a aportar al Fondo Solidario de Redistribuci\u00f3n<\/strong>&nbsp;el&nbsp;<strong>20%<\/strong>&nbsp;del total de la cuota que reciben de sus afiliados.<\/p>\n\n\n\n<h2 class=\"wp-block-heading\">Cambios en los Agentes de Seguro de Salud<\/h2>\n\n\n\n<p><img loading=\"lazy\" decoding=\"async\" alt=\"Los cambios alcanzan a un universo de 14 millones de trabajadores. El objetivo es dar libertad de elecci\u00f3n a los beneficiarios e impulsar la libre competencia entre obras sociales y prepagas\n(Getty)\" height=\"1280\" width=\"1920\" src=\"https:\/\/www.infobae.com\/new-resizer\/zIiUMmKBfQlqiDjZcR63s9Wmg1g=\/420x280\/filters:format(webp):quality(85)\/cloudfront-us-east-1.images.arcpublishing.com\/infobae\/2RXOKHEONJHY5ATOTJJWOUGHZE.jpg%20420w\" srcset=\"https:\/\/www.infobae.com\/new-resizer\/zIiUMmKBfQlqiDjZcR63s9Wmg1g=\/420x280\/filters:format(webp):quality(85)\/cloudfront-us-east-1.images.arcpublishing.com\/infobae\/2RXOKHEONJHY5ATOTJJWOUGHZE.jpg 420w,https:\/\/www.infobae.com\/new-resizer\/ioECSUnf0SwGT5KvJAVydLNA6Uo=\/768x512\/filters:format(webp):quality(85)\/cloudfront-us-east-1.images.arcpublishing.com\/infobae\/2RXOKHEONJHY5ATOTJJWOUGHZE.jpg 768w,https:\/\/www.infobae.com\/new-resizer\/aOil8dGSnHz7tmD4kHmPLEr_JiE=\/992x661\/filters:format(webp):quality(85)\/cloudfront-us-east-1.images.arcpublishing.com\/infobae\/2RXOKHEONJHY5ATOTJJWOUGHZE.jpg 992w,https:\/\/www.infobae.com\/new-resizer\/73uRRMFxdWL62FSpLvaNB-ThpFc=\/1200x800\/filters:format(webp):quality(85)\/cloudfront-us-east-1.images.arcpublishing.com\/infobae\/2RXOKHEONJHY5ATOTJJWOUGHZE.jpg 1200w,https:\/\/www.infobae.com\/new-resizer\/XTURkDNgj-KEfRUGE_Mm78QsASw=\/1440x960\/filters:format(webp):quality(85)\/cloudfront-us-east-1.images.arcpublishing.com\/infobae\/2RXOKHEONJHY5ATOTJJWOUGHZE.jpg 1440w\">Los cambios alcanzan a un universo de 14 millones de trabajadores. El objetivo es dar libertad de elecci\u00f3n a los beneficiarios e impulsar la libre competencia entre obras sociales y prepagas (Getty)<\/p>\n\n\n\n<p>Adem\u00e1s, del decreto 170\/2024, se public\u00f3 tambi\u00e9n el en Bolet\u00edn Oficial el Decreto 172\/2024 sobre&nbsp;<strong>Agentes del Seguro de Salud&nbsp;<\/strong>en el que se estableci\u00f3 que los&nbsp;<strong>prestadores de servicios de salud<\/strong>, como los&nbsp;<strong>hospitales<\/strong>, podr\u00e1n establecer&nbsp;<strong>acuerdos de forma directa con las obras sociales y prepagas o por medio de alguna autoridad local<\/strong>.<\/p>\n\n\n\n<p>Esas prestadoras \u201cpodr\u00e1n celebrar convenios con los efectores del subsistema p\u00fablico, tendientes a establecer el mecanismo para implementar el pago de las prestaciones, ya sea a trav\u00e9s de la autoridad jurisdiccional correspondiente o en forma individual\u201d.<\/p>\n\n\n\n<p>Con ese fin, estableci\u00f3 los efectores del subsistema p\u00fablico, como obras sociales y otras entidades, \u201cdeber\u00e1n estar inscriptos en el Registro Federal de Establecimientos de Salud (REFES) o en el que lo reemplace en el futuro\u201d.<\/p>\n\n\n\n<p>Los convenios mencionados \u201c<strong>ser\u00e1n un acuerdo libre entre las partes y podr\u00e1n establecer, entre otras pautas, el tipo de pr\u00e1cticas comprendidas, su codificaci\u00f3n, valores, normas de facturaci\u00f3n y modos de pago y de resoluci\u00f3n de controversias<\/strong>\u201d, indic\u00f3 el Poder Ejecutivo en el Decreto.<\/p>\n\n\n\n<p>El texto destaca que \u201cr<strong>esultar\u00eda inconducente que las distintas dependencias del Gobierno Nacional cumplan un rol de promoci\u00f3n, regulaci\u00f3n<\/strong>, control de calidad e integraci\u00f3n en establecimientos p\u00fablicos respecto de los que no tiene competencia\u201d.<\/p>\n\n\n\n<p>Fuente: https:\/\/www.infobae.com\/salud\/2024\/02\/21\/obras-sociales-y-prepagas-9-respuestas-sobre-como-sera-la-desregulacion-y-a-quienes-afecta\/<\/p>\n","protected":false},"excerpt":{"rendered":"<p>El decreto 170\/24 publicado hoy establece que cada beneficiario puede elegir libremente el prestador del servicio de salud. Los detalles de c\u00f3mo se aplicar\u00e1 la nueva normativa El Gobierno nacional oficializ\u00f3 hoy el\u00a0decreto 170\/24\u00a0con el objetivo de\u00a0dar libertad de elecci\u00f3n a los beneficiarios e impulsar la libre competencia entre obras sociales y prepagas. La iniciativa [&hellip;]<\/p>\n","protected":false},"author":3,"featured_media":883,"comment_status":"open","ping_status":"open","sticky":false,"template":"","format":"standard","meta":{"footnotes":""},"categories":[3,5],"tags":[461,357],"class_list":["post-882","post","type-post","status-publish","format-standard","has-post-thumbnail","hentry","category-principal","category-salud","tag-desregulacion","tag-obras-sociales"],"_links":{"self":[{"href":"https:\/\/noticiassaludables.com.ar\/index.php?rest_route=\/wp\/v2\/posts\/882","targetHints":{"allow":["GET"]}}],"collection":[{"href":"https:\/\/noticiassaludables.com.ar\/index.php?rest_route=\/wp\/v2\/posts"}],"about":[{"href":"https:\/\/noticiassaludables.com.ar\/index.php?rest_route=\/wp\/v2\/types\/post"}],"author":[{"embeddable":true,"href":"https:\/\/noticiassaludables.com.ar\/index.php?rest_route=\/wp\/v2\/users\/3"}],"replies":[{"embeddable":true,"href":"https:\/\/noticiassaludables.com.ar\/index.php?rest_route=%2Fwp%2Fv2%2Fcomments&post=882"}],"version-history":[{"count":2,"href":"https:\/\/noticiassaludables.com.ar\/index.php?rest_route=\/wp\/v2\/posts\/882\/revisions"}],"predecessor-version":[{"id":885,"href":"https:\/\/noticiassaludables.com.ar\/index.php?rest_route=\/wp\/v2\/posts\/882\/revisions\/885"}],"wp:featuredmedia":[{"embeddable":true,"href":"https:\/\/noticiassaludables.com.ar\/index.php?rest_route=\/wp\/v2\/media\/883"}],"wp:attachment":[{"href":"https:\/\/noticiassaludables.com.ar\/index.php?rest_route=%2Fwp%2Fv2%2Fmedia&parent=882"}],"wp:term":[{"taxonomy":"category","embeddable":true,"href":"https:\/\/noticiassaludables.com.ar\/index.php?rest_route=%2Fwp%2Fv2%2Fcategories&post=882"},{"taxonomy":"post_tag","embeddable":true,"href":"https:\/\/noticiassaludables.com.ar\/index.php?rest_route=%2Fwp%2Fv2%2Ftags&post=882"}],"curies":[{"name":"wp","href":"https:\/\/api.w.org\/{rel}","templated":true}]}}