{"id":904,"date":"2024-02-23T11:06:11","date_gmt":"2024-02-23T14:06:11","guid":{"rendered":"https:\/\/noticiassaludables.com.ar\/?p=904"},"modified":"2024-02-23T11:06:12","modified_gmt":"2024-02-23T14:06:12","slug":"confirmaron-un-caso-nuevo-de-sarampion-en-caba","status":"publish","type":"post","link":"https:\/\/noticiassaludables.com.ar\/?p=904","title":{"rendered":"Confirmaron un caso nuevo de sarampi\u00f3n en CABA"},"content":{"rendered":"\n<p>El ni\u00f1o tiene 13 meses y es hermano del menor con la infecci\u00f3n notificada el 8 de febrero, ambos son residentes de Barcelona y arribaron al pa\u00eds a fines de enero. La importancia de la vacunaci\u00f3n<\/p>\n\n\n\n<p>Confirmaron un nuevo caso de sarampi\u00f3n en la&nbsp;<strong>Ciudad Aut\u00f3noma de Buenos Aires<\/strong>. Se trata de un&nbsp;<strong>ni\u00f1o de 13 meses,<\/strong>&nbsp;hermano del nene de 6 a\u00f1os&nbsp;<a rel=\"noreferrer noopener\" href=\"https:\/\/www.infobae.com\/salud\/2024\/02\/08\/confirmaron-un-caso-de-sarampion-en-la-ciudad-de-buenos-aires\/\" target=\"_blank\">notificado el 8 de febrero<\/a>, ambos son residente de Barcelona, Espa\u00f1a, y llegaron al pa\u00eds a fines de enero.<\/p>\n\n\n\n<p>Ante esta situaci\u00f3n, el<strong>&nbsp;Ministerio de Salud de la Naci\u00f3n y de la Ciudad Aut\u00f3noma de Buenos Aires<\/strong>&nbsp;<a rel=\"noreferrer noopener\" href=\"https:\/\/bancos.salud.gob.ar\/recurso\/alerta-epidemiologica-caso-de-sarampion-en-caba-0\" target=\"_blank\">emiti\u00f3 un alerta<\/a>&nbsp;para actualizar la situaci\u00f3n epidemiol\u00f3gica y fortalecer la vigilancia de enfermedades febriles exantem\u00e1ticas (EFE), as\u00ed como verificar y completar esquemas de vacunaci\u00f3n.<\/p>\n\n\n\n<p><strong>\u201cEs fundamental sensibilizar a la poblaci\u00f3n sobre la importancia de la consulta temprana ante la aparici\u00f3n de fiebre y exantema\u201d<\/strong>, expresaron desde la cartera<\/p>\n\n\n\n<p>El caso importado previamente confirmado fue el de un ni\u00f1o de 6 a\u00f1os, residente en Barcelona, Espa\u00f1a, no vacunado, que ingres\u00f3 al pa\u00eds el 27 de enero.<\/p>\n\n\n\n<p>Present\u00f3 exantema el 31 de enero, y se confirm\u00f3 la presencia del virus del sarampi\u00f3n genotipo B3. Se tomaron medidas de control y seguimiento de contactos.<\/p>\n\n\n\n<p><img loading=\"lazy\" decoding=\"async\" alt=\"Tener el esquema de vacunaci\u00f3n es muy importante seg\u00fan los expertos\n(Gettyimages)\" height=\"1080\" width=\"1920\" src=\"https:\/\/www.infobae.com\/new-resizer\/1Lob2C5ap0BauXo9F4byWTHGYJM=\/420x236\/filters:format(webp):quality(85)\/cloudfront-us-east-1.images.arcpublishing.com\/infobae\/Q4PLXGMKM5HZRJ5ELJZKCP4M6A.jpg%20420w\" srcset=\"https:\/\/www.infobae.com\/new-resizer\/1Lob2C5ap0BauXo9F4byWTHGYJM=\/420x236\/filters:format(webp):quality(85)\/cloudfront-us-east-1.images.arcpublishing.com\/infobae\/Q4PLXGMKM5HZRJ5ELJZKCP4M6A.jpg 420w,https:\/\/www.infobae.com\/new-resizer\/RJPWv1yYcx9zPr4XSTfqH1cJxEM=\/768x432\/filters:format(webp):quality(85)\/cloudfront-us-east-1.images.arcpublishing.com\/infobae\/Q4PLXGMKM5HZRJ5ELJZKCP4M6A.jpg 768w,https:\/\/www.infobae.com\/new-resizer\/1mEZ20ADCGnCFBqmJVFljKT_7Jo=\/992x558\/filters:format(webp):quality(85)\/cloudfront-us-east-1.images.arcpublishing.com\/infobae\/Q4PLXGMKM5HZRJ5ELJZKCP4M6A.jpg 992w,https:\/\/www.infobae.com\/new-resizer\/Pho5r4oMvzjonvSWg2UlFs4aKtY=\/1200x675\/filters:format(webp):quality(85)\/cloudfront-us-east-1.images.arcpublishing.com\/infobae\/Q4PLXGMKM5HZRJ5ELJZKCP4M6A.jpg 1200w,https:\/\/www.infobae.com\/new-resizer\/s7Okd4-7ttoSl6XtBqO4M6rHUNM=\/1440x810\/filters:format(webp):quality(85)\/cloudfront-us-east-1.images.arcpublishing.com\/infobae\/Q4PLXGMKM5HZRJ5ELJZKCP4M6A.jpg 1440w\">Tener el esquema de vacunaci\u00f3n es muy importante seg\u00fan los expertos (Gettyimages)<\/p>\n\n\n\n<p>Seg\u00fan expresaron, durante este seguimiento, el hermano de 13 meses del caso importado desarroll\u00f3 fiebre el 11 de febrero, seguida de triple catarro y exantema el 17 de febrero. Se tomaron muestras y se confirm\u00f3 el caso el 20 de febrero mediante RT-PCR e IgM positivas para sarampi\u00f3n. El ni\u00f1o se encuentra en aislamiento en su domicilio, y se han reforzado las medidas de prevenci\u00f3n en su entorno familiar.<\/p>\n\n\n\n<p>A pesar de no contar con antecedentes de vacunaci\u00f3n contra el sarampi\u00f3n, el ni\u00f1o est\u00e1 siendo atendido en un efector p\u00fablico de la Ciudad Aut\u00f3noma de Buenos Aires y evoluciona favorablemente hasta la fecha. La investigaci\u00f3n epidemiol\u00f3gica, seguimiento de contactos y acciones de vacunaci\u00f3n siguen en curso.<\/p>\n\n\n\n<p>El sarampi\u00f3n no se limita \u00fanicamente a un sarpullido de manchas rojas. Se trata de una enfermedad viral altamente contagiosa que afecta principalmente a los ni\u00f1os y puede ocasionar graves problemas de salud, como diarrea intensa, infecciones de o\u00eddo, neumon\u00eda y encefalitis.<\/p>\n\n\n\n<p>Desde la cartera sanitaria, dejaron las siguientes recomendaciones: \u201cTodas las personas desde el a\u00f1o de vida deben tener esquema de vacunaci\u00f3n completo contra el sarampi\u00f3n y la rub\u00e9ola, seg\u00fan Calendario Nacional de Vacunaci\u00f3n. De 12 meses a 4 a\u00f1os: deben acreditar una dosis de vacuna triple viral; Mayores de 5 a\u00f1os, adolescentes y personas adultas deben acreditar al menos dos dosis de vacuna con componente contra sarampi\u00f3n y rub\u00e9ola aplicada despu\u00e9s del a\u00f1o de vida (doble o triple viral) o contar con serolog\u00eda IgG positiva para sarampi\u00f3n y rub\u00e9ola; las personas nacidas antes de 1965 se consideran inmunes y no necesitan vacunarse\u201d.<\/p>\n\n\n\n<h2 class=\"wp-block-heading\">Medidas ante un caso sospechoso de sarampi\u00f3n<\/h2>\n\n\n\n<p>*Instaurar medidas de aislamiento respiratorio: uso de barbijo para la persona con signosintomatolog\u00eda y para acompa\u00f1antes para la circulaci\u00f3n y atenci\u00f3n dentro de la instituci\u00f3n.<\/p>\n\n\n\n<p>*Informar inmediata y fehacientemente a la autoridad sanitaria por el medio disponible ante la sola sospecha cl\u00ednica de caso y sin esperar resultados de laboratorio.<\/p>\n\n\n\n<p>*Confeccionar la ficha de investigaci\u00f3n epidemiol\u00f3gica y reportar los datos de la misma.<\/p>\n\n\n\n<p>*Recolectar muestras para el diagn\u00f3stico etiol\u00f3gico: tomar siempre muestra de sangre; adem\u00e1s, tomar muestra de orina hasta 14 d\u00edas posteriores a la aparici\u00f3n de exantema (preferentemente hasta el d\u00eda 7) y\/o hisopado o aspirado nasofar\u00edngeo (HNF o ANF) hasta 7 d\u00edas posteriores.<\/p>\n\n\n\n<p>Fuente: https:\/\/www.infobae.com\/salud\/2024\/02\/23\/confirmaron-un-caso-nuevo-de-sarampion-en-la-ciudad-de-buenos-aires\/<\/p>\n","protected":false},"excerpt":{"rendered":"<p>El ni\u00f1o tiene 13 meses y es hermano del menor con la infecci\u00f3n notificada el 8 de febrero, ambos son residentes de Barcelona y arribaron al pa\u00eds a fines de enero. La importancia de la vacunaci\u00f3n Confirmaron un nuevo caso de sarampi\u00f3n en la&nbsp;Ciudad Aut\u00f3noma de Buenos Aires. Se trata de un&nbsp;ni\u00f1o de 13 meses,&nbsp;hermano [&hellip;]<\/p>\n","protected":false},"author":3,"featured_media":905,"comment_status":"open","ping_status":"open","sticky":false,"template":"","format":"standard","meta":{"footnotes":""},"categories":[3,5],"tags":[470,471],"class_list":["post-904","post","type-post","status-publish","format-standard","has-post-thumbnail","hentry","category-principal","category-salud","tag-sarampion","tag-vacunas"],"_links":{"self":[{"href":"https:\/\/noticiassaludables.com.ar\/index.php?rest_route=\/wp\/v2\/posts\/904","targetHints":{"allow":["GET"]}}],"collection":[{"href":"https:\/\/noticiassaludables.com.ar\/index.php?rest_route=\/wp\/v2\/posts"}],"about":[{"href":"https:\/\/noticiassaludables.com.ar\/index.php?rest_route=\/wp\/v2\/types\/post"}],"author":[{"embeddable":true,"href":"https:\/\/noticiassaludables.com.ar\/index.php?rest_route=\/wp\/v2\/users\/3"}],"replies":[{"embeddable":true,"href":"https:\/\/noticiassaludables.com.ar\/index.php?rest_route=%2Fwp%2Fv2%2Fcomments&post=904"}],"version-history":[{"count":1,"href":"https:\/\/noticiassaludables.com.ar\/index.php?rest_route=\/wp\/v2\/posts\/904\/revisions"}],"predecessor-version":[{"id":906,"href":"https:\/\/noticiassaludables.com.ar\/index.php?rest_route=\/wp\/v2\/posts\/904\/revisions\/906"}],"wp:featuredmedia":[{"embeddable":true,"href":"https:\/\/noticiassaludables.com.ar\/index.php?rest_route=\/wp\/v2\/media\/905"}],"wp:attachment":[{"href":"https:\/\/noticiassaludables.com.ar\/index.php?rest_route=%2Fwp%2Fv2%2Fmedia&parent=904"}],"wp:term":[{"taxonomy":"category","embeddable":true,"href":"https:\/\/noticiassaludables.com.ar\/index.php?rest_route=%2Fwp%2Fv2%2Fcategories&post=904"},{"taxonomy":"post_tag","embeddable":true,"href":"https:\/\/noticiassaludables.com.ar\/index.php?rest_route=%2Fwp%2Fv2%2Ftags&post=904"}],"curies":[{"name":"wp","href":"https:\/\/api.w.org\/{rel}","templated":true}]}}