{"id":914,"date":"2024-02-26T11:00:56","date_gmt":"2024-02-26T14:00:56","guid":{"rendered":"https:\/\/noticiassaludables.com.ar\/?p=914"},"modified":"2024-02-26T11:00:57","modified_gmt":"2024-02-26T14:00:57","slug":"que-le-pasa-al-cuerpo-cuando-no-se-duerme-bien","status":"publish","type":"post","link":"https:\/\/noticiassaludables.com.ar\/?p=914","title":{"rendered":"\u00bfQu\u00e9 le pasa al cuerpo cuando no se duerme bien?"},"content":{"rendered":"\n<h2 class=\"wp-block-heading\">La Sociedad Mundial del Sue\u00f1o hizo un llamado para que se reconozca al dormir bien como una base fundamental de la salud humana. Por qu\u00e9 hay personas que se desvelan por las noches<\/h2>\n\n\n\n<p>Si una persona come bien y hace actividad f\u00edsica con regularidad pero no duerme al menos siete horas cada noche, puede estar erosionando todos sus esfuerzos.<a rel=\"noreferrer noopener\" href=\"https:\/\/www.infobae.com\/salud\/2024\/02\/11\/casi-la-mitad-de-las-personas-padecen-de-insomnio-segun-una-reciente-encuesta-sobre-habitos-de-sueno-en-eeuu\/#:~:text=El%20insomnio%20es%20un%20trastorno,%25)%20padece%20de%20este%20problema.\" target=\"_blank\"><strong>Dormir<\/strong><\/a><strong>&nbsp;es crucial para la buena salud,&nbsp;<\/strong>aunque muchas personas tienen<strong>&nbsp;problemas para conciliar el sue\u00f1o<\/strong>&nbsp;y mantenerlo durante la noche.<\/p>\n\n\n\n<p>La p\u00e9rdida de&nbsp;<a rel=\"noreferrer noopener\" href=\"https:\/\/www.infobae.com\/salud\/ciencia\/2023\/06\/06\/que-habito-cotidiano-puede-agravar-el-insomnio-segun-la-ciencia\/\" target=\"_blank\">sue\u00f1o<\/a>&nbsp;es un problema generalizado que aumenta en frecuencia a medida que las personas envejecen. Tambi\u00e9n est\u00e1n aumentando otras causas de p\u00e9rdida de sue\u00f1o, como<strong>&nbsp;la obesidad, que provoca apnea obstructiva del sue\u00f1o<\/strong>. Se calcula que entre 50 y 70 millones de estadounidenses sufren alg\u00fan tipo de p\u00e9rdida de sue\u00f1o.<\/p>\n\n\n\n<p>La&nbsp;<strong>Sociedad Mundial del Sue\u00f1o (SMS)<\/strong>, a trav\u00e9s de su Grupo de Trabajo Global sobre la Salud del Sue\u00f1o, hizo un llamado a los responsables de las pol\u00edticas de salud de todo el mundo paraque reconozcan la salud del sue\u00f1o como una base fundamental de la<strong>&nbsp;salud humana.<\/strong><\/p>\n\n\n\n<p>Inst\u00f3 a promover la educaci\u00f3n y concientizaci\u00f3n sobre el sue\u00f1o y la \u201csalud circadiana\u201d. La salud circadiana -explicaron los expertos de la entidad- \u201cson ritmos biol\u00f3gicos internos que regulan una variedad de funciones corporales, incluido el sue\u00f1o.<\/p>\n\n\n\n<h2 class=\"wp-block-heading\">\u00bfCu\u00e1ntas horas de sue\u00f1o son suficientes para una buena salud?<\/h2>\n\n\n\n<p><img loading=\"lazy\" decoding=\"async\" alt=\"Los adultos deben dormir al menos 7 horas por noche para cuidar su salud (Imagen ilustrativa Infobae)\" height=\"816\" width=\"1456\" src=\"https:\/\/www.infobae.com\/new-resizer\/ugcGc1BpBxCKu-0v1VkYHhKaHaQ=\/420x236\/filters:format(webp):quality(85)\/cloudfront-us-east-1.images.arcpublishing.com\/infobae\/RX5DVOCQQZCXFKNGP6GZABASHU.jpg%20420w\" srcset=\"https:\/\/www.infobae.com\/new-resizer\/ugcGc1BpBxCKu-0v1VkYHhKaHaQ=\/420x236\/filters:format(webp):quality(85)\/cloudfront-us-east-1.images.arcpublishing.com\/infobae\/RX5DVOCQQZCXFKNGP6GZABASHU.jpg 420w,https:\/\/www.infobae.com\/new-resizer\/C3zqzizsPz49mpmLU_uTs61pJQ8=\/768x432\/filters:format(webp):quality(85)\/cloudfront-us-east-1.images.arcpublishing.com\/infobae\/RX5DVOCQQZCXFKNGP6GZABASHU.jpg 768w,https:\/\/www.infobae.com\/new-resizer\/_NL4mqSsSU4IELfsYpF7GqtvkEg=\/992x558\/filters:format(webp):quality(85)\/cloudfront-us-east-1.images.arcpublishing.com\/infobae\/RX5DVOCQQZCXFKNGP6GZABASHU.jpg 992w,https:\/\/www.infobae.com\/new-resizer\/t_JVmqPUMzcaQLS0C7bw916nnmE=\/1200x675\/filters:format(webp):quality(85)\/cloudfront-us-east-1.images.arcpublishing.com\/infobae\/RX5DVOCQQZCXFKNGP6GZABASHU.jpg 1200w,https:\/\/www.infobae.com\/new-resizer\/7Tf98nL9aUz4o65H9UxQCO5hc-c=\/1440x810\/filters:format(webp):quality(85)\/cloudfront-us-east-1.images.arcpublishing.com\/infobae\/RX5DVOCQQZCXFKNGP6GZABASHU.jpg 1440w\">Los adultos deben dormir al menos 7 horas por noche para cuidar su salud (Imagen ilustrativa Infobae)<\/p>\n\n\n\n<p>En di\u00e1logo con&nbsp;<strong>Infobae<\/strong>, la doctora&nbsp;<strong>Mirta Averbuch<\/strong>, miembro meritorio de la&nbsp;<strong>Asociaci\u00f3n Argentina de Medicina del Sue\u00f1o<\/strong>&nbsp;y directora de Somnos Medicina del Sue\u00f1o, dijo: \u201cLa falta de sue\u00f1o prolongada (como por ejemplo dormir menos de 7 hs ) por noche tiene repercusiones sobre la salud\u201d<\/p>\n\n\n\n<p>La cantidad de sue\u00f1o que se necesita depende de la edad. En general, los&nbsp;<strong>ni\u00f1os y adolescentes&nbsp;<\/strong>necesitan dormir m\u00e1s que los adultos.<\/p>\n\n\n\n<p>La&nbsp;<strong>Academia Estadounidense de Medicina del Sue\u00f1o<\/strong>&nbsp;recomienda dormir esta cantidad de forma regular:<\/p>\n\n\n\n<ul class=\"wp-block-list\">\n<li>Los beb\u00e9s de 4 meses a 12 meses deben dormir de 12 a 16 horas cada 24 horas (incluidas las siestas)<\/li>\n\n\n\n<li>Los ni\u00f1os de 1 a 2 a\u00f1os deben dormir de 11 a 14 horas cada 24 horas (incluidas las siestas).<\/li>\n\n\n\n<li>Los ni\u00f1os de 3 a 5 a\u00f1os deben dormir de 10 a 13 horas cada 24 horas (incluidas las siestas).<\/li>\n\n\n\n<li>Los ni\u00f1os de 6 a 12 a\u00f1os deben dormir de 9 a 12 horas cada 24 horas.<\/li>\n\n\n\n<li>Los adolescentes de 13 a 18 a\u00f1os deben dormir de 8 a 10 horas cada 24 horas.<\/li>\n\n\n\n<li>Los adultos deben dormir 7 horas o m\u00e1s por noche.<\/li>\n<\/ul>\n\n\n\n<p>Son recomendaciones generales. Existe una variabilidad individual en la necesidad de dormir.<\/p>\n\n\n\n<h2 class=\"wp-block-heading\">\u00bfQu\u00e9 provoca el no dormir?<\/h2>\n\n\n\n<p><img loading=\"lazy\" decoding=\"async\" alt=\"Los problemas para dormir bien por las noches pueden aumentar el riesgo de tener obesidad, diabetes y enfermedades cardiovasculares. (Imagen ilustrativa Infobae)\" height=\"816\" width=\"1456\" src=\"https:\/\/www.infobae.com\/new-resizer\/hr3yBzXbO_zxlFizgp-vVKDJXQM=\/420x236\/filters:format(webp):quality(85)\/cloudfront-us-east-1.images.arcpublishing.com\/infobae\/MX7NYLGYNJDTPKAEY3RUF5EJAU.png%20420w\" srcset=\"https:\/\/www.infobae.com\/new-resizer\/hr3yBzXbO_zxlFizgp-vVKDJXQM=\/420x236\/filters:format(webp):quality(85)\/cloudfront-us-east-1.images.arcpublishing.com\/infobae\/MX7NYLGYNJDTPKAEY3RUF5EJAU.png 420w,https:\/\/www.infobae.com\/new-resizer\/vuVee8XSgaHrkj0z8nksGUO_b4Y=\/768x432\/filters:format(webp):quality(85)\/cloudfront-us-east-1.images.arcpublishing.com\/infobae\/MX7NYLGYNJDTPKAEY3RUF5EJAU.png 768w,https:\/\/www.infobae.com\/new-resizer\/H6xlvKmh3-2ug4WjQuflMkZO3ec=\/992x558\/filters:format(webp):quality(85)\/cloudfront-us-east-1.images.arcpublishing.com\/infobae\/MX7NYLGYNJDTPKAEY3RUF5EJAU.png 992w,https:\/\/www.infobae.com\/new-resizer\/jtdfewfasEqx57EKjJDP0MjJUu0=\/1200x675\/filters:format(webp):quality(85)\/cloudfront-us-east-1.images.arcpublishing.com\/infobae\/MX7NYLGYNJDTPKAEY3RUF5EJAU.png 1200w,https:\/\/www.infobae.com\/new-resizer\/USrMLKUpCllB3nocuUv6VtFiKrg=\/1440x810\/filters:format(webp):quality(85)\/cloudfront-us-east-1.images.arcpublishing.com\/infobae\/MX7NYLGYNJDTPKAEY3RUF5EJAU.png 1440w\">Los problemas para dormir bien por las noches pueden aumentar el riesgo de tener obesidad, diabetes y enfermedades cardiovasculares. (Imagen ilustrativa Infobae)<\/p>\n\n\n\n<p>\u201cLos adultos deber\u00edan dormir<strong>&nbsp;7 horas los 7 d\u00edas de la semana<\/strong>. No dormir esa cantidad de horas puede afectar el sistema inmune\u201d, seg\u00fan la doctora Averbuch.<\/p>\n\n\n\n<p>Las personas que no tienen horas de sue\u00f1o de calidad o suficientes horas de sue\u00f1o tienen m\u00e1s probabilidades de&nbsp;<strong>enfermarse&nbsp;<\/strong>cuando quedan expuestas a un virus como el de un resfr\u00edo com\u00fan. La falta de sue\u00f1o tambi\u00e9n puede afectar la velocidad a la que el cuerpo se recupera si se enferma.<\/p>\n\n\n\n<p>Eso sucede porque durante el sue\u00f1o, el<strong>&nbsp;sistema inmune&nbsp;<\/strong>libera prote\u00ednas llamadas \u201c<strong>citocinas<\/strong>\u201d, algunas de las cuales ayudan a promover el sue\u00f1o. Algunas citocinas deben aumentar cuando hay una infecci\u00f3n o inflamaci\u00f3n o cuando la persona est\u00e1 estresada.<\/p>\n\n\n\n<p>Entonces, la falta de horas dedicadas al sue\u00f1o puede reducir la producci\u00f3n de esas citocinas protectoras. Adem\u00e1s, los anticuerpos y las c\u00e9lulas que combaten infecciones disminuyen durante los per\u00edodos en los que no duermes lo suficiente. Por lo tanto, el cuerpo necesita dormir para combatir enfermedades infecciosas.<\/p>\n\n\n\n<p>La falta de sue\u00f1o a largo plazo tambi\u00e9n aumenta el&nbsp;<strong>riesgo de obesidad, diabetes y enfermedades cardiovasculare<\/strong>s.<\/p>\n\n\n\n<h2 class=\"wp-block-heading\">\u00bfC\u00f3mo afecta la falta de sue\u00f1o al cerebro?<\/h2>\n\n\n\n<p><img loading=\"lazy\" decoding=\"async\" alt=\"Las deficiencias en el sue\u00f1o pueden subir el riesgo de tener depresi\u00f3n (Imagen ilustrativa Infobae)\" height=\"816\" width=\"1456\" src=\"https:\/\/www.infobae.com\/new-resizer\/1Dz1Z4L_bJM-NIw4I5EcARN6ycg=\/420x236\/filters:format(webp):quality(85)\/cloudfront-us-east-1.images.arcpublishing.com\/infobae\/FNBSEWJJ6VEHPPTAR2ZH5PMHMY.jpg%20420w\" srcset=\"https:\/\/www.infobae.com\/new-resizer\/1Dz1Z4L_bJM-NIw4I5EcARN6ycg=\/420x236\/filters:format(webp):quality(85)\/cloudfront-us-east-1.images.arcpublishing.com\/infobae\/FNBSEWJJ6VEHPPTAR2ZH5PMHMY.jpg 420w,https:\/\/www.infobae.com\/new-resizer\/T7bcTTOYPhZPFCN5FYmkReqloiY=\/768x432\/filters:format(webp):quality(85)\/cloudfront-us-east-1.images.arcpublishing.com\/infobae\/FNBSEWJJ6VEHPPTAR2ZH5PMHMY.jpg 768w,https:\/\/www.infobae.com\/new-resizer\/2SgAFnm1C3aAjwCLtifGBMgNacA=\/992x558\/filters:format(webp):quality(85)\/cloudfront-us-east-1.images.arcpublishing.com\/infobae\/FNBSEWJJ6VEHPPTAR2ZH5PMHMY.jpg 992w,https:\/\/www.infobae.com\/new-resizer\/RncSs_wkVt2JSFDP6Bw_1P2oiwY=\/1200x675\/filters:format(webp):quality(85)\/cloudfront-us-east-1.images.arcpublishing.com\/infobae\/FNBSEWJJ6VEHPPTAR2ZH5PMHMY.jpg 1200w,https:\/\/www.infobae.com\/new-resizer\/EARmB07H_nLfhP8pzb5Pllq58c4=\/1440x810\/filters:format(webp):quality(85)\/cloudfront-us-east-1.images.arcpublishing.com\/infobae\/FNBSEWJJ6VEHPPTAR2ZH5PMHMY.jpg 1440w\">Las deficiencias en el sue\u00f1o pueden subir el riesgo de tener depresi\u00f3n (Imagen ilustrativa Infobae)<\/p>\n\n\n\n<p>La investigaci\u00f3n cient\u00edfica ya ha demostrado que la deficiencia en las horas dedicadas al sue\u00f1o cambia la actividad en algunas partes del cerebro.<\/p>\n\n\n\n<p>Si una persona tiene deficiencia de sue\u00f1o, es probable que desarrolle problemas para tomar decisiones, resolver problemas, manejar las emociones y conductas, y adaptarse al cambio. La deficiencia de sue\u00f1o tambi\u00e9n se ha vinculado a la depresi\u00f3n, el suicidio y las conductas riesgosas, seg\u00fan el&nbsp;<strong>Instituto Nacional de la Sangre, el Pulm\u00f3n y el Coraz\u00f3n<\/strong>.<\/p>\n\n\n\n<p>\u201cLos ni\u00f1os y adolescentes con deficiencia de sue\u00f1o pueden tener problemas para llevarse bien con otras personas. Es posible que se sientan enojados e impulsivos, tengan cambios de humor, se sientan tristes o deprimidos o carezcan de motivaci\u00f3n. Quiz\u00e1s tengan problemas para prestar atenci\u00f3n y tengan notas m\u00e1s bajas en la escuela y se sientan estresados\u201d, aclararon los expertos del Instituto en su p\u00e1gina web.<\/p>\n\n\n\n<h2 class=\"wp-block-heading\">\u00bfQu\u00e9 es el insomnio?<\/h2>\n\n\n\n<p><img loading=\"lazy\" decoding=\"async\" alt=\"Se sufre insomnio cuando hay dificultades para conciliar el sue\u00f1o, para mantenerse dormido o para lograr un sue\u00f1o de buena calidad\n(Getty\/ Archivo)\" height=\"1080\" width=\"1920\" src=\"https:\/\/www.infobae.com\/new-resizer\/yVl2kMKhHn-9Tamx_lGYp7wah_4=\/420x236\/filters:format(webp):quality(85)\/cloudfront-us-east-1.images.arcpublishing.com\/infobae\/6LJZFOE2LRCDVK4QBKGHJ57754.jpg%20420w\" srcset=\"https:\/\/www.infobae.com\/new-resizer\/yVl2kMKhHn-9Tamx_lGYp7wah_4=\/420x236\/filters:format(webp):quality(85)\/cloudfront-us-east-1.images.arcpublishing.com\/infobae\/6LJZFOE2LRCDVK4QBKGHJ57754.jpg 420w,https:\/\/www.infobae.com\/new-resizer\/rqMSa6Uh2WHBI6N0DViq__rag2Q=\/768x432\/filters:format(webp):quality(85)\/cloudfront-us-east-1.images.arcpublishing.com\/infobae\/6LJZFOE2LRCDVK4QBKGHJ57754.jpg 768w,https:\/\/www.infobae.com\/new-resizer\/oLFlB96zfCbI7NUYAVGSSr4UHh0=\/992x558\/filters:format(webp):quality(85)\/cloudfront-us-east-1.images.arcpublishing.com\/infobae\/6LJZFOE2LRCDVK4QBKGHJ57754.jpg 992w,https:\/\/www.infobae.com\/new-resizer\/12REWls8zd7vZ8N4e2Pb9YUjUGs=\/1200x675\/filters:format(webp):quality(85)\/cloudfront-us-east-1.images.arcpublishing.com\/infobae\/6LJZFOE2LRCDVK4QBKGHJ57754.jpg 1200w,https:\/\/www.infobae.com\/new-resizer\/IoYyWWkLSJuqQoYT3CSM7rGjwiA=\/1440x810\/filters:format(webp):quality(85)\/cloudfront-us-east-1.images.arcpublishing.com\/infobae\/6LJZFOE2LRCDVK4QBKGHJ57754.jpg 1440w\">Se sufre insomnio cuando hay dificultades para conciliar el sue\u00f1o, para mantenerse dormido o para lograr un sue\u00f1o de buena calidad (Getty\/ Archivo)<\/p>\n\n\n\n<p>El insomnio es un trastorno frecuente del sue\u00f1o. Puede consistir en que la persona tiene dificultades para conciliar el sue\u00f1o, para mantenerse dormido o para lograr un sue\u00f1o de buena calidad.<\/p>\n\n\n\n<p>Esto ocurre incluso cuando tiene el tiempo y el entorno correcto para dormir bien. El insomnio puede interferir con sus actividades diarias y puede hacer que sienta somnolencia durante el d\u00eda.<\/p>\n\n\n\n<h2 class=\"wp-block-heading\">\u00bfC\u00f3mo se siente una persona con insomnio?<\/h2>\n\n\n\n<p><img loading=\"lazy\" decoding=\"async\" alt=\"El insomnio puede llevar a mayor irritabilidad durante el d\u00eda  (Imagen ilustrativa Infobae)\" height=\"816\" width=\"1456\" src=\"https:\/\/www.infobae.com\/new-resizer\/1FXSdYDm5okm6rQT2cxh1jlb7Pg=\/420x236\/filters:format(webp):quality(85)\/cloudfront-us-east-1.images.arcpublishing.com\/infobae\/I3MAUYK5HZEFFOTMJMMESHHQWU.jpg%20420w\" srcset=\"https:\/\/www.infobae.com\/new-resizer\/1FXSdYDm5okm6rQT2cxh1jlb7Pg=\/420x236\/filters:format(webp):quality(85)\/cloudfront-us-east-1.images.arcpublishing.com\/infobae\/I3MAUYK5HZEFFOTMJMMESHHQWU.jpg 420w,https:\/\/www.infobae.com\/new-resizer\/a0Vc2vBLKUmlWXpBQRsREmrf1Zw=\/768x432\/filters:format(webp):quality(85)\/cloudfront-us-east-1.images.arcpublishing.com\/infobae\/I3MAUYK5HZEFFOTMJMMESHHQWU.jpg 768w,https:\/\/www.infobae.com\/new-resizer\/dQbFumgmMxJP5BnRqcTcibmHs_g=\/992x558\/filters:format(webp):quality(85)\/cloudfront-us-east-1.images.arcpublishing.com\/infobae\/I3MAUYK5HZEFFOTMJMMESHHQWU.jpg 992w,https:\/\/www.infobae.com\/new-resizer\/9zLpWYoBQqt6yQWt9JoEtS2_Kis=\/1200x675\/filters:format(webp):quality(85)\/cloudfront-us-east-1.images.arcpublishing.com\/infobae\/I3MAUYK5HZEFFOTMJMMESHHQWU.jpg 1200w,https:\/\/www.infobae.com\/new-resizer\/Di_nmdAYXksGWddjHEMN_UDCduI=\/1440x810\/filters:format(webp):quality(85)\/cloudfront-us-east-1.images.arcpublishing.com\/infobae\/I3MAUYK5HZEFFOTMJMMESHHQWU.jpg 1440w\">El insomnio puede llevar a mayor irritabilidad durante el d\u00eda (Imagen ilustrativa Infobae)<\/p>\n\n\n\n<p>Las personas que sufren de insomnio suelen quejarse de algunos de estas incomodidades, cont\u00f3 el m\u00e9dico&nbsp;<strong>Carlos Nigro<\/strong>, del Servicio de Neumonolog\u00eda del&nbsp;<strong>Hospital Alem\u00e1n de Buenos Aires<\/strong>:<\/p>\n\n\n\n<ul class=\"wp-block-list\">\n<li>Dificultad para dormirse.<\/li>\n\n\n\n<li>Dificultad para mantener el sue\u00f1o (se despiertan varias veces en la noche).<\/li>\n\n\n\n<li>Despertares tempranos en la madrugada.<\/li>\n\n\n\n<li>Sensaci\u00f3n de no dormir bien.<\/li>\n\n\n\n<li>Durante el d\u00eda las personas con insomnio suelen tener:<\/li>\n\n\n\n<li>Cansancio o sue\u00f1o.<\/li>\n\n\n\n<li>Ansiedad o depresi\u00f3n.<\/li>\n\n\n\n<li>Trastornos de memoria o reducci\u00f3n de la atenci\u00f3n.<\/li>\n\n\n\n<li>Irritabilidad y nerviosismo<\/li>\n<\/ul>\n\n\n\n<h2 class=\"wp-block-heading\">\u00bfQu\u00e9 pasa si me desvelo todos los d\u00edas?<\/h2>\n\n\n\n<p><img loading=\"lazy\" decoding=\"async\" alt=\"Desde el estr\u00e9s hasta la toma de algunos medicamentos pueden ser causa de insomnio por la noche. Esto puede repercutir con tener sue\u00f1o durante el d\u00eda y tener menos concentraci\u00f3n (Getty)\" height=\"1080\" width=\"1920\" src=\"https:\/\/www.infobae.com\/new-resizer\/ZN2t0W1YCmvR3ymu_TUwsYoGtFM=\/420x236\/filters:format(webp):quality(85)\/cloudfront-us-east-1.images.arcpublishing.com\/infobae\/SKYZRQRL6ZGGHJQXQTVONMZBIU.jpg%20420w\" srcset=\"https:\/\/www.infobae.com\/new-resizer\/ZN2t0W1YCmvR3ymu_TUwsYoGtFM=\/420x236\/filters:format(webp):quality(85)\/cloudfront-us-east-1.images.arcpublishing.com\/infobae\/SKYZRQRL6ZGGHJQXQTVONMZBIU.jpg 420w,https:\/\/www.infobae.com\/new-resizer\/bdBNUOETEkL-cPFogmuBxoRakn4=\/768x432\/filters:format(webp):quality(85)\/cloudfront-us-east-1.images.arcpublishing.com\/infobae\/SKYZRQRL6ZGGHJQXQTVONMZBIU.jpg 768w,https:\/\/www.infobae.com\/new-resizer\/N_aPm7PhZTDTtiGulDq-6ixHMs4=\/992x558\/filters:format(webp):quality(85)\/cloudfront-us-east-1.images.arcpublishing.com\/infobae\/SKYZRQRL6ZGGHJQXQTVONMZBIU.jpg 992w,https:\/\/www.infobae.com\/new-resizer\/N3G754YRgNXhKKFqi7gbVpVWVR4=\/1200x675\/filters:format(webp):quality(85)\/cloudfront-us-east-1.images.arcpublishing.com\/infobae\/SKYZRQRL6ZGGHJQXQTVONMZBIU.jpg 1200w,https:\/\/www.infobae.com\/new-resizer\/cfPAYNBb0ixYvPsqnenrAzYqJZ4=\/1440x810\/filters:format(webp):quality(85)\/cloudfront-us-east-1.images.arcpublishing.com\/infobae\/SKYZRQRL6ZGGHJQXQTVONMZBIU.jpg 1440w\">Desde el estr\u00e9s hasta la toma de algunos medicamentos pueden ser causa de insomnio por la noche. Esto puede repercutir con tener sue\u00f1o durante el d\u00eda y tener menos concentraci\u00f3n (Getty)<\/p>\n\n\n\n<p>Seg\u00fan la&nbsp;<strong>Fundaci\u00f3n del Sue\u00f1o<\/strong>, diversos factores pueden hacer que una persona se despierte cada noche cuando preferir\u00eda estar dormida. Estos factores pueden cruzarse con los ritmos corporales naturales, como el ritmo circadiano o el ciclo del sue\u00f1o, y hacer que sea m\u00e1s probable despertarse a una hora determinada.<\/p>\n\n\n\n<p>El&nbsp;<strong>ritmo circadiano es un reloj interno de 24 horas<\/strong>&nbsp;que hace que diferentes hormonas se liberen en diferentes momentos del d\u00eda para promover el sue\u00f1o o energizar el cuerpo y la mente. Tambi\u00e9n se pasa por cuatro fases del sue\u00f1o mientras se duerme, y las personas pueden despertarse m\u00e1s f\u00e1cilmente en determinados momentos de este ciclo que en otros.<\/p>\n\n\n\n<p>Combinados con esos ritmos existentes, otros factores que provocan que las personas se despierten por la noche pueden hacer que se despierten regularmente alrededor de la misma hora.<\/p>\n\n\n\n<p>El insomnio, el estr\u00e9s, el envejecimiento, las hormonas, los medicamentos y el dolor son algunos de los posibles factores que afectan al sue\u00f1o nocturno y pueden influir en que las personas se desvelen por las noches.<\/p>\n\n\n\n<h2 class=\"wp-block-heading\">\u00bfQu\u00e9 le pasa al cuerpo cuando se duerme solo 4 horas?<\/h2>\n\n\n\n<p><img loading=\"lazy\" decoding=\"async\" alt=\"Dormir menos de 4 horas afecta la capacidad para pensar y recordar durante el d\u00eda. Tiene impactos negativos como mayor riesgo de obesidad (Imagen ilustrativa Infobae)\" height=\"816\" width=\"1456\" src=\"https:\/\/www.infobae.com\/new-resizer\/hTmgnLZOXQfSWuHqgN4tX_vUnCE=\/420x236\/filters:format(webp):quality(85)\/cloudfront-us-east-1.images.arcpublishing.com\/infobae\/TKHZY6HHBNDAFIX5U7QJWDHP2M.jpg%20420w\" srcset=\"https:\/\/www.infobae.com\/new-resizer\/hTmgnLZOXQfSWuHqgN4tX_vUnCE=\/420x236\/filters:format(webp):quality(85)\/cloudfront-us-east-1.images.arcpublishing.com\/infobae\/TKHZY6HHBNDAFIX5U7QJWDHP2M.jpg 420w,https:\/\/www.infobae.com\/new-resizer\/JhC6a0MIqtDrQpol9XBpqxOrGm4=\/768x432\/filters:format(webp):quality(85)\/cloudfront-us-east-1.images.arcpublishing.com\/infobae\/TKHZY6HHBNDAFIX5U7QJWDHP2M.jpg 768w,https:\/\/www.infobae.com\/new-resizer\/jMTJ1qmiJwvI2hGekEssSZhQnb8=\/992x558\/filters:format(webp):quality(85)\/cloudfront-us-east-1.images.arcpublishing.com\/infobae\/TKHZY6HHBNDAFIX5U7QJWDHP2M.jpg 992w,https:\/\/www.infobae.com\/new-resizer\/cAHcSNS5mSmhZy2EvMcHbOzRX3M=\/1200x675\/filters:format(webp):quality(85)\/cloudfront-us-east-1.images.arcpublishing.com\/infobae\/TKHZY6HHBNDAFIX5U7QJWDHP2M.jpg 1200w,https:\/\/www.infobae.com\/new-resizer\/oLca7v3u6R-08kz30p-2IFaOxP8=\/1440x810\/filters:format(webp):quality(85)\/cloudfront-us-east-1.images.arcpublishing.com\/infobae\/TKHZY6HHBNDAFIX5U7QJWDHP2M.jpg 1440w\">Dormir menos de 4 horas afecta la capacidad para pensar y recordar durante el d\u00eda. Tiene impactos negativos como mayor riesgo de obesidad (Imagen ilustrativa Infobae)<\/p>\n\n\n\n<p>Dormir poco repercute negativamente en la salud de muchas maneras. Los&nbsp;<strong>problemas a corto plazo pueden ser la falta de atenci\u00f3n, tener mucho sue\u00f1o y cansancio durante el d\u00eda<\/strong>, se puede afectar a la capacidad de pensar, recordar y procesar informaci\u00f3n.<\/p>\n\n\n\n<p>Tambi\u00e9n dormir pocas horas puede hacer que la persona tenga mal humor y m\u00e1s propensa a tener conflictos con los dem\u00e1s. Es menos probable que participe en actividades cotidianas normales o que haga ejercicio.<\/p>\n\n\n\n<p>Seg\u00fan la&nbsp;<strong>Administraci\u00f3n Nacional de Seguridad del Tr\u00e1fico en Carretera<\/strong>&nbsp;de los Estados Unidos, la&nbsp;<strong>somnolencia al volante&nbsp;<\/strong>es responsable de miles de accidentes, lesiones y muertes al a\u00f1o.<\/p>\n\n\n\n<p>Algunos de los problemas potenciales m\u00e1s graves asociados a la&nbsp;<strong>privaci\u00f3n cr\u00f3nica de sue\u00f1o&nbsp;<\/strong>son la hipertensi\u00f3n, la diabetes, el infarto de miocardio, la insuficiencia cardiaca o el ictus. Otros problemas potenciales son la obesidad, la depresi\u00f3n, la reducci\u00f3n de la funci\u00f3n del sistema inmunitario y la disminuci\u00f3n del deseo sexual.<\/p>\n\n\n\n<p>Fuente: https:\/\/www.infobae.com\/america\/ciencia-america\/2024\/02\/26\/que-le-pasa-al-cuerpo-cuando-no-se-duerme-bien\/<\/p>\n\n\n\n<p><\/p>\n","protected":false},"excerpt":{"rendered":"<p>La Sociedad Mundial del Sue\u00f1o hizo un llamado para que se reconozca al dormir bien como una base fundamental de la salud humana. Por qu\u00e9 hay personas que se desvelan por las noches Si una persona come bien y hace actividad f\u00edsica con regularidad pero no duerme al menos siete horas cada noche, puede estar [&hellip;]<\/p>\n","protected":false},"author":3,"featured_media":915,"comment_status":"open","ping_status":"open","sticky":false,"template":"","format":"standard","meta":{"footnotes":""},"categories":[3,5],"tags":[475,476],"class_list":["post-914","post","type-post","status-publish","format-standard","has-post-thumbnail","hentry","category-principal","category-salud","tag-insomnio","tag-sueno"],"_links":{"self":[{"href":"https:\/\/noticiassaludables.com.ar\/index.php?rest_route=\/wp\/v2\/posts\/914","targetHints":{"allow":["GET"]}}],"collection":[{"href":"https:\/\/noticiassaludables.com.ar\/index.php?rest_route=\/wp\/v2\/posts"}],"about":[{"href":"https:\/\/noticiassaludables.com.ar\/index.php?rest_route=\/wp\/v2\/types\/post"}],"author":[{"embeddable":true,"href":"https:\/\/noticiassaludables.com.ar\/index.php?rest_route=\/wp\/v2\/users\/3"}],"replies":[{"embeddable":true,"href":"https:\/\/noticiassaludables.com.ar\/index.php?rest_route=%2Fwp%2Fv2%2Fcomments&post=914"}],"version-history":[{"count":1,"href":"https:\/\/noticiassaludables.com.ar\/index.php?rest_route=\/wp\/v2\/posts\/914\/revisions"}],"predecessor-version":[{"id":916,"href":"https:\/\/noticiassaludables.com.ar\/index.php?rest_route=\/wp\/v2\/posts\/914\/revisions\/916"}],"wp:featuredmedia":[{"embeddable":true,"href":"https:\/\/noticiassaludables.com.ar\/index.php?rest_route=\/wp\/v2\/media\/915"}],"wp:attachment":[{"href":"https:\/\/noticiassaludables.com.ar\/index.php?rest_route=%2Fwp%2Fv2%2Fmedia&parent=914"}],"wp:term":[{"taxonomy":"category","embeddable":true,"href":"https:\/\/noticiassaludables.com.ar\/index.php?rest_route=%2Fwp%2Fv2%2Fcategories&post=914"},{"taxonomy":"post_tag","embeddable":true,"href":"https:\/\/noticiassaludables.com.ar\/index.php?rest_route=%2Fwp%2Fv2%2Ftags&post=914"}],"curies":[{"name":"wp","href":"https:\/\/api.w.org\/{rel}","templated":true}]}}