{"id":917,"date":"2024-02-26T12:46:50","date_gmt":"2024-02-26T15:46:50","guid":{"rendered":"https:\/\/noticiassaludables.com.ar\/?p=917"},"modified":"2024-02-26T12:46:50","modified_gmt":"2024-02-26T15:46:50","slug":"fiesta-de-la-vendimia","status":"publish","type":"post","link":"https:\/\/noticiassaludables.com.ar\/?p=917","title":{"rendered":"Fiesta de la Vendimia"},"content":{"rendered":"\n<p id=\"titulo_cable\">Con la Bendici\u00f3n de los Frutos, comenz\u00f3 el calendario oficial de la Fiesta de la Vendimia en Mendoza<\/p>\n\n\n\n<p>La Fiesta de la Vendimia comenz\u00f3 esta noche en Mendoza con la ceremonia de la &#8220;Bendici\u00f3n de los frutos&#8221; en el departamento de Guaymall\u00e9n, mientras que el s\u00e1bado pr\u00f3ximo se har\u00e1 la celebraci\u00f3n central, denominada &#8220;Coronados de historia y futuro&#8221;, que convoca a turistas y mendocinos en el teatro griego Frank Romero Day, ubicado en la capital provincial.<\/p>\n\n\n\n<p>La ceremonia que abre el calendario oficial de las celebraciones comenz\u00f3 pasadas las 21 en el Predio de la Virgen, del mencionado departamento perteneciente al Gran Mendoza, y ofreci\u00f3 sus tradicionales momentos, entre los que se incluyen la oraci\u00f3n ecum\u00e9nica y el tradicional &#8220;golpe de reja&#8221; llamando a la cosecha que estuvo a cargo del gobernador Alfredo Cornejo.<\/p>\n\n\n\n<p>La Bendici\u00f3n de los Frutos, el acto ecum\u00e9nico que abre paso al calendario de la fiesta, es el que venera a la Patrona de los Vi\u00f1edos, la Virgen de la Carrodilla y en esta celebraci\u00f3n se rescata el verdadero esp\u00edritu de esta ceremonia que agradece el vino nuevo y ruega por la cosecha venidera.<\/p>\n\n\n\n<p>La oraci\u00f3n del Consejo Interreligioso de Mendoza se efectu\u00f3 con el acompa\u00f1amiento de representantes de pueblos originarios.<\/p>\n\n\n\n<p>Tras ello el p\u00fablico disfrutaba esta noche de la la puesta en escena de &#8220;El milagro de la vida&#8221;, un espect\u00e1culo esc\u00e9nico musical dirigido por Alberto Gim\u00e9nez.<\/p>\n\n\n\n<p>La propuesta art\u00edstica hace eje en los diversos elementos que conforman nuestra cultura y rinde homenaje a los productores, cosechadores, hombres y mujeres protagonistas del trabajo vitivin\u00edcola, detallaron los organizadores.<\/p>\n\n\n\n<p>Entre las principales actividades del cronograma de festejos se encuentra tambi\u00e9n el cl\u00e1sico desfile de carruajes ornamentados de los distintos departamentos de Mendoza denominado &#8220;V\u00eda Blanca&#8221;, que se realizar\u00e1 el viernes por la noche, durante el cual las aspirantes al trono recorren las principales calles de la ciudad.<\/p>\n\n\n\n<p>Adem\u00e1s, el s\u00e1bado por la ma\u00f1ana se realizar\u00e1 el tradicional Carrusel, uno de los actos populares m\u00e1s convocantes de los festejos, que suma a los carros de los departamentos mendocinos con sus reinas, el colorido de las distintas colectividades que viven en Mendoza, agrupaciones gauchas, centros tradicionalistas, comparsas, murgas y los paisanos de la Federaci\u00f3n Gaucha, quienes portar\u00e1n la imagen de la Virgen de la Carrodilla, Patrona de los Vi\u00f1edos.<\/p>\n\n\n\n<p>En tanto, el espect\u00e1culo central denominado en esta edici\u00f3n &#8220;Coronados de historia y futuro&#8221; tendr\u00e1 su estreno el s\u00e1bado 2 de marzo, noche en la que tambi\u00e9n se llevar\u00e1 a cabo la elecci\u00f3n y coronaci\u00f3n de la soberana nacional en el Teatro Griego Frank Romero Day.<\/p>\n\n\n\n<p>Luego del acto central habr\u00e1 dos repeticiones de la puesta de &#8220;Coronados de historia y futuro&#8221; con el valor agregado de la presentaci\u00f3n de artistas nacionales y locales.<\/p>\n\n\n\n<p>En la primera y segunda repetici\u00f3n de la fiesta, la banda de rock Ciro y Los Persas, y la orquesta La Delio Valdez ser\u00e1n los artistas principales en los shows del domingo 3 y el lunes 4 de marzo, respectivamente, y se contar\u00e1 adem\u00e1s con la presentaci\u00f3n de grupos y m\u00fasicos locales.<\/p>\n\n\n\n<p>Fuente: T\u00e9lam<\/p>\n\n\n\n<p><\/p>\n","protected":false},"excerpt":{"rendered":"<p>Con la Bendici\u00f3n de los Frutos, comenz\u00f3 el calendario oficial de la Fiesta de la Vendimia en Mendoza La Fiesta de la Vendimia comenz\u00f3 esta noche en Mendoza con la ceremonia de la &#8220;Bendici\u00f3n de los frutos&#8221; en el departamento de Guaymall\u00e9n, mientras que el s\u00e1bado pr\u00f3ximo se har\u00e1 la celebraci\u00f3n central, denominada &#8220;Coronados de [&hellip;]<\/p>\n","protected":false},"author":3,"featured_media":918,"comment_status":"open","ping_status":"open","sticky":false,"template":"","format":"standard","meta":{"footnotes":""},"categories":[3,12],"tags":[477],"class_list":["post-917","post","type-post","status-publish","format-standard","has-post-thumbnail","hentry","category-principal","category-sociedad","tag-fiesta-de-la-vendimia"],"_links":{"self":[{"href":"https:\/\/noticiassaludables.com.ar\/index.php?rest_route=\/wp\/v2\/posts\/917","targetHints":{"allow":["GET"]}}],"collection":[{"href":"https:\/\/noticiassaludables.com.ar\/index.php?rest_route=\/wp\/v2\/posts"}],"about":[{"href":"https:\/\/noticiassaludables.com.ar\/index.php?rest_route=\/wp\/v2\/types\/post"}],"author":[{"embeddable":true,"href":"https:\/\/noticiassaludables.com.ar\/index.php?rest_route=\/wp\/v2\/users\/3"}],"replies":[{"embeddable":true,"href":"https:\/\/noticiassaludables.com.ar\/index.php?rest_route=%2Fwp%2Fv2%2Fcomments&post=917"}],"version-history":[{"count":1,"href":"https:\/\/noticiassaludables.com.ar\/index.php?rest_route=\/wp\/v2\/posts\/917\/revisions"}],"predecessor-version":[{"id":919,"href":"https:\/\/noticiassaludables.com.ar\/index.php?rest_route=\/wp\/v2\/posts\/917\/revisions\/919"}],"wp:featuredmedia":[{"embeddable":true,"href":"https:\/\/noticiassaludables.com.ar\/index.php?rest_route=\/wp\/v2\/media\/918"}],"wp:attachment":[{"href":"https:\/\/noticiassaludables.com.ar\/index.php?rest_route=%2Fwp%2Fv2%2Fmedia&parent=917"}],"wp:term":[{"taxonomy":"category","embeddable":true,"href":"https:\/\/noticiassaludables.com.ar\/index.php?rest_route=%2Fwp%2Fv2%2Fcategories&post=917"},{"taxonomy":"post_tag","embeddable":true,"href":"https:\/\/noticiassaludables.com.ar\/index.php?rest_route=%2Fwp%2Fv2%2Ftags&post=917"}],"curies":[{"name":"wp","href":"https:\/\/api.w.org\/{rel}","templated":true}]}}