{"id":931,"date":"2024-02-28T11:01:25","date_gmt":"2024-02-28T14:01:25","guid":{"rendered":"https:\/\/noticiassaludables.com.ar\/?p=931"},"modified":"2024-02-28T11:01:25","modified_gmt":"2024-02-28T14:01:25","slug":"el-teatro-argentino-de-la-plata-celebra-a-puccini","status":"publish","type":"post","link":"https:\/\/noticiassaludables.com.ar\/?p=931","title":{"rendered":"El Teatro Argentino de La Plata celebra a Puccini"},"content":{"rendered":"\n<p>Con una selecci\u00f3n de las obras m\u00e1s queridas de Puccini, este homenaje congrega talento vocal de primer nivel para revivir el legado del compositor en La Plata<\/p>\n\n\n\n<p>Este s\u00e1bado, el<strong>&nbsp;Teatro Argentino de La Plata<\/strong>&nbsp;rinde homenaje a<strong>&nbsp;Giacomo Puccini<\/strong>, conmemorando cien a\u00f1os de su muerte, mediante una gala l\u00edrica que contar\u00e1 con las actuaciones de la Orquesta y Coro Estables, el Coro de Ni\u00f1os y destacados solistas. El evento se realizar\u00e1 en la<strong>&nbsp;Sala Alberto Ginastera<\/strong>, ubicada en la avenida 51 entre 9 y 10 en La Plata, a las 20 horas del s\u00e1bado 2 de marzo, con una segunda funci\u00f3n el domingo 3 de marzo a las 18 horas.<\/p>\n\n\n\n<p>Este tributo, organizado por el&nbsp;<strong>Centro Provincial de las Artes Teatro Argentino<\/strong>, exhibir\u00e1 una selecci\u00f3n de fragmentos de las \u00f3peras m\u00e1s emblem\u00e1ticas de Puccini, desde \u201c<strong>Le Villi<\/strong>\u201d hasta \u201cTurandot\u201d -incluyendo piezas maestras como \u201c<strong>La Boh\u00e8me<\/strong>\u201d, \u201c<strong>Tosca<\/strong>\u201d y \u201c<strong>Madama Butterfl<\/strong>y\u201d. La direcci\u00f3n de los coros estar\u00e1 a cargo de Santiago Cano y M\u00f3nica Dagorret, respectivamente. Entre los solistas invitados se encuentran las sopranos Mar\u00eda Bel\u00e9n Rivarola y Marina Silva, el tenor Arnaldo Quiroga y el bar\u00edtono Omar Carri\u00f3n, demostrando la envergadura y diversidad vocal requerida para interpretar el repertorio de Puccini.<\/p>\n\n\n\n<p><strong>Giacomo Puccini<\/strong>&nbsp;es celebrado por haber seguido la tradici\u00f3n l\u00edrica italiana a la vez que incorporaba elementos innovadores y estilos musicales del cambio de siglo. Aunque su producci\u00f3n oper\u00edstica no fue abundante, con tan solo doce \u00f3peras a lo largo de su vida, su influencia y contribuci\u00f3n al g\u00e9nero l\u00edrico es innegable, manteniendo sus obras en el repertorio constante de los teatros l\u00edricos m\u00e1s importantes del mundo.<\/p>\n\n\n\n<p><img loading=\"lazy\" decoding=\"async\" alt=\"La Sala Alberto Ginastera acoger\u00e1 el evento conmemorativo por los cien a\u00f1os de la muerte de Puccini\" height=\"1080\" width=\"1920\" src=\"https:\/\/www.infobae.com\/new-resizer\/hUbXQGE36Yka_maOqzVrpL-odOE=\/420x236\/filters:format(webp):quality(85)\/cloudfront-us-east-1.images.arcpublishing.com\/infobae\/ZVXKFE6CUVGPNGC3MNDJSVQMN4.jpg%20420w\" srcset=\"https:\/\/www.infobae.com\/new-resizer\/hUbXQGE36Yka_maOqzVrpL-odOE=\/420x236\/filters:format(webp):quality(85)\/cloudfront-us-east-1.images.arcpublishing.com\/infobae\/ZVXKFE6CUVGPNGC3MNDJSVQMN4.jpg 420w,https:\/\/www.infobae.com\/new-resizer\/beK-x03X2HGdUZuh6yU7F6FIeRo=\/768x432\/filters:format(webp):quality(85)\/cloudfront-us-east-1.images.arcpublishing.com\/infobae\/ZVXKFE6CUVGPNGC3MNDJSVQMN4.jpg 768w,https:\/\/www.infobae.com\/new-resizer\/IAm3AwqjvPd5vy_gkThBa47nN5M=\/992x558\/filters:format(webp):quality(85)\/cloudfront-us-east-1.images.arcpublishing.com\/infobae\/ZVXKFE6CUVGPNGC3MNDJSVQMN4.jpg 992w,https:\/\/www.infobae.com\/new-resizer\/F_uhJTnSJrHPqGADXIT64DSmy-M=\/1200x675\/filters:format(webp):quality(85)\/cloudfront-us-east-1.images.arcpublishing.com\/infobae\/ZVXKFE6CUVGPNGC3MNDJSVQMN4.jpg 1200w,https:\/\/www.infobae.com\/new-resizer\/bJd_dabIVMf8VxZrMLgk4S70j7c=\/1440x810\/filters:format(webp):quality(85)\/cloudfront-us-east-1.images.arcpublishing.com\/infobae\/ZVXKFE6CUVGPNGC3MNDJSVQMN4.jpg 1440w\">La Sala Alberto Ginastera acoger\u00e1 el evento conmemorativo por los cien a\u00f1os de la muerte de Puccini<\/p>\n\n\n\n<p>Para aquellos interesados en asistir a este evento conmemorativo, las entradas estar\u00e1n disponibles gratuitamente online a partir del jueves 29 de febrero, tal como inform\u00f3 el Instituto Cultural de la Provincia de Buenos Aires y El Teatro Argentino. Las personas mayores de 65 a\u00f1os tendr\u00e1n adem\u00e1s la opci\u00f3n de reservar tickets de forma presencial, mediante un cupo de entradas destinadas a tal fin, tambi\u00e9n el jueves 29 de febrero, de 12 a 18 horas, acerc\u00e1ndose a la boleter\u00eda del Teatro y presentando su DNI.<\/p>\n\n\n\n<p><strong>Giacomo Puccini<\/strong>&nbsp;fue un renombrado compositor italiano del per\u00edodo rom\u00e1ntico tard\u00edo y principios del siglo XX, conocido principalmente por sus \u00f3peras excepcionales que fusionaban la emotividad l\u00edrica con la intensidad dram\u00e1tica. Naci\u00f3 el 22 de diciembre de 1858 en Lucca, Italia, en una familia de m\u00fasicos. Su padre, Michele Puccini, era organista y director de la capilla de la catedral local, y su madre, Albina Magi, era cantante.<\/p>\n\n\n\n<p>Desde una edad temprana, Puccini mostr\u00f3 un talento innato para la m\u00fasica, y recibi\u00f3 su primera educaci\u00f3n musical de su t\u00edo Fortunato Magi, quien lo introdujo al mundo de la \u00f3pera. Puccini estudi\u00f3 en el Instituto Musical Pacini en Lucca y luego en el Conservatorio de Mil\u00e1n, donde fue disc\u00edpulo de Amilcare Ponchielli, conocido por su \u00f3pera \u201cLa Gioconda\u201d.<\/p>\n\n\n\n<p><img loading=\"lazy\" decoding=\"async\" alt=\"Puccini es recordado por su influencia y contribuci\u00f3n al g\u00e9nero l\u00edrico italiano\" height=\"1080\" width=\"1920\" src=\"https:\/\/www.infobae.com\/new-resizer\/Ua7bIfyRZCC60yCQfByWfW3EQ4w=\/420x236\/filters:format(webp):quality(85)\/cloudfront-us-east-1.images.arcpublishing.com\/infobae\/7YYBW6BP7NG2HNZEC7RVL6O7OI.jpg%20420w\" srcset=\"https:\/\/www.infobae.com\/new-resizer\/Ua7bIfyRZCC60yCQfByWfW3EQ4w=\/420x236\/filters:format(webp):quality(85)\/cloudfront-us-east-1.images.arcpublishing.com\/infobae\/7YYBW6BP7NG2HNZEC7RVL6O7OI.jpg 420w,https:\/\/www.infobae.com\/new-resizer\/l3hDKRHibg05m2df8muHh9P5ErA=\/768x432\/filters:format(webp):quality(85)\/cloudfront-us-east-1.images.arcpublishing.com\/infobae\/7YYBW6BP7NG2HNZEC7RVL6O7OI.jpg 768w,https:\/\/www.infobae.com\/new-resizer\/S0_NJrIJAc11A-jdBqHx5axMbRE=\/992x558\/filters:format(webp):quality(85)\/cloudfront-us-east-1.images.arcpublishing.com\/infobae\/7YYBW6BP7NG2HNZEC7RVL6O7OI.jpg 992w,https:\/\/www.infobae.com\/new-resizer\/OdWV_oMcQQrE_DIOYb3es7DsK68=\/1200x675\/filters:format(webp):quality(85)\/cloudfront-us-east-1.images.arcpublishing.com\/infobae\/7YYBW6BP7NG2HNZEC7RVL6O7OI.jpg 1200w,https:\/\/www.infobae.com\/new-resizer\/2n6FLW6qiiInUM0OGwyNVAsp1Ww=\/1440x810\/filters:format(webp):quality(85)\/cloudfront-us-east-1.images.arcpublishing.com\/infobae\/7YYBW6BP7NG2HNZEC7RVL6O7OI.jpg 1440w\">Puccini es recordado por su influencia y contribuci\u00f3n al g\u00e9nero l\u00edrico italiano<\/p>\n\n\n\n<p>La carrera de Puccini despeg\u00f3 con el estreno de su \u00f3pera \u201c<strong>Manon Lescaut<\/strong>\u201d en 1893, que fue bien recibida tanto por el p\u00fablico como por la cr\u00edtica. Sin embargo, fue con obras posteriores como \u201c<strong>La Boh\u00e8me<\/strong>\u201d (1896), \u201c<strong>Tosca<\/strong>\u201d (1900),&nbsp;<strong>\u201cMadama Butterfly<\/strong>\u201d (1904), y \u201c<strong>Turandot<\/strong>\u201d (incompleta en su muerte en 1924) que Puccini alcanz\u00f3 la cima de su \u00e9xito y consolid\u00f3 su reputaci\u00f3n como uno de los m\u00e1s grandes compositores de \u00f3pera de todos los tiempos.<\/p>\n\n\n\n<p>Las \u00f3peras de Puccini se destacan por sus melod\u00edas inolvidables, personajes complejos y tramas emocionantes que exploran temas universales como el amor, la traici\u00f3n y la redenci\u00f3n. Adem\u00e1s de su habilidad para crear m\u00fasica cautivadora, Puccini tambi\u00e9n fue un innovador en el uso de la orquesta para realzar la narrativa dram\u00e1tica.<\/p>\n\n\n\n<p>A lo largo de su vida, Puccini experiment\u00f3 tanto \u00e9xitos como desaf\u00edos personales. Su relaci\u00f3n extramatrimonial con la criada de su esposa y su posterior suicidio en 1909 arrojaron sombras sobre su reputaci\u00f3n. Sin embargo, su legado musical perdura hasta el d\u00eda de hoy, y sus \u00f3peras contin\u00faan siendo interpretadas en teatros de todo el mundo, cautivando a nuevas generaciones de amantes de la \u00f3pera con su belleza y profundidad emocional. Giacomo Puccini falleci\u00f3 el 29 de noviembre de 1924 en Bruselas, B\u00e9lgica, dejando un legado perdurable en el mundo de la m\u00fasica.<\/p>\n\n\n\n<p>Fuente: https:\/\/www.infobae.com\/cultura\/2024\/02\/28\/el-teatro-argentino-de-la-plata-celebra-100-anos-sin-puccini-con-una-gala-lirica\/<\/p>\n","protected":false},"excerpt":{"rendered":"<p>Con una selecci\u00f3n de las obras m\u00e1s queridas de Puccini, este homenaje congrega talento vocal de primer nivel para revivir el legado del compositor en La Plata Este s\u00e1bado, el&nbsp;Teatro Argentino de La Plata&nbsp;rinde homenaje a&nbsp;Giacomo Puccini, conmemorando cien a\u00f1os de su muerte, mediante una gala l\u00edrica que contar\u00e1 con las actuaciones de la Orquesta [&hellip;]<\/p>\n","protected":false},"author":3,"featured_media":932,"comment_status":"open","ping_status":"open","sticky":false,"template":"","format":"standard","meta":{"footnotes":""},"categories":[11,12],"tags":[485,484],"class_list":["post-931","post","type-post","status-publish","format-standard","has-post-thumbnail","hentry","category-agenda","category-sociedad","tag-puccini","tag-teatro-argentino-de-la-plata"],"_links":{"self":[{"href":"https:\/\/noticiassaludables.com.ar\/index.php?rest_route=\/wp\/v2\/posts\/931","targetHints":{"allow":["GET"]}}],"collection":[{"href":"https:\/\/noticiassaludables.com.ar\/index.php?rest_route=\/wp\/v2\/posts"}],"about":[{"href":"https:\/\/noticiassaludables.com.ar\/index.php?rest_route=\/wp\/v2\/types\/post"}],"author":[{"embeddable":true,"href":"https:\/\/noticiassaludables.com.ar\/index.php?rest_route=\/wp\/v2\/users\/3"}],"replies":[{"embeddable":true,"href":"https:\/\/noticiassaludables.com.ar\/index.php?rest_route=%2Fwp%2Fv2%2Fcomments&post=931"}],"version-history":[{"count":1,"href":"https:\/\/noticiassaludables.com.ar\/index.php?rest_route=\/wp\/v2\/posts\/931\/revisions"}],"predecessor-version":[{"id":933,"href":"https:\/\/noticiassaludables.com.ar\/index.php?rest_route=\/wp\/v2\/posts\/931\/revisions\/933"}],"wp:featuredmedia":[{"embeddable":true,"href":"https:\/\/noticiassaludables.com.ar\/index.php?rest_route=\/wp\/v2\/media\/932"}],"wp:attachment":[{"href":"https:\/\/noticiassaludables.com.ar\/index.php?rest_route=%2Fwp%2Fv2%2Fmedia&parent=931"}],"wp:term":[{"taxonomy":"category","embeddable":true,"href":"https:\/\/noticiassaludables.com.ar\/index.php?rest_route=%2Fwp%2Fv2%2Fcategories&post=931"},{"taxonomy":"post_tag","embeddable":true,"href":"https:\/\/noticiassaludables.com.ar\/index.php?rest_route=%2Fwp%2Fv2%2Ftags&post=931"}],"curies":[{"name":"wp","href":"https:\/\/api.w.org\/{rel}","templated":true}]}}